{"id":36033,"date":"2025-03-06T12:42:12","date_gmt":"2025-03-06T11:42:12","guid":{"rendered":"https:\/\/www.groupfleet.com\/?p=36033"},"modified":"2025-03-06T20:06:07","modified_gmt":"2025-03-06T19:06:07","slug":"bikeleasing","status":"publish","type":"post","link":"https:\/\/www.groupfleet.com\/en\/bikeleasing\/","title":{"rendered":"More mobility \u2013 less effort"},"content":{"rendered":"<div class=\"wpb-content-wrapper\"><p>[vc_row][vc_column width=&#8221;3\/4&#8243;][vc_column_text css=&#8221;&#8221;]<\/p>\n<h2>Electric vehicles are playing an increasingly important role in the mobility strategy of many companies. There is yet another lever for expanding their mobility portfolio in line with the times \u2013 and increasing their attractiveness as an employer at the same time. Bike leasing through the employer is the keyword \u2026<\/h2>\n<p>[\/vc_column_text][\/vc_column][\/vc_row][vc_row][vc_column width=&#8221;1\/2&#8243;][vc_column_text css=&#8221;&#8221;]There is no question about it: Anyone organising company mobility today has far more items on their agenda than 20 years ago. It is not just the ever stricter requirements for reducing emissions that are tying up a lot of resources in fleet management. The demands of employees have also changed fundamentally in some cases \u2013 or rather: differentiated. Today, more and more employees expect their companies to take a more holistic approach to the issue. What is needed are contemporary solutions that \u2013 beyond the classic company car \u2013 fit into the (working) lives of employees. Bike leasing achieves the feat of bringing practically no additional expense to the working lives of fleet managers.[\/vc_column_text][\/vc_column][vc_column width=&#8221;1\/2&#8243;][vc_single_image image=&#8221;35718&#8243; img_size=&#8221;large&#8221; css=&#8221;&#8221;][\/vc_column][\/vc_row][vc_row][vc_column][vc_column_text css=&#8221;&#8221;]<\/p>\n<h2>Bike leasing is practically a \u201csure-fire success\u201c<\/h2>\n<p>[\/vc_column_text][vc_column_text css=&#8221;&#8221;]Vehicle leasing here, bike leasing there&#8230; Even if the terms sound similar at first, the two concepts differ enormously in practice. If an employer offers company bike leasing through Lease a Bike \u2013 a cooperation partner of Volkswagen Financial Services AG \u2013 the fleet management does no longer have to coordinate the purchase or return of bicycles, repairs, theft or damage processing, etc. Instead, the entire, fully digitalised process runs via the employees. The company (as lessee) simply concludes a framework agreement with Lease a Bike \u2013 whereupon interested parties register on the associated online portal. There they receive an order code that entitles them to choose a bike (regardless of model and brand) from 6,700 bike dealers in Germany, online shops or online retailers nationwide. Final approval of the bike by the fleet management is not required. Service packages such as wear and tear repairs including inspection, theft insurance, free Europe-wide mobility guarantee, etc. are included as required. At the end of the 36-month leasing period, the bike is either returned or the employee has the option of buying the bike at an attractive price.[\/vc_column_text][\/vc_column][\/vc_row][vc_row][vc_column width=&#8221;1\/2&#8243;][vc_single_image image=&#8221;35726&#8243; img_size=&#8221;large&#8221; css=&#8221;&#8221;][\/vc_column][vc_column width=&#8221;1\/2&#8243;][vc_column_text css=&#8221;&#8221;]<\/p>\n<h2>Financial benefits possible \u2013 for all employees<\/h2>\n<p>[\/vc_column_text][vc_column_text css=&#8221;&#8221;]As uncomplicated as the process is, the advantages of this mobility model can be manifold. This starts with the elimination of the usual question in the vehicle fleet: \u201cWho gets what?\u201d While fleet vehicles are usually an incentive for people in higher positions, bike leasing offers the opportunity to generate concrete benefits for all employees. Thanks to tax incentives for (e-)bikes up to 25 km\/h as part of a salary conversion scheme, it can be cheaper for employees to purchase a bike from their employer than to buy one privately. Compared to a private purchase, the savings can amount to up to 40 per cent for employees when the employer provides a company bike as part of a gross salary conversion with a purchase option at the end of the contract.[\/vc_column_text][\/vc_column][\/vc_row][vc_row][vc_column width=&#8221;1\/2&#8243;][vc_column_text css=&#8221;&#8221;]<\/p>\n<h2>Study confirms: Commuting by bike reduces sick days<\/h2>\n<p>[\/vc_column_text][vc_column_text css=&#8221;&#8221;]And: Studies show that commuting by bike has a positive effect on health. For example, a Dutch research team demonstrated a direct correlation between commuting distances travelled by bike and sick days in a representative study conducted in 2010. The more often the study participants used their bikes to get to work and the more kilometres they covered, the less often they reported sick\u00b9\u207e.[\/vc_column_text][\/vc_column][vc_column width=&#8221;1\/2&#8243;][vc_single_image image=&#8221;35721&#8243; img_size=&#8221;large&#8221; css=&#8221;&#8221;][\/vc_column][\/vc_row][vc_row][vc_column width=&#8221;1\/2&#8243;][vc_single_image image=&#8221;35723&#8243; img_size=&#8221;large&#8221; css=&#8221;&#8221;][\/vc_column][vc_column width=&#8221;1\/2&#8243;][vc_column_text css=&#8221;&#8221;]<\/p>\n<h2>Short routes to bike leasing<\/h2>\n<p>[\/vc_column_text][vc_column_text css=&#8221;&#8221;]The Lease a Bike service is currently available in Germany, the Netherlands, Belgium, Austria, Sweden and the United States. Other market are scheduled to follow.[\/vc_column_text][\/vc_column][\/vc_row][vc_row][vc_column css=&#8221;.vc_custom_1741010606364{background-color: #012733 !important;}&#8221;][vc_column_text css=&#8221;&#8221;]<span style=\"color: #ffffff;\">For interested fleet managers in Germany, the colleagues from Key Account Management at Volkswagen Financial Services AG are available. Further information is also available by <a style=\"color: #ffffff;\" href=\"mailto:ebike@vwfs.com\">e-mail to ebike@vwfs.com<\/a> or on this <a style=\"color: #ffffff;\" href=\"https:\/\/www.vwfs.de\/geschaeftskunden\/leasing-finanzierung\/e-bike-leasing.html\" target=\"_blank\" rel=\"noopener\">page<\/a> (German language).<\/span><\/p>\n<p>&nbsp;<\/p>\n<p><span style=\"color: #ffffff;\">In addition to the income tax implications, employers should also check whether VAT is to be paid on the private provision of e-bikes to employees. Tax advisors should be consulted regarding any tax and social security implications of providing e-bikes to employees and employers.<\/span>[\/vc_column_text][\/vc_column][\/vc_row][vc_row][vc_column]\n<div class=\"mybutton\" style=\"text-align: center;\">\n\t<a class=\"button \"  href=\"https:\/\/www.vwfs.de\/geschaeftskunden\/leasing-finanzierung\/e-bike-leasing.html\" target=\"_blank\">More information (German language)<\/a>\n<\/div>[vc_column_text css=&#8221;&#8221;][\/vc_column_text][\/vc_column][\/vc_row][vc_row][vc_column video_bg=&#8221;yes&#8221;][vc_separator border_width=&#8221;2&#8243;][vc_column_text css=&#8221;&#8221;]<\/p>\n<div class=\"richtext abstractContentComponent parbase section\">\n<div class=\"grid-section grid-group\">\n<div class=\"grid-col span_12_of_12\">\n<div class=\"textmedia h-clearfix\">\n<div class=\"textmedia__inner textmedia__richtext\">\n<div class=\"richtext abstractContentComponent parbase section\">\n<div class=\"grid-section grid-group\">\n<div class=\"grid-col span_12_of_12\">\n<div class=\"textmedia h-clearfix\">\n<div class=\"textmedia__inner textmedia__richtext\">\n<div class=\"richtext abstractContentComponent parbase section\">\n<div class=\"grid-section grid-group\">\n<div class=\"grid-col span_12_of_12\">\n<div class=\"textmedia h-clearfix\">\n<div class=\"textmedia__inner textmedia__richtext\">\n<div class=\"richtext abstractContentComponent parbase section\">\n<div class=\"grid-section grid-group\">\n<div class=\"grid-col span_12_of_12\">\n<div class=\"textmedia h-clearfix\">\n<p><span style=\"font-size: 10pt;\">\u00b9\u207eSource: <a href=\"https:\/\/www.sciencedirect.com\/science\/article\/abs\/pii\/S0091743510001829?via%3Dihub\" target=\"_blank\" rel=\"noopener\">The association between commuter cycling and sickness absence. Preventive Medicine 2010<\/a><\/span><\/p>\n<p>&nbsp;<\/p>\n<div class=\"textmedia__inner textmedia__richtext\">\n<p><span style=\"font-size: 10pt;\">Status: 05.03.2025<\/span><br \/>\n<span style=\"font-size: 10pt;\">\u00a9 Volkswagen AG<br \/>\n<\/span><\/p>\n<\/div>\n<\/div>\n<\/div>\n<\/div>\n<\/div>\n<\/div>\n<\/div>\n<\/div>\n<\/div>\n<\/div>\n<\/div>\n<\/div>\n<\/div>\n<\/div>\n<\/div>\n<\/div>\n<\/div>\n<\/div>\n<\/div>\n<\/div>\n<p>[\/vc_column_text][\/vc_column][\/vc_row]<\/p>\n<\/div>","protected":false},"excerpt":{"rendered":"<p>Strengthening employee loyalty, reducing emissions, saving costs: bike leasing offers advantages for companies and their employees alike. Find out how it works!<\/p>\n","protected":false},"author":37,"featured_media":35710,"comment_status":"closed","ping_status":"closed","sticky":false,"template":"","format":"standard","meta":{"_acf_changed":false,"footnotes":""},"categories":[81],"tags":[],"class_list":["post-36033","post","type-post","status-publish","format-standard","has-post-thumbnail","hentry","category-e-mobility","newsletter-fleetnews-01-25-en"],"acf":[],"yoast_head":"<!-- This site is optimized with the Yoast SEO plugin v27.4 - https:\/\/yoast.com\/product\/yoast-seo-wordpress\/ -->\n<title>More mobility \u2013 less effort - Volkswagen Group | FleetHub<\/title>\n<meta name=\"description\" content=\"Dienstwagen war gestern? Nicht ganz \u2013 aber Bike-Leasing erg\u00e4nzt die betriebliche Mobilit\u00e4t perfekt. Wenig Aufwand, gro\u00dfe Vorteile.\" \/>\n<meta name=\"robots\" content=\"index, follow, max-snippet:-1, max-image-preview:large, max-video-preview:-1\" \/>\n<link rel=\"canonical\" href=\"https:\/\/www.groupfleet.com\/en\/bikeleasing\/\" \/>\n<meta property=\"og:locale\" content=\"en_US\" \/>\n<meta property=\"og:type\" content=\"article\" \/>\n<meta property=\"og:title\" content=\"More mobility \u2013 less effort - Volkswagen Group | FleetHub\" \/>\n<meta property=\"og:description\" content=\"Dienstwagen war gestern? Nicht ganz \u2013 aber Bike-Leasing erg\u00e4nzt die betriebliche Mobilit\u00e4t perfekt. Wenig Aufwand, gro\u00dfe Vorteile.\" \/>\n<meta property=\"og:url\" content=\"https:\/\/www.groupfleet.com\/en\/bikeleasing\/\" \/>\n<meta property=\"og:site_name\" content=\"Volkswagen Group | FleetHub\" \/>\n<meta property=\"article:published_time\" content=\"2025-03-06T11:42:12+00:00\" \/>\n<meta property=\"article:modified_time\" content=\"2025-03-06T19:06:07+00:00\" \/>\n<meta property=\"og:image\" content=\"https:\/\/www.groupfleet.com\/wp-content\/uploads\/2025\/03\/iStock-1394009020_S_breiter_RZsrgb-scaled-e1741005049559.jpg\" \/>\n\t<meta property=\"og:image:width\" content=\"2560\" \/>\n\t<meta property=\"og:image:height\" content=\"956\" \/>\n\t<meta property=\"og:image:type\" content=\"image\/jpeg\" \/>\n<meta name=\"author\" content=\"J\u00f6rg Bergmann\" \/>\n<meta name=\"twitter:card\" content=\"summary_large_image\" \/>\n<meta name=\"twitter:label1\" content=\"Written by\" \/>\n\t<meta name=\"twitter:data1\" content=\"J\u00f6rg Bergmann\" \/>\n\t<meta name=\"twitter:label2\" content=\"Est. reading time\" \/>\n\t<meta name=\"twitter:data2\" content=\"5 minutes\" \/>\n<script type=\"application\/ld+json\" class=\"yoast-schema-graph\">{\"@context\":\"https:\\\/\\\/schema.org\",\"@graph\":[{\"@type\":\"Article\",\"@id\":\"https:\\\/\\\/www.groupfleet.com\\\/en\\\/bikeleasing\\\/#article\",\"isPartOf\":{\"@id\":\"https:\\\/\\\/www.groupfleet.com\\\/en\\\/bikeleasing\\\/\"},\"author\":{\"name\":\"J\u00f6rg Bergmann\",\"@id\":\"https:\\\/\\\/www.groupfleet.com\\\/de\\\/#\\\/schema\\\/person\\\/fa30e2d07961b7b80d8cf332804e8984\"},\"headline\":\"More mobility \u2013 less effort\",\"datePublished\":\"2025-03-06T11:42:12+00:00\",\"dateModified\":\"2025-03-06T19:06:07+00:00\",\"mainEntityOfPage\":{\"@id\":\"https:\\\/\\\/www.groupfleet.com\\\/en\\\/bikeleasing\\\/\"},\"wordCount\":937,\"image\":{\"@id\":\"https:\\\/\\\/www.groupfleet.com\\\/en\\\/bikeleasing\\\/#primaryimage\"},\"thumbnailUrl\":\"https:\\\/\\\/www.groupfleet.com\\\/wp-content\\\/uploads\\\/2025\\\/03\\\/iStock-1394009020_S_breiter_RZsrgb-scaled-e1741005049559.jpg\",\"articleSection\":[\"Mobility and Innovation\"],\"inLanguage\":\"en-US\"},{\"@type\":\"WebPage\",\"@id\":\"https:\\\/\\\/www.groupfleet.com\\\/en\\\/bikeleasing\\\/\",\"url\":\"https:\\\/\\\/www.groupfleet.com\\\/en\\\/bikeleasing\\\/\",\"name\":\"More mobility \u2013 less effort - Volkswagen Group | FleetHub\",\"isPartOf\":{\"@id\":\"https:\\\/\\\/www.groupfleet.com\\\/de\\\/#website\"},\"primaryImageOfPage\":{\"@id\":\"https:\\\/\\\/www.groupfleet.com\\\/en\\\/bikeleasing\\\/#primaryimage\"},\"image\":{\"@id\":\"https:\\\/\\\/www.groupfleet.com\\\/en\\\/bikeleasing\\\/#primaryimage\"},\"thumbnailUrl\":\"https:\\\/\\\/www.groupfleet.com\\\/wp-content\\\/uploads\\\/2025\\\/03\\\/iStock-1394009020_S_breiter_RZsrgb-scaled-e1741005049559.jpg\",\"datePublished\":\"2025-03-06T11:42:12+00:00\",\"dateModified\":\"2025-03-06T19:06:07+00:00\",\"author\":{\"@id\":\"https:\\\/\\\/www.groupfleet.com\\\/de\\\/#\\\/schema\\\/person\\\/fa30e2d07961b7b80d8cf332804e8984\"},\"description\":\"Dienstwagen war gestern? Nicht ganz \u2013 aber Bike-Leasing erg\u00e4nzt die betriebliche Mobilit\u00e4t perfekt. Wenig Aufwand, gro\u00dfe Vorteile.\",\"breadcrumb\":{\"@id\":\"https:\\\/\\\/www.groupfleet.com\\\/en\\\/bikeleasing\\\/#breadcrumb\"},\"inLanguage\":\"en-US\",\"potentialAction\":[{\"@type\":\"ReadAction\",\"target\":[\"https:\\\/\\\/www.groupfleet.com\\\/en\\\/bikeleasing\\\/\"]}]},{\"@type\":\"ImageObject\",\"inLanguage\":\"en-US\",\"@id\":\"https:\\\/\\\/www.groupfleet.com\\\/en\\\/bikeleasing\\\/#primaryimage\",\"url\":\"https:\\\/\\\/www.groupfleet.com\\\/wp-content\\\/uploads\\\/2025\\\/03\\\/iStock-1394009020_S_breiter_RZsrgb-scaled-e1741005049559.jpg\",\"contentUrl\":\"https:\\\/\\\/www.groupfleet.com\\\/wp-content\\\/uploads\\\/2025\\\/03\\\/iStock-1394009020_S_breiter_RZsrgb-scaled-e1741005049559.jpg\",\"width\":2560,\"height\":956,\"caption\":\"Young businessman walking home from work with bike and smile on his face\"},{\"@type\":\"BreadcrumbList\",\"@id\":\"https:\\\/\\\/www.groupfleet.com\\\/en\\\/bikeleasing\\\/#breadcrumb\",\"itemListElement\":[{\"@type\":\"ListItem\",\"position\":1,\"name\":\"Home\",\"item\":\"https:\\\/\\\/www.groupfleet.com\\\/de\\\/\"},{\"@type\":\"ListItem\",\"position\":2,\"name\":\"More mobility \u2013 less effort\"}]},{\"@type\":\"WebSite\",\"@id\":\"https:\\\/\\\/www.groupfleet.com\\\/de\\\/#website\",\"url\":\"https:\\\/\\\/www.groupfleet.com\\\/de\\\/\",\"name\":\"Volkswagen Group | FleetHub\",\"description\":\"Online magazine for Fleet managers\",\"potentialAction\":[{\"@type\":\"SearchAction\",\"target\":{\"@type\":\"EntryPoint\",\"urlTemplate\":\"https:\\\/\\\/www.groupfleet.com\\\/de\\\/?s={search_term_string}\"},\"query-input\":{\"@type\":\"PropertyValueSpecification\",\"valueRequired\":true,\"valueName\":\"search_term_string\"}}],\"inLanguage\":\"en-US\"},{\"@type\":\"Person\",\"@id\":\"https:\\\/\\\/www.groupfleet.com\\\/de\\\/#\\\/schema\\\/person\\\/fa30e2d07961b7b80d8cf332804e8984\",\"name\":\"J\u00f6rg Bergmann\",\"url\":\"https:\\\/\\\/www.groupfleet.com\\\/en\\\/author\\\/jbergmann\\\/\"}]}<\/script>\n<!-- \/ Yoast SEO plugin. -->","yoast_head_json":{"title":"More mobility \u2013 less effort - Volkswagen Group | FleetHub","description":"Dienstwagen war gestern? Nicht ganz \u2013 aber Bike-Leasing erg\u00e4nzt die betriebliche Mobilit\u00e4t perfekt. Wenig Aufwand, gro\u00dfe Vorteile.","robots":{"index":"index","follow":"follow","max-snippet":"max-snippet:-1","max-image-preview":"max-image-preview:large","max-video-preview":"max-video-preview:-1"},"canonical":"https:\/\/www.groupfleet.com\/en\/bikeleasing\/","og_locale":"en_US","og_type":"article","og_title":"More mobility \u2013 less effort - Volkswagen Group | FleetHub","og_description":"Dienstwagen war gestern? Nicht ganz \u2013 aber Bike-Leasing erg\u00e4nzt die betriebliche Mobilit\u00e4t perfekt. Wenig Aufwand, gro\u00dfe Vorteile.","og_url":"https:\/\/www.groupfleet.com\/en\/bikeleasing\/","og_site_name":"Volkswagen Group | FleetHub","article_published_time":"2025-03-06T11:42:12+00:00","article_modified_time":"2025-03-06T19:06:07+00:00","og_image":[{"width":2560,"height":956,"url":"https:\/\/www.groupfleet.com\/wp-content\/uploads\/2025\/03\/iStock-1394009020_S_breiter_RZsrgb-scaled-e1741005049559.jpg","type":"image\/jpeg"}],"author":"J\u00f6rg Bergmann","twitter_card":"summary_large_image","twitter_misc":{"Written by":"J\u00f6rg Bergmann","Est. reading time":"5 minutes"},"schema":{"@context":"https:\/\/schema.org","@graph":[{"@type":"Article","@id":"https:\/\/www.groupfleet.com\/en\/bikeleasing\/#article","isPartOf":{"@id":"https:\/\/www.groupfleet.com\/en\/bikeleasing\/"},"author":{"name":"J\u00f6rg Bergmann","@id":"https:\/\/www.groupfleet.com\/de\/#\/schema\/person\/fa30e2d07961b7b80d8cf332804e8984"},"headline":"More mobility \u2013 less effort","datePublished":"2025-03-06T11:42:12+00:00","dateModified":"2025-03-06T19:06:07+00:00","mainEntityOfPage":{"@id":"https:\/\/www.groupfleet.com\/en\/bikeleasing\/"},"wordCount":937,"image":{"@id":"https:\/\/www.groupfleet.com\/en\/bikeleasing\/#primaryimage"},"thumbnailUrl":"https:\/\/www.groupfleet.com\/wp-content\/uploads\/2025\/03\/iStock-1394009020_S_breiter_RZsrgb-scaled-e1741005049559.jpg","articleSection":["Mobility and Innovation"],"inLanguage":"en-US"},{"@type":"WebPage","@id":"https:\/\/www.groupfleet.com\/en\/bikeleasing\/","url":"https:\/\/www.groupfleet.com\/en\/bikeleasing\/","name":"More mobility \u2013 less effort - Volkswagen Group | FleetHub","isPartOf":{"@id":"https:\/\/www.groupfleet.com\/de\/#website"},"primaryImageOfPage":{"@id":"https:\/\/www.groupfleet.com\/en\/bikeleasing\/#primaryimage"},"image":{"@id":"https:\/\/www.groupfleet.com\/en\/bikeleasing\/#primaryimage"},"thumbnailUrl":"https:\/\/www.groupfleet.com\/wp-content\/uploads\/2025\/03\/iStock-1394009020_S_breiter_RZsrgb-scaled-e1741005049559.jpg","datePublished":"2025-03-06T11:42:12+00:00","dateModified":"2025-03-06T19:06:07+00:00","author":{"@id":"https:\/\/www.groupfleet.com\/de\/#\/schema\/person\/fa30e2d07961b7b80d8cf332804e8984"},"description":"Dienstwagen war gestern? Nicht ganz \u2013 aber Bike-Leasing erg\u00e4nzt die betriebliche Mobilit\u00e4t perfekt. Wenig Aufwand, gro\u00dfe Vorteile.","breadcrumb":{"@id":"https:\/\/www.groupfleet.com\/en\/bikeleasing\/#breadcrumb"},"inLanguage":"en-US","potentialAction":[{"@type":"ReadAction","target":["https:\/\/www.groupfleet.com\/en\/bikeleasing\/"]}]},{"@type":"ImageObject","inLanguage":"en-US","@id":"https:\/\/www.groupfleet.com\/en\/bikeleasing\/#primaryimage","url":"https:\/\/www.groupfleet.com\/wp-content\/uploads\/2025\/03\/iStock-1394009020_S_breiter_RZsrgb-scaled-e1741005049559.jpg","contentUrl":"https:\/\/www.groupfleet.com\/wp-content\/uploads\/2025\/03\/iStock-1394009020_S_breiter_RZsrgb-scaled-e1741005049559.jpg","width":2560,"height":956,"caption":"Young businessman walking home from work with bike and smile on his face"},{"@type":"BreadcrumbList","@id":"https:\/\/www.groupfleet.com\/en\/bikeleasing\/#breadcrumb","itemListElement":[{"@type":"ListItem","position":1,"name":"Home","item":"https:\/\/www.groupfleet.com\/de\/"},{"@type":"ListItem","position":2,"name":"More mobility \u2013 less effort"}]},{"@type":"WebSite","@id":"https:\/\/www.groupfleet.com\/de\/#website","url":"https:\/\/www.groupfleet.com\/de\/","name":"Volkswagen Group | FleetHub","description":"Online magazine for Fleet managers","potentialAction":[{"@type":"SearchAction","target":{"@type":"EntryPoint","urlTemplate":"https:\/\/www.groupfleet.com\/de\/?s={search_term_string}"},"query-input":{"@type":"PropertyValueSpecification","valueRequired":true,"valueName":"search_term_string"}}],"inLanguage":"en-US"},{"@type":"Person","@id":"https:\/\/www.groupfleet.com\/de\/#\/schema\/person\/fa30e2d07961b7b80d8cf332804e8984","name":"J\u00f6rg Bergmann","url":"https:\/\/www.groupfleet.com\/en\/author\/jbergmann\/"}]}},"_links":{"self":[{"href":"https:\/\/www.groupfleet.com\/en\/wp-json\/wp\/v2\/posts\/36033","targetHints":{"allow":["GET"]}}],"collection":[{"href":"https:\/\/www.groupfleet.com\/en\/wp-json\/wp\/v2\/posts"}],"about":[{"href":"https:\/\/www.groupfleet.com\/en\/wp-json\/wp\/v2\/types\/post"}],"author":[{"embeddable":true,"href":"https:\/\/www.groupfleet.com\/en\/wp-json\/wp\/v2\/users\/37"}],"replies":[{"embeddable":true,"href":"https:\/\/www.groupfleet.com\/en\/wp-json\/wp\/v2\/comments?post=36033"}],"version-history":[{"count":0,"href":"https:\/\/www.groupfleet.com\/en\/wp-json\/wp\/v2\/posts\/36033\/revisions"}],"wp:featuredmedia":[{"embeddable":true,"href":"https:\/\/www.groupfleet.com\/en\/wp-json\/wp\/v2\/media\/35710"}],"wp:attachment":[{"href":"https:\/\/www.groupfleet.com\/en\/wp-json\/wp\/v2\/media?parent=36033"}],"wp:term":[{"taxonomy":"category","embeddable":true,"href":"https:\/\/www.groupfleet.com\/en\/wp-json\/wp\/v2\/categories?post=36033"},{"taxonomy":"post_tag","embeddable":true,"href":"https:\/\/www.groupfleet.com\/en\/wp-json\/wp\/v2\/tags?post=36033"}],"curies":[{"name":"wp","href":"https:\/\/api.w.org\/{rel}","templated":true}]}}