{"id":39144,"date":"2026-03-12T13:34:11","date_gmt":"2026-03-12T12:34:11","guid":{"rendered":"https:\/\/www.groupfleet.com\/?p=39144"},"modified":"2026-03-12T14:37:35","modified_gmt":"2026-03-12T13:37:35","slug":"jahresdialog-2026","status":"publish","type":"post","link":"https:\/\/www.groupfleet.com\/de\/jahresdialog-2026\/","title":{"rendered":"Starkes Zeichen, wichtige Impulse"},"content":{"rendered":"<div class=\"wpb-content-wrapper\"><p>[vc_row][vc_column]\n\n<div class=\"article_infobox article_infobox_right\" style=\"width: 30%; background-color: #008A8DCC; color: #FFFFFF;\">\n\t<\/p>\n<h3><strong>Sie m\u00f6chten sich informieren oder <\/strong><strong>an <\/strong><strong>Gespr\u00e4che vom Jahresdialog ankn\u00fcpfen?<\/strong><\/h3>\n<p>Finden Sie die Kontakte unserer Expertinnen und Experten: <span style=\"color: #000000;\"><a href=\"https:\/\/www.groupfleet.com\/de\/volkswagen-konzern-forum-2024\/#kontakt\">Hier klicken<\/a><\/span><\/div>[vc_column_text css=&#8220;&#8220;]<\/p>\n<h2><span style=\"color: #99a9ad; font-size: 18pt;\">11. M\u00e4rz 2026<\/span><\/h2>\n<p><span style=\"font-family: TheGroup, palatino, serif; font-size: 18pt; color: #000000;\"><span class=\"TextRun SCXW138960529 BCX8\" lang=\"DE-DE\" xml:lang=\"DE-DE\" data-contrast=\"auto\"><span class=\"NormalTextRun SCXW138960529 BCX8\">\u201eGemeinsam mit dem Handel!\u201c Unter diesem aussagekr\u00e4ftigen Motto hatte die Volkswagen Group Fleet International auch in diesem Jahr wieder zu ihrem bew\u00e4hrten Jahresdialog geladen. Klares Ziel: die weitere St\u00e4rkung des Flottengesch\u00e4fts als erfolgreichsten Absatzkanal des Volkswagen Konzerns.<\/span><\/span><\/span>[\/vc_column_text][vc_column_text css=&#8220;&#8220;]D\u00fcsseldorf im Zeichen der Flotte: Rund 520 Gro\u00dfkundenberater, 70 Gesch\u00e4ftsf\u00fchrer von Gro\u00dfkundenleistungszentren und zahlreiche Vertreter flottenrelevanter Konzernmarken waren Anfang M\u00e4rz in die nordrhein-westf\u00e4lische Landeshauptstadt gereist. Vor ihnen lag mit dem diesj\u00e4hrigen Jahresdialog der Volkswagen Group ein intensiver Austausch rund um die betriebliche Mobilit\u00e4t.[\/vc_column_text][vc_column_text css=&#8220;&#8220;]<\/p>\n<h2>Die Highlights der Agenda<\/h2>\n<p>[\/vc_column_text][vc_column_text css=&#8220;&#8220;]<\/p>\n<ul>\n<li><strong>Business Update:<\/strong> Aktuelle Einblicke in die Marktentwicklung des Konzern-Flottengesch\u00e4fts.<\/li>\n<li><strong>Expertise &amp; Keynotes:<\/strong> Strategische Impulse von Dataforce sowie Deep Dives interner Experten zum Thema E-Mobility.<\/li>\n<li><strong>Praxisnahe Innovationen:<\/strong> Drei Impulssessions pr\u00e4sentierten konkrete L\u00f6sungen von Elli, Group Info Services, Giravolta, myFleetHub sowie Fleet Ordering.<\/li>\n<\/ul>\n<p>[\/vc_column_text][\/vc_column][\/vc_row][vc_row][vc_column]\n\n<div class=\"article_paragraphimage article_paragraphimage_left \" style=\"width: 30%;\">\n\t<div class=\"ap_img_wrapper mylightbox_hover\">\n\t\t<img loading=\"lazy\" decoding=\"async\" width=\"640\" height=\"640\" src=\"https:\/\/www.groupfleet.com\/wp-content\/uploads\/2026\/03\/260303_HM_125010_1080x1080_95-640x640.jpg\" class=\"attachment-vw_small size-vw_small open_mylightbox\" alt=\"\" data-full=\"https:\/\/www.groupfleet.com\/wp-content\/uploads\/2026\/03\/260303_HM_125010_1080x1080_95.jpg\" data-desc=\"\" \/>\t<\/div>\n\t<div class=\"article_paragraphimage_text\">\n\t\t\t<\/div>\n\t<div class=\"clear\"><\/div>\n<\/div>[vc_column_text css=&#8220;&#8220;]<\/p>\n<div class=\"iv-modul__question\">\n<div class=\"iv-modul__question\">\n<div class=\"iv-modul__question\">\n<div class=\"iv-modul__question\">\n<h2><span style=\"font-size: 24pt; color: #9cc6ba;\">\u201eIn den Top 10 deutscher Flotten mit mehr als 10 Fahrzeugen stammen 8 von 10 Modellen aus dem Volkswagen Konzern!\u00b9\u207e Das zeigt wieder, dass Flotte im Konzern der st\u00e4rkste und stabilste Absatzkanal ist und bleibt.\u201c<\/span><\/h2>\n<\/div>\n<\/div>\n<\/div>\n<\/div>\n<p>[\/vc_column_text][vc_separator color=&#8220;custom&#8220; align=&#8220;align_left&#8220; el_width=&#8220;20&#8243; css=&#8220;&#8220; accent_color=&#8220;#9CC6BA&#8220;][vc_column_text css=&#8220;&#8220;]<\/p>\n<div class=\"iv-modul__question\">\n<div class=\"iv-modul__question\">\n<div class=\"iv-modul__question\">\n<div class=\"iv-modul__question\"><span style=\"color: #9cc6ba;\"><strong>Frank Holland<\/strong><\/span><br \/>\n<span style=\"color: #0060c5;\"><span style=\"color: #9cc6ba;\">Leitung Group Fleet International<\/span><\/span><\/div>\n<\/div>\n<\/div>\n<\/div>\n<p>[\/vc_column_text][\/vc_column][\/vc_row][vc_row][vc_column width=&#8220;1\/2&#8243;][vc_column_text css=&#8220;&#8220;]<\/p>\n<h2>Das R\u00fcckgrat des Konzerns<\/h2>\n<p>[\/vc_column_text][vc_column_text css=&#8220;&#8220;]Er\u00f6ffnet wurde das Business Meeting vom Gastgeber und Leiter der Volkswagen Group Fleet International Frank Holland gemeinsam mit den Gro\u00dfkundenverantwortlichen der Marken \u2013 dessen R\u00fcckblick auf 2025 mehr als erfreulich ausfiel. So blieb der Flottenmarkt trotz einer insgesamt volatilen Gesamtsituation in Deutschland der st\u00e4rkste und stabilste Absatzkanal f\u00fcr den Volkswagen Konzern.[\/vc_column_text][vc_column_text css=&#8220;&#8220;]<\/p>\n<ul>\n<li><strong>Modell-Power:<\/strong> 8 der Top-10-Flottenmodelle (BEV\/PHEV\/Verbrenner) und 7 der Top-10-BEVs stammen aus dem Volkswagen Konzern.\u00b9\u207e<\/li>\n<li><strong>Jahresstart 2026:<\/strong> Der Volkswagen Konzern konnte seinen Marktanteil \u2013 gegen den Markttrend \u2013 erneut leicht steigern.<\/li>\n<\/ul>\n<p>[\/vc_column_text][\/vc_column][vc_column width=&#8220;1\/2&#8243;][vc_gallery interval=&#8220;3&#8243; images=&#8220;39154,39156,39158,39160,39162,39170&#8243; img_size=&#8220;large&#8220; css=&#8220;&#8220;][\/vc_column][\/vc_row][vc_row][vc_column][vc_column_text css=&#8220;&#8220;]<\/p>\n<h2>Einheitszelle als Meilenstein f\u00fcr die E-Mobilit\u00e4t<\/h2>\n<p>[\/vc_column_text][vc_column_text css=&#8220;&#8220;]<span class=\"TextRun SCXW136976532 BCX8\" lang=\"DE-DE\" xml:lang=\"DE-DE\" data-contrast=\"auto\"><span class=\"NormalTextRun SCXW136976532 BCX8\"><span class=\"TextRun SCXW188873110 BCX8\" lang=\"DE-DE\" xml:lang=\"DE-DE\" data-contrast=\"auto\"><span class=\"NormalTextRun SCXW188873110 BCX8\">Wohin die Reise in Sachen Antriebe f\u00fchrt, verdeutlichte Holland mit klaren Botschaften:<\/span><\/span><\/span><\/span>[\/vc_column_text][vc_column_text css=&#8220;&#8220;]<\/p>\n<ul>\n<li>Die Volkswagen Group setzt konsequent auf Elektrifizierung.<\/li>\n<li>Bis 2030 soll der Anteil der BEVs in allen relevanten Segmenten in der EU auf rund 70 Prozent steigen.<\/li>\n<\/ul>\n<p>[\/vc_column_text][vc_column_text css=&#8220;&#8220;]Ein entscheidender Erfolg auf diesem Weg wurde bereits im Dezember 2025 erzielt: mit dem Produktionsstart der ersten konzerneigenen Einheitszelle in Europa. \u201eDamit sichern wir die Wertsch\u00f6pfungskette und unsere technologische Souver\u00e4nit\u00e4t\u201c, verdeutlichte Frank Holland.[\/vc_column_text][vc_column_text css=&#8220;&#8220;]F\u00fcr den Markt bedeutet das konkret:<\/p>\n<p>&nbsp;<\/p>\n<ul>\n<li><strong>Serienstart 2026:<\/strong> Die neue Technologie kommt erstmals in der Urban Car Family von Volkswagen, \u0160koda sowie CUPRA und SEAT zum Einsatz.<\/li>\n<li><strong>Massentauglichkeit:<\/strong> Mit einem Einstiegspreis von rund 25.000 Euro wird E-Mobilit\u00e4t noch erschwinglicher.<\/li>\n<li><strong>Marktansicht: <\/strong>Das mittelfristige Ziel ist ein Marktanteil von 20 Prozent im europ\u00e4ischen Kleinwagensegment.<\/li>\n<\/ul>\n<p>[\/vc_column_text][\/vc_column][\/vc_row][vc_row][vc_column]\n\n<div class=\"article_paragraphimage article_paragraphimage_left \" style=\"width: 30%;\">\n\t<div class=\"ap_img_wrapper mylightbox_hover\">\n\t\t<img loading=\"lazy\" decoding=\"async\" width=\"640\" height=\"640\" src=\"https:\/\/www.groupfleet.com\/wp-content\/uploads\/2026\/03\/260303_HM_151641A_1080x1080_95-640x640.jpg\" class=\"attachment-vw_small size-vw_small open_mylightbox\" alt=\"\" data-full=\"https:\/\/www.groupfleet.com\/wp-content\/uploads\/2026\/03\/260303_HM_151641A_1080x1080_95.jpg\" data-desc=\"\" \/>\t<\/div>\n\t<div class=\"article_paragraphimage_text\">\n\t\t\t<\/div>\n\t<div class=\"clear\"><\/div>\n<\/div>[vc_column_text css=&#8220;&#8220;]<\/p>\n<div class=\"iv-modul__question\">\n<div class=\"iv-modul__question\">\n<div class=\"iv-modul__question\">\n<div class=\"iv-modul__question\">\n<h2><span style=\"font-size: 24pt; color: #9cc6ba;\">\u201eDer Austausch mit dem Handel ist f\u00fcr uns die beste Gelegenheit, aus erster Hand zu erfahren, was gerade gut l\u00e4uft und wo wir noch besser werden m\u00fcssen.\u201c<\/span><\/h2>\n<\/div>\n<\/div>\n<\/div>\n<\/div>\n<p>[\/vc_column_text][vc_separator color=&#8220;custom&#8220; align=&#8220;align_left&#8220; el_width=&#8220;20&#8243; css=&#8220;&#8220; accent_color=&#8220;#9CC6BA&#8220;][vc_column_text css=&#8220;&#8220;]<\/p>\n<div class=\"iv-modul__question\">\n<div class=\"iv-modul__question\">\n<div class=\"iv-modul__question\">\n<div class=\"iv-modul__question\"><span style=\"color: #9cc6ba;\"><strong>Florian Pingoud<\/strong><\/span><br \/>\n<span style=\"color: #0060c5;\"><span style=\"color: #9cc6ba;\">Leitung Business &amp; Performance Management &amp; Kommunikation<\/span><\/span><\/div>\n<\/div>\n<\/div>\n<\/div>\n<p>[\/vc_column_text][\/vc_column][\/vc_row][vc_row][vc_column width=&#8220;1\/2&#8243;][vc_column_text css=&#8220;&#8220;]<\/p>\n<h2>Praxis-Check in den Impulssessions<\/h2>\n<p>[\/vc_column_text][vc_column_text css=&#8220;&#8220;]\u00dcber die strategischen Keynotes hinaus stand der Jahresdialog 2026 auch ganz im Zeichen der praktischen Umsetzung: So zeigten die Experten von Elli Mobility, Volkswagen Group Info Services, Giravolta, myFleetHub sowie Fleet Ordering in den drei intensiv genutzten Impulssessions, wie Elektromobilit\u00e4t im anspruchsvollen Flottenalltag konkret gestaltet werden kann.[\/vc_column_text][vc_column_text css=&#8220;&#8220;]<\/p>\n<h2>Elli Mobility: Der Masterplan f\u00fcr die Flotte der Zukunft<\/h2>\n<p>[\/vc_column_text][vc_column_text css=&#8220;&#8220;]Beispiel Elli Mobility: Bei der Impulssession wurde dem Fachpublikum anschaulich dargelegt, dass die Elektrifizierung einer Firmenflotte kein Kraftakt sein muss. Schlie\u00dflich h\u00e4lt das Elli-\u00d6kosystem f\u00fcr die Betreiber von Verbrenner-Fuhrparks, die schrittweise oder vollst\u00e4ndig auf E-Antriebe umsatteln m\u00f6chten, passgenaue L\u00f6sungen bereit: von der Charge&amp;Fuel Card mit Zugang zu \u00fcber einer Million Ladepunkten in 31 L\u00e4ndern bis hin zum intelligenten Smart-Data-Service f\u00fcr die automatisierte Erstattung von Ladekosten an Dienstwagenfahrer inklusive vollst\u00e4ndigem Clearing Service. Wer dar\u00fcber hinaus eine eigene Ladeinfrastruktur aufbauen will, findet im Charging Site Management von Elli Mobility einen verl\u00e4sslichen End-to-End-Partner. Dessen Leistungsspektrum umfasst neben Standortanalyse und -planung auch die Hardware-Beschaffung, die Installation sowie die Betreuung des laufenden Betriebs.[\/vc_column_text][\/vc_column][vc_column width=&#8220;1\/2&#8243;][vc_gallery interval=&#8220;3&#8243; images=&#8220;39172,39174,39176,39178,39180,39182,39184,39186&#8243; img_size=&#8220;large&#8220; css=&#8220;&#8220;][\/vc_column][\/vc_row][vc_row][vc_column][vc_column_text css=&#8220;&#8220;]<\/p>\n<h2>Digitale Schaltzentrale: myFleetHub &amp; Fleet Ordering<\/h2>\n<p>[\/vc_column_text]\n<div class=\"gridgallery vw_masonry mylightbox_group\">\n\t\t\t\t<div class=\"vw_masonry_item gg_img gg_img_3 gg_img_3_1  \">\n\t\t\t<img loading=\"lazy\" decoding=\"async\" width=\"640\" height=\"512\" src=\"https:\/\/www.groupfleet.com\/wp-content\/uploads\/2026\/03\/260303_HM_151641A_1920x1536_80-640x512.jpg\" class=\"attachment-vw_small size-vw_small open_mylightbox\" alt=\"\" data-full=\"https:\/\/www.groupfleet.com\/wp-content\/uploads\/2026\/03\/260303_HM_151641A_1920x1536_80-1500x1200.jpg\" data-desc=\"\" \/>\t\t<\/div>\n\t\t\t<div class=\"vw_masonry_item gg_img gg_img_3 gg_img_3_2 mylightbox_hover \">\n\t\t\t<img loading=\"lazy\" decoding=\"async\" width=\"640\" height=\"512\" src=\"https:\/\/www.groupfleet.com\/wp-content\/uploads\/2026\/03\/260303_HM_150944C_1920x1536_80-640x512.jpg\" class=\"attachment-vw_small size-vw_small open_mylightbox\" alt=\"\" data-full=\"https:\/\/www.groupfleet.com\/wp-content\/uploads\/2026\/03\/260303_HM_150944C_1920x1536_80-1500x1200.jpg\" data-desc=\"\" \/>\t\t<\/div>\n\t\t\t<div class=\"vw_masonry_item gg_img gg_img_3 gg_img_3_3  \">\n\t\t\t<img loading=\"lazy\" decoding=\"async\" width=\"640\" height=\"512\" src=\"https:\/\/www.groupfleet.com\/wp-content\/uploads\/2026\/03\/260303_HM_151950_1920x1536_80-640x512.jpg\" class=\"attachment-vw_small size-vw_small open_mylightbox\" alt=\"\" data-full=\"https:\/\/www.groupfleet.com\/wp-content\/uploads\/2026\/03\/260303_HM_151950_1920x1536_80-1500x1200.jpg\" data-desc=\"\" \/>\t\t<\/div>\n\t<\/div>\n\n<script type=\"text\/javascript\">\n\/*\n\t$('.vw_masonry').masonry({\n\t\tcolumnWidth: 1,\n\t\titemSelector: '.vw_masonry_item',\n\t\tpercentPosition: true\n\t});\t\n*\/\n<\/script>[vc_column_text css=&#8220;&#8220;]In einer weiteren Session befassten sich die Profis mit der Digitalisierung des Fuhrparkmanagements. Hier wurde den Teilnehmern live demonstriert, wie myFleetHub in K\u00fcrze als zentrales Endkundenportal fungieren kann. Dass die neue digitale B2B-Mehrmarkenplattform den Puls der Zeit trifft, belegen bereits die positiven Feedbacks erster Pilotkunden: \u201eEine echte Zeitersparnis\u201c \u2026 \u201eDie Auftragsverfolgung ist extrem hilfreich, gerade wenn man mehrere Fahrzeuge bestellt hat!\u201c \u2026 \u201eDer Lieferprozess ist deutlich transparenter.\u201c \u2026 \u201eEine leicht zu bedienende \u00dcbersicht!\u201c Als gr\u00f6\u00dfte Highlights kristallisierten sich dabei folgende Features heraus:<\/p>\n<p>&nbsp;<\/p>\n<ul>\n<li>Order Status Tracker<\/li>\n<li>Online Remote Updates<\/li>\n<li>Schneller Zugriff via OneBusiness ID<\/li>\n<\/ul>\n<p>[\/vc_column_text][vc_column_text css=&#8220;&#8220;]Den Abschluss der Session markierte ein Blick auf die neuesten Funktionen in Fleet Ordering: Ab sofort stehen Nutzern vier neue Features zur Verf\u00fcgung: die Anzeige aller Reifendienstleistungen, die M\u00f6glichkeit zur Mehrfachbestellung baugleicher Fahrzeuge, ein zweistufiger Genehmigungsworkflow f\u00fcr mehr Prozesskontrolle sowie eine flexible Tagging-Funktionalit\u00e4t zur besseren Organisation des Fuhrparks.<\/p>\n<p>&nbsp;<\/p>\n<p>Der Ausblick l\u00e4sst ebenfalls aufhorchen: Mit der Anzeige der Full-Service-Leasingrate (geplant f\u00fcr Q2\/Q3) und einem integrierten Modellvergleich kommen in K\u00fcrze zwei weitere Tools hinzu, die Flottenentscheidern die t\u00e4gliche Arbeit sp\u00fcrbar erleichtern werden.[\/vc_column_text][\/vc_column][\/vc_row][vc_row][vc_column][vc_column_text css=&#8220;&#8220;]<\/p>\n<h2>Volkswagen Group Info Services &amp; Giravolta: Echtzeitdaten als Wettbewerbsvorteil<\/h2>\n<p>[\/vc_column_text][vc_column_text css=&#8220;&#8220;]168 Millionen Fahrzeuge, ein zentraler Hub: Die Impulssession von Volkswagen Group Info Services und Giravolta zeigte eindrucksvoll, welches Potenzial in zertifizierten OEM-Fahrzeugdaten steckt. Als zentrale Datendrehscheibe des Volkswagen Konzerns stellt Volkswagen Group Info Services die Grundlage bereit, auf der digitale Tools und Apps f\u00fcr das professionelle Flottenmanagement aufbauen.<\/p>\n<p>Die Experten von Giravolta erl\u00e4uterten wie diese Echtzeitdaten nahtlos in bestehende Angebote \u00e0 la Fleet Ordering, Fleet Data Interface oder die Giravolta Mobilit\u00e4tsplattform inklusive Flottenmanagement integriert werden k\u00f6nnen. F\u00fcr Flotten bis 500 Fahrzeuge aus dem Volkswagen Konzern sind diese L\u00f6sungen die empfohlenen Einstiegsoptionen. Gr\u00f6\u00dfere Flotten ab 1.000 Fahrzeugen haben dar\u00fcber hinaus die M\u00f6glichkeit, einen API-basierten Direktzugang zu den Fahrzeugdaten zu erhalten und diese in ihre eigenen IT-Systeme zu integrieren.[\/vc_column_text][vc_column_text css=&#8220;&#8220;]<\/p>\n<h2>Klarer Kurs 2026<\/h2>\n<p>[\/vc_column_text][vc_column_text css=&#8220;&#8220;]Unterm Strich hat der Jahresdialog 2026 also klar geliefert, was ein guter Jahresauftakt leisten muss: belastbare Zahlen, starke Perspektiven, echten Dialog. So wurde am Rheinufer in D\u00fcsseldorf nicht nur das Motto \u201eGemeinsam mit dem Handel\u201c konkret greifbar, sondern auch die Botschaft an die Kunden: Der Volkswagen Konzern war, ist und bleibt der verl\u00e4ssliche Partner f\u00fcr die Transformation der Branche.[\/vc_column_text][vc_separator border_width=&#8220;2&#8243;][\/vc_column][\/vc_row][vc_row title_tag=&#8220;h2&#8243; section_title_tag=&#8220;h4&#8243; style=&#8220;flat&#8220; shape=&#8220;square&#8220; color=&#8220;white&#8220; no_fill=&#8220;true&#8220; spacing=&#8220;&#8220; c_align=&#8220;default&#8220; autoplay=&#8220;none&#8220; collapsible_all=&#8220;true&#8220; c_icon=&#8220;plus&#8220; c_position=&#8220;default&#8220; active_section=&#8220;0&#8243; el_class=&#8220;contacts&#8220; title=&#8220;&#8220; el_id=&#8220;kontakt&#8220;][vc_column width=&#8220;1\/2&#8243;][vc_column_text css=&#8220;&#8220;]<\/p>\n<div class=\"richtext abstractContentComponent parbase section\">\n<div class=\"grid-section grid-group\">\n<div class=\"grid-col span_12_of_12\">\n<div class=\"textmedia h-clearfix\">\n<div class=\"textmedia__inner textmedia__richtext\">\n<div class=\"richtext abstractContentComponent parbase section\">\n<div class=\"grid-section grid-group\">\n<div class=\"grid-col span_12_of_12\">\n<div class=\"textmedia h-clearfix\">\n<div class=\"textmedia__inner textmedia__richtext\">\n<div class=\"richtext abstractContentComponent parbase section\">\n<div class=\"grid-section grid-group\">\n<div class=\"grid-col span_12_of_12\">\n<div class=\"textmedia h-clearfix\">\n<div class=\"textmedia__inner textmedia__richtext\">\n<div class=\"richtext abstractContentComponent parbase section\">\n<div class=\"grid-section grid-group\">\n<div class=\"grid-col span_12_of_12\">\n<div class=\"textmedia h-clearfix\">\n<div class=\"textmedia__inner textmedia__richtext\">\n<h2>Nehmen Sie Kontakt auf<\/h2>\n<\/div>\n<\/div>\n<\/div>\n<\/div>\n<\/div>\n<\/div>\n<\/div>\n<\/div>\n<\/div>\n<\/div>\n<\/div>\n<\/div>\n<\/div>\n<\/div>\n<\/div>\n<\/div>\n<\/div>\n<\/div>\n<\/div>\n<\/div>\n<p>[\/vc_column_text][vc_column_text css=&#8220;&#8220;]Ihre direkten Ansprechpersonen bei den Konzernmarken finden Sie in unserem <a href=\"https:\/\/www.groupfleet.com\/de\/kunden\/grosskunde\/#1664288283206-b51e5511-63b5\" target=\"_blank\" rel=\"noopener\">FleetHub<\/a>. Zu den Ansprechpartnerinnen und Ansprechpartnern der vorgestellten Impuls-Themen gelangen Sie mit einem Klick auf den Namen. Dieser f\u00fchrt Sie zum pers\u00f6nlichen Kontaktformular.[\/vc_column_text][\/vc_column][vc_column width=&#8220;1\/2&#8243;][vc_tta_accordion style=&#8220;flat&#8220; shape=&#8220;square&#8220; color=&#8220;white&#8220; active_section=&#8220;0&#8243; no_fill=&#8220;true&#8220; collapsible_all=&#8220;true&#8220; el_class=&#8220;contacts&#8220;][vc_tta_section title=&#8220;Digitalisierung Flotte&#8220; tab_id=&#8220;1729075670841-e1c2ea72-4694&#8243;][vc_column_text css=&#8220;&#8220;]<strong>Neues aus der Systemwelt!<\/strong><\/p>\n<p>&nbsp;<\/p>\n<p><strong>Digitalisierung Flotte<\/strong><\/p>\n<p><a href=\"https:\/\/www.groupfleet.com\/de\/kontaktformular-goetzke\" target=\"_blank\" rel=\"noopener\">Markus Goetzke, B2B Digital Sales<\/a><\/p>\n<p>&nbsp;<\/p>\n<p><strong>Fleet Ordering<\/strong><\/p>\n<p><a href=\"https:\/\/www.groupfleet.com\/de\/kontaktformular-mueller\" target=\"_blank\" rel=\"noopener\">Stephanie M\u00fcller, Product Owner Fleet Ordering<\/a>[\/vc_column_text][vc_empty_space][\/vc_tta_section][vc_tta_section title=&#8220;Elli Mobility&#8220; tab_id=&#8220;1729075670837-8aa919b4-2eeb&#8220;][vc_column_text css=&#8220;&#8220;]<strong>Der neue One-Stop-Shop f\u00fcr Tank- und Ladeservices!<\/strong><\/p>\n<p>&nbsp;<\/p>\n<p><strong>Elli Mobility<\/strong><\/p>\n<p><a href=\"https:\/\/www.groupfleet.com\/de\/kontaktformular-fetkenheuer\/\" target=\"_blank\" rel=\"noopener\">Kai Fetkenheuer<\/a><\/p>\n<p>&nbsp;<\/p>\n<p><strong>Elli Mobility<\/strong><\/p>\n<p><a href=\"https:\/\/www.groupfleet.com\/de\/kontaktformular-zaenkert\/\" target=\"_blank\" rel=\"noopener\">Danny Z\u00e4nkert<\/a><\/p>\n<p>[\/vc_column_text][vc_empty_space][\/vc_tta_section][vc_tta_section title=&#8220;Fleet Data x Giravolta&#8220; tab_id=&#8220;1729081088554-969b520f-9a76&#8243;][vc_column_text css=&#8220;&#8220;]<strong>Zuk\u00fcnftige Mobilit\u00e4tsl\u00f6sungen aus eigener Hand!<\/strong><\/p>\n<p>&nbsp;<\/p>\n<p><strong>Fleet Data, Volkswagen Group Info Services AG<\/strong><\/p>\n<p><span data-teams=\"true\"><a href=\"https:\/\/www.groupfleet.com\/de\/kontaktformular-kremer\/\" target=\"_blank\" rel=\"noopener\">J\u00f6rn Kremer, Senior Key Account Manager<\/a>\u00a0<\/span><\/p>\n<p>&nbsp;<\/p>\n<p><strong>Giravolta<\/strong><\/p>\n<p><a href=\"https:\/\/www.groupfleet.com\/de\/kontaktformular-grimm\/\" target=\"_blank\" rel=\"noopener\">Oliver Grimm, Chief Commercial Officer<\/a>[\/vc_column_text][vc_empty_space][\/vc_tta_section][\/vc_tta_accordion][\/vc_column][\/vc_row][vc_row][vc_column][vc_separator border_width=&#8220;2&#8243;][vc_column_text css=&#8220;&#8220;]<\/p>\n<div class=\"richtext abstractContentComponent parbase section\">\n<div class=\"grid-section grid-group\">\n<div class=\"grid-col span_12_of_12\">\n<div class=\"textmedia h-clearfix\">\n<div class=\"textmedia__inner textmedia__richtext\">\n<div class=\"richtext abstractContentComponent parbase section\">\n<div class=\"grid-section grid-group\">\n<div class=\"grid-col span_12_of_12\">\n<div class=\"textmedia h-clearfix\">\n<div class=\"textmedia__inner textmedia__richtext\">\n<div class=\"richtext abstractContentComponent parbase section\">\n<div class=\"grid-section grid-group\">\n<div class=\"grid-col span_12_of_12\">\n<div class=\"textmedia h-clearfix\">\n<div class=\"textmedia__inner textmedia__richtext\">\n<div class=\"richtext abstractContentComponent parbase section\">\n<div class=\"grid-section grid-group\">\n<div class=\"grid-col span_12_of_12\">\n<div class=\"textmedia h-clearfix\">\n<div class=\"textmedia__inner textmedia__richtext\">\n<p><span style=\"font-size: 10pt;\">\u00b9\u207eQuelle: Dataforce, Flotten gr\u00f6\u00dfer\/gleich 10 Fahrzeuge, Deutschland, Januar-Dezember 2025.<\/span><\/p>\n<p><em><span style=\"font-size: 10pt;\">Stand: 11.03.2026<\/span><\/em><br \/>\n<em><span style=\"font-size: 10pt;\">\u00a9 <span data-teams=\"true\">Hendryk Meyer<\/span>\/Volkswagen AG<\/span><\/em><\/p>\n<\/div>\n<\/div>\n<\/div>\n<\/div>\n<\/div>\n<\/div>\n<\/div>\n<\/div>\n<\/div>\n<\/div>\n<\/div>\n<\/div>\n<\/div>\n<\/div>\n<\/div>\n<\/div>\n<\/div>\n<\/div>\n<\/div>\n<\/div>\n<p>[\/vc_column_text][\/vc_column][\/vc_row]<\/p>\n<\/div>","protected":false},"excerpt":{"rendered":"<p>\u201eGemeinsam mit dem Handel!\u201c Unter diesem aussagekr\u00e4ftigen Motto hatte die Volkswagen Group Fleet International auch in diesem Jahr wieder zu ihrem bew\u00e4hrten Jahresdialog geladen. Klares Ziel: die weitere St\u00e4rkung des Flottengesch\u00e4fts als erfolgreichsten Absatzkanal des Volkswagen Konzerns.<\/p>\n","protected":false},"author":39,"featured_media":39148,"comment_status":"closed","ping_status":"closed","sticky":false,"template":"","format":"standard","meta":{"_acf_changed":false,"footnotes":""},"categories":[187],"tags":[],"class_list":["post-39144","post","type-post","status-publish","format-standard","has-post-thumbnail","hentry","category-events"],"acf":[],"yoast_head":"<!-- This site is optimized with the Yoast SEO plugin v27.4 - https:\/\/yoast.com\/product\/yoast-seo-wordpress\/ -->\n<title>Starkes Zeichen, wichtige Impulse - Volkswagen Group | FleetHub<\/title>\n<meta name=\"description\" content=\"F\u00fcr Fuhrparkleitende h\u00e4lt der Umstieg auf Elektrofahrzeuge die eine oder andere Herausforderung bereit \u2013 manchmal steckt dahinter allerdings nicht mehr als ein Elektro-Mythos.\" \/>\n<meta name=\"robots\" content=\"index, follow, max-snippet:-1, max-image-preview:large, max-video-preview:-1\" \/>\n<link rel=\"canonical\" href=\"https:\/\/www.volkswagen-newsroom.com\/de\/pressemitteilungen\/der-neue-id4-weltpremiere-des-rein-elektrisch-angetriebenen-suv-6446\" \/>\n<meta property=\"og:locale\" content=\"de_DE\" \/>\n<meta property=\"og:type\" content=\"article\" \/>\n<meta property=\"og:title\" content=\"Starkes Zeichen, wichtige Impulse - Volkswagen Group | FleetHub\" \/>\n<meta property=\"og:description\" content=\"F\u00fcr Fuhrparkleitende h\u00e4lt der Umstieg auf Elektrofahrzeuge die eine oder andere Herausforderung bereit \u2013 manchmal steckt dahinter allerdings nicht mehr als ein Elektro-Mythos.\" \/>\n<meta property=\"og:url\" content=\"https:\/\/www.volkswagen-newsroom.com\/de\/pressemitteilungen\/der-neue-id4-weltpremiere-des-rein-elektrisch-angetriebenen-suv-6446\" \/>\n<meta property=\"og:site_name\" content=\"Volkswagen Group | FleetHub\" \/>\n<meta property=\"article:published_time\" content=\"2026-03-12T12:34:11+00:00\" \/>\n<meta property=\"article:modified_time\" content=\"2026-03-12T13:37:35+00:00\" \/>\n<meta property=\"og:image\" content=\"https:\/\/www.groupfleet.com\/wp-content\/uploads\/2026\/03\/260303_HM_122901-1920x1080_90.jpg\" \/>\n\t<meta property=\"og:image:width\" content=\"1920\" \/>\n\t<meta property=\"og:image:height\" content=\"1080\" \/>\n\t<meta property=\"og:image:type\" content=\"image\/jpeg\" \/>\n<meta name=\"author\" content=\"Stefan Gro\u00dfer\" \/>\n<meta name=\"twitter:card\" content=\"summary_large_image\" \/>\n<meta name=\"twitter:label1\" content=\"Verfasst von\" \/>\n\t<meta name=\"twitter:data1\" content=\"Stefan Gro\u00dfer\" \/>\n\t<meta name=\"twitter:label2\" content=\"Gesch\u00e4tzte Lesezeit\" \/>\n\t<meta name=\"twitter:data2\" content=\"7\u00a0Minuten\" \/>\n<script type=\"application\/ld+json\" class=\"yoast-schema-graph\">{\"@context\":\"https:\\\/\\\/schema.org\",\"@graph\":[{\"@type\":\"Article\",\"@id\":\"https:\\\/\\\/www.volkswagen-newsroom.com\\\/de\\\/pressemitteilungen\\\/der-neue-id4-weltpremiere-des-rein-elektrisch-angetriebenen-suv-6446#article\",\"isPartOf\":{\"@id\":\"https:\\\/\\\/www.groupfleet.com\\\/de\\\/jahresdialog-2026\\\/\"},\"author\":{\"name\":\"Stefan Gro\u00dfer\",\"@id\":\"https:\\\/\\\/www.groupfleet.com\\\/de\\\/#\\\/schema\\\/person\\\/8b1d7be286fefef37804765123983b32\"},\"headline\":\"Starkes Zeichen, wichtige Impulse\",\"datePublished\":\"2026-03-12T12:34:11+00:00\",\"dateModified\":\"2026-03-12T13:37:35+00:00\",\"mainEntityOfPage\":{\"@id\":\"https:\\\/\\\/www.groupfleet.com\\\/de\\\/jahresdialog-2026\\\/\"},\"wordCount\":1692,\"image\":{\"@id\":\"https:\\\/\\\/www.volkswagen-newsroom.com\\\/de\\\/pressemitteilungen\\\/der-neue-id4-weltpremiere-des-rein-elektrisch-angetriebenen-suv-6446#primaryimage\"},\"thumbnailUrl\":\"https:\\\/\\\/www.groupfleet.com\\\/wp-content\\\/uploads\\\/2026\\\/03\\\/260303_HM_122901-1920x1080_90.jpg\",\"articleSection\":[\"Events\"],\"inLanguage\":\"de\"},{\"@type\":\"WebPage\",\"@id\":\"https:\\\/\\\/www.groupfleet.com\\\/de\\\/jahresdialog-2026\\\/\",\"url\":\"https:\\\/\\\/www.volkswagen-newsroom.com\\\/de\\\/pressemitteilungen\\\/der-neue-id4-weltpremiere-des-rein-elektrisch-angetriebenen-suv-6446\",\"name\":\"Starkes Zeichen, wichtige Impulse - Volkswagen Group | FleetHub\",\"isPartOf\":{\"@id\":\"https:\\\/\\\/www.groupfleet.com\\\/de\\\/#website\"},\"primaryImageOfPage\":{\"@id\":\"https:\\\/\\\/www.volkswagen-newsroom.com\\\/de\\\/pressemitteilungen\\\/der-neue-id4-weltpremiere-des-rein-elektrisch-angetriebenen-suv-6446#primaryimage\"},\"image\":{\"@id\":\"https:\\\/\\\/www.volkswagen-newsroom.com\\\/de\\\/pressemitteilungen\\\/der-neue-id4-weltpremiere-des-rein-elektrisch-angetriebenen-suv-6446#primaryimage\"},\"thumbnailUrl\":\"https:\\\/\\\/www.groupfleet.com\\\/wp-content\\\/uploads\\\/2026\\\/03\\\/260303_HM_122901-1920x1080_90.jpg\",\"datePublished\":\"2026-03-12T12:34:11+00:00\",\"dateModified\":\"2026-03-12T13:37:35+00:00\",\"author\":{\"@id\":\"https:\\\/\\\/www.groupfleet.com\\\/de\\\/#\\\/schema\\\/person\\\/8b1d7be286fefef37804765123983b32\"},\"description\":\"F\u00fcr Fuhrparkleitende h\u00e4lt der Umstieg auf Elektrofahrzeuge die eine oder andere Herausforderung bereit \u2013 manchmal steckt dahinter allerdings nicht mehr als ein Elektro-Mythos.\",\"breadcrumb\":{\"@id\":\"https:\\\/\\\/www.volkswagen-newsroom.com\\\/de\\\/pressemitteilungen\\\/der-neue-id4-weltpremiere-des-rein-elektrisch-angetriebenen-suv-6446#breadcrumb\"},\"inLanguage\":\"de\",\"potentialAction\":[{\"@type\":\"ReadAction\",\"target\":[\"https:\\\/\\\/www.volkswagen-newsroom.com\\\/de\\\/pressemitteilungen\\\/der-neue-id4-weltpremiere-des-rein-elektrisch-angetriebenen-suv-6446\"]}]},{\"@type\":\"ImageObject\",\"inLanguage\":\"de\",\"@id\":\"https:\\\/\\\/www.volkswagen-newsroom.com\\\/de\\\/pressemitteilungen\\\/der-neue-id4-weltpremiere-des-rein-elektrisch-angetriebenen-suv-6446#primaryimage\",\"url\":\"https:\\\/\\\/www.groupfleet.com\\\/wp-content\\\/uploads\\\/2026\\\/03\\\/260303_HM_122901-1920x1080_90.jpg\",\"contentUrl\":\"https:\\\/\\\/www.groupfleet.com\\\/wp-content\\\/uploads\\\/2026\\\/03\\\/260303_HM_122901-1920x1080_90.jpg\",\"width\":1920,\"height\":1080},{\"@type\":\"BreadcrumbList\",\"@id\":\"https:\\\/\\\/www.volkswagen-newsroom.com\\\/de\\\/pressemitteilungen\\\/der-neue-id4-weltpremiere-des-rein-elektrisch-angetriebenen-suv-6446#breadcrumb\",\"itemListElement\":[{\"@type\":\"ListItem\",\"position\":1,\"name\":\"Home\",\"item\":\"https:\\\/\\\/www.groupfleet.com\\\/de\\\/\"},{\"@type\":\"ListItem\",\"position\":2,\"name\":\"Starkes Zeichen, wichtige Impulse\"}]},{\"@type\":\"WebSite\",\"@id\":\"https:\\\/\\\/www.groupfleet.com\\\/de\\\/#website\",\"url\":\"https:\\\/\\\/www.groupfleet.com\\\/de\\\/\",\"name\":\"Volkswagen Group | FleetHub\",\"description\":\"Online magazine for Fleet managers\",\"potentialAction\":[{\"@type\":\"SearchAction\",\"target\":{\"@type\":\"EntryPoint\",\"urlTemplate\":\"https:\\\/\\\/www.groupfleet.com\\\/de\\\/?s={search_term_string}\"},\"query-input\":{\"@type\":\"PropertyValueSpecification\",\"valueRequired\":true,\"valueName\":\"search_term_string\"}}],\"inLanguage\":\"de\"},{\"@type\":\"Person\",\"@id\":\"https:\\\/\\\/www.groupfleet.com\\\/de\\\/#\\\/schema\\\/person\\\/8b1d7be286fefef37804765123983b32\",\"name\":\"Stefan Gro\u00dfer\",\"url\":\"https:\\\/\\\/www.groupfleet.com\\\/de\\\/author\\\/sgrosser\\\/\"}]}<\/script>\n<!-- \/ Yoast SEO plugin. -->","yoast_head_json":{"title":"Starkes Zeichen, wichtige Impulse - Volkswagen Group | FleetHub","description":"F\u00fcr Fuhrparkleitende h\u00e4lt der Umstieg auf Elektrofahrzeuge die eine oder andere Herausforderung bereit \u2013 manchmal steckt dahinter allerdings nicht mehr als ein Elektro-Mythos.","robots":{"index":"index","follow":"follow","max-snippet":"max-snippet:-1","max-image-preview":"max-image-preview:large","max-video-preview":"max-video-preview:-1"},"canonical":"https:\/\/www.volkswagen-newsroom.com\/de\/pressemitteilungen\/der-neue-id4-weltpremiere-des-rein-elektrisch-angetriebenen-suv-6446","og_locale":"de_DE","og_type":"article","og_title":"Starkes Zeichen, wichtige Impulse - Volkswagen Group | FleetHub","og_description":"F\u00fcr Fuhrparkleitende h\u00e4lt der Umstieg auf Elektrofahrzeuge die eine oder andere Herausforderung bereit \u2013 manchmal steckt dahinter allerdings nicht mehr als ein Elektro-Mythos.","og_url":"https:\/\/www.volkswagen-newsroom.com\/de\/pressemitteilungen\/der-neue-id4-weltpremiere-des-rein-elektrisch-angetriebenen-suv-6446","og_site_name":"Volkswagen Group | FleetHub","article_published_time":"2026-03-12T12:34:11+00:00","article_modified_time":"2026-03-12T13:37:35+00:00","og_image":[{"width":1920,"height":1080,"url":"https:\/\/www.groupfleet.com\/wp-content\/uploads\/2026\/03\/260303_HM_122901-1920x1080_90.jpg","type":"image\/jpeg"}],"author":"Stefan Gro\u00dfer","twitter_card":"summary_large_image","twitter_misc":{"Verfasst von":"Stefan Gro\u00dfer","Gesch\u00e4tzte Lesezeit":"7\u00a0Minuten"},"schema":{"@context":"https:\/\/schema.org","@graph":[{"@type":"Article","@id":"https:\/\/www.volkswagen-newsroom.com\/de\/pressemitteilungen\/der-neue-id4-weltpremiere-des-rein-elektrisch-angetriebenen-suv-6446#article","isPartOf":{"@id":"https:\/\/www.groupfleet.com\/de\/jahresdialog-2026\/"},"author":{"name":"Stefan Gro\u00dfer","@id":"https:\/\/www.groupfleet.com\/de\/#\/schema\/person\/8b1d7be286fefef37804765123983b32"},"headline":"Starkes Zeichen, wichtige Impulse","datePublished":"2026-03-12T12:34:11+00:00","dateModified":"2026-03-12T13:37:35+00:00","mainEntityOfPage":{"@id":"https:\/\/www.groupfleet.com\/de\/jahresdialog-2026\/"},"wordCount":1692,"image":{"@id":"https:\/\/www.volkswagen-newsroom.com\/de\/pressemitteilungen\/der-neue-id4-weltpremiere-des-rein-elektrisch-angetriebenen-suv-6446#primaryimage"},"thumbnailUrl":"https:\/\/www.groupfleet.com\/wp-content\/uploads\/2026\/03\/260303_HM_122901-1920x1080_90.jpg","articleSection":["Events"],"inLanguage":"de"},{"@type":"WebPage","@id":"https:\/\/www.groupfleet.com\/de\/jahresdialog-2026\/","url":"https:\/\/www.volkswagen-newsroom.com\/de\/pressemitteilungen\/der-neue-id4-weltpremiere-des-rein-elektrisch-angetriebenen-suv-6446","name":"Starkes Zeichen, wichtige Impulse - Volkswagen Group | FleetHub","isPartOf":{"@id":"https:\/\/www.groupfleet.com\/de\/#website"},"primaryImageOfPage":{"@id":"https:\/\/www.volkswagen-newsroom.com\/de\/pressemitteilungen\/der-neue-id4-weltpremiere-des-rein-elektrisch-angetriebenen-suv-6446#primaryimage"},"image":{"@id":"https:\/\/www.volkswagen-newsroom.com\/de\/pressemitteilungen\/der-neue-id4-weltpremiere-des-rein-elektrisch-angetriebenen-suv-6446#primaryimage"},"thumbnailUrl":"https:\/\/www.groupfleet.com\/wp-content\/uploads\/2026\/03\/260303_HM_122901-1920x1080_90.jpg","datePublished":"2026-03-12T12:34:11+00:00","dateModified":"2026-03-12T13:37:35+00:00","author":{"@id":"https:\/\/www.groupfleet.com\/de\/#\/schema\/person\/8b1d7be286fefef37804765123983b32"},"description":"F\u00fcr Fuhrparkleitende h\u00e4lt der Umstieg auf Elektrofahrzeuge die eine oder andere Herausforderung bereit \u2013 manchmal steckt dahinter allerdings nicht mehr als ein Elektro-Mythos.","breadcrumb":{"@id":"https:\/\/www.volkswagen-newsroom.com\/de\/pressemitteilungen\/der-neue-id4-weltpremiere-des-rein-elektrisch-angetriebenen-suv-6446#breadcrumb"},"inLanguage":"de","potentialAction":[{"@type":"ReadAction","target":["https:\/\/www.volkswagen-newsroom.com\/de\/pressemitteilungen\/der-neue-id4-weltpremiere-des-rein-elektrisch-angetriebenen-suv-6446"]}]},{"@type":"ImageObject","inLanguage":"de","@id":"https:\/\/www.volkswagen-newsroom.com\/de\/pressemitteilungen\/der-neue-id4-weltpremiere-des-rein-elektrisch-angetriebenen-suv-6446#primaryimage","url":"https:\/\/www.groupfleet.com\/wp-content\/uploads\/2026\/03\/260303_HM_122901-1920x1080_90.jpg","contentUrl":"https:\/\/www.groupfleet.com\/wp-content\/uploads\/2026\/03\/260303_HM_122901-1920x1080_90.jpg","width":1920,"height":1080},{"@type":"BreadcrumbList","@id":"https:\/\/www.volkswagen-newsroom.com\/de\/pressemitteilungen\/der-neue-id4-weltpremiere-des-rein-elektrisch-angetriebenen-suv-6446#breadcrumb","itemListElement":[{"@type":"ListItem","position":1,"name":"Home","item":"https:\/\/www.groupfleet.com\/de\/"},{"@type":"ListItem","position":2,"name":"Starkes Zeichen, wichtige Impulse"}]},{"@type":"WebSite","@id":"https:\/\/www.groupfleet.com\/de\/#website","url":"https:\/\/www.groupfleet.com\/de\/","name":"Volkswagen Group | FleetHub","description":"Online magazine for Fleet managers","potentialAction":[{"@type":"SearchAction","target":{"@type":"EntryPoint","urlTemplate":"https:\/\/www.groupfleet.com\/de\/?s={search_term_string}"},"query-input":{"@type":"PropertyValueSpecification","valueRequired":true,"valueName":"search_term_string"}}],"inLanguage":"de"},{"@type":"Person","@id":"https:\/\/www.groupfleet.com\/de\/#\/schema\/person\/8b1d7be286fefef37804765123983b32","name":"Stefan Gro\u00dfer","url":"https:\/\/www.groupfleet.com\/de\/author\/sgrosser\/"}]}},"_links":{"self":[{"href":"https:\/\/www.groupfleet.com\/de\/wp-json\/wp\/v2\/posts\/39144","targetHints":{"allow":["GET"]}}],"collection":[{"href":"https:\/\/www.groupfleet.com\/de\/wp-json\/wp\/v2\/posts"}],"about":[{"href":"https:\/\/www.groupfleet.com\/de\/wp-json\/wp\/v2\/types\/post"}],"author":[{"embeddable":true,"href":"https:\/\/www.groupfleet.com\/de\/wp-json\/wp\/v2\/users\/39"}],"replies":[{"embeddable":true,"href":"https:\/\/www.groupfleet.com\/de\/wp-json\/wp\/v2\/comments?post=39144"}],"version-history":[{"count":0,"href":"https:\/\/www.groupfleet.com\/de\/wp-json\/wp\/v2\/posts\/39144\/revisions"}],"wp:featuredmedia":[{"embeddable":true,"href":"https:\/\/www.groupfleet.com\/de\/wp-json\/wp\/v2\/media\/39148"}],"wp:attachment":[{"href":"https:\/\/www.groupfleet.com\/de\/wp-json\/wp\/v2\/media?parent=39144"}],"wp:term":[{"taxonomy":"category","embeddable":true,"href":"https:\/\/www.groupfleet.com\/de\/wp-json\/wp\/v2\/categories?post=39144"},{"taxonomy":"post_tag","embeddable":true,"href":"https:\/\/www.groupfleet.com\/de\/wp-json\/wp\/v2\/tags?post=39144"}],"curies":[{"name":"wp","href":"https:\/\/api.w.org\/{rel}","templated":true}]}}