{"id":38418,"date":"2025-12-16T13:00:51","date_gmt":"2025-12-16T12:00:51","guid":{"rendered":"https:\/\/www.groupfleet.com\/?p=38418"},"modified":"2026-03-03T15:57:33","modified_gmt":"2026-03-03T14:57:33","slug":"volkswagen-touareg-final-edition","status":"publish","type":"post","link":"https:\/\/www.groupfleet.com\/de\/volkswagen-touareg-final-edition\/","title":{"rendered":"The Final Countdown"},"content":{"rendered":"<div class=\"wpb-content-wrapper\"><p>[vc_row][vc_column]\n\n<div class=\"article_infobox article_infobox_right\" style=\"width: 40%; background-color: #336b85;\">\n\t<\/p>\n<h2><strong>Der <\/strong><strong>neue<br \/>\nVolkswagen Touareg<br \/>\nFINAL EDITION<\/strong><\/h2>\n<p><strong>Kraftstoffart:<\/strong><\/p>\n<p>Benzin, Diesel, Plug-in-Hybrid<\/p>\n<p>&nbsp;<\/p>\n<p><strong>Gep\u00e4ckraumvolumen:<\/strong><\/p>\n<p>bis zu 1.800 Liter (bei umgeklappten R\u00fccksitzen)<\/p>\n<p>&nbsp;<\/p>\n<p><strong>Zul\u00e4ssige Anh\u00e4ngelast:<\/strong><\/p>\n<p>bis zu 3.500 kg (gebremst bei 12 %)\u00b9\u207e<\/div>[vc_column_text css=&#8220;&#8220;]<span style=\"font-size: 18pt; font-family: TheGroup, palatino, serif; color: #99a9ad;\">16. Dezember 2025<\/span><\/p>\n<p><span style=\"font-family: TheGroup, palatino, serif; font-size: 18pt; color: #3f9cc6;\"><span style=\"color: #000000;\">Volkswagen sagt Danke und verabschiedet sich mit der FINAL EDITION vom Touareg mit Verbrennungsmotor. Die Sonderedition des Premium-SUVs ist \u00fcber alle drei Ausstattungslinien hinweg erh\u00e4ltlich:<\/span><\/span>[\/vc_column_text][vc_column_text css=&#8220;&#8220;]<\/p>\n<div class=\"iv-modul__question\">\n<div class=\"iv-modul__question\">\n<p>Das neue Editionsmodell tr\u00e4gt innen wie au\u00dfen exklusive Gestaltungselemente. So ist beispielsweise der pr\u00e4gnante Schriftzug \u201eFINAL EDITION\u201c auf die Fenstereinfassung der hinteren T\u00fcren gelasert und zudem in das Leder des Gangwahlhebels eingepr\u00e4gt. Ab der Ausstattungslinie \u201eElegance\u201c ist das mehrfarbige Ambientelicht serienm\u00e4\u00dfig. Zus\u00e4tzlich erscheint das Label im durchleuchteten Dekor des Armaturentr\u00e4gers sowie auf den beleuchteten T\u00fcreinstiegsleisten. Die Touareg FINAL EDITION ist ab sofort bis Ende M\u00e4rz 2026 bestellbar.<\/p>\n<\/div>\n<\/div>\n<p>[\/vc_column_text][vc_column_text css=&#8220;&#8220;]<\/p>\n<div class=\"iv-modul__question\">\n<div class=\"iv-modul__question\">\n<h2>R\u00fcckblick: Innovationsmodell mit<br \/>\nlangj\u00e4hriger Erfolgsgeschichte.<\/h2>\n<\/div>\n<\/div>\n<p>[\/vc_column_text][vc_column_text css=&#8220;&#8220;]<\/p>\n<div class=\"iv-modul__question\">\n<div class=\"iv-modul__question\">\n<p>Im Jahr 2002 als erstes SUV der Marke auf den Markt gebracht, etablierte sich der Touareg mit seinen Abmessungen, Ausstattungen und Technologien schnell in der Oberklasse. Dabei trat er trotz seiner Gr\u00f6\u00dfe stets mit einem zeitlos dezenten Design auf. Im Innenraum zeigte er sich in jeder seiner drei Generationen stilvoll, mit hohem Qualit\u00e4tsanspruch und Komfort sowie vielen technischen Neuerungen. Diese Innovationen sind es auch, die ihn bis heute zum Leuchtturm im Portfolio von Volkswagen machen. Viele Features aus dem Touareg waren sp\u00e4ter auch im Kleinwagen-Segment erh\u00e4ltlich \u2013 Oberklasse-Technologie wurde so f\u00fcr alle zug\u00e4nglich.<\/p>\n<\/div>\n<\/div>\n<p>[\/vc_column_text][vc_column_text css=&#8220;&#8220;]<\/p>\n<div class=\"iv-modul__question\">\n<div class=\"iv-modul__question\">\n<p>W\u00e4hrend Europa und insbesondere Deutschland einen bedeutenden Absatzmarkt darstellen, wird der Touareg heute in 39 L\u00e4ndern angeboten. Mehr als 1,2 Million Exemplare wurden bis heute verkauft \u2013 eine beeindruckende Zahl im C-Segment der SUVs.<\/p>\n<\/div>\n<\/div>\n<p>[\/vc_column_text][\/vc_column][\/vc_row][vc_row][vc_column]\n<div class=\"gridgallery vw_masonry mylightbox_group\">\n\t\t<div class=\"gallery_text gt_tr\" style=\"color: #FFFFFF; background-color: #336B85;\">Touareg I (rechts) und II (links) mit dem Jubil\u00e4umsmodell \u201eEDITION 20\u201c der dritten Generation (Mitte).<\/div>\n\t\t\t\t<div class=\"vw_masonry_item gg_img gg_img_1 gg_img_1_1  mylightbox_hover\">\n\t\t\t<img loading=\"lazy\" decoding=\"async\" width=\"1000\" height=\"563\" src=\"https:\/\/www.groupfleet.com\/wp-content\/uploads\/2025\/12\/DB2022AU00478_1920x1080_80-1000x563.jpg\" class=\"attachment-vw_medium size-vw_medium open_mylightbox\" alt=\"\" data-full=\"https:\/\/www.groupfleet.com\/wp-content\/uploads\/2025\/12\/DB2022AU00478_1920x1080_80-1800x1013.jpg\" data-desc=\"\" data-desc-class=\"mylightbox_desc_tl\" data-emission=\"{&quot;1&quot;:&quot;29141&quot;}\" \/>\t\t<\/div>\n\t<\/div>\n\n<script type=\"text\/javascript\">\n\/*\n\t$('.vw_masonry').masonry({\n\t\tcolumnWidth: 1,\n\t\titemSelector: '.vw_masonry_item',\n\t\tpercentPosition: true\n\t});\t\n*\/\n<\/script>[\/vc_column][\/vc_row][vc_row][vc_column][vc_column_text css=&#8220;&#8220;]<\/p>\n<div class=\"iv-modul__question\">\n<div class=\"iv-modul__question\">\n<h2>2002: Erste Generation<\/h2>\n<\/div>\n<\/div>\n<p>[\/vc_column_text][vc_column_text css=&#8220;&#8220;]<\/p>\n<div class=\"iv-modul__question\">\n<div class=\"iv-modul__question\">\n<p>Direkt nach seiner Markteinf\u00fchrung im Herbst 2002 avancierte der Touareg durch seine zahlreichen Innovationen, wie die elektromechanische Wankstabilisierung oder die CDC-Luftfederung mit 6-stufiger Niveauregelung, zu einem der meistbeachteten SUVs seiner Klasse. Mit dieser Ausstattung war es m\u00f6glich, Wasserdurchfahrten von bis zu 58 Zentimetern Tiefe zu absolvieren oder H\u00e4nge mit einer Steigung von bis zu 45 Grad zu bew\u00e4ltigen.<\/p>\n<\/div>\n<\/div>\n<p>[\/vc_column_text][vc_column_text css=&#8220;&#8220;]<\/p>\n<div class=\"iv-modul__question\">\n<div class=\"iv-modul__question\">\n<p>Das Top-Modell der Touareg-Reihe bildete der Touareg V10 TDI mit seinem zu diesem Zeitpunkt st\u00e4rksten bei Volkswagen verbauten Dieselaggregat. Der 230 kW (313 PS) starke 5-Liter-Zehnzylinder erzeugte ein maximales Drehmoment von beeindruckenden 750 Newtonmeter und beschleunigte den 2,5 Tonnen schweren Touareg in 7,8 Sekunden auf 100 km\/h. Die H\u00f6chstgeschwindigkeit lag bei 225 km\/h.<\/p>\n<\/div>\n<\/div>\n<p>[\/vc_column_text][vc_column_text css=&#8220;&#8220;]<\/p>\n<div class=\"iv-modul__question\">\n<div class=\"iv-modul__question\">\n<p>Dank dieses Topmodells entwickelte sich die Marke Volkswagen zu einem der heute global f\u00fchrenden Full-Range-Anbieter, der vom Kleinwagen bis zum Highend-SUV alle wichtigen Segmente erfolgreich abdeckt. Der Touareg I wurde von 2002 bis 2009 gebaut und z\u00e4hlte mit \u00fcber 471.000 verkauften Einheiten zu den erfolgreichsten Oberklasse-SUVs seiner Zeit.<\/p>\n<\/div>\n<\/div>\n<p>[\/vc_column_text][\/vc_column][\/vc_row][vc_row][vc_column][vc_column_text css=&#8220;&#8220;]<\/p>\n<div class=\"iv-modul__question\">\n<div class=\"iv-modul__question\">\n<h2>2010: Zweite Generation<\/h2>\n<\/div>\n<\/div>\n<p>[\/vc_column_text][vc_column_text css=&#8220;&#8220;]<\/p>\n<div class=\"iv-modul__question\">\n<div class=\"iv-modul__question\">\n<p>Die zweite Generation des Touareg wurde sowohl in der Breite als auch in der L\u00e4nge vergr\u00f6\u00dfert, was ihren luxuri\u00f6sen Komfort zus\u00e4tzlich betonte. Die Fahrzeugfront hob mit aerodynamischen Sto\u00dff\u00e4ngern und einem neu gestalteten K\u00fchlergrill die sportliche Eleganz hervor. Gleichzeitig kam mit der zweiten Generation das erste Hybridfahrzeug von Volkswagen auf den Markt. Der Volkswagen Touareg 3.0 V6 TSI Hybrid wurde gleichzeitig von einem Kompressor aufgeladenen V6-Ottomotor mit 245 kW (333 PS) und einem 34,3 kW (46 PS) starken Elektromotor angetrieben. Der Elektromotor des Voll-Hybrid-Fahrzeugs gewann beim Bremsen Energie zur\u00fcck und speiste sie in die Batterie ein.<\/p>\n<\/div>\n<\/div>\n<p>[\/vc_column_text][vc_column_text css=&#8220;&#8220;]<\/p>\n<div class=\"iv-modul__question\">\n<div class=\"iv-modul__question\">\n<p>Die kombinierte Systemleistung des Hybrids lag bei 279 kW (380 PS) mit einem maximalen Drehmoment von 580 Nm. Damit beschleunigte der Touareg II in 6,5 Sekunden auf 100 km\/h und erreichte eine H\u00f6chstgeschwindigkeit von 240 km\/h. Der Durchschnittsverbrauch lag bei 8,2 Litern Superbenzin auf 100 Kilometern. Zahlreiche neue Assistenzsysteme machten Ausfahrten, auch in schwieriges Gel\u00e4nde, noch sicherer und komfortabler. Im Zeitraum seiner Produktion von 2010 bis 2018 verkaufte Volkswagen mehr als 483.000 Einheiten des Touareg II.<\/p>\n<\/div>\n<\/div>\n<p>[\/vc_column_text][\/vc_column][\/vc_row][vc_row][vc_column width=&#8220;1\/2&#8243;][vc_column_text css=&#8220;&#8220;]<\/p>\n<div class=\"iv-modul__question\">\n<div class=\"iv-modul__question\">\n<h2>2018: Dritte Generation<\/h2>\n<\/div>\n<\/div>\n<p>[\/vc_column_text][vc_column_text css=&#8220;&#8220;]<\/p>\n<div class=\"iv-modul__question\">\n<div class=\"iv-modul__question\">\n<p>Die dritte Generation des Touareg verf\u00fcgt durch eine moderne Linienf\u00fchrung, gro\u00dfz\u00fcgige Karosserieverkleidungen sowie eine neue Stahl- und Aluminiumkarosserie aus gewichtssparenden Materialien \u00fcber einen noch dynamischeren Charakter. Der auf 2,904 Meter vergr\u00f6\u00dferte Radstand und die um sieben Millimeter verringerte Wagenh\u00f6he verst\u00e4rken die attraktive, vitale Optik.<\/p>\n<\/div>\n<\/div>\n<p>[\/vc_column_text][vc_column_text css=&#8220;&#8220;]<\/p>\n<div class=\"iv-modul__question\">\n<div class=\"iv-modul__question\">\n<p>Das vollst\u00e4ndig \u00fcberarbeitete Cockpit mit digitalen Innovationen, Connectivity- und Assistenzsystemen garantiert komfortables und sicheres Fahren. Daf\u00fcr sorgt auch die optimierte elektromechanische aktive Stabilisierung, deren Assistent die Wankbewegungen bis zu 400 Mal pro Sekunde neu erfasst und optimal einstellt, um ein sicheres Fahrerlebnis auf jedem Terrain zu gew\u00e4hrleisten.<\/p>\n<\/div>\n<\/div>\n<p>[\/vc_column_text][\/vc_column][vc_column width=&#8220;1\/2&#8243;][vc_single_image image=&#8220;38491&#8243; img_size=&#8220;full&#8220; css=&#8220;&#8220;][\/vc_column][\/vc_row][vc_row][vc_column][vc_column_text css=&#8220;&#8220;]<\/p>\n<div class=\"iv-modul__question\">\n<div class=\"iv-modul__question\">\n<p>Seit Herbst 2020 steht mit dem Touareg R Hybrid das neue Top-Modell an der Spitze: ein Plug-in-Hybrid-SUV mit einer Systemleistung von 340 kW (462 PS), einem maximalen Drehmoment von 700 Nm und einer H\u00f6chstgeschwindigkeit von 250 km\/h (Energieverbrauch gewichtet kombiniert 15,2 &#8211; 14,8 kWh\/100 km plus 6,0 &#8211; 5,2 l\/100km; Kraftstoffverbrauch bei entladener Batterie kombiniert: 10,1 &#8211; 9,4 l\/100km; CO\u2082-Emissionen gewichtet kombiniert 136 &#8211; 119 g\/km; CO\u2082-Klasse gewichtet kombiniert: E &#8211; D; CO\u2082-Klasse bei entladener Batterie: G). Seit seinem Deb\u00fct im Jahr 2018 wurden bereits mehr als 265.000 Einheiten des Touareg III weltweit verkauft. Er bietet bis heute h\u00f6chsten Fahrkomfort und bestm\u00f6gliche Praktikabilit\u00e4t \u2013 zum Beispiel als Zugfahrzeug mit bis zu 3,5 Tonnen Anh\u00e4ngelast.<\/p>\n<\/div>\n<\/div>\n<p>[\/vc_column_text]\n<div class=\"gridgallery vw_masonry mylightbox_group\">\n\t\t<div class=\"gallery_text gt_bl\" style=\"color: #FFFFFF; background-color: #336B85;\"> Bereits die erste Generation des Touareg meisterte bis zu 58 Zentimeter tiefe Wasserdurchfahrten.<\/div>\n\t\t\t\t<div class=\"vw_masonry_item gg_img gg_img_1 gg_img_1_1  mylightbox_hover\">\n\t\t\t<img loading=\"lazy\" decoding=\"async\" width=\"1000\" height=\"563\" src=\"https:\/\/www.groupfleet.com\/wp-content\/uploads\/2025\/12\/DB2003AU00103_1920x1080_90-1000x563.jpg\" class=\"attachment-vw_medium size-vw_medium open_mylightbox\" alt=\"\" data-full=\"https:\/\/www.groupfleet.com\/wp-content\/uploads\/2025\/12\/DB2003AU00103_1920x1080_90-1800x1013.jpg\" data-desc=\"\" data-desc-class=\"mylightbox_desc_tl\" data-emission=\"{&quot;1&quot;:&quot;29141&quot;}\" \/>\t\t<\/div>\n\t<\/div>\n\n<script type=\"text\/javascript\">\n\/*\n\t$('.vw_masonry').masonry({\n\t\tcolumnWidth: 1,\n\t\titemSelector: '.vw_masonry_item',\n\t\tpercentPosition: true\n\t});\t\n*\/\n<\/script>[\/vc_column][\/vc_row][vc_row][vc_column]\n<div class=\"mybutton\" style=\"text-align: center;\">\n\t<a class=\"button \"  href=\"https:\/\/www.volkswagen.de\/de\/modelle\/touareg-final-edition.html\" target=\"_blank\">Mehr \u00fcber den neuen Touareg FINAL EDITION erfahren<\/a>\n<\/div>[\/vc_column][\/vc_row][vc_row][vc_column][vc_separator][vc_column_text css=&#8220;&#8220;]<\/p>\n<div class=\"richtext abstractContentComponent parbase section\">\n<div class=\"grid-section grid-group\">\n<div class=\"grid-col span_12_of_12\">\n<div class=\"textmedia h-clearfix\">\n<div class=\"textmedia__inner textmedia__richtext\">\n<div class=\"richtext abstractContentComponent parbase section\">\n<div class=\"grid-section grid-group\">\n<div class=\"grid-col span_12_of_12\">\n<div class=\"textmedia h-clearfix\">\n<div class=\"textmedia__inner textmedia__richtext\">\n<div class=\"richtext abstractContentComponent parbase section\">\n<div class=\"grid-section grid-group\">\n<div class=\"grid-col span_12_of_12\">\n<div class=\"textmedia h-clearfix\">\n<div class=\"textmedia__inner textmedia__richtext\">\n<div class=\"richtext abstractContentComponent parbase section\">\n<div class=\"grid-section grid-group\">\n<div class=\"grid-col span_12_of_12\">\n<div class=\"textmedia h-clearfix\">\n<div class=\"textmedia__inner textmedia__richtext\">\n<p><span style=\"font-size: 10pt;\"><em>Alle Angaben gelten f\u00fcr den deutschen Markt. Die Fahrzeugabbildungen zeigen Sonderausstattungen.<br \/>\n<\/em><\/span><\/p>\n<p>&nbsp;<\/p>\n<p><span style=\"font-size: 10pt;\"><em>\u00b9<\/em><em>\u207eZul\u00e4ssige Anh\u00e4ngelast, gebremst bei bis zu 12% Steigung; kann je nach gew\u00e4hlter Motorisierung und Ausstattung abweichen.<\/em><\/span><\/p>\n<div class=\"richtext abstractContentComponent parbase section\">\n<div class=\"grid-section grid-group\">\n<div class=\"grid-col span_12_of_12\">\n<div class=\"textmedia h-clearfix textmedia--collapsed\">\n<div class=\"textmedia__inner textmedia__richtext\">\n<p>&nbsp;<\/p>\n<p><span style=\"font-size: 10pt;\"><em>Die Angaben zu Kraftstoffverbrauch, Stromverbrauch, CO\u2082-Emissionen und elektrischer Reichweite wurden nach dem gesetzlich vorgeschriebenen Messverfahren \u201eWorldwide Harmonized Light Vehicles Test Procedure\u201c (WLTP) gem\u00e4\u00df Verordnung (EG) 715\/2007 ermittelt. Zusatzausstattungen und Zubeh\u00f6r (Anbauteile, Reifenformat usw.) k\u00f6nnen relevante Fahrzeugparameter, wie z. B. Gewicht, Rollwiderstand und Aerodynamik ver\u00e4ndern und neben Witterungs- und Verkehrsbedingungen sowie dem individuellen Fahrverhalten den Kraftstoffverbrauch, den Stromverbrauch, die CO\u2082-Emissionen, die elektrische Reichweite und die Fahrleistungswerte eines Fahrzeugs beeinflussen. Weitere Informationen zu WLTP finden Sie unter: <\/em><a href=\"https:\/\/www.volkswagen.de\/wltp.html\"><em>www.volkswagen.de\/wltp<\/em><\/a><\/span><\/p>\n<\/div>\n<\/div>\n<\/div>\n<\/div>\n<\/div>\n<div class=\"textmedia__inner textmedia__richtext\">\n<p>&nbsp;<\/p>\n<p><span style=\"font-size: 10pt;\">Stand: 11.12.2025<\/span><\/p>\n<\/div>\n<p><span style=\"font-size: 10pt;\">\u00a9 Volkswagen<\/span><\/p>\n<\/div>\n<p>&nbsp;<\/p>\n<\/div>\n<\/div>\n<\/div>\n<\/div>\n<\/div>\n<\/div>\n<\/div>\n<\/div>\n<\/div>\n<\/div>\n<\/div>\n<\/div>\n<\/div>\n<\/div>\n<\/div>\n<\/div>\n<\/div>\n<\/div>\n<\/div>\n<p>[\/vc_column_text][\/vc_column][\/vc_row]<\/p>\n<\/div>","protected":false},"excerpt":{"rendered":"<p>Volkswagen sagt \u201eDanke und auf Wiedersehen!\u201c zum Touareg mit Verbrennungsmotor \u2013 und spendiert dem Premium-SUV eine Sonderedition \u00fcber alle Ausstattungslinien hinweg: Die Touareg FINAL EDITION ist ab sofort bis Ende M\u00e4rz 2026 bestellbar. Plus: Ein R\u00fcckblick auf \u00fcber 20 Jahre Oberklasse-SUV.<\/p>\n","protected":false},"author":39,"featured_media":38475,"comment_status":"closed","ping_status":"closed","sticky":true,"template":"","format":"standard","meta":{"_acf_changed":false,"footnotes":""},"categories":[17,6],"tags":[],"class_list":["post-38418","post","type-post","status-publish","format-standard","has-post-thumbnail","hentry","category-volkswagen-pkw","category-flottenmodelle","newsletter-fleetnews-06-25"],"acf":[],"yoast_head":"<!-- This site is optimized with the Yoast SEO plugin v27.4 - https:\/\/yoast.com\/product\/yoast-seo-wordpress\/ -->\n<title>The Final Countdown - Volkswagen Group | FleetHub<\/title>\n<meta name=\"robots\" content=\"index, follow, max-snippet:-1, max-image-preview:large, max-video-preview:-1\" \/>\n<link rel=\"canonical\" href=\"https:\/\/www.volkswagen-newsroom.com\/de\/pressemitteilungen\/der-neue-id4-weltpremiere-des-rein-elektrisch-angetriebenen-suv-6446\" \/>\n<meta property=\"og:locale\" content=\"de_DE\" \/>\n<meta property=\"og:type\" content=\"article\" \/>\n<meta property=\"og:title\" content=\"The Final Countdown - Volkswagen Group | FleetHub\" \/>\n<meta property=\"og:description\" content=\"Volkswagen sagt \u201eDanke und auf Wiedersehen!\u201c zum Touareg mit Verbrennungsmotor \u2013 und spendiert dem Premium-SUV eine Sonderedition \u00fcber alle Ausstattungslinien hinweg: Die Touareg FINAL EDITION ist ab sofort bis Ende M\u00e4rz 2026 bestellbar. Plus: Ein R\u00fcckblick auf \u00fcber 20 Jahre Oberklasse-SUV.\" \/>\n<meta property=\"og:url\" content=\"https:\/\/www.volkswagen-newsroom.com\/de\/pressemitteilungen\/der-neue-id4-weltpremiere-des-rein-elektrisch-angetriebenen-suv-6446\" \/>\n<meta property=\"og:site_name\" content=\"Volkswagen Group | FleetHub\" \/>\n<meta property=\"article:published_time\" content=\"2025-12-16T12:00:51+00:00\" \/>\n<meta property=\"article:modified_time\" content=\"2026-03-03T14:57:33+00:00\" \/>\n<meta property=\"og:image\" content=\"https:\/\/www.groupfleet.com\/wp-content\/uploads\/2025\/12\/VWR_TouaregR_FinalEdition_MB_57-original_retuschiert_1920x1080_80.jpg\" \/>\n\t<meta property=\"og:image:width\" content=\"1920\" \/>\n\t<meta property=\"og:image:height\" content=\"1080\" \/>\n\t<meta property=\"og:image:type\" content=\"image\/jpeg\" \/>\n<meta name=\"author\" content=\"Stefan Gro\u00dfer\" \/>\n<meta name=\"twitter:card\" content=\"summary_large_image\" \/>\n<meta name=\"twitter:label1\" content=\"Verfasst von\" \/>\n\t<meta name=\"twitter:data1\" content=\"Stefan Gro\u00dfer\" \/>\n\t<meta name=\"twitter:label2\" content=\"Gesch\u00e4tzte Lesezeit\" \/>\n\t<meta name=\"twitter:data2\" content=\"6\u00a0Minuten\" \/>\n<script type=\"application\/ld+json\" class=\"yoast-schema-graph\">{\"@context\":\"https:\\\/\\\/schema.org\",\"@graph\":[{\"@type\":\"Article\",\"@id\":\"https:\\\/\\\/www.volkswagen-newsroom.com\\\/de\\\/pressemitteilungen\\\/der-neue-id4-weltpremiere-des-rein-elektrisch-angetriebenen-suv-6446#article\",\"isPartOf\":{\"@id\":\"https:\\\/\\\/www.groupfleet.com\\\/de\\\/volkswagen-touareg-final-edition\\\/\"},\"author\":{\"name\":\"Stefan Gro\u00dfer\",\"@id\":\"https:\\\/\\\/www.groupfleet.com\\\/de\\\/#\\\/schema\\\/person\\\/8b1d7be286fefef37804765123983b32\"},\"headline\":\"The Final Countdown\",\"datePublished\":\"2025-12-16T12:00:51+00:00\",\"dateModified\":\"2026-03-03T14:57:33+00:00\",\"mainEntityOfPage\":{\"@id\":\"https:\\\/\\\/www.groupfleet.com\\\/de\\\/volkswagen-touareg-final-edition\\\/\"},\"wordCount\":1226,\"image\":{\"@id\":\"https:\\\/\\\/www.volkswagen-newsroom.com\\\/de\\\/pressemitteilungen\\\/der-neue-id4-weltpremiere-des-rein-elektrisch-angetriebenen-suv-6446#primaryimage\"},\"thumbnailUrl\":\"https:\\\/\\\/www.groupfleet.com\\\/wp-content\\\/uploads\\\/2025\\\/12\\\/VWR_TouaregR_FinalEdition_MB_57-original_retuschiert_1920x1080_80.jpg\",\"articleSection\":[\"Volkswagen\",\"Flottenmodelle\"],\"inLanguage\":\"de\"},{\"@type\":\"WebPage\",\"@id\":\"https:\\\/\\\/www.groupfleet.com\\\/de\\\/volkswagen-touareg-final-edition\\\/\",\"url\":\"https:\\\/\\\/www.volkswagen-newsroom.com\\\/de\\\/pressemitteilungen\\\/der-neue-id4-weltpremiere-des-rein-elektrisch-angetriebenen-suv-6446\",\"name\":\"The Final Countdown - Volkswagen Group | FleetHub\",\"isPartOf\":{\"@id\":\"https:\\\/\\\/www.groupfleet.com\\\/de\\\/#website\"},\"primaryImageOfPage\":{\"@id\":\"https:\\\/\\\/www.volkswagen-newsroom.com\\\/de\\\/pressemitteilungen\\\/der-neue-id4-weltpremiere-des-rein-elektrisch-angetriebenen-suv-6446#primaryimage\"},\"image\":{\"@id\":\"https:\\\/\\\/www.volkswagen-newsroom.com\\\/de\\\/pressemitteilungen\\\/der-neue-id4-weltpremiere-des-rein-elektrisch-angetriebenen-suv-6446#primaryimage\"},\"thumbnailUrl\":\"https:\\\/\\\/www.groupfleet.com\\\/wp-content\\\/uploads\\\/2025\\\/12\\\/VWR_TouaregR_FinalEdition_MB_57-original_retuschiert_1920x1080_80.jpg\",\"datePublished\":\"2025-12-16T12:00:51+00:00\",\"dateModified\":\"2026-03-03T14:57:33+00:00\",\"author\":{\"@id\":\"https:\\\/\\\/www.groupfleet.com\\\/de\\\/#\\\/schema\\\/person\\\/8b1d7be286fefef37804765123983b32\"},\"breadcrumb\":{\"@id\":\"https:\\\/\\\/www.volkswagen-newsroom.com\\\/de\\\/pressemitteilungen\\\/der-neue-id4-weltpremiere-des-rein-elektrisch-angetriebenen-suv-6446#breadcrumb\"},\"inLanguage\":\"de\",\"potentialAction\":[{\"@type\":\"ReadAction\",\"target\":[\"https:\\\/\\\/www.volkswagen-newsroom.com\\\/de\\\/pressemitteilungen\\\/der-neue-id4-weltpremiere-des-rein-elektrisch-angetriebenen-suv-6446\"]}]},{\"@type\":\"ImageObject\",\"inLanguage\":\"de\",\"@id\":\"https:\\\/\\\/www.volkswagen-newsroom.com\\\/de\\\/pressemitteilungen\\\/der-neue-id4-weltpremiere-des-rein-elektrisch-angetriebenen-suv-6446#primaryimage\",\"url\":\"https:\\\/\\\/www.groupfleet.com\\\/wp-content\\\/uploads\\\/2025\\\/12\\\/VWR_TouaregR_FinalEdition_MB_57-original_retuschiert_1920x1080_80.jpg\",\"contentUrl\":\"https:\\\/\\\/www.groupfleet.com\\\/wp-content\\\/uploads\\\/2025\\\/12\\\/VWR_TouaregR_FinalEdition_MB_57-original_retuschiert_1920x1080_80.jpg\",\"width\":1920,\"height\":1080},{\"@type\":\"BreadcrumbList\",\"@id\":\"https:\\\/\\\/www.volkswagen-newsroom.com\\\/de\\\/pressemitteilungen\\\/der-neue-id4-weltpremiere-des-rein-elektrisch-angetriebenen-suv-6446#breadcrumb\",\"itemListElement\":[{\"@type\":\"ListItem\",\"position\":1,\"name\":\"Home\",\"item\":\"https:\\\/\\\/www.groupfleet.com\\\/de\\\/\"},{\"@type\":\"ListItem\",\"position\":2,\"name\":\"The Final Countdown\"}]},{\"@type\":\"WebSite\",\"@id\":\"https:\\\/\\\/www.groupfleet.com\\\/de\\\/#website\",\"url\":\"https:\\\/\\\/www.groupfleet.com\\\/de\\\/\",\"name\":\"Volkswagen Group | FleetHub\",\"description\":\"Online magazine for Fleet managers\",\"potentialAction\":[{\"@type\":\"SearchAction\",\"target\":{\"@type\":\"EntryPoint\",\"urlTemplate\":\"https:\\\/\\\/www.groupfleet.com\\\/de\\\/?s={search_term_string}\"},\"query-input\":{\"@type\":\"PropertyValueSpecification\",\"valueRequired\":true,\"valueName\":\"search_term_string\"}}],\"inLanguage\":\"de\"},{\"@type\":\"Person\",\"@id\":\"https:\\\/\\\/www.groupfleet.com\\\/de\\\/#\\\/schema\\\/person\\\/8b1d7be286fefef37804765123983b32\",\"name\":\"Stefan Gro\u00dfer\",\"url\":\"https:\\\/\\\/www.groupfleet.com\\\/de\\\/author\\\/sgrosser\\\/\"}]}<\/script>\n<!-- \/ Yoast SEO plugin. -->","yoast_head_json":{"title":"The Final Countdown - Volkswagen Group | FleetHub","robots":{"index":"index","follow":"follow","max-snippet":"max-snippet:-1","max-image-preview":"max-image-preview:large","max-video-preview":"max-video-preview:-1"},"canonical":"https:\/\/www.volkswagen-newsroom.com\/de\/pressemitteilungen\/der-neue-id4-weltpremiere-des-rein-elektrisch-angetriebenen-suv-6446","og_locale":"de_DE","og_type":"article","og_title":"The Final Countdown - Volkswagen Group | FleetHub","og_description":"Volkswagen sagt \u201eDanke und auf Wiedersehen!\u201c zum Touareg mit Verbrennungsmotor \u2013 und spendiert dem Premium-SUV eine Sonderedition \u00fcber alle Ausstattungslinien hinweg: Die Touareg FINAL EDITION ist ab sofort bis Ende M\u00e4rz 2026 bestellbar. Plus: Ein R\u00fcckblick auf \u00fcber 20 Jahre Oberklasse-SUV.","og_url":"https:\/\/www.volkswagen-newsroom.com\/de\/pressemitteilungen\/der-neue-id4-weltpremiere-des-rein-elektrisch-angetriebenen-suv-6446","og_site_name":"Volkswagen Group | FleetHub","article_published_time":"2025-12-16T12:00:51+00:00","article_modified_time":"2026-03-03T14:57:33+00:00","og_image":[{"width":1920,"height":1080,"url":"https:\/\/www.groupfleet.com\/wp-content\/uploads\/2025\/12\/VWR_TouaregR_FinalEdition_MB_57-original_retuschiert_1920x1080_80.jpg","type":"image\/jpeg"}],"author":"Stefan Gro\u00dfer","twitter_card":"summary_large_image","twitter_misc":{"Verfasst von":"Stefan Gro\u00dfer","Gesch\u00e4tzte Lesezeit":"6\u00a0Minuten"},"schema":{"@context":"https:\/\/schema.org","@graph":[{"@type":"Article","@id":"https:\/\/www.volkswagen-newsroom.com\/de\/pressemitteilungen\/der-neue-id4-weltpremiere-des-rein-elektrisch-angetriebenen-suv-6446#article","isPartOf":{"@id":"https:\/\/www.groupfleet.com\/de\/volkswagen-touareg-final-edition\/"},"author":{"name":"Stefan Gro\u00dfer","@id":"https:\/\/www.groupfleet.com\/de\/#\/schema\/person\/8b1d7be286fefef37804765123983b32"},"headline":"The Final Countdown","datePublished":"2025-12-16T12:00:51+00:00","dateModified":"2026-03-03T14:57:33+00:00","mainEntityOfPage":{"@id":"https:\/\/www.groupfleet.com\/de\/volkswagen-touareg-final-edition\/"},"wordCount":1226,"image":{"@id":"https:\/\/www.volkswagen-newsroom.com\/de\/pressemitteilungen\/der-neue-id4-weltpremiere-des-rein-elektrisch-angetriebenen-suv-6446#primaryimage"},"thumbnailUrl":"https:\/\/www.groupfleet.com\/wp-content\/uploads\/2025\/12\/VWR_TouaregR_FinalEdition_MB_57-original_retuschiert_1920x1080_80.jpg","articleSection":["Volkswagen","Flottenmodelle"],"inLanguage":"de"},{"@type":"WebPage","@id":"https:\/\/www.groupfleet.com\/de\/volkswagen-touareg-final-edition\/","url":"https:\/\/www.volkswagen-newsroom.com\/de\/pressemitteilungen\/der-neue-id4-weltpremiere-des-rein-elektrisch-angetriebenen-suv-6446","name":"The Final Countdown - Volkswagen Group | FleetHub","isPartOf":{"@id":"https:\/\/www.groupfleet.com\/de\/#website"},"primaryImageOfPage":{"@id":"https:\/\/www.volkswagen-newsroom.com\/de\/pressemitteilungen\/der-neue-id4-weltpremiere-des-rein-elektrisch-angetriebenen-suv-6446#primaryimage"},"image":{"@id":"https:\/\/www.volkswagen-newsroom.com\/de\/pressemitteilungen\/der-neue-id4-weltpremiere-des-rein-elektrisch-angetriebenen-suv-6446#primaryimage"},"thumbnailUrl":"https:\/\/www.groupfleet.com\/wp-content\/uploads\/2025\/12\/VWR_TouaregR_FinalEdition_MB_57-original_retuschiert_1920x1080_80.jpg","datePublished":"2025-12-16T12:00:51+00:00","dateModified":"2026-03-03T14:57:33+00:00","author":{"@id":"https:\/\/www.groupfleet.com\/de\/#\/schema\/person\/8b1d7be286fefef37804765123983b32"},"breadcrumb":{"@id":"https:\/\/www.volkswagen-newsroom.com\/de\/pressemitteilungen\/der-neue-id4-weltpremiere-des-rein-elektrisch-angetriebenen-suv-6446#breadcrumb"},"inLanguage":"de","potentialAction":[{"@type":"ReadAction","target":["https:\/\/www.volkswagen-newsroom.com\/de\/pressemitteilungen\/der-neue-id4-weltpremiere-des-rein-elektrisch-angetriebenen-suv-6446"]}]},{"@type":"ImageObject","inLanguage":"de","@id":"https:\/\/www.volkswagen-newsroom.com\/de\/pressemitteilungen\/der-neue-id4-weltpremiere-des-rein-elektrisch-angetriebenen-suv-6446#primaryimage","url":"https:\/\/www.groupfleet.com\/wp-content\/uploads\/2025\/12\/VWR_TouaregR_FinalEdition_MB_57-original_retuschiert_1920x1080_80.jpg","contentUrl":"https:\/\/www.groupfleet.com\/wp-content\/uploads\/2025\/12\/VWR_TouaregR_FinalEdition_MB_57-original_retuschiert_1920x1080_80.jpg","width":1920,"height":1080},{"@type":"BreadcrumbList","@id":"https:\/\/www.volkswagen-newsroom.com\/de\/pressemitteilungen\/der-neue-id4-weltpremiere-des-rein-elektrisch-angetriebenen-suv-6446#breadcrumb","itemListElement":[{"@type":"ListItem","position":1,"name":"Home","item":"https:\/\/www.groupfleet.com\/de\/"},{"@type":"ListItem","position":2,"name":"The Final Countdown"}]},{"@type":"WebSite","@id":"https:\/\/www.groupfleet.com\/de\/#website","url":"https:\/\/www.groupfleet.com\/de\/","name":"Volkswagen Group | FleetHub","description":"Online magazine for Fleet managers","potentialAction":[{"@type":"SearchAction","target":{"@type":"EntryPoint","urlTemplate":"https:\/\/www.groupfleet.com\/de\/?s={search_term_string}"},"query-input":{"@type":"PropertyValueSpecification","valueRequired":true,"valueName":"search_term_string"}}],"inLanguage":"de"},{"@type":"Person","@id":"https:\/\/www.groupfleet.com\/de\/#\/schema\/person\/8b1d7be286fefef37804765123983b32","name":"Stefan Gro\u00dfer","url":"https:\/\/www.groupfleet.com\/de\/author\/sgrosser\/"}]}},"_links":{"self":[{"href":"https:\/\/www.groupfleet.com\/de\/wp-json\/wp\/v2\/posts\/38418","targetHints":{"allow":["GET"]}}],"collection":[{"href":"https:\/\/www.groupfleet.com\/de\/wp-json\/wp\/v2\/posts"}],"about":[{"href":"https:\/\/www.groupfleet.com\/de\/wp-json\/wp\/v2\/types\/post"}],"author":[{"embeddable":true,"href":"https:\/\/www.groupfleet.com\/de\/wp-json\/wp\/v2\/users\/39"}],"replies":[{"embeddable":true,"href":"https:\/\/www.groupfleet.com\/de\/wp-json\/wp\/v2\/comments?post=38418"}],"version-history":[{"count":0,"href":"https:\/\/www.groupfleet.com\/de\/wp-json\/wp\/v2\/posts\/38418\/revisions"}],"wp:featuredmedia":[{"embeddable":true,"href":"https:\/\/www.groupfleet.com\/de\/wp-json\/wp\/v2\/media\/38475"}],"wp:attachment":[{"href":"https:\/\/www.groupfleet.com\/de\/wp-json\/wp\/v2\/media?parent=38418"}],"wp:term":[{"taxonomy":"category","embeddable":true,"href":"https:\/\/www.groupfleet.com\/de\/wp-json\/wp\/v2\/categories?post=38418"},{"taxonomy":"post_tag","embeddable":true,"href":"https:\/\/www.groupfleet.com\/de\/wp-json\/wp\/v2\/tags?post=38418"}],"curies":[{"name":"wp","href":"https:\/\/api.w.org\/{rel}","templated":true}]}}