{"id":38381,"date":"2025-12-16T12:58:34","date_gmt":"2025-12-16T11:58:34","guid":{"rendered":"https:\/\/www.groupfleet.com\/?p=38381"},"modified":"2025-12-17T09:43:15","modified_gmt":"2025-12-17T08:43:15","slug":"interview-power-co","status":"publish","type":"post","link":"https:\/\/www.groupfleet.com\/de\/interview-power-co\/","title":{"rendered":"\u201eDie Idee eines europ\u00e4ischen Batterie-Champions lebt!\u201c"},"content":{"rendered":"<div class=\"wpb-content-wrapper\"><p>[vc_row full_width=&#8220;stretch_row_content&#8220;][vc_column width=&#8220;1\/6&#8243;][\/vc_column][vc_column width=&#8220;2\/3&#8243;][vc_column_text css=&#8220;&#8220;]<\/p>\n<h2><span style=\"color: #99a9ad; font-size: 18pt;\">16. Dezember 2025<\/span><\/h2>\n<h2><span style=\"font-size: 18pt; color: #002733;\"><strong><span class=\"s1\">Wettbewerbsf\u00e4hige Batteriezellen f\u00fcr Elektrofahrzeuge, made in Europe? Mit der Volkswagen-Tochter PowerCo wird das Realit\u00e4t. Im Interview erkl\u00e4rt CEO Frank Blome, welche Strategie man dabei f\u00e4hrt, was die erste Generation der Batteriezellen kann \u2013 und wann die ersten Feststoffbatterien aus europ\u00e4ischer Produktion vom Band laufen k\u00f6nnten.<\/span><\/strong><\/span><\/h2>\n<p>[\/vc_column_text][\/vc_column][vc_column width=&#8220;1\/6&#8243;][\/vc_column][\/vc_row][vc_row css=&#8220;.vc_custom_1702629261359{background-color: #ffffff !important;}&#8220;][vc_column]\n\n<div class=\"article_paragraphimage article_paragraphimage_left ap_with_subline\" style=\"width: 40%;\">\n\t<div class=\"ap_img_wrapper mylightbox_hover\">\n\t\t<img loading=\"lazy\" decoding=\"async\" width=\"640\" height=\"427\" src=\"https:\/\/www.groupfleet.com\/wp-content\/uploads\/2025\/12\/Gross-B2023CW00580-640x427.jpeg\" class=\"attachment-vw_small size-vw_small open_mylightbox\" alt=\"\" data-full=\"https:\/\/www.groupfleet.com\/wp-content\/uploads\/2025\/12\/Gross-B2023CW00580.jpeg\" data-desc=\"\" \/>\t<\/div>\n\t<div class=\"article_paragraphimage_text\">\n\t\t<\/p>\n<h5><span style=\"font-size: 14pt; color: #002733;\"><strong>Frank Blome<\/strong><\/span><br \/>\n<span style=\"font-size: 14pt; color: #002733;\">CEO PowerCo<\/span><\/h5>\n<p>\t<\/div>\n\t<div class=\"clear\"><\/div>\n<\/div>[vc_column_text][\/vc_column_text][vc_column_text css=&#8220;&#8220;]<\/p>\n<div class=\"question-answer-modul abstractContentComponent parbase section\">\n<div class=\"iv-modul__question\">\n<div class=\"iv-modul__question\">\n<div class=\"iv-modul__question\">\n<div class=\"iv-modul__question\">\n<p><span style=\"font-size: 18pt;\"><strong>Herr Blome, j\u00fcngste Dataforce-Zahlen zeigen: Die Flottenelektrifizierung ist hierzulande nicht nur in vollem Gange \u2013 sie nimmt weiter kr\u00e4ftig an Fahrt auf. Fast 60 Prozent der Unternehmen wollen k\u00fcnftig noch mehr BEVs in ihre Fuhrparks holen. Bei dieser Transformation spielt die Batterietechnologie nat\u00fcrlich die Hauptrolle \u2013 insbesondere in Sachen Kosten, Reichweite und Nachhaltigkeit. Wie begegnet der Volkswagen Konzern dieser Herausforderung?<\/strong><\/span><\/p>\n<p>&nbsp;<\/p>\n<\/div>\n<div class=\"iv-modul__answer\">\n<p style=\"padding-left: 40px;\">Die Batteriezelle ist die Schl\u00fcsseltechnologie der E-Mobilit\u00e4t. Mit der Gr\u00fcndung von PowerCo im Jahr 2022 hat der Konzern deshalb schon fr\u00fch die Weichen daf\u00fcr gestellt, das Herz des E-Autos selbst zu beherrschen. Unsere Mission ist es, ein globales Batterie-Unternehmen mit europ\u00e4ischen Wurzeln aufzubauen und als \u201eEuropean Battery Tech Driver\u201c die Entwicklung mitzugestalten. Wir wollen zeigen, dass die Idee einer europ\u00e4ischen Batterie-Industrie lebt. In unserer neuen Gigafactory in Salzgitter laufen bereits in diesem Jahr die ersten Zellen vom Band.<\/p>\n<\/div>\n<\/div>\n<\/div>\n<\/div>\n<\/div>\n<p>[\/vc_column_text][vc_empty_space height=&#8220;17px&#8220;][vc_column_text css=&#8220;.vc_custom_1765549717220{border-radius: 20px !important;}&#8220;]<\/p>\n<h2 class=\"L\"><span style=\"color: #002733;\"><em><strong>\u201eDie Feststoffbatterie hat das Potenzial zu einem Gamechanger in der Elektromobilit\u00e4t.\u201c<\/strong><\/em><\/span><\/h2>\n<p>[\/vc_column_text][vc_separator color=&#8220;custom&#8220; align=&#8220;align_left&#8220; el_width=&#8220;20&#8243; css=&#8220;&#8220; accent_color=&#8220;#192328&#8243;][vc_column_text css=&#8220;.vc_custom_1765534879121{border-radius: 20px !important;}&#8220;]<strong>Frank Blome<\/strong><\/p>\n<p>CEO PowerCo[\/vc_column_text][vc_empty_space height=&#8220;17px&#8220;][vc_column_text css=&#8220;&#8220;]<\/p>\n<div class=\"iv-modul__question\">\n<div class=\"iv-modul__question\">\n<div class=\"iv-modul__question\">\n<div class=\"iv-modul__question\">\n<p><span style=\"font-size: 18pt;\"><strong>Wie werden diese Zellen konstruiert sein, um die breitgef\u00e4cherten Erwartungen von Flottenbetreibern zu erf\u00fcllen?<\/strong><\/span><\/p>\n<p>&nbsp;<\/p>\n<\/div>\n<div class=\"iv-modul__answer\">\n<p style=\"padding-left: 40px;\">Den Schl\u00fcssel hierf\u00fcr bildet die sogenannte Einheitszelle. Sie ist so konzipiert, dass sie konzernweit \u00fcber fast alle Marken und Regionen hinweg eingesetzt werden kann und sich flexibel an nahezu alle erdenklichen Anforderungen anpassen l\u00e4sst. Das bezieht sich nicht nur auf die Art der Fahrzeuge, in denen sie verbaut werden kann \u2013 vom Kleinwagen bis zum SUV \u2013, sondern auch auf die spezifischen Kundenbedarfe. Ganz gleich, ob es um gr\u00f6\u00dftm\u00f6gliche Reichweite, besonders schnelles Laden oder maximale Kosteneffizienz geht: In der Zellchemie sind wir extrem flexibel. Volkswagen Konzern und PowerCo haben damit eine globale Technologieplattform geschaffen, die Standardisierung. Skalierung und Flexibilit\u00e4t optimal in Einklang bringt. Letztlich verfolgen wir bei der Batteriezelle also ein \u00e4hnliches Erfolgsprinzip wie bei den millionenfach bew\u00e4hrten Fahrzeugplattformen MQB und MEB des Volkswagen Konzerns.<\/p>\n<\/div>\n<\/div>\n<\/div>\n<\/div>\n<p>[\/vc_column_text][vc_empty_space]\n\n<div class=\"article_paragraphimage article_paragraphimage_right \" style=\"width: 40%;\">\n\t<div class=\"ap_img_wrapper mylightbox_hover\">\n\t\t<img loading=\"lazy\" decoding=\"async\" width=\"640\" height=\"427\" src=\"https:\/\/www.groupfleet.com\/wp-content\/uploads\/2025\/12\/Gross-DB2022FA00105-640x427.jpeg\" class=\"attachment-vw_small size-vw_small open_mylightbox\" alt=\"\" data-full=\"https:\/\/www.groupfleet.com\/wp-content\/uploads\/2025\/12\/Gross-DB2022FA00105.jpeg\" data-desc=\"\" \/>\t<\/div>\n\t<div class=\"article_paragraphimage_text\">\n\t\t\t<\/div>\n\t<div class=\"clear\"><\/div>\n<\/div>[vc_column_text css=&#8220;&#8220;]<\/p>\n<div class=\"iv-modul__question\">\n<div class=\"iv-modul__question\">\n<div class=\"iv-modul__question\">\n<div class=\"iv-modul__question\">\n<p><span style=\"font-size: 18pt;\"><strong>Einen solchen standardisierten Ansatz verfolgen Sie ja auch mit Ihren Zellfabriken \u2026<\/strong><\/span><\/p>\n<p>&nbsp;<\/p>\n<p style=\"padding-left: 40px;\"><span style=\"letter-spacing: 0px;\">Richtig. Das ist ein ganz zentraler Baustein. Unser Standardfabrik-Konzept eint modernste Fertigungstechnologien mit einem hohen Grad an Automatisierung \u2013 alle PowerCo Fabriken sind gleich aufgebaut und voll verbundf\u00e4hig. Diese Strategie versetzt uns in die Lage, kosten- wie qualit\u00e4tsseitig voll auf Augenh\u00f6he mit den europ\u00e4ischen Standorten unserer asiatischen Mitbewerber zu produzieren. In diesem Zusammenhang ist der Produktionshochlauf in Salzgitter ebenfalls ein Meilenstein. Die Learnings aus diesem Projekt helfen uns dabei, die weiteren Standorte in Valencia sowie \u00dcbersee im kanadischen St. Thomas z\u00fcgig startklar zu machen. <\/span><\/p>\n<\/div>\n<\/div>\n<\/div>\n<\/div>\n<p>[\/vc_column_text][vc_empty_space height=&#8220;17px&#8220;][vc_column_text css=&#8220;&#8220;]<\/p>\n<div class=\"iv-modul__question\">\n<div class=\"iv-modul__question\">\n<div class=\"iv-modul__question\">\n<div class=\"iv-modul__question\">\n<div class=\"iv-modul__question\">\n<div class=\"iv-modul__question\">\n<div class=\"iv-modul__question\">\n<p><span style=\"font-size: 18pt;\"><strong>Gehen wir nochmal vom Werk zum Produkt: Welche konkreten Verbesserungen im Vergleich zu bisherigen Batterien d\u00fcrfen User von den ersten PowerCo-Zellen erwarten?<\/strong><\/span><\/p>\n<p>&nbsp;<\/p>\n<p style=\"padding-left: 40px;\"><span style=\"letter-spacing: 0px;\">Wir haben auf der IAA gerade die erste Zellgeneration auf Basis von Nickel, Mangan und Kobalt (NMC) vorgestellt. Mit einer Energiedichte von 660 Wh\/l liegt sie rund 10 Prozent \u00fcber den bisher verbauten Zellen bei Volkswagen und geh\u00f6rt im Volumensegment zu den leistungsst\u00e4rksten Batteriezellen am Markt. Parallel arbeiten wir jetzt schon an der Erweiterung unseres Portfolios, zum Beispiel in Form von Zelltypen mit Lithium-Eisen-Phosphat oder Natrium-Ionen. <\/span><\/p>\n<\/div>\n<\/div>\n<\/div>\n<\/div>\n<\/div>\n<\/div>\n<\/div>\n<p>[\/vc_column_text][vc_empty_space height=&#8220;17px&#8220;]\n\n<div class=\"article_paragraphimage article_paragraphimage_left \" style=\"width: 40%;\">\n\t<div class=\"ap_img_wrapper mylightbox_hover\">\n\t\t<img loading=\"lazy\" decoding=\"async\" width=\"640\" height=\"427\" src=\"https:\/\/www.groupfleet.com\/wp-content\/uploads\/2025\/12\/Gross-DB2022FA00102-640x427.jpeg\" class=\"attachment-vw_small size-vw_small open_mylightbox\" alt=\"\" data-full=\"https:\/\/www.groupfleet.com\/wp-content\/uploads\/2025\/12\/Gross-DB2022FA00102.jpeg\" data-desc=\"\" \/>\t<\/div>\n\t<div class=\"article_paragraphimage_text\">\n\t\t\t<\/div>\n\t<div class=\"clear\"><\/div>\n<\/div>[vc_column_text css=&#8220;&#8220;]<\/p>\n<div class=\"iv-modul__question\">\n<div class=\"iv-modul__question\">\n<div class=\"iv-modul__question\">\n<div class=\"iv-modul__question\">\n<div class=\"iv-modul__question\">\n<div class=\"iv-modul__question\">\n<div class=\"iv-modul__question\">\n<p class=\"L\" style=\"margin-right: 63.75pt;\"><span style=\"font-size: 18pt;\"><strong>Nat\u00fcrlich stellt sich im Zusammenhang mit in Batterien eingesetzten Rohstoffen auch immer die Frage nach der Nachhaltigkeit; zumal ja ab 2027 der sogenannte EU-Batteriepass eine l\u00fcckenlose Lieferkettendokumentation erfordern wird. Wie adressiert PowerCo dieses Thema?<\/strong><\/span><\/p>\n<p>&nbsp;<\/p>\n<\/div>\n<div class=\"iv-modul__answer\">\n<p style=\"padding-left: 40px;\"><span style=\"letter-spacing: 0px;\">Hier sind wir den kommenden Vorschriften voraus. Die Rohstoffe Kobalt, Lithium und Nickel verfolgen wir bereits heute bis zu den Ursprungsbergwerken zur\u00fcck \u2013 einschlie\u00dflich der dazwischenliegenden Schmelz- und Raffinerieanlagen. Das ist m\u00f6glich, weil wir von unseren Lieferanten eine R\u00fcckverfolgbarkeit der Lieferkette verlangen. Was die Arbeit in den Bergwerken betrifft, ist der strengste globale Bergbaustandard IRMA unser Ma\u00dfstab. Die Unternehmen sind vertraglich verpflichtet, sich daran oder an gleichwertigen Zertifizierungen zu orientieren, uns j\u00e4hrliche Nachhaltigkeitsberichte vorzulegen und Audit-Rechte zu gew\u00e4hren. Kurz gesagt: Wir wissen nicht nur, woher unsere Materialien stammen \u2013 wir setzen auch alles daran, dass sie verantwortungsbewusst gef\u00f6rdert und weiterverarbeitet werden.<\/span><\/p>\n<\/div>\n<\/div>\n<\/div>\n<\/div>\n<\/div>\n<\/div>\n<\/div>\n<p>[\/vc_column_text][vc_empty_space height=&#8220;17px&#8220;]\n\n<div class=\"article_paragraphimage article_paragraphimage_right \" style=\"width: 40%;\">\n\t<div class=\"ap_img_wrapper mylightbox_hover\">\n\t\t<img loading=\"lazy\" decoding=\"async\" width=\"640\" height=\"427\" src=\"https:\/\/www.groupfleet.com\/wp-content\/uploads\/2025\/12\/Gross-DB2022FA00104-640x427.jpeg\" class=\"attachment-vw_small size-vw_small open_mylightbox\" alt=\"\" data-full=\"https:\/\/www.groupfleet.com\/wp-content\/uploads\/2025\/12\/Gross-DB2022FA00104.jpeg\" data-desc=\"\" \/>\t<\/div>\n\t<div class=\"article_paragraphimage_text\">\n\t\t\t<\/div>\n\t<div class=\"clear\"><\/div>\n<\/div>[vc_column_text css=&#8220;&#8220;]<\/p>\n<div class=\"iv-modul__question\">\n<div class=\"iv-modul__question\">\n<div class=\"iv-modul__question\">\n<div class=\"iv-modul__question\">\n<div class=\"iv-modul__question\">\n<div class=\"iv-modul__question\">\n<div class=\"iv-modul__question\">\n<p><span style=\"font-size: 18pt;\"><strong>Enorme Fortschritte in puncto Nachhaltigkeit, aber speziell auch in Sachen Reichweiten, Ladezeiten &amp; Sicherheit verspricht man sich von der Feststoffbatterie. Wie ist hier der aktuelle Stand?<\/strong><\/span><\/p>\n<p>&nbsp;<\/p>\n<p style=\"padding-left: 40px;\"><span style=\"letter-spacing: 0px;\">Die <a href=\"https:\/\/www.groupfleet.com\/de\/elektrofahrzeuge-reichweite\/))\" target=\"_blank\" rel=\"noopener\">Feststoffbatterie<\/a> hat das Potenzial zu einem Gamechanger in der Elektromobilit\u00e4t. Wir wollen diese Schl\u00fcsseltechnologie perspektivisch in unsere Einheitszelle integrieren, sie damit also skalierbar und marken\u00fcbergreifend verf\u00fcgbar machen. Hierbei arbeitet unser Industrialization-Team Hand in Hand mit den Feststoffexperten von QuantumScape aus Kalifornien zusammen. Einen ersten Eindruck von der Leistungsf\u00e4higkeit dieser Batteriespeicher konnte man sich \u00fcbrigens schon auf der diesj\u00e4hrigen IAA verschaffen: Dort haben wir gemeinsam mit Audi und Ducati einen Motorrad-Prototypen pr\u00e4sentiert, der seine Energie aus bis zu 980 QSE-5-Feststoffzellen von QuantumScape bezieht. <\/span><\/p>\n<\/div>\n<\/div>\n<\/div>\n<\/div>\n<\/div>\n<\/div>\n<\/div>\n<p>[\/vc_column_text][\/vc_column][\/vc_row][vc_row][vc_column]\n\n<div class=\"article_infobox article_infobox_center\" style=\"width: 100%; background-color: #002733; color: #ffffff;\">\n\t<\/p>\n<h2><span style=\"color: #ffffff;\"><strong>PowerCo<\/strong><\/span><\/h2>\n<p><span style=\"color: #ffffff;\">Gegr\u00fcndet im Jahr 2022 als hundertprozentige Tochter der Volkswagen AG, steht PowerCo f\u00fcr die europ\u00e4ische Souver\u00e4nit\u00e4t in der Batteriezellenfertigung. Derzeit baut das Unternehmen sowohl am Hauptsitz in Salzgitter als auch im spanischen Valencia sowie im kanadischen St. Thomas drei Gigafactories mit einem Gesamtvolumen von bis zu 200 GWh auf. Aktuelles Fokusprojekt ist die Entwicklung einer Einheitszelle f\u00fcr mehr als 80 Prozent der Elektrofahrzeuge aller Marken des Volkswagen Konzerns.<\/span><\/p>\n<p>&nbsp;<\/p>\n<p><span style=\"color: #ffffff;\">Mehr \u00fcber <a style=\"color: #ffffff;\" href=\"https:\/\/careers.powerco.de\/\" target=\"_blank\" rel=\"noopener\">PowerCo<\/a> erfahren<\/span><\/div>[\/vc_column][\/vc_row][vc_row][vc_column][vc_separator][vc_column_text css=&#8220;&#8220;]<\/p>\n<p class=\"singlecolumntext\"><span style=\"font-size: 10pt;\">Stand: 16.12.2025<\/span><br \/>\n<span style=\"font-size: 10pt;\">\u00a9 Volkswagen AG<\/span><\/p>\n<p>[\/vc_column_text][\/vc_column][\/vc_row]<\/p>\n<\/div>","protected":false},"excerpt":{"rendered":"<p>Leistungsstarke, langlebige und kosteneffiziente Batteriezellen \u2013 made in Europe. Das hat sich die Volkswagen-Tochter PowerCo auf die Fahnen geschrieben. <\/p>\n","protected":false},"author":37,"featured_media":38430,"comment_status":"closed","ping_status":"closed","sticky":false,"template":"","format":"standard","meta":{"_acf_changed":false,"footnotes":""},"categories":[96],"tags":[],"class_list":["post-38381","post","type-post","status-publish","format-standard","has-post-thumbnail","hentry","category-interview","newsletter-fleetnews-06-25"],"acf":[],"yoast_head":"<!-- This site is optimized with the Yoast SEO plugin v27.4 - https:\/\/yoast.com\/product\/yoast-seo-wordpress\/ -->\n<title>\u201eDie Idee eines europ\u00e4ischen Batterie-Champions lebt!\u201c - Volkswagen Group | FleetHub<\/title>\n<meta name=\"description\" content=\"Leistungsstarke, langlebige und kosteneffiziente Batteriezellen \u2013 made in Europe. Das hat sich die Volkswagen-Tochter PowerCo auf die Fahnen geschrieben.\" \/>\n<meta name=\"robots\" content=\"index, follow, max-snippet:-1, max-image-preview:large, max-video-preview:-1\" \/>\n<link rel=\"canonical\" href=\"https:\/\/www.groupfleet.com\/de\/interview-power-co\/\" \/>\n<meta property=\"og:locale\" content=\"de_DE\" \/>\n<meta property=\"og:type\" content=\"article\" \/>\n<meta property=\"og:title\" content=\"\u201eDie Idee eines europ\u00e4ischen Batterie-Champions lebt!\u201c - Volkswagen Group | FleetHub\" \/>\n<meta property=\"og:description\" content=\"Leistungsstarke, langlebige und kosteneffiziente Batteriezellen \u2013 made in Europe. Das hat sich die Volkswagen-Tochter PowerCo auf die Fahnen geschrieben.\" \/>\n<meta property=\"og:url\" content=\"https:\/\/www.groupfleet.com\/de\/interview-power-co\/\" \/>\n<meta property=\"og:site_name\" content=\"Volkswagen Group | FleetHub\" \/>\n<meta property=\"article:published_time\" content=\"2025-12-16T11:58:34+00:00\" \/>\n<meta property=\"article:modified_time\" content=\"2025-12-17T08:43:15+00:00\" \/>\n<meta property=\"og:image\" content=\"https:\/\/www.groupfleet.com\/wp-content\/uploads\/2025\/12\/Gross-DB2022FA00087_1800x1000.jpg\" \/>\n\t<meta property=\"og:image:width\" content=\"1800\" \/>\n\t<meta property=\"og:image:height\" content=\"1000\" \/>\n\t<meta property=\"og:image:type\" content=\"image\/jpeg\" \/>\n<meta name=\"author\" content=\"J\u00f6rg Bergmann\" \/>\n<meta name=\"twitter:card\" content=\"summary_large_image\" \/>\n<meta name=\"twitter:label1\" content=\"Verfasst von\" \/>\n\t<meta name=\"twitter:data1\" content=\"J\u00f6rg Bergmann\" \/>\n\t<meta name=\"twitter:label2\" content=\"Gesch\u00e4tzte Lesezeit\" \/>\n\t<meta name=\"twitter:data2\" content=\"6\u00a0Minuten\" \/>\n<script type=\"application\/ld+json\" class=\"yoast-schema-graph\">{\"@context\":\"https:\\\/\\\/schema.org\",\"@graph\":[{\"@type\":\"Article\",\"@id\":\"https:\\\/\\\/www.groupfleet.com\\\/de\\\/interview-power-co\\\/#article\",\"isPartOf\":{\"@id\":\"https:\\\/\\\/www.groupfleet.com\\\/de\\\/interview-power-co\\\/\"},\"author\":{\"name\":\"J\u00f6rg Bergmann\",\"@id\":\"https:\\\/\\\/www.groupfleet.com\\\/de\\\/#\\\/schema\\\/person\\\/fa30e2d07961b7b80d8cf332804e8984\"},\"headline\":\"\u201eDie Idee eines europ\u00e4ischen Batterie-Champions lebt!\u201c\",\"datePublished\":\"2025-12-16T11:58:34+00:00\",\"dateModified\":\"2025-12-17T08:43:15+00:00\",\"mainEntityOfPage\":{\"@id\":\"https:\\\/\\\/www.groupfleet.com\\\/de\\\/interview-power-co\\\/\"},\"wordCount\":1129,\"image\":{\"@id\":\"https:\\\/\\\/www.groupfleet.com\\\/de\\\/interview-power-co\\\/#primaryimage\"},\"thumbnailUrl\":\"https:\\\/\\\/www.groupfleet.com\\\/wp-content\\\/uploads\\\/2025\\\/12\\\/Gross-DB2022FA00087_1800x1000.jpg\",\"articleSection\":[\"Interview\"],\"inLanguage\":\"de\"},{\"@type\":\"WebPage\",\"@id\":\"https:\\\/\\\/www.groupfleet.com\\\/de\\\/interview-power-co\\\/\",\"url\":\"https:\\\/\\\/www.groupfleet.com\\\/de\\\/interview-power-co\\\/\",\"name\":\"\u201eDie Idee eines europ\u00e4ischen Batterie-Champions lebt!\u201c - Volkswagen Group | FleetHub\",\"isPartOf\":{\"@id\":\"https:\\\/\\\/www.groupfleet.com\\\/de\\\/#website\"},\"primaryImageOfPage\":{\"@id\":\"https:\\\/\\\/www.groupfleet.com\\\/de\\\/interview-power-co\\\/#primaryimage\"},\"image\":{\"@id\":\"https:\\\/\\\/www.groupfleet.com\\\/de\\\/interview-power-co\\\/#primaryimage\"},\"thumbnailUrl\":\"https:\\\/\\\/www.groupfleet.com\\\/wp-content\\\/uploads\\\/2025\\\/12\\\/Gross-DB2022FA00087_1800x1000.jpg\",\"datePublished\":\"2025-12-16T11:58:34+00:00\",\"dateModified\":\"2025-12-17T08:43:15+00:00\",\"author\":{\"@id\":\"https:\\\/\\\/www.groupfleet.com\\\/de\\\/#\\\/schema\\\/person\\\/fa30e2d07961b7b80d8cf332804e8984\"},\"description\":\"Leistungsstarke, langlebige und kosteneffiziente Batteriezellen \u2013 made in Europe. Das hat sich die Volkswagen-Tochter PowerCo auf die Fahnen geschrieben.\",\"breadcrumb\":{\"@id\":\"https:\\\/\\\/www.groupfleet.com\\\/de\\\/interview-power-co\\\/#breadcrumb\"},\"inLanguage\":\"de\",\"potentialAction\":[{\"@type\":\"ReadAction\",\"target\":[\"https:\\\/\\\/www.groupfleet.com\\\/de\\\/interview-power-co\\\/\"]}]},{\"@type\":\"ImageObject\",\"inLanguage\":\"de\",\"@id\":\"https:\\\/\\\/www.groupfleet.com\\\/de\\\/interview-power-co\\\/#primaryimage\",\"url\":\"https:\\\/\\\/www.groupfleet.com\\\/wp-content\\\/uploads\\\/2025\\\/12\\\/Gross-DB2022FA00087_1800x1000.jpg\",\"contentUrl\":\"https:\\\/\\\/www.groupfleet.com\\\/wp-content\\\/uploads\\\/2025\\\/12\\\/Gross-DB2022FA00087_1800x1000.jpg\",\"width\":1800,\"height\":1000},{\"@type\":\"BreadcrumbList\",\"@id\":\"https:\\\/\\\/www.groupfleet.com\\\/de\\\/interview-power-co\\\/#breadcrumb\",\"itemListElement\":[{\"@type\":\"ListItem\",\"position\":1,\"name\":\"Home\",\"item\":\"https:\\\/\\\/www.groupfleet.com\\\/de\\\/\"},{\"@type\":\"ListItem\",\"position\":2,\"name\":\"\u201eDie Idee eines europ\u00e4ischen Batterie-Champions lebt!\u201c\"}]},{\"@type\":\"WebSite\",\"@id\":\"https:\\\/\\\/www.groupfleet.com\\\/de\\\/#website\",\"url\":\"https:\\\/\\\/www.groupfleet.com\\\/de\\\/\",\"name\":\"Volkswagen Group | FleetHub\",\"description\":\"Online magazine for Fleet managers\",\"potentialAction\":[{\"@type\":\"SearchAction\",\"target\":{\"@type\":\"EntryPoint\",\"urlTemplate\":\"https:\\\/\\\/www.groupfleet.com\\\/de\\\/?s={search_term_string}\"},\"query-input\":{\"@type\":\"PropertyValueSpecification\",\"valueRequired\":true,\"valueName\":\"search_term_string\"}}],\"inLanguage\":\"de\"},{\"@type\":\"Person\",\"@id\":\"https:\\\/\\\/www.groupfleet.com\\\/de\\\/#\\\/schema\\\/person\\\/fa30e2d07961b7b80d8cf332804e8984\",\"name\":\"J\u00f6rg Bergmann\",\"url\":\"https:\\\/\\\/www.groupfleet.com\\\/de\\\/author\\\/jbergmann\\\/\"}]}<\/script>\n<!-- \/ Yoast SEO plugin. -->","yoast_head_json":{"title":"\u201eDie Idee eines europ\u00e4ischen Batterie-Champions lebt!\u201c - Volkswagen Group | FleetHub","description":"Leistungsstarke, langlebige und kosteneffiziente Batteriezellen \u2013 made in Europe. Das hat sich die Volkswagen-Tochter PowerCo auf die Fahnen geschrieben.","robots":{"index":"index","follow":"follow","max-snippet":"max-snippet:-1","max-image-preview":"max-image-preview:large","max-video-preview":"max-video-preview:-1"},"canonical":"https:\/\/www.groupfleet.com\/de\/interview-power-co\/","og_locale":"de_DE","og_type":"article","og_title":"\u201eDie Idee eines europ\u00e4ischen Batterie-Champions lebt!\u201c - Volkswagen Group | FleetHub","og_description":"Leistungsstarke, langlebige und kosteneffiziente Batteriezellen \u2013 made in Europe. Das hat sich die Volkswagen-Tochter PowerCo auf die Fahnen geschrieben.","og_url":"https:\/\/www.groupfleet.com\/de\/interview-power-co\/","og_site_name":"Volkswagen Group | FleetHub","article_published_time":"2025-12-16T11:58:34+00:00","article_modified_time":"2025-12-17T08:43:15+00:00","og_image":[{"width":1800,"height":1000,"url":"https:\/\/www.groupfleet.com\/wp-content\/uploads\/2025\/12\/Gross-DB2022FA00087_1800x1000.jpg","type":"image\/jpeg"}],"author":"J\u00f6rg Bergmann","twitter_card":"summary_large_image","twitter_misc":{"Verfasst von":"J\u00f6rg Bergmann","Gesch\u00e4tzte Lesezeit":"6\u00a0Minuten"},"schema":{"@context":"https:\/\/schema.org","@graph":[{"@type":"Article","@id":"https:\/\/www.groupfleet.com\/de\/interview-power-co\/#article","isPartOf":{"@id":"https:\/\/www.groupfleet.com\/de\/interview-power-co\/"},"author":{"name":"J\u00f6rg Bergmann","@id":"https:\/\/www.groupfleet.com\/de\/#\/schema\/person\/fa30e2d07961b7b80d8cf332804e8984"},"headline":"\u201eDie Idee eines europ\u00e4ischen Batterie-Champions lebt!\u201c","datePublished":"2025-12-16T11:58:34+00:00","dateModified":"2025-12-17T08:43:15+00:00","mainEntityOfPage":{"@id":"https:\/\/www.groupfleet.com\/de\/interview-power-co\/"},"wordCount":1129,"image":{"@id":"https:\/\/www.groupfleet.com\/de\/interview-power-co\/#primaryimage"},"thumbnailUrl":"https:\/\/www.groupfleet.com\/wp-content\/uploads\/2025\/12\/Gross-DB2022FA00087_1800x1000.jpg","articleSection":["Interview"],"inLanguage":"de"},{"@type":"WebPage","@id":"https:\/\/www.groupfleet.com\/de\/interview-power-co\/","url":"https:\/\/www.groupfleet.com\/de\/interview-power-co\/","name":"\u201eDie Idee eines europ\u00e4ischen Batterie-Champions lebt!\u201c - Volkswagen Group | FleetHub","isPartOf":{"@id":"https:\/\/www.groupfleet.com\/de\/#website"},"primaryImageOfPage":{"@id":"https:\/\/www.groupfleet.com\/de\/interview-power-co\/#primaryimage"},"image":{"@id":"https:\/\/www.groupfleet.com\/de\/interview-power-co\/#primaryimage"},"thumbnailUrl":"https:\/\/www.groupfleet.com\/wp-content\/uploads\/2025\/12\/Gross-DB2022FA00087_1800x1000.jpg","datePublished":"2025-12-16T11:58:34+00:00","dateModified":"2025-12-17T08:43:15+00:00","author":{"@id":"https:\/\/www.groupfleet.com\/de\/#\/schema\/person\/fa30e2d07961b7b80d8cf332804e8984"},"description":"Leistungsstarke, langlebige und kosteneffiziente Batteriezellen \u2013 made in Europe. Das hat sich die Volkswagen-Tochter PowerCo auf die Fahnen geschrieben.","breadcrumb":{"@id":"https:\/\/www.groupfleet.com\/de\/interview-power-co\/#breadcrumb"},"inLanguage":"de","potentialAction":[{"@type":"ReadAction","target":["https:\/\/www.groupfleet.com\/de\/interview-power-co\/"]}]},{"@type":"ImageObject","inLanguage":"de","@id":"https:\/\/www.groupfleet.com\/de\/interview-power-co\/#primaryimage","url":"https:\/\/www.groupfleet.com\/wp-content\/uploads\/2025\/12\/Gross-DB2022FA00087_1800x1000.jpg","contentUrl":"https:\/\/www.groupfleet.com\/wp-content\/uploads\/2025\/12\/Gross-DB2022FA00087_1800x1000.jpg","width":1800,"height":1000},{"@type":"BreadcrumbList","@id":"https:\/\/www.groupfleet.com\/de\/interview-power-co\/#breadcrumb","itemListElement":[{"@type":"ListItem","position":1,"name":"Home","item":"https:\/\/www.groupfleet.com\/de\/"},{"@type":"ListItem","position":2,"name":"\u201eDie Idee eines europ\u00e4ischen Batterie-Champions lebt!\u201c"}]},{"@type":"WebSite","@id":"https:\/\/www.groupfleet.com\/de\/#website","url":"https:\/\/www.groupfleet.com\/de\/","name":"Volkswagen Group | FleetHub","description":"Online magazine for Fleet managers","potentialAction":[{"@type":"SearchAction","target":{"@type":"EntryPoint","urlTemplate":"https:\/\/www.groupfleet.com\/de\/?s={search_term_string}"},"query-input":{"@type":"PropertyValueSpecification","valueRequired":true,"valueName":"search_term_string"}}],"inLanguage":"de"},{"@type":"Person","@id":"https:\/\/www.groupfleet.com\/de\/#\/schema\/person\/fa30e2d07961b7b80d8cf332804e8984","name":"J\u00f6rg Bergmann","url":"https:\/\/www.groupfleet.com\/de\/author\/jbergmann\/"}]}},"_links":{"self":[{"href":"https:\/\/www.groupfleet.com\/de\/wp-json\/wp\/v2\/posts\/38381","targetHints":{"allow":["GET"]}}],"collection":[{"href":"https:\/\/www.groupfleet.com\/de\/wp-json\/wp\/v2\/posts"}],"about":[{"href":"https:\/\/www.groupfleet.com\/de\/wp-json\/wp\/v2\/types\/post"}],"author":[{"embeddable":true,"href":"https:\/\/www.groupfleet.com\/de\/wp-json\/wp\/v2\/users\/37"}],"replies":[{"embeddable":true,"href":"https:\/\/www.groupfleet.com\/de\/wp-json\/wp\/v2\/comments?post=38381"}],"version-history":[{"count":0,"href":"https:\/\/www.groupfleet.com\/de\/wp-json\/wp\/v2\/posts\/38381\/revisions"}],"wp:featuredmedia":[{"embeddable":true,"href":"https:\/\/www.groupfleet.com\/de\/wp-json\/wp\/v2\/media\/38430"}],"wp:attachment":[{"href":"https:\/\/www.groupfleet.com\/de\/wp-json\/wp\/v2\/media?parent=38381"}],"wp:term":[{"taxonomy":"category","embeddable":true,"href":"https:\/\/www.groupfleet.com\/de\/wp-json\/wp\/v2\/categories?post=38381"},{"taxonomy":"post_tag","embeddable":true,"href":"https:\/\/www.groupfleet.com\/de\/wp-json\/wp\/v2\/tags?post=38381"}],"curies":[{"name":"wp","href":"https:\/\/api.w.org\/{rel}","templated":true}]}}