{"id":34995,"date":"2024-12-17T11:38:53","date_gmt":"2024-12-17T10:38:53","guid":{"rendered":"https:\/\/www.groupfleet.com\/?p=34995"},"modified":"2024-12-18T15:52:50","modified_gmt":"2024-12-18T14:52:50","slug":"interview_francesco_de_giglio","status":"publish","type":"post","link":"https:\/\/www.groupfleet.com\/de\/interview_francesco_de_giglio\/","title":{"rendered":"\u201eWir m\u00fcssen Botschafter der E-Mobilit\u00e4t sein\u201c"},"content":{"rendered":"<div class=\"wpb-content-wrapper\"><p>[vc_row][vc_column][vc_column_text css=&#8220;&#8220;]<span style=\"color: #000000; font-size: 24pt;\">Allein geht\u2018s nicht: Um die Elektrifizierung voranzubringen, m\u00fcssen Automobilbranche und Politik an einem Strang ziehen, sagt Francesco De Giglio, Global Head of Fleet, Used Cars and Head Southwest Europe at SEAT\/CUPRA \u2013 und erl\u00e4utert im Interview, warum Kommunikation dabei so wichtig ist.<\/span>[\/vc_column_text][\/vc_column][\/vc_row][vc_row css=&#8220;.vc_custom_1734288835987{background-color: #ffffff !important;}&#8220;][vc_column css=&#8220;.vc_custom_1663594233237{background-color: #eef5f8 !important;}&#8220;]\n\n<div class=\"article_paragraphimage article_paragraphimage_left ap_with_subline\" style=\"width: 40%;\">\n\t<div class=\"ap_img_wrapper mylightbox_hover\">\n\t\t<img loading=\"lazy\" decoding=\"async\" width=\"640\" height=\"959\" src=\"https:\/\/www.groupfleet.com\/wp-content\/uploads\/2024\/12\/francesco-di-giglio_1920x2878-640x959.jpg\" class=\"attachment-vw_small size-vw_small open_mylightbox\" alt=\"\" data-full=\"https:\/\/www.groupfleet.com\/wp-content\/uploads\/2024\/12\/francesco-di-giglio_1920x2878-801x1200.jpg\" data-desc=\"\" \/>\t<\/div>\n\t<div class=\"article_paragraphimage_text\">\n\t\t<\/p>\n<h4 style=\"text-align: right;\"><strong>Francesco De Giglio<\/strong><br \/>\nGlobal Head of Fleet, Used Cars and Head Southwest Europe at SEAT\/CUPRA<\/h4>\n<p>\t<\/div>\n\t<div class=\"clear\"><\/div>\n<\/div>[vc_column_text][\/vc_column_text][vc_column_text css=&#8220;&#8220;]<\/p>\n<div class=\"question-answer-modul abstractContentComponent parbase section\">\n<div class=\"iv-modul__question\">\n<div class=\"iv-modul__question\">\n<div class=\"iv-modul__question\">\n<div class=\"iv-modul__question\">\n<p class=\"L\" style=\"margin-right: 63.75pt;\"><strong>Herr De Giglio, seit diesem Sommer zeichnen Sie bei SEAT und CUPRA weltweit f\u00fcr das Flottengesch\u00e4ft verantwortlich. Welches Thema besch\u00e4ftigt Sie derzeit am meisten?<\/strong><\/p>\n<\/div>\n<div class=\"iv-modul__answer\">\n<p style=\"padding-left: 40px;\">Wir befinden uns mitten in der Transformation \u2013 eine sehr spannende, aber auch sehr herausfordernde Zeit. Die Elektrifizierung hat in den meisten europ\u00e4ischen L\u00e4ndern nicht so schnell Fahrt aufgenommen, wie erhofft. Da m\u00fcssen wir aufholen.<\/p>\n<\/div>\n<\/div>\n<\/div>\n<\/div>\n<\/div>\n<p>[\/vc_column_text][vc_column_text css=&#8220;&#8220;]<\/p>\n<div class=\"iv-modul__question\">\n<div class=\"iv-modul__question\">\n<div class=\"iv-modul__question\">\n<div class=\"iv-modul__question\">\n<p class=\"L\" style=\"margin-right: 63.75pt;\"><strong>Wie kann es gelingen, im Hinblick auf die Elektrifizierung neue Impulse zu setzen?<\/strong><\/p>\n<\/div>\n<div class=\"iv-modul__answer\">\n<p style=\"padding-left: 40px;\">Das geht nicht im Alleingang. Zwar gibt es M\u00e4rkte, in denen die Transformation mit gro\u00dfen Schritten vorangeht \u2013 etwa im n\u00f6rdlichen Europa: Belgien, D\u00e4nemark, Norwegen. Aber es gibt eben auch L\u00e4nder, in denen Elektromobilit\u00e4t noch kaum ein Thema ist, dazu geh\u00f6ren etwa Italien und Spanien. Dort fehlt eine funktionierende Infrastruktur und dementsprechend das Interesse.<\/p>\n<p>&nbsp;<\/p>\n<p style=\"padding-left: 40px;\">Die geringe Nachfrage nach Elektroautos hat \u2013 in Verbindung mit der fehlenden F\u00f6rderung durch die politischen Vertreter, etwa in Form von Sensibilisierungsma\u00dfnahmen, Steueranreizen und Ladeinfrastruktur \u2013 dazu gef\u00fchrt, dass dieses Jahr nur 13 Prozent der in Europa verkauften Pkw Elektroautos waren. Die Branche macht ihre Hausaufgaben. SEAT S.A. macht seine Hausaufgaben. Wir haben die Produkte (CUPRA Born, CUPRA Tavascan und ab 2026 den CUPRA Raval) und die entsprechenden Anlagen (allein in Martorell haben wir mehr als 3 Milliarden Euro investiert). Was fehlt ist die notwendige Unterst\u00fctzung seitens der \u00f6ffentlichen Verwaltungen. Die spanischen und europ\u00e4ischen Institutionen m\u00fcssen sich dieser Aufgabe stellen. Wir werden uns als Unternehmen weiterhin f\u00fcr die Elektromobilit\u00e4t einsetzen. Es gibt keinen Plan B. Ich will ehrlich sein: Anfangs war ich selbst skeptisch. Aber heute bin ich gl\u00fccklich mit meinem Elektroauto. Meiner Frau geht es genauso \u2013 sie hat sich ebenfalls f\u00fcr ein vollelektrisches Fahrzeug entschieden, weil sie die Vorteile so sch\u00e4tzt.<\/p>\n<p>&nbsp;<\/p>\n<p style=\"padding-left: 40px;\">Deshalb w\u00fcrde ich mir mehr Kommunikation auf allen Ebenen w\u00fcnschen: Wir m\u00fcssen Botschafter der Elektromobilit\u00e4t sein.<\/p>\n<\/div>\n<\/div>\n<\/div>\n<\/div>\n<p>[\/vc_column_text][vc_empty_space height=&#8220;20px&#8220;][vc_column_text css=&#8220;&#8220;]<\/p>\n<h2><em><span style=\"color: #508792;\">\u201eDie Branche macht ihre Hausaufgaben. SEAT S.A. macht seine Hausaufgaben. Spanische und europ\u00e4ische Institutionen m\u00fcssen sich der Aufgabe stellen. Wir werden uns als Unternehmen weiterhin f\u00fcr die Elektromobilit\u00e4t einsetzen.\u201c<\/span><\/em><\/h2>\n<p>[\/vc_column_text][vc_separator color=&#8220;custom&#8220; align=&#8220;align_left&#8220; el_width=&#8220;20&#8243; css=&#8220;&#8220; accent_color=&#8220;#508792&#8243;][vc_column_text css=&#8220;&#8220;]<\/p>\n<h4><span style=\"color: #508792;\"><strong>Francesco De Giglio<\/strong><\/span><br \/>\n<span style=\"color: #508792;\">Global Head of Fleet, Used Cars and Head Southwest Europe at SEAT\/CUPRA<br \/>\n<\/span><\/h4>\n<p>[\/vc_column_text][vc_empty_space height=&#8220;20px&#8220;][vc_column_text css=&#8220;&#8220;]<\/p>\n<div class=\"iv-modul__question\">\n<div class=\"iv-modul__question\">\n<div class=\"iv-modul__question\">\n<div class=\"iv-modul__question\">\n<p class=\"L\" style=\"margin-right: 63.75pt;\"><b><strong>Wie nehmen Sie als Hersteller diese Rolle des Botschafters wahr?<\/strong><\/b><\/p>\n<\/div>\n<div class=\"iv-modul__answer\">\n<p style=\"padding-left: 40px;\">Menschen m\u00f6gen keine Ver\u00e4nderung. Ein Beispiel: Als wir von der Gangschaltung zu Automatikgetrieben gewechselt haben, hie\u00df es, dass Schaltung besser sei. Wer dann aber erst einmal eine Automatik gefahren ist, war begeistert. Mit der Elektromobilit\u00e4t verh\u00e4lt es sich \u00e4hnlich. Die Leute m\u00fcssen einfach die Produkte ausprobieren, dann werden sie \u00fcberzeugt sein.<\/p>\n<p>&nbsp;<\/p>\n<p style=\"padding-left: 40px;\">Flottenkunden etwa m\u00fcssen die M\u00f6glichkeit haben, Elektrofahrzeuge \u00fcber einen l\u00e4ngeren Zeitraum zu testen. Nur so k\u00f6nnen sie die Vorteile f\u00fcr ihren Alltag erkennen. Wir m\u00fcssen au\u00dferdem unsere Key Account Manager und die H\u00e4ndlerbetriebe in die Lage versetzen, das Potenzial der E-Autos noch besser vermitteln zu k\u00f6nnen.<\/p>\n<p>&nbsp;<\/p>\n<p style=\"padding-left: 40px;\">Ein wichtiger Protagonist im Rahmen unserer Vision ist auch die Volkswagen Financial Services. Deren Leasing-Produkte passen hervorragend mit der Transformation zusammen: Kunden m\u00fcssen die Fahrzeuge nicht kaufen \u2013 mit attraktiven Leasingangeboten k\u00f6nnen sie sich erst einmal mit der Technologie vertraut machen, ohne sich langfristig zu binden.<\/p>\n<\/div>\n<\/div>\n<\/div>\n<\/div>\n<p>[\/vc_column_text][vc_column_text css=&#8220;&#8220;]<\/p>\n<div class=\"iv-modul__question\">\n<div class=\"iv-modul__question\">\n<div class=\"iv-modul__question\">\n<div class=\"iv-modul__question\">\n<div class=\"iv-modul__question\">\n<div class=\"iv-modul__question\">\n<div class=\"iv-modul__question\">\n<p class=\"L\" style=\"margin-right: 63.75pt;\"><strong>Geh\u00f6rt der Autokauf also der Vergangenheit an?<\/strong><\/p>\n<\/div>\n<div class=\"iv-modul__answer\">\n<p style=\"padding-left: 40px;\">Das nicht, aber die Entwicklung zeigt: Kauf ist auf dem R\u00fcckzug. Gefragt sind insbesondere im Flottengesch\u00e4ft attraktive Gesamtpakete, an denen wir intensiv mit der Volkswagen Financial Services arbeiten. Das gilt f\u00fcr unser Neuwagenangebot in Zusammenhang mit Servicethemen, Versicherungs- und Garantiepaketen, aber auch f\u00fcr unsere Gebrauchtwagenprogramme CUPRA Approved und SEAT Certified Pre-Owned.<\/p>\n<\/div>\n<\/div>\n<\/div>\n<\/div>\n<\/div>\n<\/div>\n<\/div>\n<p>[\/vc_column_text][vc_column_text css=&#8220;&#8220;]<\/p>\n<div class=\"iv-modul__question\">\n<div class=\"iv-modul__question\">\n<div class=\"iv-modul__question\">\n<div class=\"iv-modul__question\">\n<div class=\"iv-modul__question\">\n<div class=\"iv-modul__question\">\n<div class=\"iv-modul__question\">\n<p class=\"L\" style=\"margin-right: 63.75pt;\"><strong>Wie kommen Sie bei SEAT und CUPRA modellseitig mit der Elektrifizierung voran \u2013 insbesondere mit Blick auf Flottenrelevanz?<br \/>\n<\/strong><\/p>\n<\/div>\n<div class=\"iv-modul__answer\">\n<p style=\"padding-left: 40px;\">CUPRA ist in Sachen E-Mobilit\u00e4t sehr stark, rund 43 Prozent unserer Modelle gehen in Flotten \u2013 besonders bei User Choosern verzeichnen wir eine starke Akzeptanz.<\/p>\n<p style=\"padding-left: 40px;\">Mit dem CUPRA Terramar und dem CUPRA Tavascan haben wir unser Portfolio um qualitativ hochwertige, ger\u00e4umige Modelle erweitert. Der Terramar kommt jetzt gerade zu den H\u00e4ndlern, mit diesem sportlichen SUV r\u00fcckt CUPRA in den Mittelpunkt des am schnellsten wachsenden Segments in Europa und ist als Verbrennungsmotor und Plug-in-Hybrid erh\u00e4ltlich. Damit passt er hervorragend in Fuhrparks, weil er unterschiedliche Fahrprofile bedienen kann. Auch der Tavascan ist mit bis zu 568 km Reichweite ein hervorragendes Flottenauto. Er ist in den meisten M\u00e4rkten bereits am Start, Ende Dezember dann auch imVereinigten K\u00f6nigreich. Im n\u00e4chsten Jahr wird CUPRA seine Versprechen in Form eines umfassenden Produktportfolios einl\u00f6sen. Die Marke wird ihre Produktpalette weiter aktualisieren und upgraden \u2013 mit neuen Features, neuen Antriebsstr\u00e4ngen und mit limitierten Auflagen. Dar\u00fcber hinaus stehen bei der Familie der elektrischen Stadtautos des Volkswagen Konzerns \u2013 einschlie\u00dflich des CUPRA Raval \u2013 vor ihrer Markteinf\u00fchrung im Jahr 2026 weitere wichtige Meilensteine an.<\/p>\n<\/div>\n<\/div>\n<\/div>\n<\/div>\n<\/div>\n<\/div>\n<\/div>\n<p>[\/vc_column_text][vc_column_text css=&#8220;&#8220;]<\/p>\n<div class=\"iv-modul__question\">\n<div class=\"iv-modul__question\">\n<div class=\"iv-modul__question\">\n<div class=\"iv-modul__question\">\n<div class=\"iv-modul__question\">\n<div class=\"iv-modul__question\">\n<div class=\"iv-modul__question\">\n<p class=\"L\" style=\"margin-right: 63.75pt;\"><strong>Und wie sieht es mit SEAT Modellen f\u00fcr die Flotte aus?<\/strong><\/p>\n<\/div>\n<div class=\"iv-modul__answer\">\n<p style=\"padding-left: 40px;\">Die beiden Marken erg\u00e4nzen sich sehr gut , wir k\u00f6nnen Modelle unterschiedlichster Gr\u00f6\u00dfen und Typen von Fahrzeugen anbieten. SEAT ist unsere Volumenmarke \u2013 mit sehr zug\u00e4nglichen Preisen. Ende 2025 kommen etwa die Produktaufwertungen von Ibiza und Arona \u2013 sehr interessant f\u00fcr Flotten. Aktuell haben wir bei SEAT noch viele Verbrenner und Plug-in-Hybride im Portfolio, weil wir uns im ersten Schritt der Elektrifizierung auf CUPRA fokussiert haben. Wir suchen immer nach M\u00f6glichkeiten f\u00fcr die Marke SEAT in der Welt der Elektrofahrzeuge, aber es muss zum richtigen Zeitpunkt sein.<\/p>\n<\/div>\n<\/div>\n<\/div>\n<\/div>\n<\/div>\n<\/div>\n<\/div>\n<p>[\/vc_column_text][\/vc_column][\/vc_row][vc_row][vc_column]\n<div class=\"mybutton\" style=\"text-align: center;\">\n\t<a class=\"button \"  href=\"https:\/\/www.groupfleet.com\/de\/interview_christian_voss\/\" target=\"_blank\">Noch mehr FleetTalk? Zum Gespr\u00e4ch mit Christian Vo\u00df, Leiter Flotten bei SEAT und CUPRA Deutschland<\/a>\n<\/div>[\/vc_column][\/vc_row][vc_row][vc_column][vc_column_text css=&#8220;&#8220;]<span style=\"font-size: 10pt;\"><em>Alle Angaben gelten f\u00fcr den deutschen Markt. <\/em><em>Die Fahrzeugabbildungen zeigen Sonderausstattungen.<\/em><\/span><\/p>\n<p>[\/vc_column_text][vc_column_text css=&#8220;&#8220;]<\/p>\n<p class=\"singlecolumntext\"><span style=\"font-size: 10pt;\">Stand: 17.12.2024<\/span><br \/>\n<span style=\"font-size: 10pt;\">\u00a9 Volkswagen AG<\/span><\/p>\n<p>[\/vc_column_text][\/vc_column][\/vc_row]<\/p>\n<\/div>","protected":false},"excerpt":{"rendered":"<p>Allein geht\u2018s nicht: Um die Elektrifizierung voranzubringen, m\u00fcssen Automobilbranche und Politik an einem Strang ziehen, sagt Francesco De Giglio, Global Head of Fleet, Used Cars and Head Southwest Europe at SEAT\/CUPRA und erl\u00e4utert im Interview, warum Kommunikation dabei so wichtig ist.<\/p>\n","protected":false},"author":39,"featured_media":33400,"comment_status":"closed","ping_status":"closed","sticky":false,"template":"","format":"standard","meta":{"_acf_changed":false,"footnotes":""},"categories":[96,48],"tags":[],"class_list":["post-34995","post","type-post","status-publish","format-standard","has-post-thumbnail","hentry","category-interview","category-hintergrundwissen","newsletter-fleetnews-05-24"],"acf":[],"yoast_head":"<!-- This site is optimized with the Yoast SEO plugin v27.4 - https:\/\/yoast.com\/product\/yoast-seo-wordpress\/ -->\n<title>\u201eWir m\u00fcssen Botschafter der E-Mobilit\u00e4t sein\u201c - Volkswagen Group | FleetHub<\/title>\n<meta name=\"description\" content=\"Interview mit Christian Voss, Leiter Flotten bei SEAT und CUPRA, Deutschland\" \/>\n<meta name=\"robots\" content=\"index, follow, max-snippet:-1, max-image-preview:large, max-video-preview:-1\" \/>\n<link rel=\"canonical\" href=\"https:\/\/www.groupfleet.com\/de\/interview_francesco_de_giglio\/\" \/>\n<meta property=\"og:locale\" content=\"de_DE\" \/>\n<meta property=\"og:type\" content=\"article\" \/>\n<meta property=\"og:title\" content=\"\u201eWir m\u00fcssen Botschafter der E-Mobilit\u00e4t sein\u201c - Volkswagen Group | FleetHub\" \/>\n<meta property=\"og:description\" content=\"Interview mit Christian Voss, Leiter Flotten bei SEAT und CUPRA, Deutschland\" \/>\n<meta property=\"og:url\" content=\"https:\/\/www.groupfleet.com\/de\/interview_francesco_de_giglio\/\" \/>\n<meta property=\"og:site_name\" content=\"Volkswagen Group | FleetHub\" \/>\n<meta property=\"article:published_time\" content=\"2024-12-17T10:38:53+00:00\" \/>\n<meta property=\"article:modified_time\" content=\"2024-12-18T14:52:50+00:00\" \/>\n<meta property=\"og:image\" content=\"https:\/\/www.groupfleet.com\/wp-content\/uploads\/2024\/09\/1920x1080_cupra-tavascan-blue-colour-21-inch-copper-black-covers-wheels.jpg\" \/>\n\t<meta property=\"og:image:width\" content=\"1920\" \/>\n\t<meta property=\"og:image:height\" content=\"1080\" \/>\n\t<meta property=\"og:image:type\" content=\"image\/jpeg\" \/>\n<meta name=\"author\" content=\"Stefan Gro\u00dfer\" \/>\n<meta name=\"twitter:card\" content=\"summary_large_image\" \/>\n<meta name=\"twitter:label1\" content=\"Verfasst von\" \/>\n\t<meta name=\"twitter:data1\" content=\"Stefan Gro\u00dfer\" \/>\n\t<meta name=\"twitter:label2\" content=\"Gesch\u00e4tzte Lesezeit\" \/>\n\t<meta name=\"twitter:data2\" content=\"6\u00a0Minuten\" \/>\n<script type=\"application\/ld+json\" class=\"yoast-schema-graph\">{\"@context\":\"https:\\\/\\\/schema.org\",\"@graph\":[{\"@type\":\"Article\",\"@id\":\"https:\\\/\\\/www.groupfleet.com\\\/de\\\/interview_francesco_de_giglio\\\/#article\",\"isPartOf\":{\"@id\":\"https:\\\/\\\/www.groupfleet.com\\\/de\\\/interview_francesco_de_giglio\\\/\"},\"author\":{\"name\":\"Stefan Gro\u00dfer\",\"@id\":\"https:\\\/\\\/www.groupfleet.com\\\/de\\\/#\\\/schema\\\/person\\\/8b1d7be286fefef37804765123983b32\"},\"headline\":\"\u201eWir m\u00fcssen Botschafter der E-Mobilit\u00e4t sein\u201c\",\"datePublished\":\"2024-12-17T10:38:53+00:00\",\"dateModified\":\"2024-12-18T14:52:50+00:00\",\"mainEntityOfPage\":{\"@id\":\"https:\\\/\\\/www.groupfleet.com\\\/de\\\/interview_francesco_de_giglio\\\/\"},\"wordCount\":1173,\"image\":{\"@id\":\"https:\\\/\\\/www.groupfleet.com\\\/de\\\/interview_francesco_de_giglio\\\/#primaryimage\"},\"thumbnailUrl\":\"https:\\\/\\\/www.groupfleet.com\\\/wp-content\\\/uploads\\\/2024\\\/09\\\/1920x1080_cupra-tavascan-blue-colour-21-inch-copper-black-covers-wheels.jpg\",\"articleSection\":[\"Interview\",\"Fuhrparkwissen\"],\"inLanguage\":\"de\"},{\"@type\":\"WebPage\",\"@id\":\"https:\\\/\\\/www.groupfleet.com\\\/de\\\/interview_francesco_de_giglio\\\/\",\"url\":\"https:\\\/\\\/www.groupfleet.com\\\/de\\\/interview_francesco_de_giglio\\\/\",\"name\":\"\u201eWir m\u00fcssen Botschafter der E-Mobilit\u00e4t sein\u201c - Volkswagen Group | FleetHub\",\"isPartOf\":{\"@id\":\"https:\\\/\\\/www.groupfleet.com\\\/de\\\/#website\"},\"primaryImageOfPage\":{\"@id\":\"https:\\\/\\\/www.groupfleet.com\\\/de\\\/interview_francesco_de_giglio\\\/#primaryimage\"},\"image\":{\"@id\":\"https:\\\/\\\/www.groupfleet.com\\\/de\\\/interview_francesco_de_giglio\\\/#primaryimage\"},\"thumbnailUrl\":\"https:\\\/\\\/www.groupfleet.com\\\/wp-content\\\/uploads\\\/2024\\\/09\\\/1920x1080_cupra-tavascan-blue-colour-21-inch-copper-black-covers-wheels.jpg\",\"datePublished\":\"2024-12-17T10:38:53+00:00\",\"dateModified\":\"2024-12-18T14:52:50+00:00\",\"author\":{\"@id\":\"https:\\\/\\\/www.groupfleet.com\\\/de\\\/#\\\/schema\\\/person\\\/8b1d7be286fefef37804765123983b32\"},\"description\":\"Interview mit Christian Voss, Leiter Flotten bei SEAT und CUPRA, Deutschland\",\"breadcrumb\":{\"@id\":\"https:\\\/\\\/www.groupfleet.com\\\/de\\\/interview_francesco_de_giglio\\\/#breadcrumb\"},\"inLanguage\":\"de\",\"potentialAction\":[{\"@type\":\"ReadAction\",\"target\":[\"https:\\\/\\\/www.groupfleet.com\\\/de\\\/interview_francesco_de_giglio\\\/\"]}]},{\"@type\":\"ImageObject\",\"inLanguage\":\"de\",\"@id\":\"https:\\\/\\\/www.groupfleet.com\\\/de\\\/interview_francesco_de_giglio\\\/#primaryimage\",\"url\":\"https:\\\/\\\/www.groupfleet.com\\\/wp-content\\\/uploads\\\/2024\\\/09\\\/1920x1080_cupra-tavascan-blue-colour-21-inch-copper-black-covers-wheels.jpg\",\"contentUrl\":\"https:\\\/\\\/www.groupfleet.com\\\/wp-content\\\/uploads\\\/2024\\\/09\\\/1920x1080_cupra-tavascan-blue-colour-21-inch-copper-black-covers-wheels.jpg\",\"width\":1920,\"height\":1080},{\"@type\":\"BreadcrumbList\",\"@id\":\"https:\\\/\\\/www.groupfleet.com\\\/de\\\/interview_francesco_de_giglio\\\/#breadcrumb\",\"itemListElement\":[{\"@type\":\"ListItem\",\"position\":1,\"name\":\"Home\",\"item\":\"https:\\\/\\\/www.groupfleet.com\\\/de\\\/\"},{\"@type\":\"ListItem\",\"position\":2,\"name\":\"\u201eWir m\u00fcssen Botschafter der E-Mobilit\u00e4t sein\u201c\"}]},{\"@type\":\"WebSite\",\"@id\":\"https:\\\/\\\/www.groupfleet.com\\\/de\\\/#website\",\"url\":\"https:\\\/\\\/www.groupfleet.com\\\/de\\\/\",\"name\":\"Volkswagen Group | FleetHub\",\"description\":\"Online magazine for Fleet managers\",\"potentialAction\":[{\"@type\":\"SearchAction\",\"target\":{\"@type\":\"EntryPoint\",\"urlTemplate\":\"https:\\\/\\\/www.groupfleet.com\\\/de\\\/?s={search_term_string}\"},\"query-input\":{\"@type\":\"PropertyValueSpecification\",\"valueRequired\":true,\"valueName\":\"search_term_string\"}}],\"inLanguage\":\"de\"},{\"@type\":\"Person\",\"@id\":\"https:\\\/\\\/www.groupfleet.com\\\/de\\\/#\\\/schema\\\/person\\\/8b1d7be286fefef37804765123983b32\",\"name\":\"Stefan Gro\u00dfer\",\"url\":\"https:\\\/\\\/www.groupfleet.com\\\/de\\\/author\\\/sgrosser\\\/\"}]}<\/script>\n<!-- \/ Yoast SEO plugin. -->","yoast_head_json":{"title":"\u201eWir m\u00fcssen Botschafter der E-Mobilit\u00e4t sein\u201c - Volkswagen Group | FleetHub","description":"Interview mit Christian Voss, Leiter Flotten bei SEAT und CUPRA, Deutschland","robots":{"index":"index","follow":"follow","max-snippet":"max-snippet:-1","max-image-preview":"max-image-preview:large","max-video-preview":"max-video-preview:-1"},"canonical":"https:\/\/www.groupfleet.com\/de\/interview_francesco_de_giglio\/","og_locale":"de_DE","og_type":"article","og_title":"\u201eWir m\u00fcssen Botschafter der E-Mobilit\u00e4t sein\u201c - Volkswagen Group | FleetHub","og_description":"Interview mit Christian Voss, Leiter Flotten bei SEAT und CUPRA, Deutschland","og_url":"https:\/\/www.groupfleet.com\/de\/interview_francesco_de_giglio\/","og_site_name":"Volkswagen Group | FleetHub","article_published_time":"2024-12-17T10:38:53+00:00","article_modified_time":"2024-12-18T14:52:50+00:00","og_image":[{"width":1920,"height":1080,"url":"https:\/\/www.groupfleet.com\/wp-content\/uploads\/2024\/09\/1920x1080_cupra-tavascan-blue-colour-21-inch-copper-black-covers-wheels.jpg","type":"image\/jpeg"}],"author":"Stefan Gro\u00dfer","twitter_card":"summary_large_image","twitter_misc":{"Verfasst von":"Stefan Gro\u00dfer","Gesch\u00e4tzte Lesezeit":"6\u00a0Minuten"},"schema":{"@context":"https:\/\/schema.org","@graph":[{"@type":"Article","@id":"https:\/\/www.groupfleet.com\/de\/interview_francesco_de_giglio\/#article","isPartOf":{"@id":"https:\/\/www.groupfleet.com\/de\/interview_francesco_de_giglio\/"},"author":{"name":"Stefan Gro\u00dfer","@id":"https:\/\/www.groupfleet.com\/de\/#\/schema\/person\/8b1d7be286fefef37804765123983b32"},"headline":"\u201eWir m\u00fcssen Botschafter der E-Mobilit\u00e4t sein\u201c","datePublished":"2024-12-17T10:38:53+00:00","dateModified":"2024-12-18T14:52:50+00:00","mainEntityOfPage":{"@id":"https:\/\/www.groupfleet.com\/de\/interview_francesco_de_giglio\/"},"wordCount":1173,"image":{"@id":"https:\/\/www.groupfleet.com\/de\/interview_francesco_de_giglio\/#primaryimage"},"thumbnailUrl":"https:\/\/www.groupfleet.com\/wp-content\/uploads\/2024\/09\/1920x1080_cupra-tavascan-blue-colour-21-inch-copper-black-covers-wheels.jpg","articleSection":["Interview","Fuhrparkwissen"],"inLanguage":"de"},{"@type":"WebPage","@id":"https:\/\/www.groupfleet.com\/de\/interview_francesco_de_giglio\/","url":"https:\/\/www.groupfleet.com\/de\/interview_francesco_de_giglio\/","name":"\u201eWir m\u00fcssen Botschafter der E-Mobilit\u00e4t sein\u201c - Volkswagen Group | FleetHub","isPartOf":{"@id":"https:\/\/www.groupfleet.com\/de\/#website"},"primaryImageOfPage":{"@id":"https:\/\/www.groupfleet.com\/de\/interview_francesco_de_giglio\/#primaryimage"},"image":{"@id":"https:\/\/www.groupfleet.com\/de\/interview_francesco_de_giglio\/#primaryimage"},"thumbnailUrl":"https:\/\/www.groupfleet.com\/wp-content\/uploads\/2024\/09\/1920x1080_cupra-tavascan-blue-colour-21-inch-copper-black-covers-wheels.jpg","datePublished":"2024-12-17T10:38:53+00:00","dateModified":"2024-12-18T14:52:50+00:00","author":{"@id":"https:\/\/www.groupfleet.com\/de\/#\/schema\/person\/8b1d7be286fefef37804765123983b32"},"description":"Interview mit Christian Voss, Leiter Flotten bei SEAT und CUPRA, Deutschland","breadcrumb":{"@id":"https:\/\/www.groupfleet.com\/de\/interview_francesco_de_giglio\/#breadcrumb"},"inLanguage":"de","potentialAction":[{"@type":"ReadAction","target":["https:\/\/www.groupfleet.com\/de\/interview_francesco_de_giglio\/"]}]},{"@type":"ImageObject","inLanguage":"de","@id":"https:\/\/www.groupfleet.com\/de\/interview_francesco_de_giglio\/#primaryimage","url":"https:\/\/www.groupfleet.com\/wp-content\/uploads\/2024\/09\/1920x1080_cupra-tavascan-blue-colour-21-inch-copper-black-covers-wheels.jpg","contentUrl":"https:\/\/www.groupfleet.com\/wp-content\/uploads\/2024\/09\/1920x1080_cupra-tavascan-blue-colour-21-inch-copper-black-covers-wheels.jpg","width":1920,"height":1080},{"@type":"BreadcrumbList","@id":"https:\/\/www.groupfleet.com\/de\/interview_francesco_de_giglio\/#breadcrumb","itemListElement":[{"@type":"ListItem","position":1,"name":"Home","item":"https:\/\/www.groupfleet.com\/de\/"},{"@type":"ListItem","position":2,"name":"\u201eWir m\u00fcssen Botschafter der E-Mobilit\u00e4t sein\u201c"}]},{"@type":"WebSite","@id":"https:\/\/www.groupfleet.com\/de\/#website","url":"https:\/\/www.groupfleet.com\/de\/","name":"Volkswagen Group | FleetHub","description":"Online magazine for Fleet managers","potentialAction":[{"@type":"SearchAction","target":{"@type":"EntryPoint","urlTemplate":"https:\/\/www.groupfleet.com\/de\/?s={search_term_string}"},"query-input":{"@type":"PropertyValueSpecification","valueRequired":true,"valueName":"search_term_string"}}],"inLanguage":"de"},{"@type":"Person","@id":"https:\/\/www.groupfleet.com\/de\/#\/schema\/person\/8b1d7be286fefef37804765123983b32","name":"Stefan Gro\u00dfer","url":"https:\/\/www.groupfleet.com\/de\/author\/sgrosser\/"}]}},"_links":{"self":[{"href":"https:\/\/www.groupfleet.com\/de\/wp-json\/wp\/v2\/posts\/34995","targetHints":{"allow":["GET"]}}],"collection":[{"href":"https:\/\/www.groupfleet.com\/de\/wp-json\/wp\/v2\/posts"}],"about":[{"href":"https:\/\/www.groupfleet.com\/de\/wp-json\/wp\/v2\/types\/post"}],"author":[{"embeddable":true,"href":"https:\/\/www.groupfleet.com\/de\/wp-json\/wp\/v2\/users\/39"}],"replies":[{"embeddable":true,"href":"https:\/\/www.groupfleet.com\/de\/wp-json\/wp\/v2\/comments?post=34995"}],"version-history":[{"count":0,"href":"https:\/\/www.groupfleet.com\/de\/wp-json\/wp\/v2\/posts\/34995\/revisions"}],"wp:featuredmedia":[{"embeddable":true,"href":"https:\/\/www.groupfleet.com\/de\/wp-json\/wp\/v2\/media\/33400"}],"wp:attachment":[{"href":"https:\/\/www.groupfleet.com\/de\/wp-json\/wp\/v2\/media?parent=34995"}],"wp:term":[{"taxonomy":"category","embeddable":true,"href":"https:\/\/www.groupfleet.com\/de\/wp-json\/wp\/v2\/categories?post=34995"},{"taxonomy":"post_tag","embeddable":true,"href":"https:\/\/www.groupfleet.com\/de\/wp-json\/wp\/v2\/tags?post=34995"}],"curies":[{"name":"wp","href":"https:\/\/api.w.org\/{rel}","templated":true}]}}