{"id":34938,"date":"2024-12-17T11:37:00","date_gmt":"2024-12-17T10:37:00","guid":{"rendered":"https:\/\/www.groupfleet.com\/?p=34938"},"modified":"2024-12-18T15:53:20","modified_gmt":"2024-12-18T14:53:20","slug":"sopra-steria","status":"publish","type":"post","link":"https:\/\/www.groupfleet.com\/de\/sopra-steria\/","title":{"rendered":"\u201eUnsere Leute gehen bei der E-Mobilit\u00e4t voll mit \u2013 aus \u00dcberzeugung\u201c"},"content":{"rendered":"<div class=\"wpb-content-wrapper\"><p>[vc_row][vc_column][vc_column_text css=&#8220;&#8220;]<span style=\"font-size: 24pt; color: #508792;\">Transformation geh\u00f6rt bei Sopra Steria zum Tagesgesch\u00e4ft. W\u00e4hrend der Tech-Player unterschiedlichste Kunden in Sachen Digitalisierung voranbringt, gestaltet man flottenseitig den Wandel zur E-Mobilit\u00e4t. Stand heute sind bereits mehr als die H\u00e4lfte der 480 deutschen Fuhrparkfahrzeuge PHEVs oder BEVs \u2013 seit kurzem inklusive 10 vollelektrischen ID.7 Tourer. \u00dcber die Hintergr\u00fcnde dieser wortw\u00f6rtlich weitreichenden Entscheidung sprachen wir mit Fleet Manager Sascha Conrad.<\/span>[\/vc_column_text][\/vc_column][\/vc_row][vc_row css=&#8220;.vc_custom_1702629261359{background-color: #ffffff !important;}&#8220;][vc_column css=&#8220;.vc_custom_1663594233237{background-color: #eef5f8 !important;}&#8220;]\n\n<div class=\"article_paragraphimage article_paragraphimage_left ap_with_subline\" style=\"width: 20%;\">\n\t<div class=\"ap_img_wrapper mylightbox_hover\">\n\t\t<img loading=\"lazy\" decoding=\"async\" width=\"640\" height=\"462\" src=\"https:\/\/www.groupfleet.com\/wp-content\/uploads\/2024\/12\/Bild-Conrad_13x18-640x462.jpg\" class=\"attachment-vw_small size-vw_small open_mylightbox\" alt=\"\" data-full=\"https:\/\/www.groupfleet.com\/wp-content\/uploads\/2024\/12\/Bild-Conrad_13x18-1662x1200.jpg\" data-desc=\"\" \/>\t<\/div>\n\t<div class=\"article_paragraphimage_text\">\n\t\t<\/p>\n<h4 style=\"text-align: right;\"><span style=\"color: #000000;\"><strong>Sascha Conrad<\/strong><\/span><br \/>\n<span style=\"color: #000000;\">Fleet Manager, Sopra Steria<\/span><\/h4>\n<p>\t<\/div>\n\t<div class=\"clear\"><\/div>\n<\/div>[vc_column_text][\/vc_column_text][vc_column_text][\/vc_column_text][vc_column_text css=&#8220;&#8220;]<\/p>\n<div class=\"question-answer-modul abstractContentComponent parbase section\">\n<div class=\"iv-modul__question\">\n<div class=\"iv-modul__question\">\n<div class=\"iv-modul__question\">\n<div class=\"iv-modul__question\">\n<p><strong>Herr Conrad, Ihr Unternehmen hat elektrifizierte Fahrzeuge bereits in seine Flotte aufgenommen, als das vielerorts noch keine g\u00e4ngige Praxis war. Wie kam es dazu?<\/strong><\/p>\n<p style=\"padding-left: 40px;\">Es liegt gewisserma\u00dfen in unserer DNA, Entwicklungen vorauszusehen. Und obwohl Verbrennerfahrzeuge \u2013 allen voran der Diesel \u2013 in unserer Flotte lange Zeit gute Dienste geleistet haben, war uns schon fr\u00fch klar: Die Zukunft kann im Fuhrparkbereich nur elektrisch sein. Schlie\u00dflich geh\u00f6ren der schonende Umgang mit den Ressourcen und die Vermeidung von Emissionen zu den gr\u00f6\u00dften Herausforderungen unserer Zeit. Im Rahmen unserer internen Initiative Ready4Zero nehmen wir die Challenge zur CO\u2082-Reduktion auch im Bereich Mobility vollumf\u00e4nglich an.<\/p>\n<\/div>\n<\/div>\n<\/div>\n<\/div>\n<\/div>\n<p>[\/vc_column_text][vc_column_text css=&#8220;&#8220;]<\/p>\n<div class=\"iv-modul__question\">\n<div class=\"iv-modul__question\">\n<div class=\"iv-modul__question\">\n<div class=\"iv-modul__question\">\n<p class=\"L\" style=\"margin-right: 63.75pt;\"><strong>Welche Rolle spielt Mobilit\u00e4t generell f\u00fcr Ihr Business? <\/strong><\/p>\n<p style=\"padding-left: 40px;\">Sie ist ein integraler Bestandteil unseres Gesch\u00e4ftsalltags. Nat\u00fcrlich greifen wir als Tech-Unternehmen wo immer m\u00f6glich auf digitale Optionen zur\u00fcck, um mit unseren Kunden und Mitarbeitenden in Kontakt zu treten. Aber: Der pers\u00f6nliche Kontakt vor Ort bleibt in vielen F\u00e4llen essenziell. Hier haben sich im Zuge unserer Elektrifizierungsstrategie vor allem Plug-In-Hybride bew\u00e4hrt. Wir konnten mit dieser Br\u00fcckentechnologie schnell wertvolle Erfahrungen im Bereich E-Mobilit\u00e4t sammeln. Gleichzeitig stellten wir uns aber die Frage, ob es auf Dauer sinnvoll ist, ein PHEV mit 100 Kilometern E-Reichweite zu nutzen \u2013 und dabei einen Verbrennungsmotor zu transportieren; zumal es jetzt ja flottentaugliche, rein batterieelektrische Alternativen gibt \u2026<\/p>\n<\/div>\n<\/div>\n<\/div>\n<\/div>\n<p>[\/vc_column_text][vc_column_text css=&#8220;&#8220;]<\/p>\n<h2><em><span style=\"color: #508792;\">\u201eAuch von den F\u00fchrungskr\u00e4ften kam gro\u00dfer Support f\u00fcr unser Projekt \u2013 unter anderem in Form zahlreicher E-Fahrzeug-Bestellungen.\u201c<\/span><\/em><\/h2>\n<p>[\/vc_column_text][vc_separator color=&#8220;custom&#8220; align=&#8220;align_left&#8220; el_width=&#8220;20&#8243; css=&#8220;&#8220; accent_color=&#8220;#508792&#8243;][vc_column_text css=&#8220;&#8220;]<\/p>\n<h4><span style=\"color: #508792;\"><strong>Sascha Conrad<\/strong><\/span><br \/>\n<span style=\"color: #508792;\">Fleet Manager, Sopra Steria<\/span><\/h4>\n<p>[\/vc_column_text][vc_column_text css=&#8220;&#8220;]<\/p>\n<div class=\"iv-modul__question\">\n<div class=\"iv-modul__question\">\n<div class=\"iv-modul__question\">\n<div class=\"iv-modul__question\">\n<p><strong>Das f\u00fchrt uns direkt zum vollelektrischen ID.7 Tourer. Welche Kriterien waren ausschlaggebend f\u00fcr die Beschaffungsentscheidung?<\/strong><\/p>\n<p style=\"padding-left: 40px;\">Wir haben nat\u00fcrlich ein Lastenheft erstellt und darin Punkte definiert, die f\u00fcr Sopra Steria absolut unerl\u00e4sslich sind. Da ging es um Au\u00dfenwirkung und Gep\u00e4ckraumvolumen \u2013 aber vor allem nat\u00fcrlich um die technologischen Parameter: Wir w\u00fcnschten uns eine langstreckentaugliche Reichweite, einen Energiegehalt der Batterien von mindestens 77 kWh und eine gute Ladeperformance. Gesetzt waren hier eine DC-Ladeleistung von 170 kW und eine m\u00f6glichst kurze Ladezeit von 10 auf 80 Prozent. Dar\u00fcber hinaus wollten wir uns darauf verlassen k\u00f6nnen, dass am Ende des Fahrzeuglebens sorgsam mit den verwendeten Rohstoffen umgegangen wird. Und last, but not least mussten selbstredend die finanziellen Rahmenbedingungen stimmen; hier profitierten wir wiederum von der langj\u00e4hrigen Zusammenarbeit mit der Volkswagen Financial Services AG.<\/p>\n<\/div>\n<\/div>\n<\/div>\n<\/div>\n<p>[\/vc_column_text]\n\n<div class=\"article_paragraphimage article_paragraphimage_right ap_with_subline\" style=\"width: 40%;\">\n\t<div class=\"ap_img_wrapper mylightbox_hover\">\n\t\t<img loading=\"lazy\" decoding=\"async\" width=\"640\" height=\"356\" src=\"https:\/\/www.groupfleet.com\/wp-content\/uploads\/2024\/12\/20241122_143336_neu_1800x1000-640x356.jpg\" class=\"attachment-vw_small size-vw_small open_mylightbox\" alt=\"\" data-full=\"https:\/\/www.groupfleet.com\/wp-content\/uploads\/2024\/12\/20241122_143336_neu_1800x1000.jpg\" data-desc=\"\" \/>\t<\/div>\n\t<div class=\"article_paragraphimage_text\">\n\t\t<\/p>\n<h4>480 Fahrzeuge hat Sopra Steria im Fuhrpark &#8211; darunter seit Kurzem auch zehn ID.7 Tourer.<\/h4>\n<p>\t<\/div>\n\t<div class=\"clear\"><\/div>\n<\/div>[vc_column_text css=&#8220;&#8220;]<\/p>\n<div class=\"iv-modul__question\">\n<div class=\"iv-modul__question\">\n<div class=\"iv-modul__question\">\n<div class=\"iv-modul__question\">\n<div class=\"iv-modul__question\">\n<div class=\"iv-modul__question\">\n<div class=\"iv-modul__question\">\n<p><strong>Mussten Sie viel \u00dcberzeugungsarbeit leisten, um ihre Dienstwagenberechtigte f\u00fcr batterieelektrische Fahrzeuge wie den ID.7 Tourer zu gewinnen? <\/strong><\/p>\n<p style=\"padding-left: 40px;\">Als wir unseren Usern diese Idee pr\u00e4sentierten, sp\u00fcrten wir keine Ablehnung. Im Gegenteil: Sie waren begeistert, dass wir uns hierzu Gedanken gemacht haben. Auch vonseiten der F\u00fchrungskr\u00e4fte kam gro\u00dfer Support f\u00fcr unser Projekt \u2013 unter anderem in Form zahlreicher E-Fahrzeug-Bestellungen.<\/p>\n<\/div>\n<\/div>\n<\/div>\n<\/div>\n<\/div>\n<\/div>\n<\/div>\n<p>[\/vc_column_text][vc_column_text css=&#8220;&#8220;]<\/p>\n<div class=\"iv-modul__question\">\n<div class=\"iv-modul__question\">\n<div class=\"iv-modul__question\">\n<div class=\"iv-modul__question\">\n<div class=\"iv-modul__question\">\n<div class=\"iv-modul__question\">\n<div class=\"iv-modul__question\">\n<p><strong>Das klingt fast nach einem Selbstl\u00e4ufer \u2026<\/strong><strong>?<\/strong><\/p>\n<p style=\"padding-left: 40px;\">Der kam aber keineswegs aus dem Nichts. Wir veranstalten schon seit langem in regelm\u00e4\u00dfigen Abst\u00e4nden sogenannte Mobility Days, in deren Rahmen wir Interessierten das Thema Elektromobilit\u00e4t n\u00e4herbringen. Da geht es nat\u00fcrlich nicht nur theoretisch zu. Die Mitarbeitenden k\u00f6nnen die E-Fahrzeuge jedes Mal ausgiebig testen. Im Ergebnis kommen f\u00fcr viele heute ausschlie\u00dflich elektrische Fahrzeuge in Betracht. Wohlgemerkt nicht, weil sie es m\u00fcssen, sondern weil es ihre \u00dcberzeugung ist.<\/p>\n<\/div>\n<\/div>\n<\/div>\n<\/div>\n<\/div>\n<\/div>\n<\/div>\n<p>[\/vc_column_text][vc_column_text css=&#8220;&#8220;]<\/p>\n<h2><span style=\"color: #508792;\"><em>\u201eBei der Frage nach dem passenden Mobilit\u00e4tskonzept f\u00fcr unsere neuen ID.7 haben wir uns erneut f\u00fcr das Firmenwagen-Leasingangebot der Volkswagen Leasing GmbH entschieden. Die Konditionen und das Leistungsportfolio \u00fcberzeugen einfach!\u201c<\/em><\/span><\/h2>\n<p>[\/vc_column_text][vc_separator color=&#8220;custom&#8220; align=&#8220;align_left&#8220; el_width=&#8220;20&#8243; css=&#8220;&#8220; accent_color=&#8220;#508792&#8243;][vc_column_text css=&#8220;&#8220;]<span style=\"color: #508792;\"><strong>Sascha Conrad<br \/>\n<\/strong>Fleet Manager, Sopra Steria<\/span>[\/vc_column_text][vc_column_text css=&#8220;&#8220;]<\/p>\n<div class=\"iv-modul__question\">\n<div class=\"iv-modul__question\">\n<div class=\"iv-modul__question\">\n<div class=\"iv-modul__question\">\n<div class=\"iv-modul__question\">\n<div class=\"iv-modul__question\">\n<div class=\"iv-modul__question\">\n<p><strong>Sie selbst sind ja auch ein \u00fcberzeugter BEV-Fahrer<\/strong><strong>?<\/strong><\/p>\n<p class=\"L\" style=\"margin-right: 63.75pt; padding-left: 40px;\">Richtig. Ich bin rund 30.000 Kilometer pro Jahr rein elektrisch unterwegs. Aber man lernt trotzdem immer noch was dazu. So konnte ich neulich bei einer Veranstaltung in Frankfurt erfahren, wie sich durch eine kluge Ladeplanung Situationen vermeiden lassen, die unn\u00f6tige Zeit kosten. Au\u00dferdem ging es darum, was zu tun ist, wenn der Ladevorgang mal nicht auf Anhieb funktioniert. Wir haben den festen Plan, diese und weitere Erkenntnisse in einem kurzen Videoclip allen Mitarbeitenden zug\u00e4nglich zu machen. Denn ganz gleich, ob Dienstwagen, Mietwagen oder Car-Sharing Fahrzeug: Irgendwann kommen wir alle mit der Elektromobilit\u00e4t in Kontakt.<\/p>\n<\/div>\n<\/div>\n<\/div>\n<\/div>\n<\/div>\n<\/div>\n<\/div>\n<p>[\/vc_column_text][vc_column_text css=&#8220;&#8220;]<\/p>\n<div class=\"iv-modul__question\">\n<div class=\"iv-modul__question\">\n<div class=\"iv-modul__question\">\n<div class=\"iv-modul__question\">\n<div class=\"iv-modul__question\">\n<div class=\"iv-modul__question\">\n<div class=\"iv-modul__question\">\n<p><strong>Welchen Fahrzeugtyp findet man in der Flotte von Sopra Steria am h\u00e4ufigsten?<\/strong><strong><br \/>\n<\/strong><\/p>\n<p class=\"L\" style=\"margin-right: 63.75pt; padding-left: 40px;\">Wie bei vielen anderen Unternehmen besitzt auch unser Fuhrpark einen hohen Anteil an Kombis. Aktuell verzeichnen wir eine hohe Nachfrage nach Fahrzeugen der Mittelklasse und oberen Mittelklasse. Umso mehr freut es mich, dass gerade in diesen Kategorien aktuell viele BEVs auf den Markt kommen.<\/p>\n<\/div>\n<\/div>\n<\/div>\n<\/div>\n<\/div>\n<\/div>\n<\/div>\n<p>[\/vc_column_text][vc_column_text css=&#8220;&#8220;]<\/p>\n<div class=\"iv-modul__question\">\n<div class=\"iv-modul__question\">\n<div class=\"iv-modul__question\">\n<div class=\"iv-modul__question\">\n<div class=\"iv-modul__question\">\n<div class=\"iv-modul__question\">\n<div class=\"iv-modul__question\">\n<p><strong>Welche Fahrzeughersteller pr\u00e4gen Ihre Flotte am st\u00e4rksten?<\/strong><\/p>\n<p class=\"L\" style=\"margin-right: 63.75pt; padding-left: 40px;\">Wir beobachten den Markt fortlaufend \u2013 und haben wirklich noch nie so viele Hersteller auf dem deutschen Fahrzeugmarkt gesehen. Es kommen viele hinzu, einige sind schon wieder verschwunden. In dieser ganzen Dynamik bleibt Sopra Steria jedoch sehr fokussiert: F\u00fcr uns kommen nur Lieferanten infrage, die sich in dem Spannungsfeld von Nachlass, Restwert und niedrigen Betriebskosten mit interessanten Leasingraten behaupten. Die Fahrzeuge des Volkswagen Konzerns geh\u00f6ren also nicht von ungef\u00e4hr seit Jahren zu unserem Portfolio.<\/p>\n<\/div>\n<\/div>\n<\/div>\n<\/div>\n<\/div>\n<\/div>\n<\/div>\n<p>[\/vc_column_text][vc_separator color=&#8220;custom&#8220; el_width=&#8220;50&#8243; css=&#8220;&#8220; accent_color=&#8220;#508792&#8243;][\/vc_column][\/vc_row][vc_row][vc_column width=&#8220;2\/3&#8243;]\n\n<div class=\"article_infobox article_infobox_center\" style=\"width: 100%; background-color: #508792; color: #FFFFFF;\">\n\t<strong>Sopra Steria Group SA<\/strong><\/p>\n<p>Sopra Steria ist ein f\u00fchrender europ\u00e4ischer Tech-Player mit Expertise in den Gesch\u00e4ftsfeldern Consulting, Digital Services und Solutions. Mit 52.000 Mitarbeitenden in rund 30 L\u00e4ndern unterst\u00fctzt das Unternehmen Kunden dabei, die digitale Transformation voranzutreiben und konkrete, nachhaltige Ergebnisse zu erzielen.\u00a0Die Konzernzentrale befindet sich im franz\u00f6sischen Paris; die deutsche Hauptverwaltung ist in Hamburg ans\u00e4ssig. Insgesamt betreibt Sopra Steria in Deutschland zehn Standorte.<\/div>[\/vc_column][vc_column width=&#8220;1\/3&#8243;][vc_single_image image=&#8220;34944&#8243; img_size=&#8220;large&#8220; css=&#8220;&#8220;][\/vc_column][\/vc_row][vc_row][vc_column][vc_separator][vc_column_text css=&#8220;&#8220;]<span style=\"font-size: 10pt;\"><em>Alle Angaben gelten f\u00fcr den deutschen Markt.<\/em><\/span>[\/vc_column_text][vc_column_text css=&#8220;&#8220;]<\/p>\n<p class=\"singlecolumntext\"><span style=\"font-size: 10pt;\">Stand: 16.12.2024<\/span><br \/>\n<span style=\"font-size: 10pt;\">\u00a9 Volkswagen AG<br \/>\n<\/span><\/p>\n<p>[\/vc_column_text][\/vc_column][\/vc_row]<\/p>\n<\/div>","protected":false},"excerpt":{"rendered":"<p>480 Flottenfahrzeuge \u2013 und schon die H\u00e4lfte davon elektrifiziert: Mit dieser Erfolgsbilanz im R\u00fccken treibt das Sopra Steria die Transformation seines Fuhrparks in Deutschland jetzt weiter konsequent voran <\/p>\n","protected":false},"author":37,"featured_media":34948,"comment_status":"closed","ping_status":"closed","sticky":false,"template":"","format":"standard","meta":{"_acf_changed":false,"footnotes":""},"categories":[49],"tags":[],"class_list":["post-34938","post","type-post","status-publish","format-standard","has-post-thumbnail","hentry","category-praxisbericht","newsletter-fleetnews-05-24"],"acf":[],"yoast_head":"<!-- This site is optimized with the Yoast SEO plugin v27.4 - https:\/\/yoast.com\/product\/yoast-seo-wordpress\/ -->\n<title>\u201eUnsere Leute gehen bei der E-Mobilit\u00e4t voll mit \u2013 aus \u00dcberzeugung\u201c - Volkswagen Group | FleetHub<\/title>\n<meta name=\"description\" content=\"Sopra Steria elektrifiziert den Fuhrpark: Erfahren Sie, warum ID.7 Tourer jetzt Teil des Wandels zur E-Mobilit\u00e4t sind. Jetzt mehr lesen!\" \/>\n<meta name=\"robots\" content=\"index, follow, max-snippet:-1, max-image-preview:large, max-video-preview:-1\" \/>\n<link rel=\"canonical\" href=\"https:\/\/www.groupfleet.com\/de\/sopra-steria\/\" \/>\n<meta property=\"og:locale\" content=\"de_DE\" \/>\n<meta property=\"og:type\" content=\"article\" \/>\n<meta property=\"og:title\" content=\"\u201eUnsere Leute gehen bei der E-Mobilit\u00e4t voll mit \u2013 aus \u00dcberzeugung\u201c - Volkswagen Group | FleetHub\" \/>\n<meta property=\"og:description\" content=\"Sopra Steria elektrifiziert den Fuhrpark: Erfahren Sie, warum ID.7 Tourer jetzt Teil des Wandels zur E-Mobilit\u00e4t sind. Jetzt mehr lesen!\" \/>\n<meta property=\"og:url\" content=\"https:\/\/www.groupfleet.com\/de\/sopra-steria\/\" \/>\n<meta property=\"og:site_name\" content=\"Volkswagen Group | FleetHub\" \/>\n<meta property=\"article:published_time\" content=\"2024-12-17T10:37:00+00:00\" \/>\n<meta property=\"article:modified_time\" content=\"2024-12-18T14:53:20+00:00\" \/>\n<meta property=\"og:image\" content=\"https:\/\/www.groupfleet.com\/wp-content\/uploads\/2024\/12\/DSC_0050_13x18.jpg\" \/>\n\t<meta property=\"og:image:width\" content=\"2126\" \/>\n\t<meta property=\"og:image:height\" content=\"1535\" \/>\n\t<meta property=\"og:image:type\" content=\"image\/jpeg\" \/>\n<meta name=\"author\" content=\"J\u00f6rg Bergmann\" \/>\n<meta name=\"twitter:card\" content=\"summary_large_image\" \/>\n<meta name=\"twitter:label1\" content=\"Verfasst von\" \/>\n\t<meta name=\"twitter:data1\" content=\"J\u00f6rg Bergmann\" \/>\n\t<meta name=\"twitter:label2\" content=\"Gesch\u00e4tzte Lesezeit\" \/>\n\t<meta name=\"twitter:data2\" content=\"6\u00a0Minuten\" \/>\n<script type=\"application\/ld+json\" class=\"yoast-schema-graph\">{\"@context\":\"https:\\\/\\\/schema.org\",\"@graph\":[{\"@type\":\"Article\",\"@id\":\"https:\\\/\\\/www.groupfleet.com\\\/de\\\/sopra-steria\\\/#article\",\"isPartOf\":{\"@id\":\"https:\\\/\\\/www.groupfleet.com\\\/de\\\/sopra-steria\\\/\"},\"author\":{\"name\":\"J\u00f6rg Bergmann\",\"@id\":\"https:\\\/\\\/www.groupfleet.com\\\/de\\\/#\\\/schema\\\/person\\\/fa30e2d07961b7b80d8cf332804e8984\"},\"headline\":\"\u201eUnsere Leute gehen bei der E-Mobilit\u00e4t voll mit \u2013 aus \u00dcberzeugung\u201c\",\"datePublished\":\"2024-12-17T10:37:00+00:00\",\"dateModified\":\"2024-12-18T14:53:20+00:00\",\"mainEntityOfPage\":{\"@id\":\"https:\\\/\\\/www.groupfleet.com\\\/de\\\/sopra-steria\\\/\"},\"wordCount\":1231,\"image\":{\"@id\":\"https:\\\/\\\/www.groupfleet.com\\\/de\\\/sopra-steria\\\/#primaryimage\"},\"thumbnailUrl\":\"https:\\\/\\\/www.groupfleet.com\\\/wp-content\\\/uploads\\\/2024\\\/12\\\/DSC_0050_13x18.jpg\",\"articleSection\":[\"Praxisberichte\"],\"inLanguage\":\"de\"},{\"@type\":\"WebPage\",\"@id\":\"https:\\\/\\\/www.groupfleet.com\\\/de\\\/sopra-steria\\\/\",\"url\":\"https:\\\/\\\/www.groupfleet.com\\\/de\\\/sopra-steria\\\/\",\"name\":\"\u201eUnsere Leute gehen bei der E-Mobilit\u00e4t voll mit \u2013 aus \u00dcberzeugung\u201c - Volkswagen Group | FleetHub\",\"isPartOf\":{\"@id\":\"https:\\\/\\\/www.groupfleet.com\\\/de\\\/#website\"},\"primaryImageOfPage\":{\"@id\":\"https:\\\/\\\/www.groupfleet.com\\\/de\\\/sopra-steria\\\/#primaryimage\"},\"image\":{\"@id\":\"https:\\\/\\\/www.groupfleet.com\\\/de\\\/sopra-steria\\\/#primaryimage\"},\"thumbnailUrl\":\"https:\\\/\\\/www.groupfleet.com\\\/wp-content\\\/uploads\\\/2024\\\/12\\\/DSC_0050_13x18.jpg\",\"datePublished\":\"2024-12-17T10:37:00+00:00\",\"dateModified\":\"2024-12-18T14:53:20+00:00\",\"author\":{\"@id\":\"https:\\\/\\\/www.groupfleet.com\\\/de\\\/#\\\/schema\\\/person\\\/fa30e2d07961b7b80d8cf332804e8984\"},\"description\":\"Sopra Steria elektrifiziert den Fuhrpark: Erfahren Sie, warum ID.7 Tourer jetzt Teil des Wandels zur E-Mobilit\u00e4t sind. Jetzt mehr lesen!\",\"breadcrumb\":{\"@id\":\"https:\\\/\\\/www.groupfleet.com\\\/de\\\/sopra-steria\\\/#breadcrumb\"},\"inLanguage\":\"de\",\"potentialAction\":[{\"@type\":\"ReadAction\",\"target\":[\"https:\\\/\\\/www.groupfleet.com\\\/de\\\/sopra-steria\\\/\"]}]},{\"@type\":\"ImageObject\",\"inLanguage\":\"de\",\"@id\":\"https:\\\/\\\/www.groupfleet.com\\\/de\\\/sopra-steria\\\/#primaryimage\",\"url\":\"https:\\\/\\\/www.groupfleet.com\\\/wp-content\\\/uploads\\\/2024\\\/12\\\/DSC_0050_13x18.jpg\",\"contentUrl\":\"https:\\\/\\\/www.groupfleet.com\\\/wp-content\\\/uploads\\\/2024\\\/12\\\/DSC_0050_13x18.jpg\",\"width\":2126,\"height\":1535},{\"@type\":\"BreadcrumbList\",\"@id\":\"https:\\\/\\\/www.groupfleet.com\\\/de\\\/sopra-steria\\\/#breadcrumb\",\"itemListElement\":[{\"@type\":\"ListItem\",\"position\":1,\"name\":\"Home\",\"item\":\"https:\\\/\\\/www.groupfleet.com\\\/de\\\/\"},{\"@type\":\"ListItem\",\"position\":2,\"name\":\"\u201eUnsere Leute gehen bei der E-Mobilit\u00e4t voll mit \u2013 aus \u00dcberzeugung\u201c\"}]},{\"@type\":\"WebSite\",\"@id\":\"https:\\\/\\\/www.groupfleet.com\\\/de\\\/#website\",\"url\":\"https:\\\/\\\/www.groupfleet.com\\\/de\\\/\",\"name\":\"Volkswagen Group | FleetHub\",\"description\":\"Online magazine for Fleet managers\",\"potentialAction\":[{\"@type\":\"SearchAction\",\"target\":{\"@type\":\"EntryPoint\",\"urlTemplate\":\"https:\\\/\\\/www.groupfleet.com\\\/de\\\/?s={search_term_string}\"},\"query-input\":{\"@type\":\"PropertyValueSpecification\",\"valueRequired\":true,\"valueName\":\"search_term_string\"}}],\"inLanguage\":\"de\"},{\"@type\":\"Person\",\"@id\":\"https:\\\/\\\/www.groupfleet.com\\\/de\\\/#\\\/schema\\\/person\\\/fa30e2d07961b7b80d8cf332804e8984\",\"name\":\"J\u00f6rg Bergmann\",\"url\":\"https:\\\/\\\/www.groupfleet.com\\\/de\\\/author\\\/jbergmann\\\/\"}]}<\/script>\n<!-- \/ Yoast SEO plugin. -->","yoast_head_json":{"title":"\u201eUnsere Leute gehen bei der E-Mobilit\u00e4t voll mit \u2013 aus \u00dcberzeugung\u201c - Volkswagen Group | FleetHub","description":"Sopra Steria elektrifiziert den Fuhrpark: Erfahren Sie, warum ID.7 Tourer jetzt Teil des Wandels zur E-Mobilit\u00e4t sind. Jetzt mehr lesen!","robots":{"index":"index","follow":"follow","max-snippet":"max-snippet:-1","max-image-preview":"max-image-preview:large","max-video-preview":"max-video-preview:-1"},"canonical":"https:\/\/www.groupfleet.com\/de\/sopra-steria\/","og_locale":"de_DE","og_type":"article","og_title":"\u201eUnsere Leute gehen bei der E-Mobilit\u00e4t voll mit \u2013 aus \u00dcberzeugung\u201c - Volkswagen Group | FleetHub","og_description":"Sopra Steria elektrifiziert den Fuhrpark: Erfahren Sie, warum ID.7 Tourer jetzt Teil des Wandels zur E-Mobilit\u00e4t sind. Jetzt mehr lesen!","og_url":"https:\/\/www.groupfleet.com\/de\/sopra-steria\/","og_site_name":"Volkswagen Group | FleetHub","article_published_time":"2024-12-17T10:37:00+00:00","article_modified_time":"2024-12-18T14:53:20+00:00","og_image":[{"width":2126,"height":1535,"url":"https:\/\/www.groupfleet.com\/wp-content\/uploads\/2024\/12\/DSC_0050_13x18.jpg","type":"image\/jpeg"}],"author":"J\u00f6rg Bergmann","twitter_card":"summary_large_image","twitter_misc":{"Verfasst von":"J\u00f6rg Bergmann","Gesch\u00e4tzte Lesezeit":"6\u00a0Minuten"},"schema":{"@context":"https:\/\/schema.org","@graph":[{"@type":"Article","@id":"https:\/\/www.groupfleet.com\/de\/sopra-steria\/#article","isPartOf":{"@id":"https:\/\/www.groupfleet.com\/de\/sopra-steria\/"},"author":{"name":"J\u00f6rg Bergmann","@id":"https:\/\/www.groupfleet.com\/de\/#\/schema\/person\/fa30e2d07961b7b80d8cf332804e8984"},"headline":"\u201eUnsere Leute gehen bei der E-Mobilit\u00e4t voll mit \u2013 aus \u00dcberzeugung\u201c","datePublished":"2024-12-17T10:37:00+00:00","dateModified":"2024-12-18T14:53:20+00:00","mainEntityOfPage":{"@id":"https:\/\/www.groupfleet.com\/de\/sopra-steria\/"},"wordCount":1231,"image":{"@id":"https:\/\/www.groupfleet.com\/de\/sopra-steria\/#primaryimage"},"thumbnailUrl":"https:\/\/www.groupfleet.com\/wp-content\/uploads\/2024\/12\/DSC_0050_13x18.jpg","articleSection":["Praxisberichte"],"inLanguage":"de"},{"@type":"WebPage","@id":"https:\/\/www.groupfleet.com\/de\/sopra-steria\/","url":"https:\/\/www.groupfleet.com\/de\/sopra-steria\/","name":"\u201eUnsere Leute gehen bei der E-Mobilit\u00e4t voll mit \u2013 aus \u00dcberzeugung\u201c - Volkswagen Group | FleetHub","isPartOf":{"@id":"https:\/\/www.groupfleet.com\/de\/#website"},"primaryImageOfPage":{"@id":"https:\/\/www.groupfleet.com\/de\/sopra-steria\/#primaryimage"},"image":{"@id":"https:\/\/www.groupfleet.com\/de\/sopra-steria\/#primaryimage"},"thumbnailUrl":"https:\/\/www.groupfleet.com\/wp-content\/uploads\/2024\/12\/DSC_0050_13x18.jpg","datePublished":"2024-12-17T10:37:00+00:00","dateModified":"2024-12-18T14:53:20+00:00","author":{"@id":"https:\/\/www.groupfleet.com\/de\/#\/schema\/person\/fa30e2d07961b7b80d8cf332804e8984"},"description":"Sopra Steria elektrifiziert den Fuhrpark: Erfahren Sie, warum ID.7 Tourer jetzt Teil des Wandels zur E-Mobilit\u00e4t sind. Jetzt mehr lesen!","breadcrumb":{"@id":"https:\/\/www.groupfleet.com\/de\/sopra-steria\/#breadcrumb"},"inLanguage":"de","potentialAction":[{"@type":"ReadAction","target":["https:\/\/www.groupfleet.com\/de\/sopra-steria\/"]}]},{"@type":"ImageObject","inLanguage":"de","@id":"https:\/\/www.groupfleet.com\/de\/sopra-steria\/#primaryimage","url":"https:\/\/www.groupfleet.com\/wp-content\/uploads\/2024\/12\/DSC_0050_13x18.jpg","contentUrl":"https:\/\/www.groupfleet.com\/wp-content\/uploads\/2024\/12\/DSC_0050_13x18.jpg","width":2126,"height":1535},{"@type":"BreadcrumbList","@id":"https:\/\/www.groupfleet.com\/de\/sopra-steria\/#breadcrumb","itemListElement":[{"@type":"ListItem","position":1,"name":"Home","item":"https:\/\/www.groupfleet.com\/de\/"},{"@type":"ListItem","position":2,"name":"\u201eUnsere Leute gehen bei der E-Mobilit\u00e4t voll mit \u2013 aus \u00dcberzeugung\u201c"}]},{"@type":"WebSite","@id":"https:\/\/www.groupfleet.com\/de\/#website","url":"https:\/\/www.groupfleet.com\/de\/","name":"Volkswagen Group | FleetHub","description":"Online magazine for Fleet managers","potentialAction":[{"@type":"SearchAction","target":{"@type":"EntryPoint","urlTemplate":"https:\/\/www.groupfleet.com\/de\/?s={search_term_string}"},"query-input":{"@type":"PropertyValueSpecification","valueRequired":true,"valueName":"search_term_string"}}],"inLanguage":"de"},{"@type":"Person","@id":"https:\/\/www.groupfleet.com\/de\/#\/schema\/person\/fa30e2d07961b7b80d8cf332804e8984","name":"J\u00f6rg Bergmann","url":"https:\/\/www.groupfleet.com\/de\/author\/jbergmann\/"}]}},"_links":{"self":[{"href":"https:\/\/www.groupfleet.com\/de\/wp-json\/wp\/v2\/posts\/34938","targetHints":{"allow":["GET"]}}],"collection":[{"href":"https:\/\/www.groupfleet.com\/de\/wp-json\/wp\/v2\/posts"}],"about":[{"href":"https:\/\/www.groupfleet.com\/de\/wp-json\/wp\/v2\/types\/post"}],"author":[{"embeddable":true,"href":"https:\/\/www.groupfleet.com\/de\/wp-json\/wp\/v2\/users\/37"}],"replies":[{"embeddable":true,"href":"https:\/\/www.groupfleet.com\/de\/wp-json\/wp\/v2\/comments?post=34938"}],"version-history":[{"count":0,"href":"https:\/\/www.groupfleet.com\/de\/wp-json\/wp\/v2\/posts\/34938\/revisions"}],"wp:featuredmedia":[{"embeddable":true,"href":"https:\/\/www.groupfleet.com\/de\/wp-json\/wp\/v2\/media\/34948"}],"wp:attachment":[{"href":"https:\/\/www.groupfleet.com\/de\/wp-json\/wp\/v2\/media?parent=34938"}],"wp:term":[{"taxonomy":"category","embeddable":true,"href":"https:\/\/www.groupfleet.com\/de\/wp-json\/wp\/v2\/categories?post=34938"},{"taxonomy":"post_tag","embeddable":true,"href":"https:\/\/www.groupfleet.com\/de\/wp-json\/wp\/v2\/tags?post=34938"}],"curies":[{"name":"wp","href":"https:\/\/api.w.org\/{rel}","templated":true}]}}