{"id":34664,"date":"2024-12-17T11:37:57","date_gmt":"2024-12-17T10:37:57","guid":{"rendered":"https:\/\/www.groupfleet.com\/?p=34664"},"modified":"2026-04-28T13:23:52","modified_gmt":"2026-04-28T11:23:52","slug":"cupra-terramar","status":"publish","type":"post","link":"https:\/\/www.groupfleet.com\/de\/cupra-terramar\/","title":{"rendered":"Sportlich. Elektrifiziert. Markant."},"content":{"rendered":"<div class=\"wpb-content-wrapper\"><p>[vc_row][vc_column][vc_column_text css=&#8220;&#8220;]<\/p>\n<h2><span style=\"color: #99a9ad; font-size: 18pt;\">11. Dezember 2024<\/span><\/h2>\n<p><span style=\"font-family: TheGroup, palatino, serif; font-size: 18pt; color: #000000;\">Die spanische Challenger-Brand CUPRA hat seit ihrem Launch im Jahr 2018 ein beeindruckendes Momentum entwickelt und konnte seither \u00fcber 750.000 Fahrzeuge ausliefern. Damit geh\u00f6rt CUPRA zu den am schnellsten wachsenden Automarken in Europa \u2013 und bringt jetzt das n\u00e4chste Modell mit Bestseller-Mentalit\u00e4t an den Start: den neuen Terramar.<\/span>[\/vc_column_text][\/vc_column][\/vc_row][vc_row][vc_column]\n\n<div class=\"article_infobox article_infobox_right\" style=\"width: 40%; background-color: #AF7454; color: #FFFFFF;\">\n\t<\/p>\n<h2><strong>D<\/strong><strong>er neue CUPRA Terramar<br \/>\n<\/strong><\/h2>\n<p><strong>Kraftstoffart:<\/strong><\/p>\n<p>Benzin, Mildhybrid, Plug-in-Hybrid<\/p>\n<p>&nbsp;<\/p>\n<p><strong>Gep\u00e4ckraumvolumen:<\/strong><\/p>\n<p>bis zu 642 Liter (bei vorgeschobenen R\u00fccksitzen, Beladung bis zur H\u00f6he der R\u00fccksitzlehnen, ohne Doppelboden)<\/div>[vc_column_text css=&#8220;&#8220;]<\/p>\n<div class=\"iv-modul__question\">\n<div class=\"iv-modul__question\">\n<p>F\u00fcr User-Chooser ist CUPRA eine attraktive Marke, nicht nur wegen des sportlichen Charakters, sondern auch aufgrund des mutigen und selbstbewussten Designs. Sechs Modelle haben die progressiven Spanier bereits im Portfolio und heben mit dem Terramar nun das siebte Automobil auf den Asphalt \u2013 und in den Fuhrpark: Der CUPRA Terramar ist ein hochemotionaler, sportlicher SUV, der die neue DNA von CUPRA verk\u00f6rpert und den Hotspot des SUV-Segments trifft \u2013 ein Fahrzeug, das sich durch sein unverwechselbares Design von der Masse abhebt. Gleichzeitig ist der CUPRA Terramar eine Hommage an die historische Rennstrecke Aut\u00f3drom de Sitges-Terramar, auf der die Marke im Jahr 2018 geboren wurde.<\/p>\n<\/div>\n<\/div>\n<p>[\/vc_column_text][\/vc_column][\/vc_row][vc_row][vc_column][vc_column_text css=&#8220;&#8220;]<\/p>\n<div class=\"iv-modul__question\">\n<div class=\"iv-modul__question\">\n<h2><span style=\"color: #000000;\">Skulptural und dynamisch<\/span><\/h2>\n<\/div>\n<\/div>\n<p>[\/vc_column_text][vc_gallery interval=&#8220;3&#8243; images=&#8220;34642,34650,34636,34644&#8243; img_size=&#8220;large&#8220; css=&#8220;&#8220;][vc_column_text css=&#8220;&#8220;]<\/p>\n<div class=\"iv-modul__question\">\n<p>Von vorn pr\u00e4sentiert sich der CUPRA Terramar als kraftvolles Fahrzeug, das durch seine Sharknose gekennzeichnet ist. Er tr\u00e4gt die neue Lichtsignatur der Marke mit den drei Dreiecken bestehend aus CUPRA Matrix-LEDs Ultra mit High-Definition-Technologie. Das CUPRA Logo wird von zwei Linien eingerahmt, die auch die Oberfl\u00e4chen der langen Motorhaube skulptural und dynamisch gestalten und die Proportionen des Fahrzeugs betonen.<\/p>\n<\/div>\n<p>[\/vc_column_text][vc_column_text css=&#8220;&#8220;]<\/p>\n<div class=\"iv-modul__question\">\n<p>Das breite Heck des CUPRA Terramar verleiht dem SUV eine starke Pr\u00e4senz. Das integrierte und beleuchtete CUPRA Logo ist zentral zwischen den R\u00fcckleuchten positioniert, der Name Terramar ist ebenfalls beleuchtet. Der Heckdiffusor steht im Kontrast zu den anderen Designelementen und tr\u00e4gt dazu bei, die Proportionen des Fahrzeugs aufzulockern und ihm einen trotzigen Charakter zu verleihen.<\/p>\n<\/div>\n<p>[\/vc_column_text]\n<div class=\"gridgallery vw_masonry mylightbox_group\">\n\t\t\t\t<div class=\"vw_masonry_item gg_img gg_img_3 gg_img_3_1  \">\n\t\t\t<img loading=\"lazy\" decoding=\"async\" width=\"640\" height=\"360\" src=\"https:\/\/www.groupfleet.com\/wp-content\/uploads\/2024\/12\/cupra_terramar_int_05_1920x1080-640x360.jpg\" class=\"attachment-vw_small size-vw_small open_mylightbox\" alt=\"\" data-full=\"https:\/\/www.groupfleet.com\/wp-content\/uploads\/2024\/12\/cupra_terramar_int_05_1920x1080-1800x1013.jpg\" data-desc=\"\" \/>\t\t<\/div>\n\t\t\t<div class=\"vw_masonry_item gg_img gg_img_3 gg_img_3_2 mylightbox_hover \">\n\t\t\t<img loading=\"lazy\" decoding=\"async\" width=\"640\" height=\"360\" src=\"https:\/\/www.groupfleet.com\/wp-content\/uploads\/2024\/12\/cupra_terramar_int_01_1920x1080-640x360.jpg\" class=\"attachment-vw_small size-vw_small open_mylightbox\" alt=\"\" data-full=\"https:\/\/www.groupfleet.com\/wp-content\/uploads\/2024\/12\/cupra_terramar_int_01_1920x1080-1800x1013.jpg\" data-desc=\"\" data-desc-class=\"mylightbox_desc_tl\" data-emission=\"{&quot;1&quot;:&quot;34699&quot;}\" \/>\t\t<\/div>\n\t\t\t<div class=\"vw_masonry_item gg_img gg_img_3 gg_img_3_3  \">\n\t\t\t<img loading=\"lazy\" decoding=\"async\" width=\"640\" height=\"360\" src=\"https:\/\/www.groupfleet.com\/wp-content\/uploads\/2024\/12\/cupra_terramar_int_06_1920x1080-640x360.jpg\" class=\"attachment-vw_small size-vw_small open_mylightbox\" alt=\"\" data-full=\"https:\/\/www.groupfleet.com\/wp-content\/uploads\/2024\/12\/cupra_terramar_int_06_1920x1080-1800x1013.jpg\" data-desc=\"\" \/>\t\t<\/div>\n\t<\/div>\n\n<script type=\"text\/javascript\">\n\/*\n\t$('.vw_masonry').masonry({\n\t\tcolumnWidth: 1,\n\t\titemSelector: '.vw_masonry_item',\n\t\tpercentPosition: true\n\t});\t\n*\/\n<\/script>[\/vc_column][\/vc_row][vc_row][vc_column][vc_column_text css=&#8220;&#8220;]<\/p>\n<div class=\"iv-modul__question\">\n<div class=\"iv-modul__question\">\n<h2><span style=\"color: #000000;\">Hochemotional und digital<\/span><\/h2>\n<\/div>\n<\/div>\n<p>[\/vc_column_text][vc_column_text css=&#8220;&#8220;]<\/p>\n<div class=\"iv-modul__question\">\n<div class=\"iv-modul__question\">\n<p>Im Innenraum setzt sich der hochemotionale Charakter des CUPRA Terramar fort. Das fahrerorientierte Interieur stellt die Person am Steuer in den Mittelpunkt. Das serienm\u00e4\u00dfige CUPRA Lenkrad mit Schaltwippen und Satellitentasten bietet als erstes Kontaktelement maximale Kontrolle, w\u00e4hrend die serienm\u00e4\u00dfigen Schalensitze die perfekte Balance zwischen Sportlichkeit und Komfort gew\u00e4hren.<\/p>\n<\/div>\n<\/div>\n<p>[\/vc_column_text][vc_column_text css=&#8220;&#8220;]<\/p>\n<div class=\"iv-modul__question\">\n<div class=\"iv-modul__question\">\n<p>Die Digitalisierung stellt ein weiteres wichtiges Element dar: Ein neues und verbessertes HMI ist im digitalen Cockpit hinter dem Lenkrad ebenso implementiert wie im 12,9-Zoll-Infotainmentsystem mit einem retrobeleuchteten Slider. Erg\u00e4nzt wird das Erlebnis durch das Head-up-Display in der Windschutzscheibe, das Informationen direkt im Blickfeld der Person am Steuer anzeigt.<\/p>\n<\/div>\n<\/div>\n<p>[\/vc_column_text][vc_column_text css=&#8220;&#8220;]<\/p>\n<div class=\"iv-modul__question\">\n<div class=\"iv-modul__question\">\n<p>Das Infotainmentsystem verf\u00fcgt \u00fcber einen verbesserten App-Bereich, Widgets und einen Klima-Bereich f\u00fcr eine intuitiv zu bedienende Benutzeroberfl\u00e4che. Hier dreht sich alles um Einfachheit, Personalisierung und modernes Design. Die Klimasteuerung ist jetzt nahtlos in den Bildschirm des Hauptger\u00e4ts integriert, sodass alle Fahrzeugfunktionen und Assistenten mit nur einem Klick erreichbar sind.<\/p>\n<\/div>\n<\/div>\n<p>[\/vc_column_text][\/vc_column][\/vc_row][vc_row][vc_column][vc_tta_accordion active_section=&#8220;&#8220; collapsible_all=&#8220;true&#8220;][vc_tta_section title=&#8220;Breit aufgestellte Komfortsysteme&#8220; tab_id=&#8220;1733915658003-9d6ac767-0b56&#8243;][vc_column_text css=&#8220;&#8220;]<\/p>\n<div class=\"iv-modul__question\">\n<div class=\"iv-modul__question\">\n<p>Der CUPRA Terramar bietet eine breite Palette an Sicherheits- und Komfortfunktionen. Eine Reihe integrierter Technologien, die helfen, aber nicht st\u00f6ren, machen den sportlichen SUV zu einem der komfortabelsten Fahrzeuge in diesem Segment.<\/p>\n<\/div>\n<\/div>\n<p>[\/vc_column_text][\/vc_tta_section][vc_tta_section title=&#8220;Dazu geh\u00f6ren:&#8220; tab_id=&#8220;1733913765881-fde5b496-3df3&#8243;][vc_column_text css=&#8220;&#8220;]<\/p>\n<ul>\n<li>Das vorausschauende <strong>ACC-System<\/strong> kann das Fahrzeug auf der Grundlage von Routen- und GPS-Daten des Navigationssystems verorten und seine Geschwindigkeit entsprechend der Stra\u00dfenf\u00fchrung \u2013 Kurven, Kreisverkehre, Kreuzungen, Geschwindigkeitsbegrenzungen und geschlossene Ortschaften \u2013 korrigieren. Mithilfe der Frontkamera und der Verkehrszeichenerkennung kann es die Geschwindigkeit anpassen, wenn sich Grenzwerte \u00e4ndern.<\/li>\n<li><strong>Travel Assist<\/strong> nutzt die Informationen des ACC und des Spurhalteassistenten, um das Fahrzeug aktiv in der Mitte der Fahrspur zu halten und die Geschwindigkeit an den Verkehrsfluss anzupassen \u2013 \u00fcber den gesamten Geschwindigkeitsbereich.<\/li>\n<li>Die Technologie des <strong>Seiten- und Ausstiegsassistent<\/strong> erkennt mithilfe der Toter-Winkel-Erkennung, was die Augen der Passagiere nicht sehen k\u00f6nnen. Er warnt zus\u00e4tzlich beim Aussteigen aus dem Fahrzeug nach dem Parken und warnt akustisch und optisch, wenn sich jemand oder etwas im toten Winkel n\u00e4hert.<\/li>\n<li>Der <strong>Notfallassistent<\/strong> sorgt mit optischen und akustischen Warnungen daf\u00fcr, dass die Person am Steuer sich auf das Fahren konzentriert und nicht abgelenkt wird. Reagiert sie nicht, kann das System Bremsst\u00f6\u00dfe ausl\u00f6sen. \u00c4ndert sich nichts, kann das Fahrzeug anhalten und die Warnleuchten aktivieren. Wenn das Fahrzeug geparkt ist, kann der CUPRA Terramar \u00fcber das eCall-System direkt mit den Rettungsdiensten Kontakt aufnehmen.<\/li>\n<li>Der <strong>Aufmerksamkeits- und M\u00fcdigkeits-Assistent<\/strong> warnt die Person am Steuer akustisch und optisch, wenn sie abgelenkt oder ersch\u00f6pft ist, und sorgt daf\u00fcr, dass sie sich auf das Fahren konzentrieren kann.<\/li>\n<li>Das Angebot an fortschrittlichen Fahrerassistenzsystemen wird durch die <strong>Integration von sieben Airbags<\/strong> verst\u00e4rkt, einschlie\u00dflich eines serienm\u00e4\u00dfigen Front-Zentralairbags. Der Mix aus Technologien schafft ein bemerkenswert hohes Ma\u00df an Sicherheit, ohne das Fahrerlebnis zu beeintr\u00e4chtigen.<\/li>\n<li>Der CUPRA Terramar bringt mit den <strong>CUPRA Matrix-LED-Ultra-Scheinwerfern mit High-Definition-Technologie<\/strong> Licht in den Bereich Sicherheit und Komfort. Sie leuchten nicht nur die Stra\u00dfe aus, sondern beleuchten auch Informationen auf dem Asphalt vor der Person am Steuer \u2013 f\u00fcr noch mehr Sicherheit und Aufmerksamkeit. Die CUPRA Matrix-LED-Ultra-Scheinwerfer mit High-Definition-Technologie bieten fortschrittliche Funktionen und projizieren wichtige Informationen auf die Stra\u00dfe, sei es eine Warnung vor dem vorausfahrenden Fahrzeug oder eine Wetterwarnung.<\/li>\n<li>Schlie\u00dflich verf\u00fcgt der CUPRA Terramar auf Wunsch \u00fcber ein fortschrittliches <strong>\u201ePre-Crash\u201c-Insassenschutzsystem,<\/strong> das auf der Grundlage der Fahrzeugdynamik und der Informationen des Front- und Heckradars auf einen m\u00f6glichen Aufprall reagieren kann.<\/li>\n<\/ul>\n<p>[\/vc_column_text][\/vc_tta_section][\/vc_tta_accordion][\/vc_column][\/vc_row][vc_row][vc_column][vc_single_image image=&#8220;34693&#8243; img_size=&#8220;large&#8220; css=&#8220;&#8220;][vc_column_text css=&#8220;&#8220;]<\/p>\n<div class=\"iv-modul__question\">\n<div class=\"iv-modul__question\">\n<h2><span style=\"color: #000000;\">Sportlicher Antrieb<\/span><\/h2>\n<\/div>\n<\/div>\n<p>[\/vc_column_text][vc_column_text css=&#8220;&#8220;]<\/p>\n<div class=\"iv-modul__question\">\n<div class=\"iv-modul__question\">\n<p>Der CUPRA Terramar verf\u00fcgt je nach Auswahl \u00fcber leistungsstarke und effiziente Verbrennungsmotoren und bietet diese auch in Kombination mit lokal emissionsfreier Elektromobilit\u00e4t. So stehen zahlreiche auf verschiedene individuelle Bed\u00fcrfnisse zugeschnittene Antriebsoptionen zur Wahl, beispielsweise:<\/p>\n<\/div>\n<\/div>\n<p>[\/vc_column_text]\n\n<div class=\"article_infobox article_infobox_right\" style=\"width: 40%; background-color: #AF7454; color: #FFFFFF;\">\n\t<\/p>\n<h2><strong>Fazit<br \/>\n<\/strong><\/h2>\n<p>Der neue CUPRA Terramar bietet gen\u00fcgend Seriosit\u00e4t und Komfort f\u00fcrs Berufliche, punktet im Privaten mit au\u00dfergew\u00f6hnlichem Spirit und \u00fcberzeugt dar\u00fcber hinaus mit einem attraktiven Raumangebot. Gleichzeitig bietet er alles, was ein Kunde von einem CUPRA-Modell in Bezug auf Sportlichkeit, Design und Benutzererfahrung erwartet.<\/div>[vc_column_text css=&#8220;&#8220;]<\/p>\n<div class=\"iv-modul__question\">\n<div class=\"iv-modul__question\">\n<ul>\n<li>CUPRA Terramar 1.5 eTSI 110 kW (150 PS): Kraftstoffverbrauch (kombiniert): 6,1\u20136,6 l\/100 km; CO\u2082-Emissionen (kombiniert): 139\u2013152 g\/km; CO\u2082-Klasse (kombiniert): E.<\/li>\n<li>CUPRA Terramar VZ 2.0 TSI 4Drive 195 kW (265 PS): Kraftstoffverbrauch (kombiniert): 8,4\u20138,8 l\/100 km; CO\u2082-Emissionen (kombiniert): 191\u2013199 g\/km; CO\u2082-Klasse (kombiniert): G.<\/li>\n<li>CUPRA Terramar VZ 1.5 e-HYBRID 200 kW (272 PS): Kraftstoffverbrauch (gewichtet kombiniert): 0,4\u20130,5 l\/100 km; Stromverbrauch (gewichtet kombiniert): 17,6\u201319,0 kWh\/100 km; Kraftstoffverbrauch (bei entladener Batterie): 5,7\u20136,1 l\/100 km; CO\u2082-Emissionen (gewichtet kombiniert): 10\u201312 g\/km; CO\u2082-Klasse (gewichtet kombiniert): B; CO\u2082-Klasse (bei entladener Batterie): D-E.<\/li>\n<\/ul>\n<\/div>\n<\/div>\n<p>[\/vc_column_text][\/vc_column][\/vc_row][vc_row][vc_column]\n<div class=\"mybutton\" style=\"text-align: center;\">\n\t<a class=\"button \"  href=\"https:\/\/cupraofficial.de\/fahrzeuge\/terramar\" target=\"_blank\">Mehr \u00fcber den neuen CUPRA Terramar erfahren<\/a>\n<\/div>[\/vc_column][\/vc_row][vc_row][vc_column][vc_separator][vc_column_text css=&#8220;&#8220;]<\/p>\n<div class=\"richtext abstractContentComponent parbase section\">\n<div class=\"grid-section grid-group\">\n<div class=\"grid-col span_12_of_12\">\n<div class=\"textmedia h-clearfix\">\n<div class=\"textmedia__inner textmedia__richtext\">\n<div class=\"richtext abstractContentComponent parbase section\">\n<div class=\"grid-section grid-group\">\n<div class=\"grid-col span_12_of_12\">\n<div class=\"textmedia h-clearfix\">\n<div class=\"textmedia__inner textmedia__richtext\">\n<div class=\"richtext abstractContentComponent parbase section\">\n<div class=\"grid-section grid-group\">\n<div class=\"grid-col span_12_of_12\">\n<div class=\"textmedia h-clearfix\">\n<div class=\"textmedia__inner textmedia__richtext\">\n<div class=\"richtext abstractContentComponent parbase section\">\n<div class=\"grid-section grid-group\">\n<div class=\"grid-col span_12_of_12\">\n<div class=\"textmedia h-clearfix\">\n<div class=\"textmedia__inner textmedia__richtext\">\n<p><span style=\"font-size: 10pt;\"><em>Alle Angaben gelten f\u00fcr den deutschen Markt. Die Fahrzeugabbildungen zeigen Sonderausstattungen.<\/em><\/span><\/p>\n<p>&nbsp;<\/p>\n<\/div>\n<div class=\"textmedia__inner textmedia__richtext\">\n<p><span style=\"font-size: 10pt;\"><em>Stand: 11.12.2024<br \/>\n\u00a9 CUPRA<\/em><\/span><\/p>\n<\/div>\n<p>&nbsp;<\/p>\n<\/div>\n<\/div>\n<\/div>\n<\/div>\n<\/div>\n<\/div>\n<\/div>\n<\/div>\n<\/div>\n<\/div>\n<\/div>\n<\/div>\n<\/div>\n<\/div>\n<\/div>\n<\/div>\n<\/div>\n<\/div>\n<\/div>\n<p>[\/vc_column_text][\/vc_column][\/vc_row]<\/p>\n<\/div>","protected":false},"excerpt":{"rendered":"<p>Die spanische Challenger-Brand CUPRA bringt das n\u00e4chste Modell mit Bestseller-Mentalit\u00e4t an den Start.<\/p>\n","protected":false},"author":39,"featured_media":34640,"comment_status":"closed","ping_status":"closed","sticky":false,"template":"","format":"standard","meta":{"_acf_changed":false,"footnotes":""},"categories":[207,6],"tags":[],"class_list":["post-34664","post","type-post","status-publish","format-standard","has-post-thumbnail","hentry","category-cupra-und-seat","category-flottenmodelle","newsletter-fleetnews-05-24"],"acf":[],"yoast_head":"<!-- This site is optimized with the Yoast SEO plugin v27.4 - https:\/\/yoast.com\/product\/yoast-seo-wordpress\/ -->\n<title>Sportlich. Elektrifiziert. Markant. - Volkswagen Group | FleetHub<\/title>\n<meta name=\"robots\" content=\"index, follow, max-snippet:-1, max-image-preview:large, max-video-preview:-1\" \/>\n<link rel=\"canonical\" href=\"https:\/\/www.volkswagen-newsroom.com\/de\/pressemitteilungen\/der-neue-id4-weltpremiere-des-rein-elektrisch-angetriebenen-suv-6446\" \/>\n<meta property=\"og:locale\" content=\"de_DE\" \/>\n<meta property=\"og:type\" content=\"article\" \/>\n<meta property=\"og:title\" content=\"Sportlich. Elektrifiziert. Markant. - Volkswagen Group | FleetHub\" \/>\n<meta property=\"og:description\" content=\"Die spanische Challenger-Brand CUPRA bringt das n\u00e4chste Modell mit Bestseller-Mentalit\u00e4t an den Start.\" \/>\n<meta property=\"og:url\" content=\"https:\/\/www.volkswagen-newsroom.com\/de\/pressemitteilungen\/der-neue-id4-weltpremiere-des-rein-elektrisch-angetriebenen-suv-6446\" \/>\n<meta property=\"og:site_name\" content=\"Volkswagen Group | FleetHub\" \/>\n<meta property=\"article:published_time\" content=\"2024-12-17T10:37:57+00:00\" \/>\n<meta property=\"article:modified_time\" content=\"2026-04-28T11:23:52+00:00\" \/>\n<meta property=\"og:image\" content=\"https:\/\/www.groupfleet.com\/wp-content\/uploads\/2024\/12\/cupra_terramar_ext_01_v2_1920x1080.jpg\" \/>\n\t<meta property=\"og:image:width\" content=\"1920\" \/>\n\t<meta property=\"og:image:height\" content=\"1080\" \/>\n\t<meta property=\"og:image:type\" content=\"image\/jpeg\" \/>\n<meta name=\"author\" content=\"Stefan Gro\u00dfer\" \/>\n<meta name=\"twitter:card\" content=\"summary_large_image\" \/>\n<meta name=\"twitter:label1\" content=\"Verfasst von\" \/>\n\t<meta name=\"twitter:data1\" content=\"Stefan Gro\u00dfer\" \/>\n\t<meta name=\"twitter:label2\" content=\"Gesch\u00e4tzte Lesezeit\" \/>\n\t<meta name=\"twitter:data2\" content=\"8\u00a0Minuten\" \/>\n<script type=\"application\/ld+json\" class=\"yoast-schema-graph\">{\"@context\":\"https:\\\/\\\/schema.org\",\"@graph\":[{\"@type\":\"Article\",\"@id\":\"https:\\\/\\\/www.volkswagen-newsroom.com\\\/de\\\/pressemitteilungen\\\/der-neue-id4-weltpremiere-des-rein-elektrisch-angetriebenen-suv-6446#article\",\"isPartOf\":{\"@id\":\"https:\\\/\\\/www.groupfleet.com\\\/de\\\/cupra-terramar\\\/\"},\"author\":{\"name\":\"Stefan Gro\u00dfer\",\"@id\":\"https:\\\/\\\/www.groupfleet.com\\\/de\\\/#\\\/schema\\\/person\\\/8b1d7be286fefef37804765123983b32\"},\"headline\":\"Sportlich. Elektrifiziert. Markant.\",\"datePublished\":\"2024-12-17T10:37:57+00:00\",\"dateModified\":\"2026-04-28T11:23:52+00:00\",\"mainEntityOfPage\":{\"@id\":\"https:\\\/\\\/www.groupfleet.com\\\/de\\\/cupra-terramar\\\/\"},\"wordCount\":1337,\"image\":{\"@id\":\"https:\\\/\\\/www.volkswagen-newsroom.com\\\/de\\\/pressemitteilungen\\\/der-neue-id4-weltpremiere-des-rein-elektrisch-angetriebenen-suv-6446#primaryimage\"},\"thumbnailUrl\":\"https:\\\/\\\/www.groupfleet.com\\\/wp-content\\\/uploads\\\/2024\\\/12\\\/cupra_terramar_ext_01_v2_1920x1080.jpg\",\"articleSection\":[\"CUPRA und SEAT\",\"Flottenmodelle\"],\"inLanguage\":\"de\"},{\"@type\":\"WebPage\",\"@id\":\"https:\\\/\\\/www.groupfleet.com\\\/de\\\/cupra-terramar\\\/\",\"url\":\"https:\\\/\\\/www.volkswagen-newsroom.com\\\/de\\\/pressemitteilungen\\\/der-neue-id4-weltpremiere-des-rein-elektrisch-angetriebenen-suv-6446\",\"name\":\"Sportlich. Elektrifiziert. Markant. - Volkswagen Group | FleetHub\",\"isPartOf\":{\"@id\":\"https:\\\/\\\/www.groupfleet.com\\\/de\\\/#website\"},\"primaryImageOfPage\":{\"@id\":\"https:\\\/\\\/www.volkswagen-newsroom.com\\\/de\\\/pressemitteilungen\\\/der-neue-id4-weltpremiere-des-rein-elektrisch-angetriebenen-suv-6446#primaryimage\"},\"image\":{\"@id\":\"https:\\\/\\\/www.volkswagen-newsroom.com\\\/de\\\/pressemitteilungen\\\/der-neue-id4-weltpremiere-des-rein-elektrisch-angetriebenen-suv-6446#primaryimage\"},\"thumbnailUrl\":\"https:\\\/\\\/www.groupfleet.com\\\/wp-content\\\/uploads\\\/2024\\\/12\\\/cupra_terramar_ext_01_v2_1920x1080.jpg\",\"datePublished\":\"2024-12-17T10:37:57+00:00\",\"dateModified\":\"2026-04-28T11:23:52+00:00\",\"author\":{\"@id\":\"https:\\\/\\\/www.groupfleet.com\\\/de\\\/#\\\/schema\\\/person\\\/8b1d7be286fefef37804765123983b32\"},\"breadcrumb\":{\"@id\":\"https:\\\/\\\/www.volkswagen-newsroom.com\\\/de\\\/pressemitteilungen\\\/der-neue-id4-weltpremiere-des-rein-elektrisch-angetriebenen-suv-6446#breadcrumb\"},\"inLanguage\":\"de\",\"potentialAction\":[{\"@type\":\"ReadAction\",\"target\":[\"https:\\\/\\\/www.volkswagen-newsroom.com\\\/de\\\/pressemitteilungen\\\/der-neue-id4-weltpremiere-des-rein-elektrisch-angetriebenen-suv-6446\"]}]},{\"@type\":\"ImageObject\",\"inLanguage\":\"de\",\"@id\":\"https:\\\/\\\/www.volkswagen-newsroom.com\\\/de\\\/pressemitteilungen\\\/der-neue-id4-weltpremiere-des-rein-elektrisch-angetriebenen-suv-6446#primaryimage\",\"url\":\"https:\\\/\\\/www.groupfleet.com\\\/wp-content\\\/uploads\\\/2024\\\/12\\\/cupra_terramar_ext_01_v2_1920x1080.jpg\",\"contentUrl\":\"https:\\\/\\\/www.groupfleet.com\\\/wp-content\\\/uploads\\\/2024\\\/12\\\/cupra_terramar_ext_01_v2_1920x1080.jpg\",\"width\":1920,\"height\":1080},{\"@type\":\"BreadcrumbList\",\"@id\":\"https:\\\/\\\/www.volkswagen-newsroom.com\\\/de\\\/pressemitteilungen\\\/der-neue-id4-weltpremiere-des-rein-elektrisch-angetriebenen-suv-6446#breadcrumb\",\"itemListElement\":[{\"@type\":\"ListItem\",\"position\":1,\"name\":\"Home\",\"item\":\"https:\\\/\\\/www.groupfleet.com\\\/de\\\/\"},{\"@type\":\"ListItem\",\"position\":2,\"name\":\"Sportlich. Elektrifiziert. Markant.\"}]},{\"@type\":\"WebSite\",\"@id\":\"https:\\\/\\\/www.groupfleet.com\\\/de\\\/#website\",\"url\":\"https:\\\/\\\/www.groupfleet.com\\\/de\\\/\",\"name\":\"Volkswagen Group | FleetHub\",\"description\":\"Online magazine for Fleet managers\",\"potentialAction\":[{\"@type\":\"SearchAction\",\"target\":{\"@type\":\"EntryPoint\",\"urlTemplate\":\"https:\\\/\\\/www.groupfleet.com\\\/de\\\/?s={search_term_string}\"},\"query-input\":{\"@type\":\"PropertyValueSpecification\",\"valueRequired\":true,\"valueName\":\"search_term_string\"}}],\"inLanguage\":\"de\"},{\"@type\":\"Person\",\"@id\":\"https:\\\/\\\/www.groupfleet.com\\\/de\\\/#\\\/schema\\\/person\\\/8b1d7be286fefef37804765123983b32\",\"name\":\"Stefan Gro\u00dfer\",\"url\":\"https:\\\/\\\/www.groupfleet.com\\\/de\\\/author\\\/sgrosser\\\/\"}]}<\/script>\n<!-- \/ Yoast SEO plugin. -->","yoast_head_json":{"title":"Sportlich. Elektrifiziert. Markant. - Volkswagen Group | FleetHub","robots":{"index":"index","follow":"follow","max-snippet":"max-snippet:-1","max-image-preview":"max-image-preview:large","max-video-preview":"max-video-preview:-1"},"canonical":"https:\/\/www.volkswagen-newsroom.com\/de\/pressemitteilungen\/der-neue-id4-weltpremiere-des-rein-elektrisch-angetriebenen-suv-6446","og_locale":"de_DE","og_type":"article","og_title":"Sportlich. Elektrifiziert. Markant. - Volkswagen Group | FleetHub","og_description":"Die spanische Challenger-Brand CUPRA bringt das n\u00e4chste Modell mit Bestseller-Mentalit\u00e4t an den Start.","og_url":"https:\/\/www.volkswagen-newsroom.com\/de\/pressemitteilungen\/der-neue-id4-weltpremiere-des-rein-elektrisch-angetriebenen-suv-6446","og_site_name":"Volkswagen Group | FleetHub","article_published_time":"2024-12-17T10:37:57+00:00","article_modified_time":"2026-04-28T11:23:52+00:00","og_image":[{"width":1920,"height":1080,"url":"https:\/\/www.groupfleet.com\/wp-content\/uploads\/2024\/12\/cupra_terramar_ext_01_v2_1920x1080.jpg","type":"image\/jpeg"}],"author":"Stefan Gro\u00dfer","twitter_card":"summary_large_image","twitter_misc":{"Verfasst von":"Stefan Gro\u00dfer","Gesch\u00e4tzte Lesezeit":"8\u00a0Minuten"},"schema":{"@context":"https:\/\/schema.org","@graph":[{"@type":"Article","@id":"https:\/\/www.volkswagen-newsroom.com\/de\/pressemitteilungen\/der-neue-id4-weltpremiere-des-rein-elektrisch-angetriebenen-suv-6446#article","isPartOf":{"@id":"https:\/\/www.groupfleet.com\/de\/cupra-terramar\/"},"author":{"name":"Stefan Gro\u00dfer","@id":"https:\/\/www.groupfleet.com\/de\/#\/schema\/person\/8b1d7be286fefef37804765123983b32"},"headline":"Sportlich. Elektrifiziert. Markant.","datePublished":"2024-12-17T10:37:57+00:00","dateModified":"2026-04-28T11:23:52+00:00","mainEntityOfPage":{"@id":"https:\/\/www.groupfleet.com\/de\/cupra-terramar\/"},"wordCount":1337,"image":{"@id":"https:\/\/www.volkswagen-newsroom.com\/de\/pressemitteilungen\/der-neue-id4-weltpremiere-des-rein-elektrisch-angetriebenen-suv-6446#primaryimage"},"thumbnailUrl":"https:\/\/www.groupfleet.com\/wp-content\/uploads\/2024\/12\/cupra_terramar_ext_01_v2_1920x1080.jpg","articleSection":["CUPRA und SEAT","Flottenmodelle"],"inLanguage":"de"},{"@type":"WebPage","@id":"https:\/\/www.groupfleet.com\/de\/cupra-terramar\/","url":"https:\/\/www.volkswagen-newsroom.com\/de\/pressemitteilungen\/der-neue-id4-weltpremiere-des-rein-elektrisch-angetriebenen-suv-6446","name":"Sportlich. Elektrifiziert. Markant. - Volkswagen Group | FleetHub","isPartOf":{"@id":"https:\/\/www.groupfleet.com\/de\/#website"},"primaryImageOfPage":{"@id":"https:\/\/www.volkswagen-newsroom.com\/de\/pressemitteilungen\/der-neue-id4-weltpremiere-des-rein-elektrisch-angetriebenen-suv-6446#primaryimage"},"image":{"@id":"https:\/\/www.volkswagen-newsroom.com\/de\/pressemitteilungen\/der-neue-id4-weltpremiere-des-rein-elektrisch-angetriebenen-suv-6446#primaryimage"},"thumbnailUrl":"https:\/\/www.groupfleet.com\/wp-content\/uploads\/2024\/12\/cupra_terramar_ext_01_v2_1920x1080.jpg","datePublished":"2024-12-17T10:37:57+00:00","dateModified":"2026-04-28T11:23:52+00:00","author":{"@id":"https:\/\/www.groupfleet.com\/de\/#\/schema\/person\/8b1d7be286fefef37804765123983b32"},"breadcrumb":{"@id":"https:\/\/www.volkswagen-newsroom.com\/de\/pressemitteilungen\/der-neue-id4-weltpremiere-des-rein-elektrisch-angetriebenen-suv-6446#breadcrumb"},"inLanguage":"de","potentialAction":[{"@type":"ReadAction","target":["https:\/\/www.volkswagen-newsroom.com\/de\/pressemitteilungen\/der-neue-id4-weltpremiere-des-rein-elektrisch-angetriebenen-suv-6446"]}]},{"@type":"ImageObject","inLanguage":"de","@id":"https:\/\/www.volkswagen-newsroom.com\/de\/pressemitteilungen\/der-neue-id4-weltpremiere-des-rein-elektrisch-angetriebenen-suv-6446#primaryimage","url":"https:\/\/www.groupfleet.com\/wp-content\/uploads\/2024\/12\/cupra_terramar_ext_01_v2_1920x1080.jpg","contentUrl":"https:\/\/www.groupfleet.com\/wp-content\/uploads\/2024\/12\/cupra_terramar_ext_01_v2_1920x1080.jpg","width":1920,"height":1080},{"@type":"BreadcrumbList","@id":"https:\/\/www.volkswagen-newsroom.com\/de\/pressemitteilungen\/der-neue-id4-weltpremiere-des-rein-elektrisch-angetriebenen-suv-6446#breadcrumb","itemListElement":[{"@type":"ListItem","position":1,"name":"Home","item":"https:\/\/www.groupfleet.com\/de\/"},{"@type":"ListItem","position":2,"name":"Sportlich. Elektrifiziert. Markant."}]},{"@type":"WebSite","@id":"https:\/\/www.groupfleet.com\/de\/#website","url":"https:\/\/www.groupfleet.com\/de\/","name":"Volkswagen Group | FleetHub","description":"Online magazine for Fleet managers","potentialAction":[{"@type":"SearchAction","target":{"@type":"EntryPoint","urlTemplate":"https:\/\/www.groupfleet.com\/de\/?s={search_term_string}"},"query-input":{"@type":"PropertyValueSpecification","valueRequired":true,"valueName":"search_term_string"}}],"inLanguage":"de"},{"@type":"Person","@id":"https:\/\/www.groupfleet.com\/de\/#\/schema\/person\/8b1d7be286fefef37804765123983b32","name":"Stefan Gro\u00dfer","url":"https:\/\/www.groupfleet.com\/de\/author\/sgrosser\/"}]}},"_links":{"self":[{"href":"https:\/\/www.groupfleet.com\/de\/wp-json\/wp\/v2\/posts\/34664","targetHints":{"allow":["GET"]}}],"collection":[{"href":"https:\/\/www.groupfleet.com\/de\/wp-json\/wp\/v2\/posts"}],"about":[{"href":"https:\/\/www.groupfleet.com\/de\/wp-json\/wp\/v2\/types\/post"}],"author":[{"embeddable":true,"href":"https:\/\/www.groupfleet.com\/de\/wp-json\/wp\/v2\/users\/39"}],"replies":[{"embeddable":true,"href":"https:\/\/www.groupfleet.com\/de\/wp-json\/wp\/v2\/comments?post=34664"}],"version-history":[{"count":0,"href":"https:\/\/www.groupfleet.com\/de\/wp-json\/wp\/v2\/posts\/34664\/revisions"}],"wp:featuredmedia":[{"embeddable":true,"href":"https:\/\/www.groupfleet.com\/de\/wp-json\/wp\/v2\/media\/34640"}],"wp:attachment":[{"href":"https:\/\/www.groupfleet.com\/de\/wp-json\/wp\/v2\/media?parent=34664"}],"wp:term":[{"taxonomy":"category","embeddable":true,"href":"https:\/\/www.groupfleet.com\/de\/wp-json\/wp\/v2\/categories?post=34664"},{"taxonomy":"post_tag","embeddable":true,"href":"https:\/\/www.groupfleet.com\/de\/wp-json\/wp\/v2\/tags?post=34664"}],"curies":[{"name":"wp","href":"https:\/\/api.w.org\/{rel}","templated":true}]}}