{"id":34382,"date":"2024-12-17T11:33:40","date_gmt":"2024-12-17T10:33:40","guid":{"rendered":"https:\/\/www.groupfleet.com\/?p=34382"},"modified":"2025-03-06T13:24:31","modified_gmt":"2025-03-06T12:24:31","slug":"volkswagen-tayron","status":"publish","type":"post","link":"https:\/\/www.groupfleet.com\/de\/volkswagen-tayron\/","title":{"rendered":"Mehr Raum f\u00fcr Business und Freizeit"},"content":{"rendered":"<div class=\"wpb-content-wrapper\"><p>[vc_row][vc_column][vc_column_text css=&#8220;&#8220;]<span style=\"font-family: TheGroup, palatino, serif; font-size: 18pt; color: #3f9cc6;\"><span style=\"color: #000000;\">Die Marke Volkswagen pr\u00e4sentiert ein neues SUV, das sich in Fuhrparks schnell etablieren d\u00fcrfte: Der neue Tayron ist mit bis zu sieben Sitzen konfigurierbar und bietet jede Menge Stauraum. Dank seiner Gr\u00f6\u00dfe und Ausstattung d\u00fcrfte er beim User-Chooser gro\u00dfe Aufmerksamkeit erregen.<\/span><br \/>\n<\/span>[\/vc_column_text][\/vc_column][\/vc_row][vc_row][vc_column]\n\n<div class=\"article_infobox article_infobox_right\" style=\"width: 40%; background-color: #336b85;\">\n\t<\/p>\n<h2><strong>Der <\/strong><strong>neue Volkswagen Tayron<br \/>\n<\/strong><\/h2>\n<p><strong>Kraftstoffart:<\/strong><\/p>\n<p>Benzin, Diesel, Mild-Hybrid, Plug-in-Hybrid<\/p>\n<p>&nbsp;<\/p>\n<p><strong>Gep\u00e4ckraumvolumen:<\/strong><\/p>\n<p>bis zu 2.090 Liter (bei umgeklappten R\u00fccksitzen)<\/p>\n<p>&nbsp;<\/p>\n<p><strong>Zul\u00e4ssige Anh\u00e4ngelast:<\/strong><\/p>\n<p>2.500 kg (gebremst bei 12 %)<\/div>[vc_column_text css=&#8220;&#8220;]<\/p>\n<div class=\"iv-modul__question\">\n<div class=\"iv-modul__question\">\n<p>Den rund 4,8 m langen Tayron pr\u00e4gt ein klares SUV-Design. In der Frontpartie sorgen LED-Scheinwerfer und das serienm\u00e4\u00dfig illuminierte VW-Zeichen f\u00fcr eine unverwechselbare Lichtsignatur in die Nacht. Gleiches gilt f\u00fcr das Heck mit seiner durchgehenden LED-Querspange und dem auch hier illuminiertem VW-Zeichen. Pr\u00e4zise gef\u00fchrte Linien unterstreichen in der langgestreckten Silhouette die hochwertige Anmutung des Tayron. Diesen Anspruch spiegelt auch das Interieur wider: Dort bestimmen haptisch angenehme Oberfl\u00e4chen und je nach Ausstattung edle Materialien wie \u201eArtVelours Eco\u201c (Mikrofaser) und offenporiges Echtholz sowie durchleuchtete Dekore das Bild.<\/p>\n<\/div>\n<\/div>\n<p>[\/vc_column_text][\/vc_column][\/vc_row][vc_row][vc_column]\n<div class=\"gridgallery vw_masonry mylightbox_group\">\n\t\t<div class=\"gallery_text gt_tr\" style=\"color: #FFFFFF; background-color: #336B85;\">Rein elektrische Reichweite als eHybrid: mehr als 100 km\u00b9\u207e<\/div>\n\t\t\t\t<div class=\"vw_masonry_item gg_img gg_img_3 gg_img_3_1  \">\n\t\t\t<img loading=\"lazy\" decoding=\"async\" width=\"640\" height=\"360\" src=\"https:\/\/www.groupfleet.com\/wp-content\/uploads\/2024\/11\/ty0019_1920x1080-640x360.jpg\" class=\"attachment-vw_small size-vw_small open_mylightbox\" alt=\"\" data-full=\"https:\/\/www.groupfleet.com\/wp-content\/uploads\/2024\/11\/ty0019_1920x1080-1800x1013.jpg\" data-desc=\"\" \/>\t\t<\/div>\n\t\t\t<div class=\"vw_masonry_item gg_img gg_img_3 gg_img_3_2 mylightbox_hover \">\n\t\t\t<img loading=\"lazy\" decoding=\"async\" width=\"640\" height=\"360\" src=\"https:\/\/www.groupfleet.com\/wp-content\/uploads\/2024\/11\/ty0006_1920x1080-640x360.jpg\" class=\"attachment-vw_small size-vw_small open_mylightbox\" alt=\"\" data-full=\"https:\/\/www.groupfleet.com\/wp-content\/uploads\/2024\/11\/ty0006_1920x1080-1800x1013.jpg\" data-desc=\"\" \/>\t\t<\/div>\n\t\t\t<div class=\"vw_masonry_item gg_img gg_img_3 gg_img_3_3  \">\n\t\t\t<img loading=\"lazy\" decoding=\"async\" width=\"640\" height=\"360\" src=\"https:\/\/www.groupfleet.com\/wp-content\/uploads\/2024\/11\/ty0009_1920x1080-640x360.jpg\" class=\"attachment-vw_small size-vw_small open_mylightbox\" alt=\"\" data-full=\"https:\/\/www.groupfleet.com\/wp-content\/uploads\/2024\/11\/ty0009_1920x1080-1800x1013.jpg\" data-desc=\"\" \/>\t\t<\/div>\n\t<\/div>\n\n<script type=\"text\/javascript\">\n\/*\n\t$('.vw_masonry').masonry({\n\t\tcolumnWidth: 1,\n\t\titemSelector: '.vw_masonry_item',\n\t\tpercentPosition: true\n\t});\t\n*\/\n<\/script>[\/vc_column][\/vc_row][vc_row][vc_column width=&#8220;1\/2&#8243;][vc_single_image image=&#8220;34406&#8243; img_size=&#8220;large&#8220; css=&#8220;&#8220;][\/vc_column][vc_column width=&#8220;1\/2&#8243;][vc_column_text css=&#8220;&#8220;]<\/p>\n<div class=\"iv-modul__question\">\n<div class=\"iv-modul__question\">\n<h2><span style=\"color: #000000;\">Umfangreiche Serienausstattung<br \/>\n<\/span><\/h2>\n<\/div>\n<\/div>\n<p>[\/vc_column_text][vc_column_text css=&#8220;&#8220;]<\/p>\n<div class=\"iv-modul__question\">\n<div class=\"iv-modul__question\">\n<p>Das SUV startet in der Ausstattungslinie \u201eLife\u201c. Dar\u00fcber positioniert sind die Topversionen \u201eElegance\u201c und \u201eR-Line\u201c (Bild links). Bereits der Tayron \u201eLife\u201c bietet als Einstiegsvariante eine breit gef\u00e4cherte Serienausstattung. Dazu geh\u00f6ren Details wie neun Airbags und eine 3-Zonen-Klimaautomatik aber auch zahlreiche Fahrassistenzsystem wie:<\/p>\n<p>&nbsp;<\/p>\n<\/div>\n<ul>\n<li>Travel Assist<\/li>\n<li>Automatische Distanzregelung ACC<\/li>\n<li>Spurwechselassistent \u201eSide Assist\u201c mit Ausparkassistent und Ausstiegswarner<\/li>\n<\/ul>\n<\/div>\n<p>[\/vc_column_text][\/vc_column][\/vc_row][vc_row][vc_column width=&#8220;1\/2&#8243;][vc_column_text css=&#8220;&#8220;]<\/p>\n<div class=\"iv-modul__question\">\n<div class=\"iv-modul__question\">\n<h2><span style=\"color: #000000;\">Attraktive Ausstattungsoptionen<\/span><\/h2>\n<\/div>\n<\/div>\n<p>[\/vc_column_text][vc_column_text css=&#8220;&#8220;]<\/p>\n<div class=\"iv-modul__question\">\n<div class=\"iv-modul__question\">\n<p>Zu den optionalen Highlights geh\u00f6ren Systeme wie die adaptive Fahrwerksregelung \u201eDCC Pro\u201c, \u201eIQ.LIGHT \u2013 HD\u2013Matrix-Scheinwerfer\u201c mit interaktiven Lichtfunktionen (Bild rechts) und der \u201eTravel Assist\u201c f\u00fcr die assistierte L\u00e4ngs- und Querf\u00fchrung. Ebenso verf\u00fcgbar: ein Panorama-Ausstell-\/Schiebedach, ein 700-Watt-Soundsystem von Harman-Kardon, eine Lederausstattung mit elektrisch einstellbaren Sitzen inklusive Massage- und Bel\u00fcftungsfunktion sowie eine elektrisch aktivierbare Kindersicherung f\u00fcr den Fond.<\/p>\n<\/div>\n<\/div>\n<p>[\/vc_column_text][\/vc_column][vc_column width=&#8220;1\/2&#8243;][vc_single_image image=&#8220;34400&#8243; img_size=&#8220;full&#8220; css=&#8220;&#8220;][\/vc_column][\/vc_row][vc_row][vc_column]\n<div class=\"gridgallery vw_masonry mylightbox_group\">\n\t\t<div class=\"gallery_text gt_tr\" style=\"color: #FFFFFF; background-color: #336B85;\">Serienm\u00e4\u00dfig: 32,7 cm (12,9 Zoll) gro\u00dfer Touchscreen<\/div>\n\t\t\t\t<div class=\"vw_masonry_item gg_img gg_img_3 gg_img_3_1  \">\n\t\t\t<img loading=\"lazy\" decoding=\"async\" width=\"640\" height=\"360\" src=\"https:\/\/www.groupfleet.com\/wp-content\/uploads\/2024\/11\/ty0010_1920x1080-640x360.jpg\" class=\"attachment-vw_small size-vw_small open_mylightbox\" alt=\"\" data-full=\"https:\/\/www.groupfleet.com\/wp-content\/uploads\/2024\/11\/ty0010_1920x1080-1800x1013.jpg\" data-desc=\"\" \/>\t\t<\/div>\n\t\t\t<div class=\"vw_masonry_item gg_img gg_img_3 gg_img_3_2 mylightbox_hover \">\n\t\t\t<img loading=\"lazy\" decoding=\"async\" width=\"640\" height=\"360\" src=\"https:\/\/www.groupfleet.com\/wp-content\/uploads\/2024\/11\/ty0021_1920x1080-640x360.jpg\" class=\"attachment-vw_small size-vw_small open_mylightbox\" alt=\"\" data-full=\"https:\/\/www.groupfleet.com\/wp-content\/uploads\/2024\/11\/ty0021_1920x1080-1800x1013.jpg\" data-desc=\"\" \/>\t\t<\/div>\n\t\t\t<div class=\"vw_masonry_item gg_img gg_img_3 gg_img_3_3  \">\n\t\t\t<img loading=\"lazy\" decoding=\"async\" width=\"640\" height=\"360\" src=\"https:\/\/www.groupfleet.com\/wp-content\/uploads\/2024\/11\/ty0014_1920x1080-640x360.jpg\" class=\"attachment-vw_small size-vw_small open_mylightbox\" alt=\"\" data-full=\"https:\/\/www.groupfleet.com\/wp-content\/uploads\/2024\/11\/ty0014_1920x1080-1800x1013.jpg\" data-desc=\"\" \/>\t\t<\/div>\n\t<\/div>\n\n<script type=\"text\/javascript\">\n\/*\n\t$('.vw_masonry').masonry({\n\t\tcolumnWidth: 1,\n\t\titemSelector: '.vw_masonry_item',\n\t\tpercentPosition: true\n\t});\t\n*\/\n<\/script>[\/vc_column][\/vc_row][vc_row][vc_column]\n<div class=\"mybutton\" style=\"text-align: center;\">\n\t<a class=\"button \"  href=\"https:\/\/www.volkswagen.de\/de\/modelle\/der-neue-tayron.html\" target=\"_blank\">Mehr \u00fcber den neuen Tayron erfahren<\/a>\n<\/div>[\/vc_column][\/vc_row][vc_row][vc_column][vc_separator][vc_column_text css=&#8220;&#8220;]<\/p>\n<div class=\"richtext abstractContentComponent parbase section\">\n<div class=\"grid-section grid-group\">\n<div class=\"grid-col span_12_of_12\">\n<div class=\"textmedia h-clearfix\">\n<div class=\"textmedia__inner textmedia__richtext\">\n<div class=\"richtext abstractContentComponent parbase section\">\n<div class=\"grid-section grid-group\">\n<div class=\"grid-col span_12_of_12\">\n<div class=\"textmedia h-clearfix\">\n<div class=\"textmedia__inner textmedia__richtext\">\n<div class=\"richtext abstractContentComponent parbase section\">\n<div class=\"grid-section grid-group\">\n<div class=\"grid-col span_12_of_12\">\n<div class=\"textmedia h-clearfix\">\n<div class=\"textmedia__inner textmedia__richtext\">\n<div class=\"richtext abstractContentComponent parbase section\">\n<div class=\"grid-section grid-group\">\n<div class=\"grid-col span_12_of_12\">\n<div class=\"textmedia h-clearfix\">\n<div class=\"textmedia__inner textmedia__richtext\">\n<p><span style=\"font-size: 10pt;\"><em>Alle Angaben gelten f\u00fcr den deutschen Markt. Die Fahrzeugabbildungen zeigen Sonderausstattungen.<br \/>\n<\/em><\/span><\/p>\n<p>&nbsp;<\/p>\n<p><span style=\"font-size: 10pt;\"><em>\u00b9<\/em><\/span><span style=\"font-size: 10pt;\"><em>\u207eIn der reichweiteng\u00fcnstigsten Ausstattungsvariante des Tayron R-Line eHybrid mit 19,7 kWh Netto-Batterie-Energieinhalt auf dem Rollenpr\u00fcfstand ermittelte Reichweite. Die tats\u00e4chlichen Reichweitenwerte k\u00f6nnen ausstattungsbedingt abweichen. Die tats\u00e4chliche rein elektrische Reichweite weicht in der Praxis u. a. abh\u00e4ngig von Fahrstil, Geschwindigkeit, Einsatz von Komfort-\/Nebenverbrauchern, Au\u00dfentemperatur, Anzahl Mitfahrende\/Zuladung, Topografie und dem Alterungs- und Verschlei\u00dfprozess der Batterie ab.<\/em><\/span><\/p>\n<p>&nbsp;<\/p>\n<p><span style=\"font-size: 10pt;\"><em>Stand: 28.11.2024<br \/>\n\u00a9 Volkswagen<\/em><\/span><\/p>\n<\/div>\n<p>&nbsp;<\/p>\n<\/div>\n<\/div>\n<\/div>\n<\/div>\n<\/div>\n<\/div>\n<\/div>\n<\/div>\n<\/div>\n<\/div>\n<\/div>\n<\/div>\n<\/div>\n<\/div>\n<\/div>\n<\/div>\n<\/div>\n<\/div>\n<\/div>\n<p>[\/vc_column_text][\/vc_column][\/vc_row]<\/p>\n<\/div>","protected":false},"excerpt":{"rendered":"<p>Die Marke Volkswagen pr\u00e4sentiert ein neues SUV, das sich in Fuhrparks schnell etablieren d\u00fcrfte.<\/p>\n","protected":false},"author":39,"featured_media":34392,"comment_status":"closed","ping_status":"closed","sticky":false,"template":"","format":"standard","meta":{"_acf_changed":false,"footnotes":""},"categories":[17,6],"tags":[],"class_list":["post-34382","post","type-post","status-publish","format-standard","has-post-thumbnail","hentry","category-volkswagen-pkw","category-flottenmodelle","newsletter-fleetnews-05-24"],"acf":[],"yoast_head":"<!-- This site is optimized with the Yoast SEO plugin v27.4 - https:\/\/yoast.com\/product\/yoast-seo-wordpress\/ -->\n<title>Mehr Raum f\u00fcr Business und Freizeit - Volkswagen Group | FleetHub<\/title>\n<meta name=\"robots\" content=\"index, follow, max-snippet:-1, max-image-preview:large, max-video-preview:-1\" \/>\n<link rel=\"canonical\" href=\"https:\/\/www.volkswagen-newsroom.com\/de\/pressemitteilungen\/der-neue-id4-weltpremiere-des-rein-elektrisch-angetriebenen-suv-6446\" \/>\n<meta property=\"og:locale\" content=\"de_DE\" \/>\n<meta property=\"og:type\" content=\"article\" \/>\n<meta property=\"og:title\" content=\"Mehr Raum f\u00fcr Business und Freizeit - Volkswagen Group | FleetHub\" \/>\n<meta property=\"og:description\" content=\"Die Marke Volkswagen pr\u00e4sentiert ein neues SUV, das sich in Fuhrparks schnell etablieren d\u00fcrfte.\" \/>\n<meta property=\"og:url\" content=\"https:\/\/www.volkswagen-newsroom.com\/de\/pressemitteilungen\/der-neue-id4-weltpremiere-des-rein-elektrisch-angetriebenen-suv-6446\" \/>\n<meta property=\"og:site_name\" content=\"Volkswagen Group | FleetHub\" \/>\n<meta property=\"article:published_time\" content=\"2024-12-17T10:33:40+00:00\" \/>\n<meta property=\"article:modified_time\" content=\"2025-03-06T12:24:31+00:00\" \/>\n<meta property=\"og:image\" content=\"https:\/\/www.groupfleet.com\/wp-content\/uploads\/2024\/11\/ty0007_1920x1080.jpg\" \/>\n\t<meta property=\"og:image:width\" content=\"1920\" \/>\n\t<meta property=\"og:image:height\" content=\"1080\" \/>\n\t<meta property=\"og:image:type\" content=\"image\/jpeg\" \/>\n<meta name=\"author\" content=\"Stefan Gro\u00dfer\" \/>\n<meta name=\"twitter:card\" content=\"summary_large_image\" \/>\n<meta name=\"twitter:label1\" content=\"Verfasst von\" \/>\n\t<meta name=\"twitter:data1\" content=\"Stefan Gro\u00dfer\" \/>\n\t<meta name=\"twitter:label2\" content=\"Gesch\u00e4tzte Lesezeit\" \/>\n\t<meta name=\"twitter:data2\" content=\"3\u00a0Minuten\" \/>\n<script type=\"application\/ld+json\" class=\"yoast-schema-graph\">{\"@context\":\"https:\\\/\\\/schema.org\",\"@graph\":[{\"@type\":\"Article\",\"@id\":\"https:\\\/\\\/www.volkswagen-newsroom.com\\\/de\\\/pressemitteilungen\\\/der-neue-id4-weltpremiere-des-rein-elektrisch-angetriebenen-suv-6446#article\",\"isPartOf\":{\"@id\":\"https:\\\/\\\/www.groupfleet.com\\\/de\\\/volkswagen-tayron\\\/\"},\"author\":{\"name\":\"Stefan Gro\u00dfer\",\"@id\":\"https:\\\/\\\/www.groupfleet.com\\\/de\\\/#\\\/schema\\\/person\\\/8b1d7be286fefef37804765123983b32\"},\"headline\":\"Mehr Raum f\u00fcr Business und Freizeit\",\"datePublished\":\"2024-12-17T10:33:40+00:00\",\"dateModified\":\"2025-03-06T12:24:31+00:00\",\"mainEntityOfPage\":{\"@id\":\"https:\\\/\\\/www.groupfleet.com\\\/de\\\/volkswagen-tayron\\\/\"},\"wordCount\":602,\"image\":{\"@id\":\"https:\\\/\\\/www.volkswagen-newsroom.com\\\/de\\\/pressemitteilungen\\\/der-neue-id4-weltpremiere-des-rein-elektrisch-angetriebenen-suv-6446#primaryimage\"},\"thumbnailUrl\":\"https:\\\/\\\/www.groupfleet.com\\\/wp-content\\\/uploads\\\/2024\\\/11\\\/ty0007_1920x1080.jpg\",\"articleSection\":[\"Volkswagen\",\"Flottenmodelle\"],\"inLanguage\":\"de\"},{\"@type\":\"WebPage\",\"@id\":\"https:\\\/\\\/www.groupfleet.com\\\/de\\\/volkswagen-tayron\\\/\",\"url\":\"https:\\\/\\\/www.volkswagen-newsroom.com\\\/de\\\/pressemitteilungen\\\/der-neue-id4-weltpremiere-des-rein-elektrisch-angetriebenen-suv-6446\",\"name\":\"Mehr Raum f\u00fcr Business und Freizeit - Volkswagen Group | FleetHub\",\"isPartOf\":{\"@id\":\"https:\\\/\\\/www.groupfleet.com\\\/de\\\/#website\"},\"primaryImageOfPage\":{\"@id\":\"https:\\\/\\\/www.volkswagen-newsroom.com\\\/de\\\/pressemitteilungen\\\/der-neue-id4-weltpremiere-des-rein-elektrisch-angetriebenen-suv-6446#primaryimage\"},\"image\":{\"@id\":\"https:\\\/\\\/www.volkswagen-newsroom.com\\\/de\\\/pressemitteilungen\\\/der-neue-id4-weltpremiere-des-rein-elektrisch-angetriebenen-suv-6446#primaryimage\"},\"thumbnailUrl\":\"https:\\\/\\\/www.groupfleet.com\\\/wp-content\\\/uploads\\\/2024\\\/11\\\/ty0007_1920x1080.jpg\",\"datePublished\":\"2024-12-17T10:33:40+00:00\",\"dateModified\":\"2025-03-06T12:24:31+00:00\",\"author\":{\"@id\":\"https:\\\/\\\/www.groupfleet.com\\\/de\\\/#\\\/schema\\\/person\\\/8b1d7be286fefef37804765123983b32\"},\"breadcrumb\":{\"@id\":\"https:\\\/\\\/www.volkswagen-newsroom.com\\\/de\\\/pressemitteilungen\\\/der-neue-id4-weltpremiere-des-rein-elektrisch-angetriebenen-suv-6446#breadcrumb\"},\"inLanguage\":\"de\",\"potentialAction\":[{\"@type\":\"ReadAction\",\"target\":[\"https:\\\/\\\/www.volkswagen-newsroom.com\\\/de\\\/pressemitteilungen\\\/der-neue-id4-weltpremiere-des-rein-elektrisch-angetriebenen-suv-6446\"]}]},{\"@type\":\"ImageObject\",\"inLanguage\":\"de\",\"@id\":\"https:\\\/\\\/www.volkswagen-newsroom.com\\\/de\\\/pressemitteilungen\\\/der-neue-id4-weltpremiere-des-rein-elektrisch-angetriebenen-suv-6446#primaryimage\",\"url\":\"https:\\\/\\\/www.groupfleet.com\\\/wp-content\\\/uploads\\\/2024\\\/11\\\/ty0007_1920x1080.jpg\",\"contentUrl\":\"https:\\\/\\\/www.groupfleet.com\\\/wp-content\\\/uploads\\\/2024\\\/11\\\/ty0007_1920x1080.jpg\",\"width\":1920,\"height\":1080},{\"@type\":\"BreadcrumbList\",\"@id\":\"https:\\\/\\\/www.volkswagen-newsroom.com\\\/de\\\/pressemitteilungen\\\/der-neue-id4-weltpremiere-des-rein-elektrisch-angetriebenen-suv-6446#breadcrumb\",\"itemListElement\":[{\"@type\":\"ListItem\",\"position\":1,\"name\":\"Home\",\"item\":\"https:\\\/\\\/www.groupfleet.com\\\/de\\\/\"},{\"@type\":\"ListItem\",\"position\":2,\"name\":\"Mehr Raum f\u00fcr Business und Freizeit\"}]},{\"@type\":\"WebSite\",\"@id\":\"https:\\\/\\\/www.groupfleet.com\\\/de\\\/#website\",\"url\":\"https:\\\/\\\/www.groupfleet.com\\\/de\\\/\",\"name\":\"Volkswagen Group | FleetHub\",\"description\":\"Online magazine for Fleet managers\",\"potentialAction\":[{\"@type\":\"SearchAction\",\"target\":{\"@type\":\"EntryPoint\",\"urlTemplate\":\"https:\\\/\\\/www.groupfleet.com\\\/de\\\/?s={search_term_string}\"},\"query-input\":{\"@type\":\"PropertyValueSpecification\",\"valueRequired\":true,\"valueName\":\"search_term_string\"}}],\"inLanguage\":\"de\"},{\"@type\":\"Person\",\"@id\":\"https:\\\/\\\/www.groupfleet.com\\\/de\\\/#\\\/schema\\\/person\\\/8b1d7be286fefef37804765123983b32\",\"name\":\"Stefan Gro\u00dfer\",\"url\":\"https:\\\/\\\/www.groupfleet.com\\\/de\\\/author\\\/sgrosser\\\/\"}]}<\/script>\n<!-- \/ Yoast SEO plugin. -->","yoast_head_json":{"title":"Mehr Raum f\u00fcr Business und Freizeit - Volkswagen Group | FleetHub","robots":{"index":"index","follow":"follow","max-snippet":"max-snippet:-1","max-image-preview":"max-image-preview:large","max-video-preview":"max-video-preview:-1"},"canonical":"https:\/\/www.volkswagen-newsroom.com\/de\/pressemitteilungen\/der-neue-id4-weltpremiere-des-rein-elektrisch-angetriebenen-suv-6446","og_locale":"de_DE","og_type":"article","og_title":"Mehr Raum f\u00fcr Business und Freizeit - Volkswagen Group | FleetHub","og_description":"Die Marke Volkswagen pr\u00e4sentiert ein neues SUV, das sich in Fuhrparks schnell etablieren d\u00fcrfte.","og_url":"https:\/\/www.volkswagen-newsroom.com\/de\/pressemitteilungen\/der-neue-id4-weltpremiere-des-rein-elektrisch-angetriebenen-suv-6446","og_site_name":"Volkswagen Group | FleetHub","article_published_time":"2024-12-17T10:33:40+00:00","article_modified_time":"2025-03-06T12:24:31+00:00","og_image":[{"width":1920,"height":1080,"url":"https:\/\/www.groupfleet.com\/wp-content\/uploads\/2024\/11\/ty0007_1920x1080.jpg","type":"image\/jpeg"}],"author":"Stefan Gro\u00dfer","twitter_card":"summary_large_image","twitter_misc":{"Verfasst von":"Stefan Gro\u00dfer","Gesch\u00e4tzte Lesezeit":"3\u00a0Minuten"},"schema":{"@context":"https:\/\/schema.org","@graph":[{"@type":"Article","@id":"https:\/\/www.volkswagen-newsroom.com\/de\/pressemitteilungen\/der-neue-id4-weltpremiere-des-rein-elektrisch-angetriebenen-suv-6446#article","isPartOf":{"@id":"https:\/\/www.groupfleet.com\/de\/volkswagen-tayron\/"},"author":{"name":"Stefan Gro\u00dfer","@id":"https:\/\/www.groupfleet.com\/de\/#\/schema\/person\/8b1d7be286fefef37804765123983b32"},"headline":"Mehr Raum f\u00fcr Business und Freizeit","datePublished":"2024-12-17T10:33:40+00:00","dateModified":"2025-03-06T12:24:31+00:00","mainEntityOfPage":{"@id":"https:\/\/www.groupfleet.com\/de\/volkswagen-tayron\/"},"wordCount":602,"image":{"@id":"https:\/\/www.volkswagen-newsroom.com\/de\/pressemitteilungen\/der-neue-id4-weltpremiere-des-rein-elektrisch-angetriebenen-suv-6446#primaryimage"},"thumbnailUrl":"https:\/\/www.groupfleet.com\/wp-content\/uploads\/2024\/11\/ty0007_1920x1080.jpg","articleSection":["Volkswagen","Flottenmodelle"],"inLanguage":"de"},{"@type":"WebPage","@id":"https:\/\/www.groupfleet.com\/de\/volkswagen-tayron\/","url":"https:\/\/www.volkswagen-newsroom.com\/de\/pressemitteilungen\/der-neue-id4-weltpremiere-des-rein-elektrisch-angetriebenen-suv-6446","name":"Mehr Raum f\u00fcr Business und Freizeit - Volkswagen Group | FleetHub","isPartOf":{"@id":"https:\/\/www.groupfleet.com\/de\/#website"},"primaryImageOfPage":{"@id":"https:\/\/www.volkswagen-newsroom.com\/de\/pressemitteilungen\/der-neue-id4-weltpremiere-des-rein-elektrisch-angetriebenen-suv-6446#primaryimage"},"image":{"@id":"https:\/\/www.volkswagen-newsroom.com\/de\/pressemitteilungen\/der-neue-id4-weltpremiere-des-rein-elektrisch-angetriebenen-suv-6446#primaryimage"},"thumbnailUrl":"https:\/\/www.groupfleet.com\/wp-content\/uploads\/2024\/11\/ty0007_1920x1080.jpg","datePublished":"2024-12-17T10:33:40+00:00","dateModified":"2025-03-06T12:24:31+00:00","author":{"@id":"https:\/\/www.groupfleet.com\/de\/#\/schema\/person\/8b1d7be286fefef37804765123983b32"},"breadcrumb":{"@id":"https:\/\/www.volkswagen-newsroom.com\/de\/pressemitteilungen\/der-neue-id4-weltpremiere-des-rein-elektrisch-angetriebenen-suv-6446#breadcrumb"},"inLanguage":"de","potentialAction":[{"@type":"ReadAction","target":["https:\/\/www.volkswagen-newsroom.com\/de\/pressemitteilungen\/der-neue-id4-weltpremiere-des-rein-elektrisch-angetriebenen-suv-6446"]}]},{"@type":"ImageObject","inLanguage":"de","@id":"https:\/\/www.volkswagen-newsroom.com\/de\/pressemitteilungen\/der-neue-id4-weltpremiere-des-rein-elektrisch-angetriebenen-suv-6446#primaryimage","url":"https:\/\/www.groupfleet.com\/wp-content\/uploads\/2024\/11\/ty0007_1920x1080.jpg","contentUrl":"https:\/\/www.groupfleet.com\/wp-content\/uploads\/2024\/11\/ty0007_1920x1080.jpg","width":1920,"height":1080},{"@type":"BreadcrumbList","@id":"https:\/\/www.volkswagen-newsroom.com\/de\/pressemitteilungen\/der-neue-id4-weltpremiere-des-rein-elektrisch-angetriebenen-suv-6446#breadcrumb","itemListElement":[{"@type":"ListItem","position":1,"name":"Home","item":"https:\/\/www.groupfleet.com\/de\/"},{"@type":"ListItem","position":2,"name":"Mehr Raum f\u00fcr Business und Freizeit"}]},{"@type":"WebSite","@id":"https:\/\/www.groupfleet.com\/de\/#website","url":"https:\/\/www.groupfleet.com\/de\/","name":"Volkswagen Group | FleetHub","description":"Online magazine for Fleet managers","potentialAction":[{"@type":"SearchAction","target":{"@type":"EntryPoint","urlTemplate":"https:\/\/www.groupfleet.com\/de\/?s={search_term_string}"},"query-input":{"@type":"PropertyValueSpecification","valueRequired":true,"valueName":"search_term_string"}}],"inLanguage":"de"},{"@type":"Person","@id":"https:\/\/www.groupfleet.com\/de\/#\/schema\/person\/8b1d7be286fefef37804765123983b32","name":"Stefan Gro\u00dfer","url":"https:\/\/www.groupfleet.com\/de\/author\/sgrosser\/"}]}},"_links":{"self":[{"href":"https:\/\/www.groupfleet.com\/de\/wp-json\/wp\/v2\/posts\/34382","targetHints":{"allow":["GET"]}}],"collection":[{"href":"https:\/\/www.groupfleet.com\/de\/wp-json\/wp\/v2\/posts"}],"about":[{"href":"https:\/\/www.groupfleet.com\/de\/wp-json\/wp\/v2\/types\/post"}],"author":[{"embeddable":true,"href":"https:\/\/www.groupfleet.com\/de\/wp-json\/wp\/v2\/users\/39"}],"replies":[{"embeddable":true,"href":"https:\/\/www.groupfleet.com\/de\/wp-json\/wp\/v2\/comments?post=34382"}],"version-history":[{"count":0,"href":"https:\/\/www.groupfleet.com\/de\/wp-json\/wp\/v2\/posts\/34382\/revisions"}],"wp:featuredmedia":[{"embeddable":true,"href":"https:\/\/www.groupfleet.com\/de\/wp-json\/wp\/v2\/media\/34392"}],"wp:attachment":[{"href":"https:\/\/www.groupfleet.com\/de\/wp-json\/wp\/v2\/media?parent=34382"}],"wp:term":[{"taxonomy":"category","embeddable":true,"href":"https:\/\/www.groupfleet.com\/de\/wp-json\/wp\/v2\/categories?post=34382"},{"taxonomy":"post_tag","embeddable":true,"href":"https:\/\/www.groupfleet.com\/de\/wp-json\/wp\/v2\/tags?post=34382"}],"curies":[{"name":"wp","href":"https:\/\/api.w.org\/{rel}","templated":true}]}}