{"id":32283,"date":"2024-03-14T19:16:43","date_gmt":"2024-03-14T18:16:43","guid":{"rendered":"https:\/\/www.groupfleet.com\/?p=32283"},"modified":"2024-03-15T17:40:37","modified_gmt":"2024-03-15T16:40:37","slug":"audi-q7","status":"publish","type":"post","link":"https:\/\/www.groupfleet.com\/de\/audi-q7\/","title":{"rendered":"Was haben Business und Privates gemeinsam?"},"content":{"rendered":"<div class=\"wpb-content-wrapper\"><p>[vc_row][vc_column][vc_column_text]<span style=\"font-family: TheGroup, palatino, serif; font-size: 18pt; color: #2b3966;\">Genau \u2013 es ist der Audi Q7. Und das aus guten Gr\u00fcnden, schlie\u00dflich geh\u00f6rt das gro\u00dfe SUV von Audi schon seit 2005 zu den beliebtesten Modellen seiner Fahrzeugklasse. Und nachdem sich Dienstwagenflotten immer mehr f\u00fcr die urbanen Sportler \u00f6ffnen, darf auch der Q7 im Businessbereich nicht fehlen: Nat\u00fcrlich wegen seines unverkennbaren Designs \u2013 eben typisch Audi \u2013, das beim Kundentermin f\u00fcr beeindruckende Pr\u00e4senz sorgt. Aber auch, weil er dank seines variablen Innenraumkonzepts ideal im Privaten einsetzbar ist. User-Chooser mit Familie wissen ganz genau, was das bedeutet.<\/span>[\/vc_column_text][\/vc_column][\/vc_row][vc_row][vc_column]\n<div class=\"gridgallery vw_masonry mylightbox_group\">\n\t\t\t\t<div class=\"vw_masonry_item gg_img gg_img_3 gg_img_3_1  \">\n\t\t\t<img loading=\"lazy\" decoding=\"async\" width=\"640\" height=\"360\" src=\"https:\/\/www.groupfleet.com\/wp-content\/uploads\/2024\/03\/q7_2023_5387_1920x1080-640x360.jpg\" class=\"attachment-vw_small size-vw_small open_mylightbox\" alt=\"\" data-full=\"https:\/\/www.groupfleet.com\/wp-content\/uploads\/2024\/03\/q7_2023_5387_1920x1080-1800x1013.jpg\" data-desc=\"\" data-desc-class=\"mylightbox_desc_tl\" data-emission=\"{&quot;1&quot;:&quot;32307&quot;}\" \/>\t\t<\/div>\n\t\t\t<div class=\"vw_masonry_item gg_img gg_img_3 gg_img_3_2 mylightbox_hover \">\n\t\t\t<img loading=\"lazy\" decoding=\"async\" width=\"640\" height=\"360\" src=\"https:\/\/www.groupfleet.com\/wp-content\/uploads\/2024\/03\/q7_2023_5389_1920x1080-640x360.jpg\" class=\"attachment-vw_small size-vw_small open_mylightbox\" alt=\"\" data-full=\"https:\/\/www.groupfleet.com\/wp-content\/uploads\/2024\/03\/q7_2023_5389_1920x1080-1800x1013.jpg\" data-desc=\"\" data-desc-class=\"mylightbox_desc_tl\" data-emission=\"{&quot;1&quot;:&quot;32307&quot;}\" \/>\t\t<\/div>\n\t\t\t<div class=\"vw_masonry_item gg_img gg_img_3 gg_img_3_3  \">\n\t\t\t<img loading=\"lazy\" decoding=\"async\" width=\"640\" height=\"360\" src=\"https:\/\/www.groupfleet.com\/wp-content\/uploads\/2024\/03\/q7_2023_5396_1920x1080-640x360.jpg\" class=\"attachment-vw_small size-vw_small open_mylightbox\" alt=\"\" data-full=\"https:\/\/www.groupfleet.com\/wp-content\/uploads\/2024\/03\/q7_2023_5396_1920x1080-1800x1013.jpg\" data-desc=\"\" data-desc-class=\"mylightbox_desc_tl\" data-emission=\"{&quot;1&quot;:&quot;32307&quot;}\" \/>\t\t<\/div>\n\t<\/div>\n\n<script type=\"text\/javascript\">\n\/*\n\t$('.vw_masonry').masonry({\n\t\tcolumnWidth: 1,\n\t\titemSelector: '.vw_masonry_item',\n\t\tpercentPosition: true\n\t});\t\n*\/\n<\/script>[vc_column_text]Offiziell in den Verkauf gestartet ist der Audi Q7 bereits vor knapp zwanzig Jahren, genauer gesagt 2005. Heute ist das robust-elegante SUV in seiner zweiten Generation unterwegs und zeigt sich nach 2019 bereits in seiner zweiten Modellaufwertung. Und die kann sich sehen lassen: Die bemerkenswerte Formensprache des Q7 wurde weiter gesch\u00e4rft, mit geradlinigen Fl\u00e4chen und seinem au\u00dfergew\u00f6hnlich gro\u00dfen Volumen steht der Q7 f\u00fcr Variabilit\u00e4t in jeder Lebenslage.[\/vc_column_text][\/vc_column][\/vc_row][vc_row][vc_column][vc_column_text]<\/p>\n<h2 class=\"group-title__headline \">Variabel und gro\u00dfz\u00fcgig: das Raumangebot<\/h2>\n<p>[\/vc_column_text]\n<div class=\"gridgallery vw_masonry mylightbox_group\">\n\t\t\t\t<div class=\"vw_masonry_item gg_img gg_img_2 gg_img_2_1  \">\n\t\t\t<img loading=\"lazy\" decoding=\"async\" width=\"640\" height=\"360\" src=\"https:\/\/www.groupfleet.com\/wp-content\/uploads\/2024\/03\/q7_2023_5411_de_1920x1080-640x360.jpg\" class=\"attachment-vw_small size-vw_small open_mylightbox\" alt=\"\" data-full=\"https:\/\/www.groupfleet.com\/wp-content\/uploads\/2024\/03\/q7_2023_5411_de_1920x1080-1800x1013.jpg\" data-desc=\"\" data-desc-class=\"mylightbox_desc_tl\" data-emission=\"{&quot;1&quot;:&quot;32307&quot;}\" \/>\t\t<\/div>\n\t\t\t<div class=\"vw_masonry_item gg_img gg_img_2 gg_img_2_2 mylightbox_hover \">\n\t\t\t<img loading=\"lazy\" decoding=\"async\" width=\"640\" height=\"360\" src=\"https:\/\/www.groupfleet.com\/wp-content\/uploads\/2024\/03\/q7_2023_5401_1920x1080-640x360.jpg\" class=\"attachment-vw_small size-vw_small open_mylightbox\" alt=\"\" data-full=\"https:\/\/www.groupfleet.com\/wp-content\/uploads\/2024\/03\/q7_2023_5401_1920x1080-1800x1013.jpg\" data-desc=\"\" data-desc-class=\"mylightbox_desc_tl\" data-emission=\"{&quot;1&quot;:&quot;32307&quot;}\" \/>\t\t<\/div>\n\t<\/div>\n\n<script type=\"text\/javascript\">\n\/*\n\t$('.vw_masonry').masonry({\n\t\tcolumnWidth: 1,\n\t\titemSelector: '.vw_masonry_item',\n\t\tpercentPosition: true\n\t});\t\n*\/\n<\/script>[vc_column_text]Ob mit f\u00fcnf oder sieben Sitzen \u2013 der Audi Q7 und SQ7 TFSI (Kraftstoffverbrauch kombiniert in l\/100 km: 12,7-12,0; CO\u2082-Emissionen kombiniert in g\/km: 290-272; CO\u2082-Klasse: G)\u00b9\u207e vereinen hohes Prestige mit praktischen Alltagsqualit\u00e4ten. Bei der Innenrauml\u00e4nge sowie bei der Kopf- und der Ellenbogenfreiheit vorn wie hinten sorgen die Modelle f\u00fcr ein erstklassig luftiges Raumgef\u00fchl. Abh\u00e4ngig von der Position der Fondlehnen bietet der Gep\u00e4ckraum bei der f\u00fcnfsitzigen Version zwischen 867 und 1.993 Liter Volumen \u2013 Letzteres bei einer ebenen Ladefl\u00e4che. Die Heckklappe \u00f6ffnet und schlie\u00dft serienm\u00e4\u00dfig elektrisch, optional auch per Gestensteuerung durch Fu\u00dfbewegung. Auf Wunsch liefert Audi die R\u00fccksitzbank plus, bei der sich alle drei Sitze, die immer ausreichend Platz f\u00fcr drei Kindersitze bieten und sich einzeln in L\u00e4ngsposition und in der Lehnenneigung verstellen lassen, sowie eine dritte Sitzreihe mit zwei elektrisch versenkbaren Pl\u00e4tzen.[\/vc_column_text][\/vc_column][\/vc_row][vc_row][vc_column][vc_column_text]<\/p>\n<h2 class=\"group-title__headline \">Effizient und zugstark: die Antriebe<\/h2>\n<p>[\/vc_column_text]\n\n<div class=\"article_paragraphimage article_paragraphimage_left ap_with_subline\" style=\"width: 40%;\">\n\t<div class=\"ap_img_wrapper mylightbox_hover\">\n\t\t<img loading=\"lazy\" decoding=\"async\" width=\"640\" height=\"360\" src=\"https:\/\/www.groupfleet.com\/wp-content\/uploads\/2024\/03\/q7_2023_5397_1920x1080-640x360.jpg\" class=\"attachment-vw_small size-vw_small open_mylightbox\" alt=\"\" data-full=\"https:\/\/www.groupfleet.com\/wp-content\/uploads\/2024\/03\/q7_2023_5397_1920x1080-1800x1013.jpg\" data-desc=\"\" data-desc-class=\"mylightbox_desc_tl\" data-emission=\"{&quot;1&quot;:&quot;32307&quot;}\" \/>\t<\/div>\n\t<div class=\"article_paragraphimage_text\">\n\t\tDie optionale, elektrisch schwenkbare Anh\u00e4ngevorrichtung macht den Audi Q7 zum Zugfahrzeug mit bis zu 3.500 kg Anh\u00e4ngelast. Damit lassen sich Wohncaravans genauso souver\u00e4n ziehen wie beispielsweise Pferdeanh\u00e4nger.\t<\/div>\n\t<div class=\"clear\"><\/div>\n<\/div>[vc_column_text]Das Programm er\u00f6ffnet der 45 TDI quattro (Kraftstoffverbrauch kombiniert in l\/100 km: 8,4\u20137,8; CO\u2082-Emissionen kombiniert in g\/km: 220\u2013204; CO\u2082-Klasse: G)\u00b9\u207e, ein 3-Liter-Diesel, der 170 kW (231 PS) Leistung bietet und ein \u00fcppiges Drehmoment von 500 Newtonmetern liefert. Das Plateau steht von 1.500 bis 3.000 Umdrehungen bereit. Aus dem Stand erreicht der Audi Q7 45 TDI, in 7,1 Sekunden die 100-km\/h-Marke. Die H\u00f6chstgeschwindigkeit liegt bei 226 km\/h. Diesem Aggregat folgt der 50 TDI quattro (Kraftstoffverbrauch kombiniert in l\/100 km: 8,4\u20137,8; CO\u2082-Emissionen kombiniert in g\/km: 220\u2013204; CO\u2082-Klasse: G)\u00b9\u207e. Der Q7 50 TDI quattro leistet 210 kW (286 PS) und liefert 600 Newtonmeter Drehmoment. Damit beschleunigt das SUV in 6,1 Sekunden von null auf 100 km\/h und weiter bis 241 km\/h Spitze. Im Audi Q7 55 TFSI (Kraftstoffverbrauch kombiniert in l\/100 km: 11,0\u201310,1; CO\u2082-Emissionen kombiniert in g\/km: 251\u2013229; CO\u2082-Klasse: G)\u00b9\u207e arbeitet ein 6-Zylinder-Ottomotor mit drei Litern Hubraum und Direkteinspritzung, der 250 kW (340 PS) leistet. Im breiten Drehzahlband von 1.370 bis 4.500 Umdrehungen entwickelt er ein maximales Drehmoment von 500 Newtonmetern. Der turboaufgeladene Benzinmotor beschleunigt den Q7 55 TFSI quattro in 5,6 Sekunden von null auf 100 km\/h. Die H\u00f6chstgeschwindigkeit erreicht er bei elektronisch begrenzten 250 km\/h.[\/vc_column_text][\/vc_column][\/vc_row][vc_row][vc_column][vc_column_text]<\/p>\n<h2 class=\"group-title__headline \">Stilvoll und individuell: neue Dekore, Farben und R\u00e4der<\/h2>\n<p>[\/vc_column_text][vc_column_text]Mit der Produktaufwertung des Q7 hat Audi das Ausstattungsprogramm nochmals verfeinert. Die N\u00e4hte der Sitzgarnituren f\u00fcr das Grundmodell sind nun serienm\u00e4\u00dfig und in grauer Kontrastfarbe ausgef\u00fchrt. Dar\u00fcber hinaus stehen neun Dekoreinlagen zur Wahl. Neu im Programm: Holz Eschenmaser silber naturell f\u00fcr das Basismodell, Aluminium matt geb\u00fcrstet mit Linearpr\u00e4gung silber und Carbon K\u00f6per matt f\u00fcr den Q7 mit S line Sportpaket sowie den SQ7 TFSI (Kraftstoffverbrauch kombiniert in l\/100 km: 12,7-12,0; CO<sub>2<\/sub>-Emissionen kombiniert in g\/km: 290-272; CO\u2082-Klasse: G)<sup>1)<\/sup>.[\/vc_column_text]\n\n<div class=\"article_paragraphimage article_paragraphimage_right \" style=\"width: 40%;\">\n\t<div class=\"ap_img_wrapper mylightbox_hover\">\n\t\t<img loading=\"lazy\" decoding=\"async\" width=\"640\" height=\"360\" src=\"https:\/\/www.groupfleet.com\/wp-content\/uploads\/2024\/03\/q7_2023_5406_1920x1080-640x360.jpg\" class=\"attachment-vw_small size-vw_small open_mylightbox\" alt=\"\" data-full=\"https:\/\/www.groupfleet.com\/wp-content\/uploads\/2024\/03\/q7_2023_5406_1920x1080-1800x1013.jpg\" data-desc=\"\" data-desc-class=\"mylightbox_desc_tl\" data-emission=\"{&quot;1&quot;:&quot;32307&quot;}\" \/>\t<\/div>\n\t<div class=\"article_paragraphimage_text\">\n\t\t\t<\/div>\n\t<div class=\"clear\"><\/div>\n<\/div>[vc_column_text]Um den Q7 noch weiter nach den eigenen W\u00fcnschen gestalten zu k\u00f6nnen, sind drei neue Lackfarben im Angebot. Besonders sportlich wird es mit Sakhirgold, Ascariblau oder Chilirot als Metallic-Lackierungen. Nicht nur bei den Farben erwartet die Kunden Neues: Das R\u00e4derportfolio bietet f\u00fcnf neue Raddesigns in den Dimensionen von 20 bis 22 Zoll. Auf Wunsch stehen ab der Radgr\u00f6\u00dfe von 21 Zoll die Farben Schwarz metallic, Grau seidenmatt mit Einlegern in Schwarz gl\u00e4nzend oder Schwarz metallic glanzgedreht<sup>2)<\/sup> zur Wahl.<\/p>\n<p>&nbsp;<\/p>\n<p>Zur Modellpflege erweitert Audi dar\u00fcber hinaus das Angebot in puncto Apps, denn erstmals k\u00f6nnen Passagiere direkt auf beliebte Apps von Drittanbietern (zum Beispiel Spotify oder Amazon music) zugreifen. Regelm\u00e4\u00dfige Software-Updates sowie ein stetig wachsendes Angebot erm\u00f6glichen eine noch st\u00e4rkere Individualisierung des Infotainmentsystems. Der Store mit marktspezifischem App-Portfolio erweitert den modularen Infotainmentbaukasten der dritten Generation (MIB 3).<sup>3)<\/sup>[\/vc_column_text][\/vc_column][\/vc_row][vc_row][vc_column][vc_single_image image=&#8220;32295&#8243; img_size=&#8220;large&#8220;][vc_column_text]<\/p>\n<div class=\"textimage abstractContentDialogComponent abstractContentComponent parbase section\">\n<div class=\"textmedia textmedia--inverse textmedia--inverse h-clearfix\">\n<div class=\"textmedia__inner\">\n<div class=\"textmedia__text \">\n<p>Was die Fahrassistenzsysteme betrifft, erh\u00e4lt vor allem die Umfeldanzeige eine Aufwertung. Das Audi virtual cockpit stellt unter anderem die Spurwechselwarnung, andere Verkehrsteilnehmende (Lkw, Pkw und Motorrad), den Abstandswarner, den Kreuzungsassistenten sowie die Ampelinfo online in Full-HD-Qualit\u00e4t dar.<sup>4)<\/sup> Neben dem Store f\u00fcr Apps und der neuen Umfeldanzeige wird zudem die Serienausstattung der Q7 Produktaufwertung angereichert \u2013 serienm\u00e4\u00dfig werden nun unter anderem Leichtmetallr\u00e4der in 19 Zoll f\u00fcr die Verbrenner gestellt, das Glanzpaket inklusive Dachreling in Aluminium, die R\u00fcckfahrkamera mit Einparkassistent plus sowie der Fernlichtassistent. Hinzu kommt die Komfortmittelarmlehne, das Smartphone Interface mit App-Store-Integration und die Audi phone box.<\/p>\n<p>&nbsp;<\/p>\n<p><a href=\"https:\/\/www.audi.de\/de\/brand\/de\/neuwagen\/q7\/q7-suv\/zusammenfassung.html\" target=\"_blank\" rel=\"noopener\">Der \u00fcberarbeitete Audi Q7 ist ab sofort konfigurierbar.<\/a><\/p>\n<\/div>\n<\/div>\n<\/div>\n<\/div>\n<p>[\/vc_column_text][\/vc_column][\/vc_row][vc_row][vc_column]\n<div class=\"mybutton\" style=\"text-align: center;\">\n\t<a class=\"button \"  href=\"https:\/\/www.audi.de\/de\/brand\/de\/neuwagen\/q7\/q7-suv.html\" target=\"_blank\">Mehr \u00fcber den Audi Q7 erfahren<\/a>\n<\/div>[\/vc_column][\/vc_row][vc_row][vc_column][vc_separator border_width=&#8220;2&#8243;][vc_column_text]<\/p>\n<div class=\"richtext abstractContentComponent parbase section\">\n<div class=\"grid-section grid-group\">\n<div class=\"grid-col span_12_of_12\">\n<div class=\"textmedia h-clearfix\">\n<div class=\"textmedia__inner textmedia__richtext\">\n<div class=\"richtext abstractContentComponent parbase section\">\n<div class=\"grid-section grid-group\">\n<div class=\"grid-col span_12_of_12\">\n<div class=\"textmedia h-clearfix\">\n<div class=\"textmedia__inner textmedia__richtext\">\n<div class=\"richtext abstractContentComponent parbase section\">\n<div class=\"grid-section grid-group\">\n<div class=\"grid-col span_12_of_12\">\n<div class=\"textmedia h-clearfix\">\n<div class=\"textmedia__inner textmedia__richtext\">\n<div class=\"richtext abstractContentComponent parbase section\">\n<div class=\"grid-section grid-group\">\n<div class=\"grid-col span_12_of_12\">\n<div class=\"textmedia h-clearfix\">\n<div class=\"textmedia__inner textmedia__richtext\">\n<div class=\"textimage abstractContentDialogComponent abstractContentComponent parbase section\">\n<div class=\"textmedia textmedia--right h-clearfix\">\n<div class=\"textmedia__inner\">\n<div class=\"textmedia__text \">\n<div class=\"textimage abstractContentDialogComponent abstractContentComponent parbase section\">\n<div class=\"textmedia textmedia--right h-clearfix textmedia--collapsed\">\n<div class=\"textmedia__inner\">\n<div class=\"textmedia__text \">\n<div class=\"textimage abstractContentDialogComponent abstractContentComponent parbase section\">\n<div class=\"textmedia textmedia--right h-clearfix\">\n<div class=\"textmedia__inner\">\n<div class=\"textmedia__text \">\n<div class=\"section\">\n<section id=\"section_1234170151\" class=\"grid-section-group \">\n<div class=\"richtext abstractContentComponent parbase section\">\n<div class=\"grid-section grid-group\">\n<div class=\"grid-col span_12_of_12\">\n<div class=\"textmedia h-clearfix\">\n<div class=\"textmedia__inner textmedia__richtext\">\n<div class=\"richtext abstractContentComponent parbase section\">\n<div class=\"grid-section grid-group\">\n<div class=\"grid-col span_12_of_12\">\n<div class=\"textmedia h-clearfix textmedia--collapsed\">\n<div class=\"textmedia__inner textmedia__richtext\">\n<p><em><span style=\"font-size: 10pt;\">Alle Angaben gelten f\u00fcr den deutschen Markt. Die Fahrzeugabbildungen zeigen Sonderausstattungen.<\/span><\/em><\/p>\n<p>&nbsp;<\/p>\n<p><em><span style=\"font-size: 10pt;\"><sup>1)<\/sup><\/span><span style=\"font-size: 10pt;\">Die angegebenen Verbrauchs- und Emissionswerte wurden nach den gesetzlich vorgeschriebenen Messverfahren ermittelt. Am 1. Januar 2022 hat der WLTP-Pr\u00fcfzyklus den NEFZ-Pr\u00fcfzyklus vollst\u00e4ndig ersetzt, sodass f\u00fcr nach diesem Datum neu typgenehmigte Fahrzeuge keine NEFZ-Werte vorliegen. Die Angaben beziehen sich nicht auf ein einzelnes Fahrzeug und sind nicht Bestandteil des Angebots, sondern dienen allein Vergleichszwecken zwischen den verschiedenen Fahrzeugtypen. Zusatzausstattungen und Zubeh\u00f6r (Anbauteile, Reifenformat usw.) k\u00f6nnen relevante Fahrzeugparameter, wie z. B. Gewicht, Rollwiderstand und Aerodynamik ver\u00e4ndern und neben Witterungs- und Verkehrsbedingungen sowie dem individuellen Fahrverhalten den Kraftstoffverbrauch, den Stromverbrauch, die CO<sub>2<\/sub>-Emissionen und die Fahrleistungswerte eines Fahrzeugs beeinflussen. Wegen der realistischeren Pr\u00fcfbedingungen sind die nach dem WLTP gemessenen Kraftstoffverbrauchs- und CO<sub>2<\/sub>-Emissionswerte in vielen F\u00e4llen h\u00f6her als die nach dem NEFZ gemessenen. Dadurch k\u00f6nnen sich seit dem 1. September 2018 bei der Fahrzeugbesteuerung entsprechende \u00c4nderungen ergeben. Weitere Informationen zu den Unterschieden zwischen WLTP und NEFZ finden Sie unter\u00a0<u><a class=\"js-external-link\" title=\"Weitere Informationen zu den Unterschieden zwischen WLTP und NEFZ\" href=\"https:\/\/www.audi.de\/de\/brand\/de\/neuwagen\/layer\/wltp-lp.html\" target=\"_blank\" rel=\"noopener\">www.audi.de\/wltp<\/a><\/u>.<\/span><\/em><\/p>\n<p>&nbsp;<\/p>\n<p><em><span style=\"font-size: 10pt;\">Weitere Informationen zum offiziellen Kraftstoffverbrauch und den offiziellen spezifischen CO<sub>2<\/sub>-Emissionen neuer Personenkraftwagen k\u00f6nnen dem \u201eLeitfaden \u00fcber den Kraftstoffverbrauch, die CO<sub>2<\/sub>-Emissionen und den Stromverbrauch neuer Personenkraftwagen\u201c entnommen werden, der an allen Verkaufsstellen und bei der DAT Deutsche Automobil Treuhand GmbH, Hellmuth-Hirth-Str. 1, D-73760 Ostfildern oder unter\u00a0<u><a class=\"js-external-link\" title=\"Weitere Informationen zum offiziellen Kraftstoffverbrauch und den offiziellen spezifischen CO2-Emissionen neuer Personenkraftwagen\" href=\"https:\/\/www.dat.de\/co2\" target=\"_blank\" rel=\"noopener\">www.dat.de\/co2<\/a><\/u> unentgeltlich erh\u00e4ltlich ist.<br \/>\n<\/span><\/em><\/p>\n<p>&nbsp;<\/p>\n<\/div>\n<\/div>\n<\/div>\n<\/div>\n<\/div>\n<div class=\"richtext abstractContentComponent parbase section\">\n<div class=\"grid-section grid-group\">\n<div class=\"grid-col span_12_of_12\">\n<div class=\"textmedia h-clearfix\">\n<div class=\"textmedia__inner textmedia__richtext\">\n<p><em><span style=\"font-size: 10pt;\">\u00b2\u207eGlanzgedrehte, glanzgefr\u00e4ste, polierte oder teilpolierte Aluminiumr\u00e4der d\u00fcrfen nicht bei winterlichen Stra\u00dfenverh\u00e4ltnissen eingesetzt werden. Die Felgenoberfl\u00e4che besitzt herstellungsbedingt keinen ausreichenden Korrosionsschutz und kann durch Streusalz oder \u00c4hnliches dauerhaft besch\u00e4digt werden.<\/span><\/em><\/p>\n<p>&nbsp;<\/p>\n<p><em><span style=\"font-size: 10pt;\">\u00b3\u207eMit dem Audi Application Store erhalten Sie Zugang zu einer gro\u00dfen Auswahl an Apps, welche direkt in das Fahrzeug geladen und \u00fcber das MMI touch genutzt werden k\u00f6nnen. F\u00fcr die Nutzung des Audi Application Stores ist ein myAudi Account und eine aktive Datenverbindung erforderlich. Das ben\u00f6tigte Datenvolumen k\u00f6nnen Sie hierbei auf der Grundlage eines separat abzuschlie\u00dfenden Vertrags von unseren Mobilfunkpartner cubic telecom beziehen. Hier k\u00f6nnen sie ein 25-GB-Datenpaket f\u00fcr die Nutzungsdauer von einem Jahr einmalig kostenlos aktivieren. Eine Hinzubuchung zus\u00e4tzlichen Datenvolumens ist jederzeit kostenpflichtig m\u00f6glich.<\/span><\/em><\/p>\n<p>&nbsp;<\/p>\n<p><em><span style=\"font-size: 10pt;\">\u2074\u207eBitte beachten Sie: Die Systeme arbeiten nur innerhalb von Systemgrenzen und unterst\u00fctzen beim Fahren. Die Verantwortlichkeit und notwendige Aufmerksamkeit im Stra\u00dfenverkehr verbleiben bei der fahrenden Person.<\/span><\/em><\/p>\n<p>&nbsp;<\/p>\n<p class=\"singlecolumntext\"><em><span style=\"font-size: 10pt;\">Stand: 12.03.2024<\/span><\/em><\/p>\n<p class=\"singlecolumntext\"><em><span style=\"font-size: 10pt;\">\u00a9 Audi<\/span><\/em><\/p>\n<\/div>\n<\/div>\n<\/div>\n<\/div>\n<\/div>\n<\/div>\n<\/div>\n<\/div>\n<\/div>\n<\/div>\n<\/section>\n<\/div>\n<\/div>\n<\/div>\n<\/div>\n<\/div>\n<\/div>\n<\/div>\n<\/div>\n<\/div>\n<\/div>\n<\/div>\n<\/div>\n<\/div>\n<\/div>\n<\/div>\n<\/div>\n<\/div>\n<\/div>\n<\/div>\n<\/div>\n<\/div>\n<\/div>\n<\/div>\n<\/div>\n<\/div>\n<\/div>\n<\/div>\n<\/div>\n<\/div>\n<\/div>\n<\/div>\n<\/div>\n<\/div>\n<p>[\/vc_column_text][\/vc_column][\/vc_row]<\/p>\n<\/div>","protected":false},"excerpt":{"rendered":"<p>Genau \u2013 es ist der Audi Q7. Und das aus guten Gr\u00fcnden, schlie\u00dflich geh\u00f6rt das gro\u00dfe SUV von Audi schon seit 2005 zu den beliebtesten Modellen seiner Fahrzeugklasse. Und nachdem sich Dienstwagenflotten immer mehr f\u00fcr die urbanen Sportler \u00f6ffnen, darf auch der Q7 im Businessbereich nicht fehlen: Nat\u00fcrlich wegen seines unverkennbaren Designs \u2013 eben typisch Audi \u2013, das beim Kundentermin f\u00fcr beeindruckende Pr\u00e4senz sorgt. Aber auch, weil er dank seines variablen Innenraumkonzepts ideal im Privaten einsetzbar ist. User-Chooser mit Familie wissen ganz genau, was das bedeutet.<\/p>\n","protected":false},"author":39,"featured_media":32285,"comment_status":"closed","ping_status":"closed","sticky":false,"template":"","format":"standard","meta":{"_acf_changed":false,"footnotes":""},"categories":[18,6],"tags":[],"class_list":["post-32283","post","type-post","status-publish","format-standard","has-post-thumbnail","hentry","category-audi","category-flottenmodelle","newsletter-fleetnews-01-24"],"acf":[],"yoast_head":"<!-- This site is optimized with the Yoast SEO plugin v27.4 - https:\/\/yoast.com\/product\/yoast-seo-wordpress\/ -->\n<title>Was haben Business und Privates gemeinsam? - Volkswagen Group | FleetHub<\/title>\n<meta name=\"robots\" content=\"index, follow, max-snippet:-1, max-image-preview:large, max-video-preview:-1\" \/>\n<link rel=\"canonical\" href=\"https:\/\/www.volkswagen-newsroom.com\/de\/pressemitteilungen\/der-neue-id4-weltpremiere-des-rein-elektrisch-angetriebenen-suv-6446\" \/>\n<meta property=\"og:locale\" content=\"de_DE\" \/>\n<meta property=\"og:type\" content=\"article\" \/>\n<meta property=\"og:title\" content=\"Was haben Business und Privates gemeinsam? - Volkswagen Group | FleetHub\" \/>\n<meta property=\"og:description\" content=\"Genau \u2013 es ist der Audi Q7. Und das aus guten Gr\u00fcnden, schlie\u00dflich geh\u00f6rt das gro\u00dfe SUV von Audi schon seit 2005 zu den beliebtesten Modellen seiner Fahrzeugklasse. Und nachdem sich Dienstwagenflotten immer mehr f\u00fcr die urbanen Sportler \u00f6ffnen, darf auch der Q7 im Businessbereich nicht fehlen: Nat\u00fcrlich wegen seines unverkennbaren Designs \u2013 eben typisch Audi \u2013, das beim Kundentermin f\u00fcr beeindruckende Pr\u00e4senz sorgt. Aber auch, weil er dank seines variablen Innenraumkonzepts ideal im Privaten einsetzbar ist. User-Chooser mit Familie wissen ganz genau, was das bedeutet.\" \/>\n<meta property=\"og:url\" content=\"https:\/\/www.volkswagen-newsroom.com\/de\/pressemitteilungen\/der-neue-id4-weltpremiere-des-rein-elektrisch-angetriebenen-suv-6446\" \/>\n<meta property=\"og:site_name\" content=\"Volkswagen Group | FleetHub\" \/>\n<meta property=\"article:published_time\" content=\"2024-03-14T18:16:43+00:00\" \/>\n<meta property=\"article:modified_time\" content=\"2024-03-15T16:40:37+00:00\" \/>\n<meta property=\"og:image\" content=\"https:\/\/www.groupfleet.com\/wp-content\/uploads\/2024\/03\/q7_2023_5386_1920x1080.jpg\" \/>\n\t<meta property=\"og:image:width\" content=\"1920\" \/>\n\t<meta property=\"og:image:height\" content=\"1080\" \/>\n\t<meta property=\"og:image:type\" content=\"image\/jpeg\" \/>\n<meta name=\"author\" content=\"Stefan Gro\u00dfer\" \/>\n<meta name=\"twitter:card\" content=\"summary_large_image\" \/>\n<meta name=\"twitter:label1\" content=\"Verfasst von\" \/>\n\t<meta name=\"twitter:data1\" content=\"Stefan Gro\u00dfer\" \/>\n\t<meta name=\"twitter:label2\" content=\"Gesch\u00e4tzte Lesezeit\" \/>\n\t<meta name=\"twitter:data2\" content=\"8\u00a0Minuten\" \/>\n<script type=\"application\/ld+json\" class=\"yoast-schema-graph\">{\"@context\":\"https:\\\/\\\/schema.org\",\"@graph\":[{\"@type\":\"Article\",\"@id\":\"https:\\\/\\\/www.volkswagen-newsroom.com\\\/de\\\/pressemitteilungen\\\/der-neue-id4-weltpremiere-des-rein-elektrisch-angetriebenen-suv-6446#article\",\"isPartOf\":{\"@id\":\"https:\\\/\\\/www.groupfleet.com\\\/de\\\/audi-q7\\\/\"},\"author\":{\"name\":\"Stefan Gro\u00dfer\",\"@id\":\"https:\\\/\\\/www.groupfleet.com\\\/de\\\/#\\\/schema\\\/person\\\/8b1d7be286fefef37804765123983b32\"},\"headline\":\"Was haben Business und Privates gemeinsam?\",\"datePublished\":\"2024-03-14T18:16:43+00:00\",\"dateModified\":\"2024-03-15T16:40:37+00:00\",\"mainEntityOfPage\":{\"@id\":\"https:\\\/\\\/www.groupfleet.com\\\/de\\\/audi-q7\\\/\"},\"wordCount\":1476,\"image\":{\"@id\":\"https:\\\/\\\/www.volkswagen-newsroom.com\\\/de\\\/pressemitteilungen\\\/der-neue-id4-weltpremiere-des-rein-elektrisch-angetriebenen-suv-6446#primaryimage\"},\"thumbnailUrl\":\"https:\\\/\\\/www.groupfleet.com\\\/wp-content\\\/uploads\\\/2024\\\/03\\\/q7_2023_5386_1920x1080.jpg\",\"articleSection\":[\"Audi\",\"Flottenmodelle\"],\"inLanguage\":\"de\"},{\"@type\":\"WebPage\",\"@id\":\"https:\\\/\\\/www.groupfleet.com\\\/de\\\/audi-q7\\\/\",\"url\":\"https:\\\/\\\/www.volkswagen-newsroom.com\\\/de\\\/pressemitteilungen\\\/der-neue-id4-weltpremiere-des-rein-elektrisch-angetriebenen-suv-6446\",\"name\":\"Was haben Business und Privates gemeinsam? - Volkswagen Group | FleetHub\",\"isPartOf\":{\"@id\":\"https:\\\/\\\/www.groupfleet.com\\\/de\\\/#website\"},\"primaryImageOfPage\":{\"@id\":\"https:\\\/\\\/www.volkswagen-newsroom.com\\\/de\\\/pressemitteilungen\\\/der-neue-id4-weltpremiere-des-rein-elektrisch-angetriebenen-suv-6446#primaryimage\"},\"image\":{\"@id\":\"https:\\\/\\\/www.volkswagen-newsroom.com\\\/de\\\/pressemitteilungen\\\/der-neue-id4-weltpremiere-des-rein-elektrisch-angetriebenen-suv-6446#primaryimage\"},\"thumbnailUrl\":\"https:\\\/\\\/www.groupfleet.com\\\/wp-content\\\/uploads\\\/2024\\\/03\\\/q7_2023_5386_1920x1080.jpg\",\"datePublished\":\"2024-03-14T18:16:43+00:00\",\"dateModified\":\"2024-03-15T16:40:37+00:00\",\"author\":{\"@id\":\"https:\\\/\\\/www.groupfleet.com\\\/de\\\/#\\\/schema\\\/person\\\/8b1d7be286fefef37804765123983b32\"},\"breadcrumb\":{\"@id\":\"https:\\\/\\\/www.volkswagen-newsroom.com\\\/de\\\/pressemitteilungen\\\/der-neue-id4-weltpremiere-des-rein-elektrisch-angetriebenen-suv-6446#breadcrumb\"},\"inLanguage\":\"de\",\"potentialAction\":[{\"@type\":\"ReadAction\",\"target\":[\"https:\\\/\\\/www.volkswagen-newsroom.com\\\/de\\\/pressemitteilungen\\\/der-neue-id4-weltpremiere-des-rein-elektrisch-angetriebenen-suv-6446\"]}]},{\"@type\":\"ImageObject\",\"inLanguage\":\"de\",\"@id\":\"https:\\\/\\\/www.volkswagen-newsroom.com\\\/de\\\/pressemitteilungen\\\/der-neue-id4-weltpremiere-des-rein-elektrisch-angetriebenen-suv-6446#primaryimage\",\"url\":\"https:\\\/\\\/www.groupfleet.com\\\/wp-content\\\/uploads\\\/2024\\\/03\\\/q7_2023_5386_1920x1080.jpg\",\"contentUrl\":\"https:\\\/\\\/www.groupfleet.com\\\/wp-content\\\/uploads\\\/2024\\\/03\\\/q7_2023_5386_1920x1080.jpg\",\"width\":1920,\"height\":1080},{\"@type\":\"BreadcrumbList\",\"@id\":\"https:\\\/\\\/www.volkswagen-newsroom.com\\\/de\\\/pressemitteilungen\\\/der-neue-id4-weltpremiere-des-rein-elektrisch-angetriebenen-suv-6446#breadcrumb\",\"itemListElement\":[{\"@type\":\"ListItem\",\"position\":1,\"name\":\"Home\",\"item\":\"https:\\\/\\\/www.groupfleet.com\\\/de\\\/\"},{\"@type\":\"ListItem\",\"position\":2,\"name\":\"Was haben Business und Privates gemeinsam?\"}]},{\"@type\":\"WebSite\",\"@id\":\"https:\\\/\\\/www.groupfleet.com\\\/de\\\/#website\",\"url\":\"https:\\\/\\\/www.groupfleet.com\\\/de\\\/\",\"name\":\"Volkswagen Group | FleetHub\",\"description\":\"Online magazine for Fleet managers\",\"potentialAction\":[{\"@type\":\"SearchAction\",\"target\":{\"@type\":\"EntryPoint\",\"urlTemplate\":\"https:\\\/\\\/www.groupfleet.com\\\/de\\\/?s={search_term_string}\"},\"query-input\":{\"@type\":\"PropertyValueSpecification\",\"valueRequired\":true,\"valueName\":\"search_term_string\"}}],\"inLanguage\":\"de\"},{\"@type\":\"Person\",\"@id\":\"https:\\\/\\\/www.groupfleet.com\\\/de\\\/#\\\/schema\\\/person\\\/8b1d7be286fefef37804765123983b32\",\"name\":\"Stefan Gro\u00dfer\",\"url\":\"https:\\\/\\\/www.groupfleet.com\\\/de\\\/author\\\/sgrosser\\\/\"}]}<\/script>\n<!-- \/ Yoast SEO plugin. -->","yoast_head_json":{"title":"Was haben Business und Privates gemeinsam? - Volkswagen Group | FleetHub","robots":{"index":"index","follow":"follow","max-snippet":"max-snippet:-1","max-image-preview":"max-image-preview:large","max-video-preview":"max-video-preview:-1"},"canonical":"https:\/\/www.volkswagen-newsroom.com\/de\/pressemitteilungen\/der-neue-id4-weltpremiere-des-rein-elektrisch-angetriebenen-suv-6446","og_locale":"de_DE","og_type":"article","og_title":"Was haben Business und Privates gemeinsam? - Volkswagen Group | FleetHub","og_description":"Genau \u2013 es ist der Audi Q7. Und das aus guten Gr\u00fcnden, schlie\u00dflich geh\u00f6rt das gro\u00dfe SUV von Audi schon seit 2005 zu den beliebtesten Modellen seiner Fahrzeugklasse. Und nachdem sich Dienstwagenflotten immer mehr f\u00fcr die urbanen Sportler \u00f6ffnen, darf auch der Q7 im Businessbereich nicht fehlen: Nat\u00fcrlich wegen seines unverkennbaren Designs \u2013 eben typisch Audi \u2013, das beim Kundentermin f\u00fcr beeindruckende Pr\u00e4senz sorgt. Aber auch, weil er dank seines variablen Innenraumkonzepts ideal im Privaten einsetzbar ist. User-Chooser mit Familie wissen ganz genau, was das bedeutet.","og_url":"https:\/\/www.volkswagen-newsroom.com\/de\/pressemitteilungen\/der-neue-id4-weltpremiere-des-rein-elektrisch-angetriebenen-suv-6446","og_site_name":"Volkswagen Group | FleetHub","article_published_time":"2024-03-14T18:16:43+00:00","article_modified_time":"2024-03-15T16:40:37+00:00","og_image":[{"width":1920,"height":1080,"url":"https:\/\/www.groupfleet.com\/wp-content\/uploads\/2024\/03\/q7_2023_5386_1920x1080.jpg","type":"image\/jpeg"}],"author":"Stefan Gro\u00dfer","twitter_card":"summary_large_image","twitter_misc":{"Verfasst von":"Stefan Gro\u00dfer","Gesch\u00e4tzte Lesezeit":"8\u00a0Minuten"},"schema":{"@context":"https:\/\/schema.org","@graph":[{"@type":"Article","@id":"https:\/\/www.volkswagen-newsroom.com\/de\/pressemitteilungen\/der-neue-id4-weltpremiere-des-rein-elektrisch-angetriebenen-suv-6446#article","isPartOf":{"@id":"https:\/\/www.groupfleet.com\/de\/audi-q7\/"},"author":{"name":"Stefan Gro\u00dfer","@id":"https:\/\/www.groupfleet.com\/de\/#\/schema\/person\/8b1d7be286fefef37804765123983b32"},"headline":"Was haben Business und Privates gemeinsam?","datePublished":"2024-03-14T18:16:43+00:00","dateModified":"2024-03-15T16:40:37+00:00","mainEntityOfPage":{"@id":"https:\/\/www.groupfleet.com\/de\/audi-q7\/"},"wordCount":1476,"image":{"@id":"https:\/\/www.volkswagen-newsroom.com\/de\/pressemitteilungen\/der-neue-id4-weltpremiere-des-rein-elektrisch-angetriebenen-suv-6446#primaryimage"},"thumbnailUrl":"https:\/\/www.groupfleet.com\/wp-content\/uploads\/2024\/03\/q7_2023_5386_1920x1080.jpg","articleSection":["Audi","Flottenmodelle"],"inLanguage":"de"},{"@type":"WebPage","@id":"https:\/\/www.groupfleet.com\/de\/audi-q7\/","url":"https:\/\/www.volkswagen-newsroom.com\/de\/pressemitteilungen\/der-neue-id4-weltpremiere-des-rein-elektrisch-angetriebenen-suv-6446","name":"Was haben Business und Privates gemeinsam? - Volkswagen Group | FleetHub","isPartOf":{"@id":"https:\/\/www.groupfleet.com\/de\/#website"},"primaryImageOfPage":{"@id":"https:\/\/www.volkswagen-newsroom.com\/de\/pressemitteilungen\/der-neue-id4-weltpremiere-des-rein-elektrisch-angetriebenen-suv-6446#primaryimage"},"image":{"@id":"https:\/\/www.volkswagen-newsroom.com\/de\/pressemitteilungen\/der-neue-id4-weltpremiere-des-rein-elektrisch-angetriebenen-suv-6446#primaryimage"},"thumbnailUrl":"https:\/\/www.groupfleet.com\/wp-content\/uploads\/2024\/03\/q7_2023_5386_1920x1080.jpg","datePublished":"2024-03-14T18:16:43+00:00","dateModified":"2024-03-15T16:40:37+00:00","author":{"@id":"https:\/\/www.groupfleet.com\/de\/#\/schema\/person\/8b1d7be286fefef37804765123983b32"},"breadcrumb":{"@id":"https:\/\/www.volkswagen-newsroom.com\/de\/pressemitteilungen\/der-neue-id4-weltpremiere-des-rein-elektrisch-angetriebenen-suv-6446#breadcrumb"},"inLanguage":"de","potentialAction":[{"@type":"ReadAction","target":["https:\/\/www.volkswagen-newsroom.com\/de\/pressemitteilungen\/der-neue-id4-weltpremiere-des-rein-elektrisch-angetriebenen-suv-6446"]}]},{"@type":"ImageObject","inLanguage":"de","@id":"https:\/\/www.volkswagen-newsroom.com\/de\/pressemitteilungen\/der-neue-id4-weltpremiere-des-rein-elektrisch-angetriebenen-suv-6446#primaryimage","url":"https:\/\/www.groupfleet.com\/wp-content\/uploads\/2024\/03\/q7_2023_5386_1920x1080.jpg","contentUrl":"https:\/\/www.groupfleet.com\/wp-content\/uploads\/2024\/03\/q7_2023_5386_1920x1080.jpg","width":1920,"height":1080},{"@type":"BreadcrumbList","@id":"https:\/\/www.volkswagen-newsroom.com\/de\/pressemitteilungen\/der-neue-id4-weltpremiere-des-rein-elektrisch-angetriebenen-suv-6446#breadcrumb","itemListElement":[{"@type":"ListItem","position":1,"name":"Home","item":"https:\/\/www.groupfleet.com\/de\/"},{"@type":"ListItem","position":2,"name":"Was haben Business und Privates gemeinsam?"}]},{"@type":"WebSite","@id":"https:\/\/www.groupfleet.com\/de\/#website","url":"https:\/\/www.groupfleet.com\/de\/","name":"Volkswagen Group | FleetHub","description":"Online magazine for Fleet managers","potentialAction":[{"@type":"SearchAction","target":{"@type":"EntryPoint","urlTemplate":"https:\/\/www.groupfleet.com\/de\/?s={search_term_string}"},"query-input":{"@type":"PropertyValueSpecification","valueRequired":true,"valueName":"search_term_string"}}],"inLanguage":"de"},{"@type":"Person","@id":"https:\/\/www.groupfleet.com\/de\/#\/schema\/person\/8b1d7be286fefef37804765123983b32","name":"Stefan Gro\u00dfer","url":"https:\/\/www.groupfleet.com\/de\/author\/sgrosser\/"}]}},"_links":{"self":[{"href":"https:\/\/www.groupfleet.com\/de\/wp-json\/wp\/v2\/posts\/32283","targetHints":{"allow":["GET"]}}],"collection":[{"href":"https:\/\/www.groupfleet.com\/de\/wp-json\/wp\/v2\/posts"}],"about":[{"href":"https:\/\/www.groupfleet.com\/de\/wp-json\/wp\/v2\/types\/post"}],"author":[{"embeddable":true,"href":"https:\/\/www.groupfleet.com\/de\/wp-json\/wp\/v2\/users\/39"}],"replies":[{"embeddable":true,"href":"https:\/\/www.groupfleet.com\/de\/wp-json\/wp\/v2\/comments?post=32283"}],"version-history":[{"count":0,"href":"https:\/\/www.groupfleet.com\/de\/wp-json\/wp\/v2\/posts\/32283\/revisions"}],"wp:featuredmedia":[{"embeddable":true,"href":"https:\/\/www.groupfleet.com\/de\/wp-json\/wp\/v2\/media\/32285"}],"wp:attachment":[{"href":"https:\/\/www.groupfleet.com\/de\/wp-json\/wp\/v2\/media?parent=32283"}],"wp:term":[{"taxonomy":"category","embeddable":true,"href":"https:\/\/www.groupfleet.com\/de\/wp-json\/wp\/v2\/categories?post=32283"},{"taxonomy":"post_tag","embeddable":true,"href":"https:\/\/www.groupfleet.com\/de\/wp-json\/wp\/v2\/tags?post=32283"}],"curies":[{"name":"wp","href":"https:\/\/api.w.org\/{rel}","templated":true}]}}