{"id":31807,"date":"2023-12-20T07:55:38","date_gmt":"2023-12-20T06:55:38","guid":{"rendered":"https:\/\/www.groupfleet.com\/?p=31807"},"modified":"2024-04-18T10:20:45","modified_gmt":"2024-04-18T08:20:45","slug":"interview-lubos-vnenk","status":"publish","type":"post","link":"https:\/\/www.groupfleet.com\/de\/interview-lubos-vnenk\/","title":{"rendered":"E-xplore: \u0160koda wird elektrisch"},"content":{"rendered":"<div class=\"wpb-content-wrapper\"><p>[vc_row full_width=&#8220;stretch_row_content&#8220;][vc_column width=&#8220;1\/6&#8243;][\/vc_column][vc_column width=&#8220;2\/3&#8243;][vc_column_text]<\/p>\n<h2>Mit dem Enyaq hat \u0160koda einen Volltreffer gelandet. Der SUV ist beispielsweise das derzeit meistzugelassene Elektrofahrzeug in Deutschland. Bis 2026 plant die Marke ehrgeizig und bringt sechs neue, vollelektrische Modelle auf den Markt. Im Interview verdeutlicht \u0160koda Key Account Coordinator Lubo\u0161 Vnenk, dass sich mit dem erweiterten Portfolio auch f\u00fcr Flotten neue Perspektiven er\u00f6ffnen.<\/h2>\n<p>[\/vc_column_text][\/vc_column][vc_column width=&#8220;1\/6&#8243;][\/vc_column][\/vc_row][vc_row][vc_column css=&#8220;.vc_custom_1663594233237{background-color: #eef5f8 !important;}&#8220;][vc_column_text]<\/p>\n<div class=\"question-answer-modul abstractContentComponent parbase section\">\n<div class=\"iv-modul__question\">\n<div class=\"iv-modul__question\">\n<div class=\"iv-modul__question\">\n<div class=\"iv-modul__question\">\n<p><strong>Herr Vnenk, welche globalen Strategien verfolgt \u0160koda im internationalen Gro\u00dfkundensegment?<\/strong><\/p>\n<\/div>\n<div class=\"iv-modul__answer\">\n<p style=\"padding-left: 40px;\">\u0160koda ist seit jeher f\u00fcr sein attraktives Preis-Leistungs-Verh\u00e4ltnis bekannt. Unsere Autos bieten ein hervorragendes Raumangebot, handwerkliche Qualit\u00e4t und vor allem Sicherheit. Diese Werte und die gezielten Flottenangebote sind der Grund, warum unsere Marke im Flottensegment erfolgreich ist.\u00b9 Was die Gesch\u00e4ftsbeziehungen betrifft, so wollen wir nah an unseren Kunden sein und eine nachhaltige Partnerschaft mit offener und klarer Kommunikation aufbauen. Die Situation in den letzten Jahren war nicht einfach, aber wenn man sich weiterhin gegenseitig unterst\u00fctzt, wird man eine L\u00f6sung finden.<\/p>\n<\/div>\n<\/div>\n<\/div>\n<\/div>\n<\/div>\n<p>[\/vc_column_text][vc_column_text]<\/p>\n<div class=\"iv-modul__question\">\n<div class=\"iv-modul__question\">\n<div class=\"iv-modul__question\">\n<div class=\"iv-modul__question\">\n<p><strong>Wie sch\u00e4tzen Sie die k\u00fcnftige Entwicklung f\u00fcr \u0160koda auf den M\u00e4rkten ein?<\/strong><\/p>\n<\/div>\n<div class=\"iv-modul__answer\">\n<p style=\"padding-left: 40px;\">Generell ist \u0160koda eine sehr etablierte Marke in Europa. In Deutschland beispielsweise sind wir Importeur Nr. 1, und in unserem Heimatland Tschechien halten wir mehr als ein Drittel des Neuwagenmarktes. Diesen Erfolg wollen wir auch auf unsere neuen M\u00e4rkte ausweiten, zum Beispiel auf Vietnam.<\/p>\n<\/div>\n<\/div>\n<\/div>\n<\/div>\n<p>[\/vc_column_text][vc_column_text]<\/p>\n<div class=\"iv-modul__question\">\n<div class=\"iv-modul__question\">\n<div class=\"iv-modul__question\">\n<div class=\"iv-modul__question\">\n<p><strong>Wie hebt sich Ihr Flottenangebot von dem der Konkurrenz ab?<br \/>\n<\/strong><\/p>\n<\/div>\n<div class=\"iv-modul__answer\">\n<p style=\"padding-left: 40px;\">Ich denke, das wesentliche Differenzierungsmerkmal ist unser Produkt. Wir bieten verschiedene Fahrzeuge an, die selbst anspruchsvollen Flottenanforderungen gerecht werden. Das \u0160koda-Portfolio ist breit gef\u00e4chert: Angefangen beim &#8222;Pool&#8220;-Fahrzeug \u00fcber den Dienstwagen bis hin zur Limousine f\u00fcr den CEO. Kunden k\u00f6nnen unsere Modelle zudem zu einem g\u00fcnstigen Preis kaufen oder finanzieren. F\u00fcr<span style=\"letter-spacing: 0px;\"> Flottenmanager sind wir unter dem Gesichtspunkt der TCO sehr attraktiv, wobei hier der Restwert die gr\u00f6\u00dfte Rolle spielt. Dar\u00fcber hinaus ist \u0160koda bekannt f\u00fcr seine ma\u00dfgeschneiderten Angebote &#8211; einschlie\u00dflich Aftersales- und Finanzierungsprodukte.\u00a0 <\/span><span style=\"letter-spacing: 0px;\">Nicht zu vergessen unsere Simply Clever Features, kleine Dinge, die den Alltag erleichtern. Ich pers\u00f6nlich liebe den Regenschirm in der T\u00fcr oder die Haken im Kofferraum, an denen ich meine Eink\u00e4ufe sicher nach Hause bringen kann.<\/span><\/p>\n<\/div>\n<\/div>\n<\/div>\n<\/div>\n<p>[\/vc_column_text][vc_single_image image=&#8220;31830&#8243; img_size=&#8220;large&#8220; alignment=&#8220;center&#8220;][vc_column_text]<\/p>\n<div class=\"iv-modul__question\">\n<div class=\"question-answer-modul abstractContentComponent parbase section\">\n<div class=\"iv-modul__question\">\n<div class=\"iv-modul__question\">\n<div class=\"iv-modul__question\">\n<div class=\"iv-modul__question\">\n<p><strong>Was unterscheidet Ihre Elektrofahrzeuge von denen der Marktbegleiter?<\/strong><\/p>\n<\/div>\n<div class=\"iv-modul__answer\">\n<p style=\"padding-left: 40px;\">Da f\u00e4llt mir sofort unser attraktives Design ein. Dabei legen wir besonderen Wert auf die \u00c4sthetik, die sich in jedem Detail wiederfindet. Denn wir glauben, dass die Kombination aus modernem Design und hochwertiger Verarbeitung unseren Kunden ein einzigartiges Fahrerlebnis bietet. Ein weiterer Faktor ist das Thema Reichweite. Unsere E-Fahrzeuge bieten sehr oft h\u00f6here Reichweiten, als die unserer Mitbewerber. Dies ist das Resultat unserer kontinuierlichen Bem\u00fchungen in puncto Batterietechnologie, Antriebseffizienz und Zuverl\u00e4ssigkeit. Hinzu kommen die langj\u00e4hrige Tradition unserer Marke und ein weltweites Servicenetz, die viele unserer Kunden \u00fcberzeugen.<\/p>\n<\/div>\n<\/div>\n<\/div>\n<\/div>\n<\/div>\n<\/div>\n<p>[\/vc_column_text][vc_column_text]<\/p>\n<div class=\"iv-modul__question\">\n<div class=\"iv-modul__question\">\n<div class=\"iv-modul__question\">\n<div class=\"iv-modul__question\">\n<div class=\"iv-modul__question\">\n<p><strong>Reichweite und Ladezeit werden immer noch als Argumente gegen Elektrofahrzeuge angef\u00fchrt &#8211; zu Recht?<\/strong><\/p>\n<\/div>\n<div class=\"iv-modul__answer\">\n<p style=\"padding-left: 40px;\">Einige Kunden sind in der Tat nach wie vor skeptisch. Sobald sie aber erste Fahr-Erfahrungen mit einem Elektrofahrzeug gemacht haben, \u00e4ndert sich in der Regel ihre Sichtweise. Reichweite und Ladezeit sind dann nicht l\u00e4nger \u201ePain Points&#8220;. Unser Enyaq hat beispielsweise ein solides (Reichweiten-)Niveau erreicht, und wir arbeiten weiter daran, die Reichweite zu erh\u00f6hen und die Ladezeit f\u00fcr unsere k\u00fcnftigen Modelle zu verk\u00fcrzen.<\/p>\n<p>&nbsp;<\/p>\n<p style=\"padding-left: 40px;\">Was die Fahrer an Elektrofahrzeugen jedoch vielmehr zu sch\u00e4tzen wissen, ist nicht nur die Beschleunigung an sich, sondern die Vorz\u00fcge, die jeder Fahrer sucht, wie zum Beispiel ein robustes Design und das damit verbundene Gef\u00fchl der Sicherheit. Fuhrparkmanager wiederum freuen sich \u00fcber niedrigere TCO die sich in g\u00fcnstigen Betriebs- und Servicekosten widerspiegeln. Der Vorteil vervielfacht sich vor allem dann, wenn Kunden \u00fcber eine eigene, gut funktionierende Ladeinfrastruktur verf\u00fcgen.<\/p>\n<\/div>\n<\/div>\n<\/div>\n<\/div>\n<\/div>\n<p>[\/vc_column_text][vc_column_text]<\/p>\n<div class=\"iv-modul__question\">\n<div class=\"iv-modul__question\">\n<div class=\"iv-modul__question\">\n<div class=\"iv-modul__question\">\n<div class=\"iv-modul__question\">\n<div class=\"iv-modul__question\">\n<p><strong>Wie wird sich die Elektrifizierung von Flotten in den wichtigsten M\u00e4rkten entwickeln?<\/strong><\/p>\n<\/div>\n<div class=\"iv-modul__answer\">\n<p style=\"padding-left: 40px;\">Die Elektrifizierung von Fuhrparks ist ein dynamischer Prozess, der in den verschiedenen M\u00e4rkten von unterschiedlichen Faktoren beeinflusst wird. Westeuropa f\u00fchrt den Trend an, w\u00e4hrend andere Regionen in unterschiedlichem Tempo aufholen, beeinflusst durch das wirtschaftliche und politische Klima. Unternehmen elektrifizieren ihre Flotten zunehmend, um Umwelt-, Sozial- und Governance-Ziele (ESG) zu erreichen, und machen dies zu einer strategischen Notwendigkeit.<\/p>\n<\/div>\n<\/div>\n<\/div>\n<\/div>\n<\/div>\n<\/div>\n<p>[\/vc_column_text][vc_column_text]<\/p>\n<div class=\"iv-modul__question\">\n<div class=\"iv-modul__question\">\n<div class=\"iv-modul__question\">\n<div class=\"iv-modul__question\">\n<div class=\"iv-modul__question\">\n<div class=\"iv-modul__question\">\n<p><strong>Welche Unterst\u00fctzung bieten Sie bei der Umsetzung von Elektromobilit\u00e4t in bestehenden Flotten?<\/strong><\/p>\n<\/div>\n<div class=\"iv-modul__answer\">\n<p style=\"padding-left: 40px;\">Im Rahmen der Elektromobilit\u00e4t bieten wir eine breite Palette von Produkten und Dienstleistungen an. Zum Beispiel k\u00f6nnen wir Unternehmen bei der Installation der Wallboxen helfen, wir bieten Ladekarten an und nat\u00fcrlich einen einwandfreien Service-Support.\u00a0Wir versuchen \u00fcberdies, die Menschen im Bereich der Elektromobilit\u00e4t zu informieren, daher bieten wir einen Beratungsservice, Kostenrechner und Kostenstrukturvergleiche zwischen Verbrenner- und Elektromodellen an. In jedem Autohaus gibt es auch einen engagierten und gut geschulten Ansprechpartner f\u00fcr Elektroautos, der dem Kunden aufzeigen kann, inwieweit Elektromobilit\u00e4t f\u00fcr seinen Fuhrpark in Frage kommt.<\/p>\n<\/div>\n<\/div>\n<\/div>\n<\/div>\n<\/div>\n<\/div>\n<p>[\/vc_column_text][vc_column_text]<\/p>\n<h2><span style=\"color: #4291c9;\">\u201eUnser wichtigstes Ziel und unsere Unternehmensvision ist es, den Menschen zu helfen, intelligenter und \u201asimply clever\u2018 zu leben.\u201c<\/span><\/h2>\n<p>[\/vc_column_text][vc_separator color=&#8220;custom&#8220; align=&#8220;align_left&#8220; el_width=&#8220;20&#8243; css=&#8220;.vc_custom_1702977284967{background-color: #39879e !important;}&#8220; accent_color=&#8220;#4291c9&#8243;][vc_column_text]<span style=\"color: #4291c9;\"><strong>Lubo\u0161 Vnenk<\/strong><\/span><br \/>\n<span style=\"color: #39879e;\"><span style=\"color: #4291c9;\">Key Accounts Koordinator, \u0160koda Auto a.s.<\/span><br \/>\n<\/span>[\/vc_column_text][vc_column_text]<\/p>\n<div class=\"iv-modul__question\">\n<div class=\"iv-modul__question\">\n<div class=\"iv-modul__question\">\n<div class=\"iv-modul__question\">\n<div class=\"iv-modul__question\">\n<div class=\"iv-modul__question\">\n<p><strong>Bieten Sie spezielle Leasing- oder Finanzierungsmodelle f\u00fcr internationale Flotten an?<\/strong><\/p>\n<\/div>\n<div class=\"iv-modul__answer\">\n<p style=\"padding-left: 40px;\">Ja, das tun wir in der Tat. Wir bieten \u00fcber unsere Kollegen von der VWFS verschiedene Leasing- und Finanzierungsm\u00f6glichkeiten an. Was die Elektromobilit\u00e4t angeht, gibt es ein ma\u00dfgeschneidertes Programm f\u00fcr internationale Flottenkunden: <a href=\"https:\/\/www.internationalfleet.com\/EVOLVE11.html\">Electrification-as-a-Service.<\/a><\/p>\n<\/div>\n<\/div>\n<\/div>\n<\/div>\n<\/div>\n<\/div>\n<p>[\/vc_column_text][vc_column_text]<\/p>\n<div class=\"iv-modul__question\">\n<div class=\"iv-modul__question\">\n<div class=\"iv-modul__question\">\n<div class=\"iv-modul__question\">\n<div class=\"iv-modul__question\">\n<div class=\"iv-modul__question\">\n<p><strong>Der eine oder andere Wettbewerber nutzt derzeit Rabattaktionen, um Marktanteile zu sichern oder zu gewinnen. Planen Sie \u00c4hnliches?<\/strong><\/p>\n<\/div>\n<div class=\"iv-modul__answer\">\n<p style=\"padding-left: 40px;\">Wir sind darauf bedacht, immer mehr zu bieten, als man erwartet. Das zahlt sich aus. Und es geht nicht immer nur um die Anfangsrabatte. Unser Ziel ist es, einen treuen Kundenstamm aufzubauen. Um unsere Kunden zufrieden zu stellen, m\u00fcssen wir ihnen jedoch einen guten Grund geben, bei uns zu bleiben. Das kann die Produkt- und Netzqualit\u00e4t sein aber auch die Wirtschaftlichkeit und Verf\u00fcgbarkeit unserer Fahrzeuge. Unser wichtigstes Ziel und unsere Unternehmensvision ist es dabei stets, den Menschen zu helfen, intelligenter und \u201esimply clever\u201c zu leben.<\/p>\n<\/div>\n<\/div>\n<\/div>\n<\/div>\n<\/div>\n<\/div>\n<p>[\/vc_column_text][vc_column_text]<\/p>\n<div class=\"iv-modul__question\">\n<div class=\"iv-modul__question\">\n<div class=\"iv-modul__question\">\n<div class=\"iv-modul__question\">\n<div class=\"iv-modul__question\">\n<div class=\"iv-modul__question\">\n<p><strong>Ohne nachhaltige Mobilit\u00e4tsl\u00f6sungen im Portfolio wird es f\u00fcr Fahrzeughersteller auf dem Markt immer schwieriger. Wie sieht die Roadmap von \u0160koda f\u00fcr die Zukunft aus?<\/strong><\/p>\n<\/div>\n<div class=\"iv-modul__answer\">\n<p style=\"padding-left: 40px;\">\u0160koda ist mit sechs neuen Elektrofahrzeugen, die bis zum Jahr 2026 auf den Markt kommen sollen, voll auf dem Weg der Elektrifizierung. Dieser aggressive Vorsto\u00df in Richtung Elektromobilit\u00e4t zeigt unser Engagement f\u00fcr die Reduzierung des CO\u2082-Aussto\u00dfes und unseren Beitrag zu einer nachhaltigeren Zukunft. Und: Diese neuen Elektromodelle sind nicht einfach nur Fahrzeuge, sie sind ein Schritt nach vorn in Sachen Innovation und ein Bekenntnis zu umweltfreundlichen Verkehrsmitteln.<\/p>\n<p>&nbsp;<\/p>\n<p style=\"padding-left: 40px;\">Neben dem Fokus auf Elektrofahrzeuge investiert \u0160koda auch in die Weiterentwicklung bestehender Modelle mit Verbrennungsmotor. Facelifts f\u00fcr den Scala, den Kamiq und den k\u00fcnftigen Octavia zeigen unser Engagement f\u00fcr kontinuierliche Verbesserungen und die Vorreiterrolle bei Design- und Technologietrends. Diese Aktualisierungen zielen darauf ab, den Kunden ein aufgefrischtes und modernisiertes Fahrerlebnis zu bieten.<\/p>\n<p>&nbsp;<\/p>\n<p style=\"padding-left: 40px;\">Dar\u00fcber hinaus geht die Nachhaltigkeit \u00fcber Elektrofahrzeuge hinaus. Die neuen Generationen der Modelle Superb und Kodiaq verf\u00fcgen \u00fcber Hybridantriebe, die elektrische und konventionelle Motoren kombinieren. Diese Hybridtechnologie stellt einen pragmatischen Ansatz dar, der Kraftstoffeffizienz und reduzierte Emissionen bietet und gleichzeitig die Leistung und Vielseitigkeit beibeh\u00e4lt, f\u00fcr die \u0160koda bekannt ist.<\/p>\n<\/div>\n<\/div>\n<\/div>\n<\/div>\n<\/div>\n<\/div>\n<p>[\/vc_column_text][vc_column_text]<\/p>\n<div class=\"iv-modul__question\">\n<div class=\"iv-modul__question\">\n<div class=\"iv-modul__question\">\n<div class=\"iv-modul__question\">\n<div class=\"iv-modul__question\">\n<div class=\"iv-modul__question\">\n<p><strong>Was ist Ihre pers\u00f6nliche Einsch\u00e4tzung: Geht die \u00c4ra des Verbrennungsmotors zu Ende?<\/strong><\/p>\n<\/div>\n<div class=\"iv-modul__answer\">\n<p style=\"padding-left: 40px;\">Vorl\u00e4ufig sehe ich, dass wir alle das Beste aus beiden Welten erleben werden. Skoda wird die konventionellen Modelle weiter verbessern, um die Emissionen zu reduzieren, und parallel dazu neue Elektroautos einf\u00fchren. Ich habe sie alle als \u201eklassifizierte Prototypen\u201c gesehen und war super begeistert. Bleiben Sie also bitte dran, es gibt noch mehr zu entdecken!<\/p>\n<\/div>\n<\/div>\n<\/div>\n<\/div>\n<\/div>\n<\/div>\n<p>[\/vc_column_text][vc_column_text]<\/p>\n<h2><span style=\"color: #4291c9;\">\u201eWir leben in den turbulentesten, aber in gewisser Weise auch spannendsten Zeiten der Automobilindustrie!\u201c<\/span><\/h2>\n<p>[\/vc_column_text][vc_separator color=&#8220;custom&#8220; align=&#8220;align_left&#8220; el_width=&#8220;20&#8243; css=&#8220;.vc_custom_1702977256768{background-color: #39879e !important;}&#8220; accent_color=&#8220;#4291c9&#8243;][vc_column_text]<span style=\"color: #4291c9;\"><strong>Lubo\u0161 Vnenk<\/strong><\/span><br \/>\n<span style=\"color: #39879e;\"><span style=\"color: #4291c9;\">Key Accounts Koordinator, \u0160koda Auto a.s.<\/span><br \/>\n<\/span>[\/vc_column_text][\/vc_column][\/vc_row][vc_row][vc_column]\n<div class=\"mybutton\" style=\"text-align: center;\">\n\t<a class=\"button \"  href=\"https:\/\/www.groupfleet.com\/de\/interview_steffen_zoehke\/\" target=\"_blank\">Noch mehr FleetTalk? Zum Gespr\u00e4ch mit Steffen Z\u00f6hke, \u0160koda Auto Deutschland<\/a>\n<\/div>[\/vc_column][\/vc_row][vc_row][vc_column][vc_separator][vc_column_text]<span style=\"font-size: 10pt;\">\u00b9\u207e\u0160koda ist laut dataforce die am zweitbesten verkaufte Marke in Europa (EU18) im True Fleet Channel.<\/span><\/p>\n<p>&nbsp;<\/p>\n<p><span style=\"font-size: 10pt;\">Stand: 19.12.2023<\/span><br \/>\n<span style=\"font-size: 10pt;\">\u00a9 Volkswagen AG<\/span>[\/vc_column_text][\/vc_column][\/vc_row]<\/p>\n<\/div>","protected":false},"excerpt":{"rendered":"<p>\u0160koda hat mit seinem ersten Elektromodell, dem Enyaq, einen Volltreffer gelandet. Ein Beispiel: Der SUV ist zurzeit das in Deutschland meistzugelassene Elektrofahrzeug. Bis 2026 verfolgt die Marke ehrgeizige Pl\u00e4ne und bringt sechs neue, vollelektrische Modelle auf den Markt. Im Interview zeigt \u0160koda Key Account Coordinator Lubo\u0161 Vnenk auf, dass sich mit dem erweiterten Portfolio auch f\u00fcr Flotten neue Perspektiven er\u00f6ffnet.<\/p>\n","protected":false},"author":39,"featured_media":31822,"comment_status":"closed","ping_status":"closed","sticky":false,"template":"","format":"standard","meta":{"_acf_changed":false,"footnotes":""},"categories":[96,48],"tags":[],"class_list":["post-31807","post","type-post","status-publish","format-standard","has-post-thumbnail","hentry","category-interview","category-hintergrundwissen","newsletter-fleetnews-05-23"],"acf":[],"yoast_head":"<!-- This site is optimized with the Yoast SEO plugin v27.4 - https:\/\/yoast.com\/product\/yoast-seo-wordpress\/ -->\n<title>E-xplore: \u0160koda wird elektrisch - Volkswagen Group | FleetHub<\/title>\n<meta name=\"description\" content=\"Bis 2026 bringt \u0160koda sechs neue E-Modelle auf den Markt. Im Interview zeigt \u0160koda Key Account Coordinator Lubo\u0161 Vnenk neue Perspektiven auf.\" \/>\n<meta name=\"robots\" content=\"index, follow, max-snippet:-1, max-image-preview:large, max-video-preview:-1\" \/>\n<link rel=\"canonical\" href=\"https:\/\/www.groupfleet.com\/de\/interview-lubos-vnenk\/\" \/>\n<meta property=\"og:locale\" content=\"de_DE\" \/>\n<meta property=\"og:type\" content=\"article\" \/>\n<meta property=\"og:title\" content=\"E-xplore: \u0160koda wird elektrisch - Volkswagen Group | FleetHub\" \/>\n<meta property=\"og:description\" content=\"Bis 2026 bringt \u0160koda sechs neue E-Modelle auf den Markt. Im Interview zeigt \u0160koda Key Account Coordinator Lubo\u0161 Vnenk neue Perspektiven auf.\" \/>\n<meta property=\"og:url\" content=\"https:\/\/www.groupfleet.com\/de\/interview-lubos-vnenk\/\" \/>\n<meta property=\"og:site_name\" content=\"Volkswagen Group | FleetHub\" \/>\n<meta property=\"article:published_time\" content=\"2023-12-20T06:55:38+00:00\" \/>\n<meta property=\"article:modified_time\" content=\"2024-04-18T08:20:45+00:00\" \/>\n<meta property=\"og:image\" content=\"https:\/\/www.groupfleet.com\/wp-content\/uploads\/2023\/12\/enq_ng_sl_cp_bs_005_0623_1920x1080.jpg\" \/>\n\t<meta property=\"og:image:width\" content=\"1920\" \/>\n\t<meta property=\"og:image:height\" content=\"1080\" \/>\n\t<meta property=\"og:image:type\" content=\"image\/jpeg\" \/>\n<meta name=\"author\" content=\"Stefan Gro\u00dfer\" \/>\n<meta name=\"twitter:card\" content=\"summary_large_image\" \/>\n<meta name=\"twitter:label1\" content=\"Verfasst von\" \/>\n\t<meta name=\"twitter:data1\" content=\"Stefan Gro\u00dfer\" \/>\n\t<meta name=\"twitter:label2\" content=\"Gesch\u00e4tzte Lesezeit\" \/>\n\t<meta name=\"twitter:data2\" content=\"8\u00a0Minuten\" \/>\n<script type=\"application\/ld+json\" class=\"yoast-schema-graph\">{\"@context\":\"https:\\\/\\\/schema.org\",\"@graph\":[{\"@type\":\"Article\",\"@id\":\"https:\\\/\\\/www.groupfleet.com\\\/de\\\/interview-lubos-vnenk\\\/#article\",\"isPartOf\":{\"@id\":\"https:\\\/\\\/www.groupfleet.com\\\/de\\\/interview-lubos-vnenk\\\/\"},\"author\":{\"name\":\"Stefan Gro\u00dfer\",\"@id\":\"https:\\\/\\\/www.groupfleet.com\\\/de\\\/#\\\/schema\\\/person\\\/8b1d7be286fefef37804765123983b32\"},\"headline\":\"E-xplore: \u0160koda wird elektrisch\",\"datePublished\":\"2023-12-20T06:55:38+00:00\",\"dateModified\":\"2024-04-18T08:20:45+00:00\",\"mainEntityOfPage\":{\"@id\":\"https:\\\/\\\/www.groupfleet.com\\\/de\\\/interview-lubos-vnenk\\\/\"},\"wordCount\":1531,\"image\":{\"@id\":\"https:\\\/\\\/www.groupfleet.com\\\/de\\\/interview-lubos-vnenk\\\/#primaryimage\"},\"thumbnailUrl\":\"https:\\\/\\\/www.groupfleet.com\\\/wp-content\\\/uploads\\\/2023\\\/12\\\/enq_ng_sl_cp_bs_005_0623_1920x1080.jpg\",\"articleSection\":[\"Interview\",\"Fuhrparkwissen\"],\"inLanguage\":\"de\"},{\"@type\":\"WebPage\",\"@id\":\"https:\\\/\\\/www.groupfleet.com\\\/de\\\/interview-lubos-vnenk\\\/\",\"url\":\"https:\\\/\\\/www.groupfleet.com\\\/de\\\/interview-lubos-vnenk\\\/\",\"name\":\"E-xplore: \u0160koda wird elektrisch - Volkswagen Group | FleetHub\",\"isPartOf\":{\"@id\":\"https:\\\/\\\/www.groupfleet.com\\\/de\\\/#website\"},\"primaryImageOfPage\":{\"@id\":\"https:\\\/\\\/www.groupfleet.com\\\/de\\\/interview-lubos-vnenk\\\/#primaryimage\"},\"image\":{\"@id\":\"https:\\\/\\\/www.groupfleet.com\\\/de\\\/interview-lubos-vnenk\\\/#primaryimage\"},\"thumbnailUrl\":\"https:\\\/\\\/www.groupfleet.com\\\/wp-content\\\/uploads\\\/2023\\\/12\\\/enq_ng_sl_cp_bs_005_0623_1920x1080.jpg\",\"datePublished\":\"2023-12-20T06:55:38+00:00\",\"dateModified\":\"2024-04-18T08:20:45+00:00\",\"author\":{\"@id\":\"https:\\\/\\\/www.groupfleet.com\\\/de\\\/#\\\/schema\\\/person\\\/8b1d7be286fefef37804765123983b32\"},\"description\":\"Bis 2026 bringt \u0160koda sechs neue E-Modelle auf den Markt. Im Interview zeigt \u0160koda Key Account Coordinator Lubo\u0161 Vnenk neue Perspektiven auf.\",\"breadcrumb\":{\"@id\":\"https:\\\/\\\/www.groupfleet.com\\\/de\\\/interview-lubos-vnenk\\\/#breadcrumb\"},\"inLanguage\":\"de\",\"potentialAction\":[{\"@type\":\"ReadAction\",\"target\":[\"https:\\\/\\\/www.groupfleet.com\\\/de\\\/interview-lubos-vnenk\\\/\"]}]},{\"@type\":\"ImageObject\",\"inLanguage\":\"de\",\"@id\":\"https:\\\/\\\/www.groupfleet.com\\\/de\\\/interview-lubos-vnenk\\\/#primaryimage\",\"url\":\"https:\\\/\\\/www.groupfleet.com\\\/wp-content\\\/uploads\\\/2023\\\/12\\\/enq_ng_sl_cp_bs_005_0623_1920x1080.jpg\",\"contentUrl\":\"https:\\\/\\\/www.groupfleet.com\\\/wp-content\\\/uploads\\\/2023\\\/12\\\/enq_ng_sl_cp_bs_005_0623_1920x1080.jpg\",\"width\":1920,\"height\":1080},{\"@type\":\"BreadcrumbList\",\"@id\":\"https:\\\/\\\/www.groupfleet.com\\\/de\\\/interview-lubos-vnenk\\\/#breadcrumb\",\"itemListElement\":[{\"@type\":\"ListItem\",\"position\":1,\"name\":\"Home\",\"item\":\"https:\\\/\\\/www.groupfleet.com\\\/de\\\/\"},{\"@type\":\"ListItem\",\"position\":2,\"name\":\"E-xplore: \u0160koda wird elektrisch\"}]},{\"@type\":\"WebSite\",\"@id\":\"https:\\\/\\\/www.groupfleet.com\\\/de\\\/#website\",\"url\":\"https:\\\/\\\/www.groupfleet.com\\\/de\\\/\",\"name\":\"Volkswagen Group | FleetHub\",\"description\":\"Online magazine for Fleet managers\",\"potentialAction\":[{\"@type\":\"SearchAction\",\"target\":{\"@type\":\"EntryPoint\",\"urlTemplate\":\"https:\\\/\\\/www.groupfleet.com\\\/de\\\/?s={search_term_string}\"},\"query-input\":{\"@type\":\"PropertyValueSpecification\",\"valueRequired\":true,\"valueName\":\"search_term_string\"}}],\"inLanguage\":\"de\"},{\"@type\":\"Person\",\"@id\":\"https:\\\/\\\/www.groupfleet.com\\\/de\\\/#\\\/schema\\\/person\\\/8b1d7be286fefef37804765123983b32\",\"name\":\"Stefan Gro\u00dfer\",\"url\":\"https:\\\/\\\/www.groupfleet.com\\\/de\\\/author\\\/sgrosser\\\/\"}]}<\/script>\n<!-- \/ Yoast SEO plugin. -->","yoast_head_json":{"title":"E-xplore: \u0160koda wird elektrisch - Volkswagen Group | FleetHub","description":"Bis 2026 bringt \u0160koda sechs neue E-Modelle auf den Markt. Im Interview zeigt \u0160koda Key Account Coordinator Lubo\u0161 Vnenk neue Perspektiven auf.","robots":{"index":"index","follow":"follow","max-snippet":"max-snippet:-1","max-image-preview":"max-image-preview:large","max-video-preview":"max-video-preview:-1"},"canonical":"https:\/\/www.groupfleet.com\/de\/interview-lubos-vnenk\/","og_locale":"de_DE","og_type":"article","og_title":"E-xplore: \u0160koda wird elektrisch - Volkswagen Group | FleetHub","og_description":"Bis 2026 bringt \u0160koda sechs neue E-Modelle auf den Markt. Im Interview zeigt \u0160koda Key Account Coordinator Lubo\u0161 Vnenk neue Perspektiven auf.","og_url":"https:\/\/www.groupfleet.com\/de\/interview-lubos-vnenk\/","og_site_name":"Volkswagen Group | FleetHub","article_published_time":"2023-12-20T06:55:38+00:00","article_modified_time":"2024-04-18T08:20:45+00:00","og_image":[{"width":1920,"height":1080,"url":"https:\/\/www.groupfleet.com\/wp-content\/uploads\/2023\/12\/enq_ng_sl_cp_bs_005_0623_1920x1080.jpg","type":"image\/jpeg"}],"author":"Stefan Gro\u00dfer","twitter_card":"summary_large_image","twitter_misc":{"Verfasst von":"Stefan Gro\u00dfer","Gesch\u00e4tzte Lesezeit":"8\u00a0Minuten"},"schema":{"@context":"https:\/\/schema.org","@graph":[{"@type":"Article","@id":"https:\/\/www.groupfleet.com\/de\/interview-lubos-vnenk\/#article","isPartOf":{"@id":"https:\/\/www.groupfleet.com\/de\/interview-lubos-vnenk\/"},"author":{"name":"Stefan Gro\u00dfer","@id":"https:\/\/www.groupfleet.com\/de\/#\/schema\/person\/8b1d7be286fefef37804765123983b32"},"headline":"E-xplore: \u0160koda wird elektrisch","datePublished":"2023-12-20T06:55:38+00:00","dateModified":"2024-04-18T08:20:45+00:00","mainEntityOfPage":{"@id":"https:\/\/www.groupfleet.com\/de\/interview-lubos-vnenk\/"},"wordCount":1531,"image":{"@id":"https:\/\/www.groupfleet.com\/de\/interview-lubos-vnenk\/#primaryimage"},"thumbnailUrl":"https:\/\/www.groupfleet.com\/wp-content\/uploads\/2023\/12\/enq_ng_sl_cp_bs_005_0623_1920x1080.jpg","articleSection":["Interview","Fuhrparkwissen"],"inLanguage":"de"},{"@type":"WebPage","@id":"https:\/\/www.groupfleet.com\/de\/interview-lubos-vnenk\/","url":"https:\/\/www.groupfleet.com\/de\/interview-lubos-vnenk\/","name":"E-xplore: \u0160koda wird elektrisch - Volkswagen Group | FleetHub","isPartOf":{"@id":"https:\/\/www.groupfleet.com\/de\/#website"},"primaryImageOfPage":{"@id":"https:\/\/www.groupfleet.com\/de\/interview-lubos-vnenk\/#primaryimage"},"image":{"@id":"https:\/\/www.groupfleet.com\/de\/interview-lubos-vnenk\/#primaryimage"},"thumbnailUrl":"https:\/\/www.groupfleet.com\/wp-content\/uploads\/2023\/12\/enq_ng_sl_cp_bs_005_0623_1920x1080.jpg","datePublished":"2023-12-20T06:55:38+00:00","dateModified":"2024-04-18T08:20:45+00:00","author":{"@id":"https:\/\/www.groupfleet.com\/de\/#\/schema\/person\/8b1d7be286fefef37804765123983b32"},"description":"Bis 2026 bringt \u0160koda sechs neue E-Modelle auf den Markt. Im Interview zeigt \u0160koda Key Account Coordinator Lubo\u0161 Vnenk neue Perspektiven auf.","breadcrumb":{"@id":"https:\/\/www.groupfleet.com\/de\/interview-lubos-vnenk\/#breadcrumb"},"inLanguage":"de","potentialAction":[{"@type":"ReadAction","target":["https:\/\/www.groupfleet.com\/de\/interview-lubos-vnenk\/"]}]},{"@type":"ImageObject","inLanguage":"de","@id":"https:\/\/www.groupfleet.com\/de\/interview-lubos-vnenk\/#primaryimage","url":"https:\/\/www.groupfleet.com\/wp-content\/uploads\/2023\/12\/enq_ng_sl_cp_bs_005_0623_1920x1080.jpg","contentUrl":"https:\/\/www.groupfleet.com\/wp-content\/uploads\/2023\/12\/enq_ng_sl_cp_bs_005_0623_1920x1080.jpg","width":1920,"height":1080},{"@type":"BreadcrumbList","@id":"https:\/\/www.groupfleet.com\/de\/interview-lubos-vnenk\/#breadcrumb","itemListElement":[{"@type":"ListItem","position":1,"name":"Home","item":"https:\/\/www.groupfleet.com\/de\/"},{"@type":"ListItem","position":2,"name":"E-xplore: \u0160koda wird elektrisch"}]},{"@type":"WebSite","@id":"https:\/\/www.groupfleet.com\/de\/#website","url":"https:\/\/www.groupfleet.com\/de\/","name":"Volkswagen Group | FleetHub","description":"Online magazine for Fleet managers","potentialAction":[{"@type":"SearchAction","target":{"@type":"EntryPoint","urlTemplate":"https:\/\/www.groupfleet.com\/de\/?s={search_term_string}"},"query-input":{"@type":"PropertyValueSpecification","valueRequired":true,"valueName":"search_term_string"}}],"inLanguage":"de"},{"@type":"Person","@id":"https:\/\/www.groupfleet.com\/de\/#\/schema\/person\/8b1d7be286fefef37804765123983b32","name":"Stefan Gro\u00dfer","url":"https:\/\/www.groupfleet.com\/de\/author\/sgrosser\/"}]}},"_links":{"self":[{"href":"https:\/\/www.groupfleet.com\/de\/wp-json\/wp\/v2\/posts\/31807","targetHints":{"allow":["GET"]}}],"collection":[{"href":"https:\/\/www.groupfleet.com\/de\/wp-json\/wp\/v2\/posts"}],"about":[{"href":"https:\/\/www.groupfleet.com\/de\/wp-json\/wp\/v2\/types\/post"}],"author":[{"embeddable":true,"href":"https:\/\/www.groupfleet.com\/de\/wp-json\/wp\/v2\/users\/39"}],"replies":[{"embeddable":true,"href":"https:\/\/www.groupfleet.com\/de\/wp-json\/wp\/v2\/comments?post=31807"}],"version-history":[{"count":0,"href":"https:\/\/www.groupfleet.com\/de\/wp-json\/wp\/v2\/posts\/31807\/revisions"}],"wp:featuredmedia":[{"embeddable":true,"href":"https:\/\/www.groupfleet.com\/de\/wp-json\/wp\/v2\/media\/31822"}],"wp:attachment":[{"href":"https:\/\/www.groupfleet.com\/de\/wp-json\/wp\/v2\/media?parent=31807"}],"wp:term":[{"taxonomy":"category","embeddable":true,"href":"https:\/\/www.groupfleet.com\/de\/wp-json\/wp\/v2\/categories?post=31807"},{"taxonomy":"post_tag","embeddable":true,"href":"https:\/\/www.groupfleet.com\/de\/wp-json\/wp\/v2\/tags?post=31807"}],"curies":[{"name":"wp","href":"https:\/\/api.w.org\/{rel}","templated":true}]}}