{"id":31434,"date":"2023-12-20T07:54:51","date_gmt":"2023-12-20T06:54:51","guid":{"rendered":"https:\/\/www.groupfleet.com\/?p=31434"},"modified":"2023-12-20T07:54:51","modified_gmt":"2023-12-20T06:54:51","slug":"praxisberichte-nestle","status":"publish","type":"post","link":"https:\/\/www.groupfleet.com\/de\/praxisberichte-nestle\/","title":{"rendered":"Im Sprint zur Klimaneutralit\u00e4t"},"content":{"rendered":"<div class=\"wpb-content-wrapper\"><p>[vc_row full_width=&#8220;stretch_row_content&#8220;][vc_column width=&#8220;1\/6&#8243;][\/vc_column][vc_column width=&#8220;2\/3&#8243;][vc_column_text]<\/p>\n<h2 class=\"group-title__headline \" style=\"text-align: left;\"><span style=\"color: #2d566f;\"><span style=\"color: #dbcc8a;\">Passender h\u00e4tte die Location nicht sein k\u00f6nnen: Auf der Rennbahn des Nationalen Reitinstituts im schweizerischen Avenches nahmen Au\u00dfendienstmitarbeiterinnen und -mitarbeiter der Nestl\u00e9 Suisse SA ihre neuen Dienstwagen \u2013 126 von insgesamt 171 \u0160koda Enyaq \u2013 entgegen.<\/span><br \/>\n<\/span><\/h2>\n<p>[\/vc_column_text][vc_empty_space][\/vc_column][vc_column width=&#8220;1\/6&#8243;][\/vc_column][\/vc_row][vc_row][vc_column width=&#8220;1\/2&#8243;][vc_column_text]<\/p>\n<div class=\"question-answer-modul abstractContentComponent parbase section\">\n<div class=\"iv-modul__question\">\n<div class=\"iv-modul__question\">\n<div class=\"question-answer-modul abstractContentComponent parbase section\">\n<div class=\"iv-modul__question\">\n<div class=\"iv-modul__question\">\n<p>Der Umstieg auf die vollelektrischen Modelle ist Teil des ehrgeizigen Klimafahrplans des Lebensmittelkonzerns, der eine z\u00fcgige Reduktion von Emissionen vorsieht. \u201eNestl\u00e9 hat einen Klimaschutzplan, der darauf abzielt, die CO\u2082-Emissionen bis 2030 zu halbieren und bis 2050 Netto-Null Emissionen zu erreichen. Eine der Ma\u00dfnahmen ist die Elektrifizierung der Fahrzeugflotte\u201c, erl\u00e4utert C\u00e9dric Diserens, Director of Fleet &amp; Used Car des Schweizer \u0160koda Importeurs, der AMAG Import AG.<\/p>\n<\/div>\n<\/div>\n<\/div>\n<\/div>\n<\/div>\n<\/div>\n<p>[\/vc_column_text][vc_column_text]<\/p>\n<div class=\"question-answer-modul abstractContentComponent parbase section\">\n<div class=\"iv-modul__question\">\n<div class=\"iv-modul__question\">\n<div class=\"question-answer-modul abstractContentComponent parbase section\">\n<div class=\"iv-modul__question\">\n<div class=\"iv-modul__question\">\n<p>Seit Ende September 2023 besteht nun die Fahrzeugflotte der Nestl\u00e9 Suisse SA aus 171 \u0160koda Enyaq. Haupts\u00e4chlich nutzen die Au\u00dfendienstmitarbeiterinnen und -mitarbeiter des Unternehmens die neuen, vollelektrischen Dienstwagen. Dabei wird jedes der Fahrzeuge in den n\u00e4chsten vier Jahren j\u00e4hrlich etwa 30.000 Kilometer auf den Stra\u00dfen des Landes fahren, ohne CO\u2082 auszusto\u00dfen. Der Elektro-SUV des tschechischen Automobilherstellers war 2022 zum \u201eLieblingsauto der Schweizer\u201c gek\u00fcrt worden.<\/p>\n<\/div>\n<\/div>\n<\/div>\n<\/div>\n<\/div>\n<\/div>\n<p>[\/vc_column_text][\/vc_column][vc_column width=&#8220;1\/2&#8243;][vc_line_chart type=&#8220;line&#8220; style=&#8220;modern&#8220; legend=&#8220;&#8220; tooltips=&#8220;&#8220; x_values=&#8220;2018; 2025; 2030; 2050&#8243; values=&#8220;%5B%7B%22title%22%3A%22Reduzierung%20der%20Treibhausgasemission%2C%20in%20%25%22%2C%22y_values%22%3A%22100%3B%2080%3B%2050%3B%200%22%2C%22color%22%3A%22green%22%7D%5D&#8220; animation=&#8220;easeOutBounce&#8220;][vc_column_text]<\/p>\n<div class=\"question-answer-modul abstractContentComponent parbase section\">\n<div class=\"iv-modul__question\">\n<div class=\"iv-modul__question\">\n<div class=\"question-answer-modul abstractContentComponent parbase section\">\n<div class=\"iv-modul__question\">\n<div class=\"iv-modul__question\">\n<p><strong>Nestl\u00e9 Klimafahrplan:<\/strong><br \/>\nReduzierung der Treibhausgasemission, in %<\/p>\n<\/div>\n<\/div>\n<\/div>\n<\/div>\n<\/div>\n<\/div>\n<p>[\/vc_column_text][\/vc_column][\/vc_row][vc_row][vc_column][vc_column_text]<\/p>\n<div class=\"question-answer-modul abstractContentComponent parbase section\">\n<div class=\"iv-modul__question\">\n<div class=\"iv-modul__question\">\n<div class=\"question-answer-modul abstractContentComponent parbase section\">\n<div class=\"iv-modul__question\">\n<div class=\"iv-modul__question\">\n<h2><span style=\"color: #dbcc8a;\">\u201eDas ist ein wunderbares Beispiel f\u00fcr die erfolgreiche Zusammenarbeit aller Parteien \u2013 hier haben Nestl\u00e9 als internationaler Flottenkunde, AMAG als lokaler Importeur und die GFI Hand in Hand vertrauensvoll zusammengearbeitet und Gro\u00dfes auf die Beine gestellt<\/span><span style=\"color: #dbcc8a;\">.\u201c<\/span><\/h2>\n<\/div>\n<\/div>\n<\/div>\n<\/div>\n<\/div>\n<\/div>\n<p>[\/vc_column_text][vc_separator color=&#8220;custom&#8220; align=&#8220;align_left&#8220; el_width=&#8220;20&#8243; accent_color=&#8220;#dbcc8a&#8220;][vc_column_text]<\/p>\n<div class=\"question-answer-modul abstractContentComponent parbase section\">\n<div class=\"iv-modul__question\">\n<div class=\"iv-modul__question\">\n<div class=\"question-answer-modul abstractContentComponent parbase section\">\n<div class=\"iv-modul__question\">\n<div class=\"iv-modul__question\">\n<p><span style=\"color: #dbcc8a;\"><strong>Tim Frellstedt<\/strong><\/span><br \/>\n<span style=\"color: #dbcc8a;\">Key Account Manager, Volkswagen Group Fleet International<\/span><\/p>\n<\/div>\n<\/div>\n<\/div>\n<\/div>\n<\/div>\n<\/div>\n<p>[\/vc_column_text][\/vc_column][\/vc_row][vc_row][vc_column][vc_column_text]<\/p>\n<div class=\"question-answer-modul abstractContentComponent parbase section\">\n<div class=\"iv-modul__question\">\n<div class=\"iv-modul__question\">\n<div class=\"question-answer-modul abstractContentComponent parbase section\">\n<div class=\"iv-modul__question\">\n<div class=\"iv-modul__question\">\n<p>Bei der Fahrzeug\u00fcbergabe auf der Rennbahn des Nationalen Reitinstituts in Avenches wurden die Fahrerinnen und Fahrer in verschiedenen Nachhaltigkeitsthemen geschult. Eugenio Simioni, Generaldirektor von Nestl\u00e9 Schweiz, erkl\u00e4rte: \u201eDer Klimaaktionsplan der Nestl\u00e9-Gruppe umfasst die gesamte Wertsch\u00f6pfungskette des Unternehmens, von der vorgelagerten Beschaffung der landwirtschaftlichen Rohstoffe \u00fcber die Produktion und den Transport bis hin zum nachgelagerten Verpackungsrecycling. Der Umstieg auf eine neue Flotte mit 100 Prozent\u202fElektroautos ist nur eine von vielen Ma\u00dfnahmen, die wir ergreifen, um unsere gesamten Aktivit\u00e4ten zu dekarbonisieren.\u201c<\/p>\n<\/div>\n<\/div>\n<\/div>\n<\/div>\n<\/div>\n<\/div>\n<p>[\/vc_column_text]\n<div class=\"gridgallery vw_masonry mylightbox_group\">\n\t\t<div class=\"gallery_text gt_br\" style=\"color: #ffffff; background-color: #dbcc8a;\">Zuverl\u00e4ssigkeit, Komfort, eine umfangreiche Serienausstattung und ein gro\u00dfes Platzangebot waren nur einige der Argumente f\u00fcr den \u0160koda Enyaq<\/div>\n\t\t\t\t<div class=\"vw_masonry_item gg_img gg_img_2 gg_img_2_1  \">\n\t\t\t<img loading=\"lazy\" decoding=\"async\" width=\"640\" height=\"360\" src=\"https:\/\/www.groupfleet.com\/wp-content\/uploads\/2023\/12\/230927_skoda_x_nestle__3_media_high_1920x1080-640x360.jpg\" class=\"attachment-vw_small size-vw_small open_mylightbox\" alt=\"\" data-full=\"https:\/\/www.groupfleet.com\/wp-content\/uploads\/2023\/12\/230927_skoda_x_nestle__3_media_high_1920x1080-1800x1013.jpg\" data-desc=\"\" \/>\t\t<\/div>\n\t\t\t<div class=\"vw_masonry_item gg_img gg_img_2 gg_img_2_2 mylightbox_hover \">\n\t\t\t<img loading=\"lazy\" decoding=\"async\" width=\"640\" height=\"360\" src=\"https:\/\/www.groupfleet.com\/wp-content\/uploads\/2023\/12\/230927_skoda_x_nestle__4_media_high_1920x1080-640x360.jpg\" class=\"attachment-vw_small size-vw_small open_mylightbox\" alt=\"\" data-full=\"https:\/\/www.groupfleet.com\/wp-content\/uploads\/2023\/12\/230927_skoda_x_nestle__4_media_high_1920x1080-1800x1013.jpg\" data-desc=\"\" \/>\t\t<\/div>\n\t<\/div>\n\n<script type=\"text\/javascript\">\n\/*\n\t$('.vw_masonry').masonry({\n\t\tcolumnWidth: 1,\n\t\titemSelector: '.vw_masonry_item',\n\t\tpercentPosition: true\n\t});\t\n*\/\n<\/script>[\/vc_column][\/vc_row][vc_row][vc_column]\n\n<div class=\"article_paragraphimage article_paragraphimage_right \" style=\"width: 40%;\">\n\t<div class=\"ap_img_wrapper mylightbox_hover\">\n\t\t<img loading=\"lazy\" decoding=\"async\" width=\"640\" height=\"360\" src=\"https:\/\/www.groupfleet.com\/wp-content\/uploads\/2023\/12\/230927_skoda_x_nestle__5_media_high_1920x1080-640x360.jpg\" class=\"attachment-vw_small size-vw_small open_mylightbox\" alt=\"\" data-full=\"https:\/\/www.groupfleet.com\/wp-content\/uploads\/2023\/12\/230927_skoda_x_nestle__5_media_high_1920x1080-1800x1013.jpg\" data-desc=\"\" \/>\t<\/div>\n\t<div class=\"article_paragraphimage_text\">\n\t\t\t<\/div>\n\t<div class=\"clear\"><\/div>\n<\/div>[vc_column_text]<\/p>\n<div class=\"question-answer-modul abstractContentComponent parbase section\">\n<div class=\"iv-modul__question\">\n<div class=\"iv-modul__question\">\n<div class=\"question-answer-modul abstractContentComponent parbase section\">\n<div class=\"iv-modul__question\">\n<div class=\"iv-modul__question\">\n<p>Die Flotten\u00fcbergabe ist in mehrfacher Hinsicht bemerkenswert: Zum einen handelt es sich um eine der umfangreichsten in der Schweiz realisierten Lieferungen vollelektrischer Dienstwagen. Und auch f\u00fcr unsere Konzernmarke \u0160koda ist es eine der bislang gr\u00f6\u00dften vollelektrischen Auslieferungen in Europa. Zusammengebracht wurden die beteiligten Parteien dieses besonderen Flottengesch\u00e4fts von der Volkswagen Group Fleet International (GFI), deren Key Account Manager Tim Frellstedt die Weichen daf\u00fcr gestellt hat. Er betont: \u201eDas ist ein wunderbares Beispiel f\u00fcr die erfolgreiche Zusammenarbeit aller Parteien \u2013 hier haben Nestl\u00e9 als internationaler Flottenkunde, AMAG als lokaler Importeur und die GFI Hand in Hand vertrauensvoll zusammengearbeitet und Gro\u00dfes auf die Beine gestellt\u201c.<\/p>\n<\/div>\n<\/div>\n<\/div>\n<\/div>\n<\/div>\n<\/div>\n<p>[\/vc_column_text][\/vc_column][\/vc_row][vc_row][vc_column][vc_column_text]<\/p>\n<div class=\"question-answer-modul abstractContentComponent parbase section\">\n<div class=\"iv-modul__question\">\n<div class=\"iv-modul__question\">\n<div class=\"question-answer-modul abstractContentComponent parbase section\">\n<div class=\"iv-modul__question\">\n<div class=\"iv-modul__question\">\n<h2><span style=\"color: #dbcc8a;\">\u201eFolgende Anforderungen an die Fahrzeuge waren ausschlaggebend: Zuverl\u00e4ssigkeit, Komfort, eine umfangreiche Serienausstattung, eine hohe Reichweite und ein gro\u00dfz\u00fcgiges Platzangebot. Mit der Entscheidung f\u00fcr den \u0160koda Enyaq wurden diese Anforderungen vollumf\u00e4nglich erf\u00fcllt.\u201c<\/span><\/h2>\n<\/div>\n<\/div>\n<\/div>\n<\/div>\n<\/div>\n<\/div>\n<p>[\/vc_column_text][vc_separator color=&#8220;custom&#8220; align=&#8220;align_left&#8220; el_width=&#8220;20&#8243; accent_color=&#8220;#dbcc8a&#8220;][vc_column_text]<\/p>\n<div class=\"question-answer-modul abstractContentComponent parbase section\">\n<div class=\"iv-modul__question\">\n<div class=\"iv-modul__question\">\n<div class=\"question-answer-modul abstractContentComponent parbase section\">\n<div class=\"iv-modul__question\">\n<div class=\"iv-modul__question\">\n<p><span style=\"color: #dbcc8a;\"><strong>C\u00e9dric Diserens<\/strong><\/span><br \/>\n<span style=\"color: #dbcc8a;\">Director of Fleet &amp; Used Car, AMAG Import AG<\/span><\/p>\n<\/div>\n<\/div>\n<\/div>\n<\/div>\n<\/div>\n<\/div>\n<p>[\/vc_column_text][\/vc_column][\/vc_row][vc_row][vc_column][vc_separator][vc_column_text]<\/p>\n<div class=\"richtext abstractContentComponent parbase section\">\n<div class=\"grid-section grid-group\">\n<div class=\"grid-col span_12_of_12\">\n<div class=\"textmedia h-clearfix\">\n<div class=\"textmedia__inner textmedia__richtext\">\n<p><span style=\"font-size: 10pt;\">Stand: 13.12.2023<\/span><br \/>\n<span style=\"font-size: 10pt;\">\u00a9 Volkswagen AG<\/span><\/p>\n<\/div>\n<\/div>\n<\/div>\n<\/div>\n<\/div>\n<p>[\/vc_column_text][\/vc_column][\/vc_row]<\/p>\n<\/div>","protected":false},"excerpt":{"rendered":"<p>Passender h\u00e4tte die Location nicht sein k\u00f6nnen: Auf der Rennbahn des Nationalen Reitinstituts im schweizerischen Avenches nahmen Au\u00dfendienstmitarbeiterinnen und -mitarbeiter der Nestl\u00e9 Suisse SA ihre neuen Dienstwagen \u2013 126 von insgesamt 171 \u0160koda Enyaq \u2013 entgegen. Der Umstieg auf die vollelektrischen Modelle ist Teil des ehrgeizigen Klimafahrplans des Lebensmittelkonzerns, der eine z\u00fcgige Reduktion von Emissionen vorsieht.<\/p>\n","protected":false},"author":39,"featured_media":31455,"comment_status":"closed","ping_status":"closed","sticky":false,"template":"","format":"standard","meta":{"_acf_changed":false,"footnotes":""},"categories":[49],"tags":[],"class_list":["post-31434","post","type-post","status-publish","format-standard","has-post-thumbnail","hentry","category-praxisbericht","newsletter-fleetnews-05-23"],"acf":[],"yoast_head":"<!-- This site is optimized with the Yoast SEO plugin v27.4 - https:\/\/yoast.com\/product\/yoast-seo-wordpress\/ -->\n<title>Im Sprint zur Klimaneutralit\u00e4t - Volkswagen Group | FleetHub<\/title>\n<meta name=\"robots\" content=\"index, follow, max-snippet:-1, max-image-preview:large, max-video-preview:-1\" \/>\n<link rel=\"canonical\" href=\"https:\/\/www.groupfleet.com\/de\/praxisberichte-nestle\/\" \/>\n<meta property=\"og:locale\" content=\"de_DE\" \/>\n<meta property=\"og:type\" content=\"article\" \/>\n<meta property=\"og:title\" content=\"Im Sprint zur Klimaneutralit\u00e4t - Volkswagen Group | FleetHub\" \/>\n<meta property=\"og:description\" content=\"Passender h\u00e4tte die Location nicht sein k\u00f6nnen: Auf der Rennbahn des Nationalen Reitinstituts im schweizerischen Avenches nahmen Au\u00dfendienstmitarbeiterinnen und -mitarbeiter der Nestl\u00e9 Suisse SA ihre neuen Dienstwagen \u2013 126 von insgesamt 171 \u0160koda Enyaq \u2013 entgegen. Der Umstieg auf die vollelektrischen Modelle ist Teil des ehrgeizigen Klimafahrplans des Lebensmittelkonzerns, der eine z\u00fcgige Reduktion von Emissionen vorsieht.\" \/>\n<meta property=\"og:url\" content=\"https:\/\/www.groupfleet.com\/de\/praxisberichte-nestle\/\" \/>\n<meta property=\"og:site_name\" content=\"Volkswagen Group | FleetHub\" \/>\n<meta property=\"article:published_time\" content=\"2023-12-20T06:54:51+00:00\" \/>\n<meta property=\"og:image\" content=\"https:\/\/www.groupfleet.com\/wp-content\/uploads\/2023\/12\/dsc2204-verbessert-rr_1920x1080.jpg\" \/>\n\t<meta property=\"og:image:width\" content=\"1920\" \/>\n\t<meta property=\"og:image:height\" content=\"1080\" \/>\n\t<meta property=\"og:image:type\" content=\"image\/jpeg\" \/>\n<meta name=\"author\" content=\"Stefan Gro\u00dfer\" \/>\n<meta name=\"twitter:card\" content=\"summary_large_image\" \/>\n<meta name=\"twitter:label1\" content=\"Verfasst von\" \/>\n\t<meta name=\"twitter:data1\" content=\"Stefan Gro\u00dfer\" \/>\n\t<meta name=\"twitter:label2\" content=\"Gesch\u00e4tzte Lesezeit\" \/>\n\t<meta name=\"twitter:data2\" content=\"3\u00a0Minuten\" \/>\n<script type=\"application\/ld+json\" class=\"yoast-schema-graph\">{\"@context\":\"https:\\\/\\\/schema.org\",\"@graph\":[{\"@type\":\"Article\",\"@id\":\"https:\\\/\\\/www.groupfleet.com\\\/de\\\/praxisberichte-nestle\\\/#article\",\"isPartOf\":{\"@id\":\"https:\\\/\\\/www.groupfleet.com\\\/de\\\/praxisberichte-nestle\\\/\"},\"author\":{\"name\":\"Stefan Gro\u00dfer\",\"@id\":\"https:\\\/\\\/www.groupfleet.com\\\/de\\\/#\\\/schema\\\/person\\\/8b1d7be286fefef37804765123983b32\"},\"headline\":\"Im Sprint zur Klimaneutralit\u00e4t\",\"datePublished\":\"2023-12-20T06:54:51+00:00\",\"mainEntityOfPage\":{\"@id\":\"https:\\\/\\\/www.groupfleet.com\\\/de\\\/praxisberichte-nestle\\\/\"},\"wordCount\":729,\"image\":{\"@id\":\"https:\\\/\\\/www.groupfleet.com\\\/de\\\/praxisberichte-nestle\\\/#primaryimage\"},\"thumbnailUrl\":\"https:\\\/\\\/www.groupfleet.com\\\/wp-content\\\/uploads\\\/2023\\\/12\\\/dsc2204-verbessert-rr_1920x1080.jpg\",\"articleSection\":[\"Praxisberichte\"],\"inLanguage\":\"de\"},{\"@type\":\"WebPage\",\"@id\":\"https:\\\/\\\/www.groupfleet.com\\\/de\\\/praxisberichte-nestle\\\/\",\"url\":\"https:\\\/\\\/www.groupfleet.com\\\/de\\\/praxisberichte-nestle\\\/\",\"name\":\"Im Sprint zur Klimaneutralit\u00e4t - Volkswagen Group | FleetHub\",\"isPartOf\":{\"@id\":\"https:\\\/\\\/www.groupfleet.com\\\/de\\\/#website\"},\"primaryImageOfPage\":{\"@id\":\"https:\\\/\\\/www.groupfleet.com\\\/de\\\/praxisberichte-nestle\\\/#primaryimage\"},\"image\":{\"@id\":\"https:\\\/\\\/www.groupfleet.com\\\/de\\\/praxisberichte-nestle\\\/#primaryimage\"},\"thumbnailUrl\":\"https:\\\/\\\/www.groupfleet.com\\\/wp-content\\\/uploads\\\/2023\\\/12\\\/dsc2204-verbessert-rr_1920x1080.jpg\",\"datePublished\":\"2023-12-20T06:54:51+00:00\",\"author\":{\"@id\":\"https:\\\/\\\/www.groupfleet.com\\\/de\\\/#\\\/schema\\\/person\\\/8b1d7be286fefef37804765123983b32\"},\"breadcrumb\":{\"@id\":\"https:\\\/\\\/www.groupfleet.com\\\/de\\\/praxisberichte-nestle\\\/#breadcrumb\"},\"inLanguage\":\"de\",\"potentialAction\":[{\"@type\":\"ReadAction\",\"target\":[\"https:\\\/\\\/www.groupfleet.com\\\/de\\\/praxisberichte-nestle\\\/\"]}]},{\"@type\":\"ImageObject\",\"inLanguage\":\"de\",\"@id\":\"https:\\\/\\\/www.groupfleet.com\\\/de\\\/praxisberichte-nestle\\\/#primaryimage\",\"url\":\"https:\\\/\\\/www.groupfleet.com\\\/wp-content\\\/uploads\\\/2023\\\/12\\\/dsc2204-verbessert-rr_1920x1080.jpg\",\"contentUrl\":\"https:\\\/\\\/www.groupfleet.com\\\/wp-content\\\/uploads\\\/2023\\\/12\\\/dsc2204-verbessert-rr_1920x1080.jpg\",\"width\":1920,\"height\":1080},{\"@type\":\"BreadcrumbList\",\"@id\":\"https:\\\/\\\/www.groupfleet.com\\\/de\\\/praxisberichte-nestle\\\/#breadcrumb\",\"itemListElement\":[{\"@type\":\"ListItem\",\"position\":1,\"name\":\"Home\",\"item\":\"https:\\\/\\\/www.groupfleet.com\\\/de\\\/\"},{\"@type\":\"ListItem\",\"position\":2,\"name\":\"Im Sprint zur Klimaneutralit\u00e4t\"}]},{\"@type\":\"WebSite\",\"@id\":\"https:\\\/\\\/www.groupfleet.com\\\/de\\\/#website\",\"url\":\"https:\\\/\\\/www.groupfleet.com\\\/de\\\/\",\"name\":\"Volkswagen Group | FleetHub\",\"description\":\"Online magazine for Fleet managers\",\"potentialAction\":[{\"@type\":\"SearchAction\",\"target\":{\"@type\":\"EntryPoint\",\"urlTemplate\":\"https:\\\/\\\/www.groupfleet.com\\\/de\\\/?s={search_term_string}\"},\"query-input\":{\"@type\":\"PropertyValueSpecification\",\"valueRequired\":true,\"valueName\":\"search_term_string\"}}],\"inLanguage\":\"de\"},{\"@type\":\"Person\",\"@id\":\"https:\\\/\\\/www.groupfleet.com\\\/de\\\/#\\\/schema\\\/person\\\/8b1d7be286fefef37804765123983b32\",\"name\":\"Stefan Gro\u00dfer\",\"url\":\"https:\\\/\\\/www.groupfleet.com\\\/de\\\/author\\\/sgrosser\\\/\"}]}<\/script>\n<!-- \/ Yoast SEO plugin. -->","yoast_head_json":{"title":"Im Sprint zur Klimaneutralit\u00e4t - Volkswagen Group | FleetHub","robots":{"index":"index","follow":"follow","max-snippet":"max-snippet:-1","max-image-preview":"max-image-preview:large","max-video-preview":"max-video-preview:-1"},"canonical":"https:\/\/www.groupfleet.com\/de\/praxisberichte-nestle\/","og_locale":"de_DE","og_type":"article","og_title":"Im Sprint zur Klimaneutralit\u00e4t - Volkswagen Group | FleetHub","og_description":"Passender h\u00e4tte die Location nicht sein k\u00f6nnen: Auf der Rennbahn des Nationalen Reitinstituts im schweizerischen Avenches nahmen Au\u00dfendienstmitarbeiterinnen und -mitarbeiter der Nestl\u00e9 Suisse SA ihre neuen Dienstwagen \u2013 126 von insgesamt 171 \u0160koda Enyaq \u2013 entgegen. Der Umstieg auf die vollelektrischen Modelle ist Teil des ehrgeizigen Klimafahrplans des Lebensmittelkonzerns, der eine z\u00fcgige Reduktion von Emissionen vorsieht.","og_url":"https:\/\/www.groupfleet.com\/de\/praxisberichte-nestle\/","og_site_name":"Volkswagen Group | FleetHub","article_published_time":"2023-12-20T06:54:51+00:00","og_image":[{"width":1920,"height":1080,"url":"https:\/\/www.groupfleet.com\/wp-content\/uploads\/2023\/12\/dsc2204-verbessert-rr_1920x1080.jpg","type":"image\/jpeg"}],"author":"Stefan Gro\u00dfer","twitter_card":"summary_large_image","twitter_misc":{"Verfasst von":"Stefan Gro\u00dfer","Gesch\u00e4tzte Lesezeit":"3\u00a0Minuten"},"schema":{"@context":"https:\/\/schema.org","@graph":[{"@type":"Article","@id":"https:\/\/www.groupfleet.com\/de\/praxisberichte-nestle\/#article","isPartOf":{"@id":"https:\/\/www.groupfleet.com\/de\/praxisberichte-nestle\/"},"author":{"name":"Stefan Gro\u00dfer","@id":"https:\/\/www.groupfleet.com\/de\/#\/schema\/person\/8b1d7be286fefef37804765123983b32"},"headline":"Im Sprint zur Klimaneutralit\u00e4t","datePublished":"2023-12-20T06:54:51+00:00","mainEntityOfPage":{"@id":"https:\/\/www.groupfleet.com\/de\/praxisberichte-nestle\/"},"wordCount":729,"image":{"@id":"https:\/\/www.groupfleet.com\/de\/praxisberichte-nestle\/#primaryimage"},"thumbnailUrl":"https:\/\/www.groupfleet.com\/wp-content\/uploads\/2023\/12\/dsc2204-verbessert-rr_1920x1080.jpg","articleSection":["Praxisberichte"],"inLanguage":"de"},{"@type":"WebPage","@id":"https:\/\/www.groupfleet.com\/de\/praxisberichte-nestle\/","url":"https:\/\/www.groupfleet.com\/de\/praxisberichte-nestle\/","name":"Im Sprint zur Klimaneutralit\u00e4t - Volkswagen Group | FleetHub","isPartOf":{"@id":"https:\/\/www.groupfleet.com\/de\/#website"},"primaryImageOfPage":{"@id":"https:\/\/www.groupfleet.com\/de\/praxisberichte-nestle\/#primaryimage"},"image":{"@id":"https:\/\/www.groupfleet.com\/de\/praxisberichte-nestle\/#primaryimage"},"thumbnailUrl":"https:\/\/www.groupfleet.com\/wp-content\/uploads\/2023\/12\/dsc2204-verbessert-rr_1920x1080.jpg","datePublished":"2023-12-20T06:54:51+00:00","author":{"@id":"https:\/\/www.groupfleet.com\/de\/#\/schema\/person\/8b1d7be286fefef37804765123983b32"},"breadcrumb":{"@id":"https:\/\/www.groupfleet.com\/de\/praxisberichte-nestle\/#breadcrumb"},"inLanguage":"de","potentialAction":[{"@type":"ReadAction","target":["https:\/\/www.groupfleet.com\/de\/praxisberichte-nestle\/"]}]},{"@type":"ImageObject","inLanguage":"de","@id":"https:\/\/www.groupfleet.com\/de\/praxisberichte-nestle\/#primaryimage","url":"https:\/\/www.groupfleet.com\/wp-content\/uploads\/2023\/12\/dsc2204-verbessert-rr_1920x1080.jpg","contentUrl":"https:\/\/www.groupfleet.com\/wp-content\/uploads\/2023\/12\/dsc2204-verbessert-rr_1920x1080.jpg","width":1920,"height":1080},{"@type":"BreadcrumbList","@id":"https:\/\/www.groupfleet.com\/de\/praxisberichte-nestle\/#breadcrumb","itemListElement":[{"@type":"ListItem","position":1,"name":"Home","item":"https:\/\/www.groupfleet.com\/de\/"},{"@type":"ListItem","position":2,"name":"Im Sprint zur Klimaneutralit\u00e4t"}]},{"@type":"WebSite","@id":"https:\/\/www.groupfleet.com\/de\/#website","url":"https:\/\/www.groupfleet.com\/de\/","name":"Volkswagen Group | FleetHub","description":"Online magazine for Fleet managers","potentialAction":[{"@type":"SearchAction","target":{"@type":"EntryPoint","urlTemplate":"https:\/\/www.groupfleet.com\/de\/?s={search_term_string}"},"query-input":{"@type":"PropertyValueSpecification","valueRequired":true,"valueName":"search_term_string"}}],"inLanguage":"de"},{"@type":"Person","@id":"https:\/\/www.groupfleet.com\/de\/#\/schema\/person\/8b1d7be286fefef37804765123983b32","name":"Stefan Gro\u00dfer","url":"https:\/\/www.groupfleet.com\/de\/author\/sgrosser\/"}]}},"_links":{"self":[{"href":"https:\/\/www.groupfleet.com\/de\/wp-json\/wp\/v2\/posts\/31434","targetHints":{"allow":["GET"]}}],"collection":[{"href":"https:\/\/www.groupfleet.com\/de\/wp-json\/wp\/v2\/posts"}],"about":[{"href":"https:\/\/www.groupfleet.com\/de\/wp-json\/wp\/v2\/types\/post"}],"author":[{"embeddable":true,"href":"https:\/\/www.groupfleet.com\/de\/wp-json\/wp\/v2\/users\/39"}],"replies":[{"embeddable":true,"href":"https:\/\/www.groupfleet.com\/de\/wp-json\/wp\/v2\/comments?post=31434"}],"version-history":[{"count":0,"href":"https:\/\/www.groupfleet.com\/de\/wp-json\/wp\/v2\/posts\/31434\/revisions"}],"wp:featuredmedia":[{"embeddable":true,"href":"https:\/\/www.groupfleet.com\/de\/wp-json\/wp\/v2\/media\/31455"}],"wp:attachment":[{"href":"https:\/\/www.groupfleet.com\/de\/wp-json\/wp\/v2\/media?parent=31434"}],"wp:term":[{"taxonomy":"category","embeddable":true,"href":"https:\/\/www.groupfleet.com\/de\/wp-json\/wp\/v2\/categories?post=31434"},{"taxonomy":"post_tag","embeddable":true,"href":"https:\/\/www.groupfleet.com\/de\/wp-json\/wp\/v2\/tags?post=31434"}],"curies":[{"name":"wp","href":"https:\/\/api.w.org\/{rel}","templated":true}]}}