{"id":31079,"date":"2023-10-20T12:38:14","date_gmt":"2023-10-20T10:38:14","guid":{"rendered":"https:\/\/www.groupfleet.com\/?p=31079"},"modified":"2023-10-20T12:38:14","modified_gmt":"2023-10-20T10:38:14","slug":"lyreco-interview","status":"publish","type":"post","link":"https:\/\/www.groupfleet.com\/de\/lyreco-interview\/","title":{"rendered":"\u201eBike-Leasing f\u00fcr Mitarbeiter wird immer beliebter\u201c"},"content":{"rendered":"<div class=\"wpb-content-wrapper\"><p>[vc_row full_width=&#8220;stretch_row_content&#8220;][vc_column width=&#8220;1\/6&#8243;][\/vc_column][vc_column width=&#8220;2\/3&#8243;][vc_column_text]Die Lyreco Deutschland GmbH ist Spezialist f\u00fcr B\u00fcrobedarf, Arbeitsplatzl\u00f6sungen sowie Arbeitsschutz und besch\u00e4ftigt in der Zentrale im nieders\u00e4chsischen Barsinghausen nahe Hannover rund 750 Mitarbeiter, von denen viele t\u00e4glich mit dem Fahrrad zur Arbeit kommen. Das Unternehmen hat vor einigen Monaten den Mobilit\u00e4tstrend Bike-Leasing eingef\u00fchrt und nutzt daf\u00fcr das Angebot der Volkswagen Leasing GmbH\u00b9\u207e in Kooperation mit dem Partner Lease a Bike\u00b2\u207e. Die moderne Zusatzleistung ist ein attraktiver Benefit, der unter Mitarbeitern immer beliebter wird. Kein Wunder, denn es sind nicht nur die vergleichsweise geringen Beschaffungskosten von R\u00e4dern aller Art, die das Thema vor allem f\u00fcr Arbeitnehmer so attraktiv machen. Auch der Arbeitgeber sp\u00fcrt positive Effekte.[\/vc_column_text][\/vc_column][vc_column width=&#8220;1\/6&#8243;][\/vc_column][\/vc_row][vc_row][vc_column css=&#8220;.vc_custom_1663594233237{background-color: #eef5f8 !important;}&#8220;]\n\n<div class=\"article_paragraphimage article_paragraphimage_left \" style=\"width: 40%;\">\n\t<div class=\"ap_img_wrapper mylightbox_hover\">\n\t\t<img loading=\"lazy\" decoding=\"async\" width=\"640\" height=\"427\" src=\"https:\/\/www.groupfleet.com\/wp-content\/uploads\/2023\/10\/lyreco-interview-02.png.xxl_-640x427.webp\" class=\"attachment-vw_small size-vw_small open_mylightbox\" alt=\"\" data-full=\"https:\/\/www.groupfleet.com\/wp-content\/uploads\/2023\/10\/lyreco-interview-02.png.xxl_.webp\" data-desc=\"\" \/>\t<\/div>\n\t<div class=\"article_paragraphimage_text\">\n\t\t\t<\/div>\n\t<div class=\"clear\"><\/div>\n<\/div>[vc_column_text]<\/p>\n<div class=\"question-answer-modul abstractContentComponent parbase section\">\n<div class=\"iv-modul__question\">\n<div class=\"iv-modul__question\">\n<div class=\"iv-modul__question\">\n<div class=\"iv-modul__question\">\n<h2>Im Interview erz\u00e4hlen Ulrike Thoms, People &amp; Culture Direktorin bei Lyreco, und Benjamin Bressem aus dem Talent Acquisition Team von Lyreco (im Bild rechts) sowie Marcel Schrader, Key Account Manager der Volkswagen Leasing GmbH (im Bild links), von den vielen Vorteilen, welche Bike-Leasing f\u00fcr alle Beteiligten bietet.<\/h2>\n<\/div>\n<\/div>\n<\/div>\n<\/div>\n<\/div>\n<p>[\/vc_column_text][vc_column_text]<\/p>\n<div class=\"question-answer-modul abstractContentComponent parbase section\">\n<div class=\"iv-modul__question\">\n<div class=\"iv-modul__question\">\n<div class=\"iv-modul__question\">\n<div class=\"iv-modul__question\">\n<p><strong>Frau Thoms, Herr Bressem, warum haben Sie sich dazu entschieden, Ihren Mitarbeitern Bike-Leasing zu erm\u00f6glichen?<\/strong><\/p>\n<\/div>\n<div class=\"iv-modul__answer\">\n<p style=\"padding-left: 40px;\">Ulrike Thoms: Gute Frage! Unsere Mitarbeiter haben Bike-Leasing immer wieder angesprochen. Zugleich hat uns die VW FS als unser ganzheitlicher Mobilit\u00e4tsanbieter auf das Thema aufmerksam gemacht. Das Thema lag einfach in der Luft. Au\u00dferdem sind wir immer auf der Suche nach modernen Benefits f\u00fcr unsere Mitarbeiter. Bike-Leasing bietet sich da an, denn es vereint gleich mehrere positive Faktoren und entspricht unseren Werten und strategischen Zielen beim Thema Nachhaltigkeit. Mobilit\u00e4t ist dabei heutzutage ein zentraler Aspekt. Dazu kommen die positiven Effekte f\u00fcr die Gesundheit und die g\u00fcnstigeren Beschaffungskosten.<\/p>\n<\/div>\n<\/div>\n<\/div>\n<\/div>\n<\/div>\n<p>[\/vc_column_text][vc_column_text]<\/p>\n<div class=\"iv-modul__question\">\n<div class=\"iv-modul__question\">\n<div class=\"iv-modul__question\">\n<div class=\"iv-modul__question\">\n<p><strong>Was ist Ihren Mitarbeitern dabei am wichtigsten \u2013 der Umweltschutz, die F\u00f6rderung der eigenen Gesundheit oder das gesparte Geld?<\/strong><\/p>\n<\/div>\n<div class=\"iv-modul__answer\">\n<p style=\"padding-left: 40px;\">Ulrike Thoms: Tats\u00e4chlich steht bei vielen der sportliche Aspekt im Vordergrund. Wir haben eine Gruppe von Mitarbeitern, die extrem sportlich unterwegs ist und die sich ihre Fahrr\u00e4der minuti\u00f6s zusammenstellt. Das sind richtige Profi-Bikes, die nicht g\u00fcnstig sind und manchmal sogar an das preisliche Limit sto\u00dfen. Insofern glaube ich, dass Gesundheit, Bewegung und sportliche Aktivit\u00e4t eine sehr gro\u00dfe Rolle spielen. Aber auch der praktische Gedanke ist wichtig: Unser Hauptstandort ist in Barsinghausen bei Bad Nenndorf und es wohnen viele Mitarbeiter in der n\u00e4heren Umgebung, von denen einige mit dem Fahrrad zur Arbeit kommen.<\/p>\n<\/div>\n<\/div>\n<\/div>\n<\/div>\n<p>[\/vc_column_text][vc_column_text]<\/p>\n<div class=\"iv-modul__question\">\n<div class=\"iv-modul__question\">\n<div class=\"iv-modul__question\">\n<div class=\"iv-modul__question\">\n<p><strong>Wie viele Dienstr\u00e4der sind bei Lyreco schon im Einsatz?<br \/>\n<\/strong><\/p>\n<\/div>\n<div class=\"iv-modul__answer\">\n<p style=\"padding-left: 40px;\">Benjamin Bressem: Wir bieten unseren Mitarbeitern Bike-Leasing seit September letzten Jahres an. Bei der Einf\u00fchrung waren wir sehr gespannt, wie gro\u00df der Zulauf sein w\u00fcrde. Seither haben etwa 60 Mitarbeiter den Service in Anspruch genommen und insgesamt rund 80 Fahrr\u00e4der geleast. Einige Mitarbeiter haben sogar gleich doppelt zugeschlagen.<\/p>\n<\/div>\n<\/div>\n<\/div>\n<\/div>\n<p>[\/vc_column_text][\/vc_column][\/vc_row][vc_row][vc_column][vc_column_text]<\/p>\n<h2><span style=\"color: #39879e;\">\u201eDas Thema Fahrrad kommt bei unseren Mitarbeitenden gut an und steigert die Motivation auf jeden Fall.\u201c<\/span><\/h2>\n<p>[\/vc_column_text][vc_separator color=&#8220;custom&#8220; align=&#8220;align_left&#8220; el_width=&#8220;20&#8243; css=&#8220;.vc_custom_1697624112068{background-color: #39879e !important;}&#8220; accent_color=&#8220;#39879e&#8220;][vc_column_text]<span style=\"color: #39879e;\"><strong>Ulrike Thoms<\/strong><\/span><br \/>\n<span style=\"color: #39879e;\">People &amp; Culture Direktorin, Lyreco<\/span>[\/vc_column_text][\/vc_column][\/vc_row][vc_row][vc_column css=&#8220;.vc_custom_1663594403628{background-color: #eef5f8 !important;}&#8220;][vc_column_text]<\/p>\n<div class=\"iv-modul__question\">\n<div class=\"question-answer-modul abstractContentComponent parbase section\">\n<div class=\"iv-modul__question\">\n<div class=\"iv-modul__question\">\n<div class=\"iv-modul__question\">\n<div class=\"iv-modul__question\">\n<p><strong>Welcher Fahrradtyp ist dabei beliebter: E-Bikes oder konventionelle Fahrr\u00e4der?<\/strong><\/p>\n<\/div>\n<div class=\"iv-modul__answer\">\n<p style=\"padding-left: 40px;\">Ulrike Thoms: Ich kann aus eigener Erfahrung sprechen und glaube, dass der Gro\u00dfteil der Nutzer vor allem an E-Bikes und sportlichen Fahrr\u00e4dern interessiert ist. Doch auch ganz herk\u00f6mmliche oder Kinderfahrr\u00e4der sind sehr beliebt.<\/p>\n<\/div>\n<\/div>\n<\/div>\n<\/div>\n<\/div>\n<\/div>\n<p>[\/vc_column_text][vc_column_text]<\/p>\n<div class=\"iv-modul__question\">\n<div class=\"iv-modul__question\">\n<div class=\"iv-modul__question\">\n<div class=\"iv-modul__question\">\n<div class=\"iv-modul__question\">\n<p><strong>Haben Sie den Eindruck, dass Ihre Mitarbeiter motivierter zur Arbeit kommen, wenn sie mit dem Fahrrad fahren?<\/strong><\/p>\n<\/div>\n<div class=\"iv-modul__answer\">\n<p style=\"padding-left: 40px;\">Ulrike Thoms: Zum jetzigen Zeitpunkt k\u00f6nnen wir das noch schwer quantifizieren, was man aber definitiv sehen kann: Das Thema kommt gut an und steigert die Motivation auf jeden Fall. Wer den Service nutzt, wird sich sicherlich lange Zeit \u00fcber sein neues Rad freuen und damit gern zur Arbeit fahren.<\/p>\n<\/div>\n<\/div>\n<\/div>\n<\/div>\n<\/div>\n<p>[\/vc_column_text][vc_column_text]<\/p>\n<div class=\"iv-modul__question\">\n<div class=\"iv-modul__question\">\n<div class=\"iv-modul__question\">\n<div class=\"iv-modul__question\">\n<div class=\"iv-modul__question\">\n<div class=\"iv-modul__question\">\n<p><strong>Wie wirkt das Angebot auf neue Bewerber?<\/strong><\/p>\n<\/div>\n<div class=\"iv-modul__answer\">\n<p style=\"padding-left: 40px;\">Benjamin Bressem: Wir haben den Benefit nat\u00fcrlich in unsere Stellenanzeigen aufgenommen, und Bewerber stellen dazu regelm\u00e4\u00dfig Nachfragen, etwa zum Anbieter. Doch inzwischen bieten bereits viele Unternehmen ihren Mitarbeitern Bike-Leasing an \u2013 es ist also kein entscheidendes Alleinstellungsmerkmal mehr am Jobmarkt. Doch wir glauben, dass es ein gutes und zeitgem\u00e4\u00dfes Signal an alle Bewerber ist. Wir haben auch schon eine Person, die ihren Bike-Leasingvertrag von ihrem alten Arbeitgeber zu uns mitgenommen hat.<\/p>\n<\/div>\n<\/div>\n<\/div>\n<\/div>\n<\/div>\n<\/div>\n<p>[\/vc_column_text][vc_column_text]<\/p>\n<div class=\"iv-modul__question\">\n<div class=\"iv-modul__question\">\n<div class=\"iv-modul__question\">\n<div class=\"iv-modul__question\">\n<div class=\"iv-modul__question\">\n<div class=\"iv-modul__question\">\n<p style=\"padding-left: 40px;\">Marcel Schrader: Dem kann ich nur zustimmen. Aus meiner Erfahrung geh\u00f6rt Bike-Leasing mittlerweile als fester Bestandteil zum Employer Branding. Die meisten unserer Gro\u00dfkunden zeigen gro\u00dfes Interesse an dem Service.<\/p>\n<\/div>\n<\/div>\n<\/div>\n<\/div>\n<\/div>\n<\/div>\n<p>[\/vc_column_text][\/vc_column][\/vc_row][vc_row][vc_column][vc_column_text]<\/p>\n<h2><span style=\"color: #39879e;\">\u201eDer Grundprozess funktioniert einwandfrei und ist f\u00fcr uns als Unternehmen sehr einfach zu handhaben.\u201c<\/span><\/h2>\n<p>[\/vc_column_text][vc_separator color=&#8220;custom&#8220; align=&#8220;align_left&#8220; el_width=&#8220;20&#8243; css=&#8220;.vc_custom_1697624323906{background-color: #39879e !important;}&#8220; accent_color=&#8220;#39879e&#8220;][vc_column_text]<span style=\"color: #39879e;\"><strong>Benjamin Bressem<\/strong><\/span><br \/>\n<span style=\"color: #39879e;\">Talent Acquisition Team, Lyreco<\/span>[\/vc_column_text][\/vc_column][\/vc_row][vc_row][vc_column css=&#8220;.vc_custom_1663594403628{background-color: #eef5f8 !important;}&#8220;][vc_column_text]<\/p>\n<div class=\"iv-modul__question\">\n<div class=\"iv-modul__question\">\n<div class=\"iv-modul__question\">\n<div class=\"iv-modul__question\">\n<div class=\"iv-modul__question\">\n<div class=\"iv-modul__question\">\n<p><strong>Wie l\u00e4uft die Abwicklung?<\/strong><\/p>\n<\/div>\n<div class=\"iv-modul__answer\">\n<p style=\"padding-left: 40px;\">Benjamin Bressem: Der Grundprozess funktioniert einwandfrei und ist f\u00fcr uns als Unternehmen sehr einfach zu handhaben. Zur Einf\u00fchrung gab es einen gemeinsamen Video-Call mit Lease a Bike, zu dem alle Mitarbeiter eingeladen waren und bei dem Fragen beantwortet wurden. Wir wurden sehr gut an die Hand genommen und zu allen Punkten ausf\u00fchrlich beraten.<\/p>\n<\/div>\n<\/div>\n<\/div>\n<\/div>\n<\/div>\n<\/div>\n<p>[\/vc_column_text][vc_column_text]<\/p>\n<div class=\"iv-modul__question\">\n<div class=\"iv-modul__question\">\n<div class=\"iv-modul__question\">\n<div class=\"iv-modul__question\">\n<div class=\"iv-modul__question\">\n<div class=\"iv-modul__question\">\n<p style=\"padding-left: 40px;\">Marcel Schrader: Es gibt bei unserem Kooperationsangebot \u00fcbrigens auch die M\u00f6glichkeit, dass R\u00e4der nach h\u00f6chstens sechs Monaten ohne Obliegenheiten zur\u00fcckgegeben werden k\u00f6nnen. Das kann bei einem Arbeitgeberwechsel praktisch sein. Zudem ist die Abwicklung sehr unkompliziert und kann komplett digital und papierlos erfolgen. Und was die eingeschlossene Versicherung betrifft: Ein Fahrrad muss zwar ab-, aber nicht angeschlossen sein, damit die Versicherung f\u00fcr Diebstahl oder Sch\u00e4den aufkommt.<\/p>\n<\/div>\n<\/div>\n<\/div>\n<\/div>\n<\/div>\n<\/div>\n<p>[\/vc_column_text][vc_column_text]<\/p>\n<div class=\"iv-modul__question\">\n<div class=\"iv-modul__question\">\n<div class=\"iv-modul__question\">\n<div class=\"iv-modul__question\">\n<div class=\"iv-modul__question\">\n<div class=\"iv-modul__question\">\n<div class=\"iv-modul__question\">\n<p><strong>Entsteht f\u00fcr Sie durch das neue Angebot viel zus\u00e4tzlicher Verwaltungsaufwand?<br \/>\n<\/strong><\/p>\n<\/div>\n<div class=\"iv-modul__answer\">\n<p style=\"padding-left: 40px;\">Benjamin Bressem: Anfangs hatten wir \u00fcberraschend viel Aufwand, weil so gro\u00dfes Interesse bestand. Doch das ist im Grunde ja positiv \u2013 wir haben uns jedes Mal richtig gefreut, wenn wir eine neue Anfrage bekommen haben. In den ersten Tagen stand unsere interne Chat-Gruppe keine Minute still.<\/p>\n<\/div>\n<\/div>\n<\/div>\n<\/div>\n<\/div>\n<\/div>\n<\/div>\n<p>[\/vc_column_text][vc_column_text]<\/p>\n<div class=\"iv-modul__question\">\n<div class=\"iv-modul__question\">\n<div class=\"iv-modul__question\">\n<div class=\"iv-modul__question\">\n<div class=\"iv-modul__question\">\n<div class=\"iv-modul__question\">\n<p style=\"padding-left: 40px;\">Ulrike Thoms: Ein kleines Team aus drei bis vier Leuten k\u00fcmmert sich um das Thema. Und ja, die hatten am Anfang etwas mehr zu tun. Aber sobald die Prozesse laufen, geht alles schnell und reibungslos seinen Gang. \u00dcbrigens ist die Software zur Verwaltung der Vorg\u00e4nge sehr intuitiv und \u00fcbersichtlich.<\/p>\n<\/div>\n<\/div>\n<\/div>\n<\/div>\n<\/div>\n<\/div>\n<p>[\/vc_column_text][vc_column_text]<\/p>\n<div class=\"iv-modul__question\">\n<div class=\"iv-modul__question\">\n<div class=\"iv-modul__question\">\n<div class=\"iv-modul__question\">\n<div class=\"iv-modul__question\">\n<div class=\"iv-modul__question\">\n<div class=\"iv-modul__question\">\n<p><strong>W\u00fcrden Sie Leasing von Fahrr\u00e4dern auch anderen Unternehmen empfehlen?<\/strong><\/p>\n<\/div>\n<div class=\"iv-modul__answer\">\n<p style=\"padding-left: 40px;\">Ulrike Thoms: Auf jeden Fall! Es ist ein sinnvoller und zeitgem\u00e4\u00dfer Benefit, der auf die Gesundheit und die Motivation der Mitarbeiter einzahlt. E-Bikes sind in der Anschaffung oft sehr kostspielig. Wir sind ein Unternehmen, das ein gro\u00dfes Warenlager unterh\u00e4lt und unter anderem Berufsgruppen mit eher kleineren Einkommen besch\u00e4ftigt. So erm\u00f6glichen wir diesen Leuten, sich ein gutes Fahrrad leisten zu k\u00f6nnen \u2013 sogar f\u00fcr Familienmitglieder. Das sind alles starke Gr\u00fcnde f\u00fcr Arbeitgeber, um Bike-Leasing anzubieten.<\/p>\n<\/div>\n<\/div>\n<\/div>\n<\/div>\n<\/div>\n<\/div>\n<\/div>\n<p>[\/vc_column_text][vc_column_text]<\/p>\n<div class=\"iv-modul__question\">\n<div class=\"iv-modul__question\">\n<div class=\"iv-modul__question\">\n<div class=\"iv-modul__question\">\n<div class=\"iv-modul__question\">\n<div class=\"iv-modul__question\">\n<div class=\"iv-modul__question\">\n<p><strong>Kann Bike-Leasing auch das Arbeitgeber-Image st\u00e4rken?<br \/>\n<\/strong><\/p>\n<\/div>\n<div class=\"iv-modul__answer\">\n<p style=\"padding-left: 40px;\">Ulrike Thoms: Zweifellos, doch man muss dazu sagen, dass wir nat\u00fcrlich l\u00e4ngst nicht das einzige Unternehmen sind, das seinen Mitarbeitern diesen Service bietet. Inzwischen geh\u00f6rt das Thema schon zur Grunderwartung vieler Bewerber. Und es dauert vielleicht gar nicht mehr lange, bis Bike-Leasing so normal wird, wie es heute die M\u00f6glichkeit zum mobilen Arbeiten ist.<\/p>\n<\/div>\n<\/div>\n<\/div>\n<\/div>\n<\/div>\n<\/div>\n<\/div>\n<p>[\/vc_column_text][vc_column_text]<\/p>\n<div class=\"iv-modul__question\">\n<div class=\"iv-modul__question\">\n<div class=\"iv-modul__question\">\n<div class=\"iv-modul__question\">\n<div class=\"iv-modul__question\">\n<div class=\"iv-modul__question\">\n<p style=\"padding-left: 40px;\">Benjamin Bressem: Genau, ich kann mir vorstellen, dass es irgendwann sogar negativ auf Arbeitgeber zur\u00fcckf\u00e4llt, wenn sie ihren Mitarbeitern kein Bike-Leasing anbieten. Denn die Bewerber wissen ja ganz genau, dass es so einfach w\u00e4re, den Benefit einzuf\u00fchren.<\/p>\n<\/div>\n<\/div>\n<\/div>\n<\/div>\n<\/div>\n<\/div>\n<p>[\/vc_column_text][vc_column_text]<\/p>\n<div class=\"iv-modul__question\">\n<div class=\"iv-modul__question\">\n<div class=\"iv-modul__question\">\n<div class=\"iv-modul__question\">\n<div class=\"iv-modul__question\">\n<div class=\"iv-modul__question\">\n<div class=\"iv-modul__question\">\n<p><strong>Fahren Sie beide auch ein Dienstfahrrad?<br \/>\n<\/strong><\/p>\n<\/div>\n<div class=\"iv-modul__answer\">\n<p style=\"padding-left: 40px;\">Ulrike Thoms: Ja, ich habe sogar zwei.<\/p>\n<\/div>\n<\/div>\n<\/div>\n<\/div>\n<\/div>\n<\/div>\n<\/div>\n<p>[\/vc_column_text][vc_column_text]<\/p>\n<div class=\"iv-modul__question\">\n<div class=\"iv-modul__question\">\n<div class=\"iv-modul__question\">\n<div class=\"iv-modul__question\">\n<div class=\"iv-modul__question\">\n<div class=\"iv-modul__question\">\n<p style=\"padding-left: 40px;\">Benjamin Bressem: Und ich plane das Leasing eines E-Bikes, denn meine Frau und ich sind auf einen Berg gezogen, und es ist ganz sch\u00f6n anstrengend, da hochzukommen.<\/p>\n<\/div>\n<\/div>\n<\/div>\n<\/div>\n<\/div>\n<\/div>\n<p>[\/vc_column_text][\/vc_column][\/vc_row][vc_row][vc_column]\n<div class=\"mybutton\" style=\"text-align: center;\">\n\t<a class=\"button \"  href=\"https:\/\/www.youtube.com\/watch?v=Wyz4IKhdQ38\" target=\"_blank\">Sehen Sie im Video, wie Bike Leasing in der Praxis bei Lyreco funktioniert<\/a>\n<\/div>[\/vc_column][\/vc_row][vc_row][vc_column][vc_separator][vc_column_text]<span style=\"font-size: 10pt;\">Dieser Beitrag ist zuerst erschienen bei\u00a0<a href=\"http:\/\/www.vwfs.de\/geschaeftskunden\">www.vwfs.de\/geschaeftskunden<\/a><\/span><\/p>\n<p>&nbsp;<\/p>\n<p><span style=\"font-size: 10pt;\">\u00b9\u207eDie Tochtergesellschaften der Volkswagen Financial Services AG sowie deren Schwestergesellschaft, die Volkswagen Bank GmbH, erbringen unter dem gemeinsamen Kennzeichen \u201eVolkswagen Financial Services&#8220; verschiedene Leistungen. Es handelt sich hierbei um Bankleistungen (durch Volkswagen Bank GmbH), Leasingleistungen (durch Volkswagen Leasing GmbH), Versicherungsleistungen (durch Volkswagen Versicherung AG, Volkswagen Autoversicherung AG) sowie Mobilit\u00e4tsleistungen (u. a. durch Volkswagen Leasing GmbH). Zus\u00e4tzlich werden Versicherungsprodukte anderer Anbieter vermittelt.<\/span><\/p>\n<p><span style=\"font-size: 10pt;\">\u00b2\u207eEin Angebot von Lease a Bike, eine Marke der Bike Mobility Services GmbH, M\u00fchlenstra\u00dfe 28, 49661 Cloppenburg.<\/span><\/p>\n<p>&nbsp;<\/p>\n<p class=\"singlecolumntext\"><span style=\"font-size: 10pt;\">Stand: 18.10.2023<\/span><br \/>\n<span style=\"font-size: 10pt;\">\u00a9 Volkswagen AG<\/span><\/p>\n<p>[\/vc_column_text][\/vc_column][\/vc_row]<\/p>\n<\/div>","protected":false},"excerpt":{"rendered":"<p>Die Lyreco Deutschland GmbH hat vor Kurzem den Mobilit\u00e4tstrend Bike-Leasing eingef\u00fchrt und nutzt daf\u00fcr das Angebot der Volkswagen Leasing GmbH in Kooperation mit dem Partner Lease a Bike.<\/p>\n","protected":false},"author":39,"featured_media":31101,"comment_status":"closed","ping_status":"closed","sticky":false,"template":"","format":"standard","meta":{"_acf_changed":false,"footnotes":""},"categories":[96,48],"tags":[],"class_list":["post-31079","post","type-post","status-publish","format-standard","has-post-thumbnail","hentry","category-interview","category-hintergrundwissen"],"acf":[],"yoast_head":"<!-- This site is optimized with the Yoast SEO plugin v27.4 - https:\/\/yoast.com\/product\/yoast-seo-wordpress\/ -->\n<title>\u201eBike-Leasing f\u00fcr Mitarbeiter wird immer beliebter\u201c - Volkswagen Group | FleetHub<\/title>\n<meta name=\"robots\" content=\"index, follow, max-snippet:-1, max-image-preview:large, max-video-preview:-1\" \/>\n<link rel=\"canonical\" href=\"https:\/\/www.vwfs.de\/geschaeftskunden\/magazin-flotte\/neue-mobilitaetskonzepte\/lyreco-interview.html\" \/>\n<meta property=\"og:locale\" content=\"de_DE\" \/>\n<meta property=\"og:type\" content=\"article\" \/>\n<meta property=\"og:title\" content=\"\u201eBike-Leasing f\u00fcr Mitarbeiter wird immer beliebter\u201c - Volkswagen Group | FleetHub\" \/>\n<meta property=\"og:description\" content=\"Die Lyreco Deutschland GmbH hat vor Kurzem den Mobilit\u00e4tstrend Bike-Leasing eingef\u00fchrt und nutzt daf\u00fcr das Angebot der Volkswagen Leasing GmbH in Kooperation mit dem Partner Lease a Bike.\" \/>\n<meta property=\"og:url\" content=\"https:\/\/www.vwfs.de\/geschaeftskunden\/magazin-flotte\/neue-mobilitaetskonzepte\/lyreco-interview.html\" \/>\n<meta property=\"og:site_name\" content=\"Volkswagen Group | FleetHub\" \/>\n<meta property=\"article:published_time\" content=\"2023-10-20T10:38:14+00:00\" \/>\n<meta property=\"og:image\" content=\"https:\/\/www.groupfleet.com\/wp-content\/uploads\/2023\/10\/lyreco-interview-01.png.xxl_.webp\" \/>\n\t<meta property=\"og:image:width\" content=\"1600\" \/>\n\t<meta property=\"og:image:height\" content=\"1067\" \/>\n\t<meta property=\"og:image:type\" content=\"image\/webp\" \/>\n<meta name=\"author\" content=\"Stefan Gro\u00dfer\" \/>\n<meta name=\"twitter:card\" content=\"summary_large_image\" \/>\n<meta name=\"twitter:label1\" content=\"Verfasst von\" \/>\n\t<meta name=\"twitter:data1\" content=\"Stefan Gro\u00dfer\" \/>\n\t<meta name=\"twitter:label2\" content=\"Gesch\u00e4tzte Lesezeit\" \/>\n\t<meta name=\"twitter:data2\" content=\"8\u00a0Minuten\" \/>\n<script type=\"application\/ld+json\" class=\"yoast-schema-graph\">{\"@context\":\"https:\\\/\\\/schema.org\",\"@graph\":[{\"@type\":\"Article\",\"@id\":\"https:\\\/\\\/www.vwfs.de\\\/geschaeftskunden\\\/magazin-flotte\\\/neue-mobilitaetskonzepte\\\/lyreco-interview.html#article\",\"isPartOf\":{\"@id\":\"https:\\\/\\\/www.groupfleet.com\\\/de\\\/lyreco-interview\\\/\"},\"author\":{\"name\":\"Stefan Gro\u00dfer\",\"@id\":\"https:\\\/\\\/www.groupfleet.com\\\/de\\\/#\\\/schema\\\/person\\\/8b1d7be286fefef37804765123983b32\"},\"headline\":\"\u201eBike-Leasing f\u00fcr Mitarbeiter wird immer beliebter\u201c\",\"datePublished\":\"2023-10-20T10:38:14+00:00\",\"mainEntityOfPage\":{\"@id\":\"https:\\\/\\\/www.groupfleet.com\\\/de\\\/lyreco-interview\\\/\"},\"wordCount\":1619,\"image\":{\"@id\":\"https:\\\/\\\/www.vwfs.de\\\/geschaeftskunden\\\/magazin-flotte\\\/neue-mobilitaetskonzepte\\\/lyreco-interview.html#primaryimage\"},\"thumbnailUrl\":\"https:\\\/\\\/www.groupfleet.com\\\/wp-content\\\/uploads\\\/2023\\\/10\\\/lyreco-interview-01.png.xxl_.webp\",\"articleSection\":[\"Interview\",\"Fuhrparkwissen\"],\"inLanguage\":\"de\"},{\"@type\":\"WebPage\",\"@id\":\"https:\\\/\\\/www.groupfleet.com\\\/de\\\/lyreco-interview\\\/\",\"url\":\"https:\\\/\\\/www.vwfs.de\\\/geschaeftskunden\\\/magazin-flotte\\\/neue-mobilitaetskonzepte\\\/lyreco-interview.html\",\"name\":\"\u201eBike-Leasing f\u00fcr Mitarbeiter wird immer beliebter\u201c - Volkswagen Group | FleetHub\",\"isPartOf\":{\"@id\":\"https:\\\/\\\/www.groupfleet.com\\\/de\\\/#website\"},\"primaryImageOfPage\":{\"@id\":\"https:\\\/\\\/www.vwfs.de\\\/geschaeftskunden\\\/magazin-flotte\\\/neue-mobilitaetskonzepte\\\/lyreco-interview.html#primaryimage\"},\"image\":{\"@id\":\"https:\\\/\\\/www.vwfs.de\\\/geschaeftskunden\\\/magazin-flotte\\\/neue-mobilitaetskonzepte\\\/lyreco-interview.html#primaryimage\"},\"thumbnailUrl\":\"https:\\\/\\\/www.groupfleet.com\\\/wp-content\\\/uploads\\\/2023\\\/10\\\/lyreco-interview-01.png.xxl_.webp\",\"datePublished\":\"2023-10-20T10:38:14+00:00\",\"author\":{\"@id\":\"https:\\\/\\\/www.groupfleet.com\\\/de\\\/#\\\/schema\\\/person\\\/8b1d7be286fefef37804765123983b32\"},\"breadcrumb\":{\"@id\":\"https:\\\/\\\/www.vwfs.de\\\/geschaeftskunden\\\/magazin-flotte\\\/neue-mobilitaetskonzepte\\\/lyreco-interview.html#breadcrumb\"},\"inLanguage\":\"de\",\"potentialAction\":[{\"@type\":\"ReadAction\",\"target\":[\"https:\\\/\\\/www.vwfs.de\\\/geschaeftskunden\\\/magazin-flotte\\\/neue-mobilitaetskonzepte\\\/lyreco-interview.html\"]}]},{\"@type\":\"ImageObject\",\"inLanguage\":\"de\",\"@id\":\"https:\\\/\\\/www.vwfs.de\\\/geschaeftskunden\\\/magazin-flotte\\\/neue-mobilitaetskonzepte\\\/lyreco-interview.html#primaryimage\",\"url\":\"https:\\\/\\\/www.groupfleet.com\\\/wp-content\\\/uploads\\\/2023\\\/10\\\/lyreco-interview-01.png.xxl_.webp\",\"contentUrl\":\"https:\\\/\\\/www.groupfleet.com\\\/wp-content\\\/uploads\\\/2023\\\/10\\\/lyreco-interview-01.png.xxl_.webp\",\"width\":1600,\"height\":1067},{\"@type\":\"BreadcrumbList\",\"@id\":\"https:\\\/\\\/www.vwfs.de\\\/geschaeftskunden\\\/magazin-flotte\\\/neue-mobilitaetskonzepte\\\/lyreco-interview.html#breadcrumb\",\"itemListElement\":[{\"@type\":\"ListItem\",\"position\":1,\"name\":\"Home\",\"item\":\"https:\\\/\\\/www.groupfleet.com\\\/de\\\/\"},{\"@type\":\"ListItem\",\"position\":2,\"name\":\"\u201eBike-Leasing f\u00fcr Mitarbeiter wird immer beliebter\u201c\"}]},{\"@type\":\"WebSite\",\"@id\":\"https:\\\/\\\/www.groupfleet.com\\\/de\\\/#website\",\"url\":\"https:\\\/\\\/www.groupfleet.com\\\/de\\\/\",\"name\":\"Volkswagen Group | FleetHub\",\"description\":\"Online magazine for Fleet managers\",\"potentialAction\":[{\"@type\":\"SearchAction\",\"target\":{\"@type\":\"EntryPoint\",\"urlTemplate\":\"https:\\\/\\\/www.groupfleet.com\\\/de\\\/?s={search_term_string}\"},\"query-input\":{\"@type\":\"PropertyValueSpecification\",\"valueRequired\":true,\"valueName\":\"search_term_string\"}}],\"inLanguage\":\"de\"},{\"@type\":\"Person\",\"@id\":\"https:\\\/\\\/www.groupfleet.com\\\/de\\\/#\\\/schema\\\/person\\\/8b1d7be286fefef37804765123983b32\",\"name\":\"Stefan Gro\u00dfer\",\"url\":\"https:\\\/\\\/www.groupfleet.com\\\/de\\\/author\\\/sgrosser\\\/\"}]}<\/script>\n<!-- \/ Yoast SEO plugin. -->","yoast_head_json":{"title":"\u201eBike-Leasing f\u00fcr Mitarbeiter wird immer beliebter\u201c - Volkswagen Group | FleetHub","robots":{"index":"index","follow":"follow","max-snippet":"max-snippet:-1","max-image-preview":"max-image-preview:large","max-video-preview":"max-video-preview:-1"},"canonical":"https:\/\/www.vwfs.de\/geschaeftskunden\/magazin-flotte\/neue-mobilitaetskonzepte\/lyreco-interview.html","og_locale":"de_DE","og_type":"article","og_title":"\u201eBike-Leasing f\u00fcr Mitarbeiter wird immer beliebter\u201c - Volkswagen Group | FleetHub","og_description":"Die Lyreco Deutschland GmbH hat vor Kurzem den Mobilit\u00e4tstrend Bike-Leasing eingef\u00fchrt und nutzt daf\u00fcr das Angebot der Volkswagen Leasing GmbH in Kooperation mit dem Partner Lease a Bike.","og_url":"https:\/\/www.vwfs.de\/geschaeftskunden\/magazin-flotte\/neue-mobilitaetskonzepte\/lyreco-interview.html","og_site_name":"Volkswagen Group | FleetHub","article_published_time":"2023-10-20T10:38:14+00:00","og_image":[{"width":1600,"height":1067,"url":"https:\/\/www.groupfleet.com\/wp-content\/uploads\/2023\/10\/lyreco-interview-01.png.xxl_.webp","type":"image\/webp"}],"author":"Stefan Gro\u00dfer","twitter_card":"summary_large_image","twitter_misc":{"Verfasst von":"Stefan Gro\u00dfer","Gesch\u00e4tzte Lesezeit":"8\u00a0Minuten"},"schema":{"@context":"https:\/\/schema.org","@graph":[{"@type":"Article","@id":"https:\/\/www.vwfs.de\/geschaeftskunden\/magazin-flotte\/neue-mobilitaetskonzepte\/lyreco-interview.html#article","isPartOf":{"@id":"https:\/\/www.groupfleet.com\/de\/lyreco-interview\/"},"author":{"name":"Stefan Gro\u00dfer","@id":"https:\/\/www.groupfleet.com\/de\/#\/schema\/person\/8b1d7be286fefef37804765123983b32"},"headline":"\u201eBike-Leasing f\u00fcr Mitarbeiter wird immer beliebter\u201c","datePublished":"2023-10-20T10:38:14+00:00","mainEntityOfPage":{"@id":"https:\/\/www.groupfleet.com\/de\/lyreco-interview\/"},"wordCount":1619,"image":{"@id":"https:\/\/www.vwfs.de\/geschaeftskunden\/magazin-flotte\/neue-mobilitaetskonzepte\/lyreco-interview.html#primaryimage"},"thumbnailUrl":"https:\/\/www.groupfleet.com\/wp-content\/uploads\/2023\/10\/lyreco-interview-01.png.xxl_.webp","articleSection":["Interview","Fuhrparkwissen"],"inLanguage":"de"},{"@type":"WebPage","@id":"https:\/\/www.groupfleet.com\/de\/lyreco-interview\/","url":"https:\/\/www.vwfs.de\/geschaeftskunden\/magazin-flotte\/neue-mobilitaetskonzepte\/lyreco-interview.html","name":"\u201eBike-Leasing f\u00fcr Mitarbeiter wird immer beliebter\u201c - Volkswagen Group | FleetHub","isPartOf":{"@id":"https:\/\/www.groupfleet.com\/de\/#website"},"primaryImageOfPage":{"@id":"https:\/\/www.vwfs.de\/geschaeftskunden\/magazin-flotte\/neue-mobilitaetskonzepte\/lyreco-interview.html#primaryimage"},"image":{"@id":"https:\/\/www.vwfs.de\/geschaeftskunden\/magazin-flotte\/neue-mobilitaetskonzepte\/lyreco-interview.html#primaryimage"},"thumbnailUrl":"https:\/\/www.groupfleet.com\/wp-content\/uploads\/2023\/10\/lyreco-interview-01.png.xxl_.webp","datePublished":"2023-10-20T10:38:14+00:00","author":{"@id":"https:\/\/www.groupfleet.com\/de\/#\/schema\/person\/8b1d7be286fefef37804765123983b32"},"breadcrumb":{"@id":"https:\/\/www.vwfs.de\/geschaeftskunden\/magazin-flotte\/neue-mobilitaetskonzepte\/lyreco-interview.html#breadcrumb"},"inLanguage":"de","potentialAction":[{"@type":"ReadAction","target":["https:\/\/www.vwfs.de\/geschaeftskunden\/magazin-flotte\/neue-mobilitaetskonzepte\/lyreco-interview.html"]}]},{"@type":"ImageObject","inLanguage":"de","@id":"https:\/\/www.vwfs.de\/geschaeftskunden\/magazin-flotte\/neue-mobilitaetskonzepte\/lyreco-interview.html#primaryimage","url":"https:\/\/www.groupfleet.com\/wp-content\/uploads\/2023\/10\/lyreco-interview-01.png.xxl_.webp","contentUrl":"https:\/\/www.groupfleet.com\/wp-content\/uploads\/2023\/10\/lyreco-interview-01.png.xxl_.webp","width":1600,"height":1067},{"@type":"BreadcrumbList","@id":"https:\/\/www.vwfs.de\/geschaeftskunden\/magazin-flotte\/neue-mobilitaetskonzepte\/lyreco-interview.html#breadcrumb","itemListElement":[{"@type":"ListItem","position":1,"name":"Home","item":"https:\/\/www.groupfleet.com\/de\/"},{"@type":"ListItem","position":2,"name":"\u201eBike-Leasing f\u00fcr Mitarbeiter wird immer beliebter\u201c"}]},{"@type":"WebSite","@id":"https:\/\/www.groupfleet.com\/de\/#website","url":"https:\/\/www.groupfleet.com\/de\/","name":"Volkswagen Group | FleetHub","description":"Online magazine for Fleet managers","potentialAction":[{"@type":"SearchAction","target":{"@type":"EntryPoint","urlTemplate":"https:\/\/www.groupfleet.com\/de\/?s={search_term_string}"},"query-input":{"@type":"PropertyValueSpecification","valueRequired":true,"valueName":"search_term_string"}}],"inLanguage":"de"},{"@type":"Person","@id":"https:\/\/www.groupfleet.com\/de\/#\/schema\/person\/8b1d7be286fefef37804765123983b32","name":"Stefan Gro\u00dfer","url":"https:\/\/www.groupfleet.com\/de\/author\/sgrosser\/"}]}},"_links":{"self":[{"href":"https:\/\/www.groupfleet.com\/de\/wp-json\/wp\/v2\/posts\/31079","targetHints":{"allow":["GET"]}}],"collection":[{"href":"https:\/\/www.groupfleet.com\/de\/wp-json\/wp\/v2\/posts"}],"about":[{"href":"https:\/\/www.groupfleet.com\/de\/wp-json\/wp\/v2\/types\/post"}],"author":[{"embeddable":true,"href":"https:\/\/www.groupfleet.com\/de\/wp-json\/wp\/v2\/users\/39"}],"replies":[{"embeddable":true,"href":"https:\/\/www.groupfleet.com\/de\/wp-json\/wp\/v2\/comments?post=31079"}],"version-history":[{"count":0,"href":"https:\/\/www.groupfleet.com\/de\/wp-json\/wp\/v2\/posts\/31079\/revisions"}],"wp:featuredmedia":[{"embeddable":true,"href":"https:\/\/www.groupfleet.com\/de\/wp-json\/wp\/v2\/media\/31101"}],"wp:attachment":[{"href":"https:\/\/www.groupfleet.com\/de\/wp-json\/wp\/v2\/media?parent=31079"}],"wp:term":[{"taxonomy":"category","embeddable":true,"href":"https:\/\/www.groupfleet.com\/de\/wp-json\/wp\/v2\/categories?post=31079"},{"taxonomy":"post_tag","embeddable":true,"href":"https:\/\/www.groupfleet.com\/de\/wp-json\/wp\/v2\/tags?post=31079"}],"curies":[{"name":"wp","href":"https:\/\/api.w.org\/{rel}","templated":true}]}}