{"id":29347,"date":"2023-05-16T10:34:06","date_gmt":"2023-05-16T08:34:06","guid":{"rendered":"https:\/\/www.groupfleet.com\/?p=29347"},"modified":"2023-07-20T17:08:50","modified_gmt":"2023-07-20T15:08:50","slug":"volkswagen-id7","status":"publish","type":"post","link":"https:\/\/www.groupfleet.com\/de\/volkswagen-id7\/","title":{"rendered":"Reichweiten-Riese"},"content":{"rendered":"<div class=\"wpb-content-wrapper\"><p>[vc_row][vc_column][vc_column_text]<span style=\"font-family: TheGroup, palatino, serif; font-size: 18pt; color: #8dbfcf;\">Mit dem neuen ID.7* pr\u00e4sentiert Volkswagen eine vollelektrische Limousine f\u00fcr die gehobene Mittelklasse: Warum Sie mit dem reichweitenstarken Fahrzeug das Profil Ihres Fuhrparks ab Herbst sch\u00e4rfen sollten, erfahren Sie gleich hier<\/span>[\/vc_column_text][\/vc_column][\/vc_row][vc_row][vc_column]\n\n<div class=\"article_paragraphimage article_paragraphimage_right \" style=\"width: 40%;\">\n\t<div class=\"ap_img_wrapper mylightbox_hover\">\n\t\t<img loading=\"lazy\" decoding=\"async\" width=\"640\" height=\"410\" src=\"https:\/\/www.groupfleet.com\/wp-content\/uploads\/2023\/05\/ID.7-IC0606_Web-640x410.jpeg\" class=\"attachment-vw_small size-vw_small open_mylightbox\" alt=\"\" data-full=\"https:\/\/www.groupfleet.com\/wp-content\/uploads\/2023\/05\/ID.7-IC0606_Web.jpeg\" data-desc=\"\" data-desc-class=\"mylightbox_desc_tl\" data-emission=\"{&quot;1&quot;:&quot;28827&quot;}\" \/>\t<\/div>\n\t<div class=\"article_paragraphimage_text\">\n\t\t\t<\/div>\n\t<div class=\"clear\"><\/div>\n<\/div>[vc_column_text]<\/p>\n<div class=\"iv-modul__question\">\n<p>Die Marke Volkswagen hat in ihrer langen Unternehmensgeschichte bereits zahlreiche Bestseller auf die Stra\u00dfe gebracht \u2013 und in manchen F\u00e4llen sogar den Inbegriff f\u00fcr ein Dienstfahrzeug geschaffen. Gute Beispiele sind hier Passat und Passat Variant (Kraftstoffverbrauch in l\/100 km (WLTP): kombiniert 8,3-4,8; CO\u2082-Emission in g\/km (WLTP): kombiniert 189-125), die als Businessmodelle in der gehobenen Mittelklasse schon Generationen von Au\u00dfendienstlern zu ihren Kunden gebracht haben. Mit dem neuen ID.7* hat Volkswagen nun eine vollelektrische Angebot im Portfolio, die gleich in mehrfacher Hinsicht punkten kann, speziell im Beruflichen. Denn f\u00fcr Vielfahrende bietet das Fahrzeug einige Benefits: Hohe Reichweite, raumgreifende Innenarchitektur, hochwertiges Interieur, klar strukturierte Bedienf\u00fchrung und \u2013 nicht zu vergessen \u2013 kraftvolle Antriebe, deren Batterien dank Schnellladung auch z\u00fcgig geladen werden k\u00f6nnen. Aber der Reihe nach.<\/p>\n<\/div>\n<p>[\/vc_column_text][\/vc_column][\/vc_row][vc_row][vc_column width=&#8220;3\/4&#8243;][vc_column_text]<\/p>\n<h2><span style=\"color: #33879e;\">\u201eDer ID.7 setzt auf Basis des MEB neue Ma\u00dfst\u00e4be beim Thema Effizienz. Wir zielen auf eine Reichweite von bis zu 700 Kilometern nach WLTP. Erm\u00f6glicht wird das durch eine sehr gute Aerodynamik sowie deutliche Effizienzsteigerungen im Bereich Antrieb und Thermomanagement.\u201c<\/span><\/h2>\n<p>[\/vc_column_text][vc_separator align=&#8220;align_left&#8220; border_width=&#8220;4&#8243; el_width=&#8220;20&#8243; css=&#8220;.vc_custom_1678316656409{background-color: #39879e !important;}&#8220;][vc_column_text]<span style=\"color: #39879e;\"><strong>Kai Gr\u00fcnitz<\/strong><\/span><br \/>\n<span style=\"color: #39879e;\">Vorstand f\u00fcr Technische Entwicklung<\/span>[\/vc_column_text][\/vc_column][\/vc_row][vc_row][vc_column][vc_column_text]<\/p>\n<h2>Reichweite: Bis zu 700 km (nach WLTP)<\/h2>\n<p>[\/vc_column_text][vc_column_text]<\/p>\n<div class=\"iv-modul__question\">\n<p>Elektrofahrzeuge sind sehr dynamisch, k\u00f6nnen lokal CO<sub>2<\/sub>-frei unterwegs sein und erm\u00f6glichen dank ihrer langen Radst\u00e4nde eine komfortable Raumgestaltung. Klingt \u00fcberzeugend, dennoch ist f\u00fcr die meisten beruflich Nutzenden die Kilometerleistung nach wie vor wichtiger \u2013 was selbstverst\u00e4ndlich auch damit zusammenh\u00e4ngt, dass Vielfahrende in der Vergangenheit h\u00e4ufig mit kilometerstarken Dieselmodellen unterwegs waren. Der rein elektrische ID.7* verspricht nun eine \u00fcberzeugende Reichweite von bis zu 700 Kilometern (mit dem WLTP-Verfahren gemessen), was den Antriebswechsel f\u00fcr viele Dienstwagenberechtigte leichter machen d\u00fcrfte.<\/p>\n<\/div>\n<p>[\/vc_column_text][\/vc_column][\/vc_row][vc_row][vc_column]<video class=\"scrollplay\" poster=\"https:\/\/www.groupfleet.com\/wp-content\/uploads\/2023\/05\/ID.7_World_Premiere_Productfilm_Online_15sec_URBAN_16to9_HD_DE_Still-1000x556.png\" src=\"https:\/\/www.groupfleet.com\/wp-content\/uploads\/2023\/05\/ID.7_World_Premiere_Productfilm_Online_15sec_URBAN_16to9_HD_DE_230410.mp4\" loop controls><\/video>[\/vc_column][\/vc_row][vc_row][vc_column][vc_column_text]<\/p>\n<div class=\"iv-modul__question\">\n<h2>Raumangebot: Gro\u00dfz\u00fcgig<\/h2>\n<\/div>\n<p>[\/vc_column_text][vc_column_text]Nahezu f\u00fcnf Meter ist der neue ID.7* lang \u2013 bei einem Radstand von knapp drei Metern. Das erm\u00f6glicht ein interessantes Raumkonzept mit viel Platz hinter dem Steuer und auf den restlichen Pl\u00e4tzen vorn und hinten. Hohen Sitzkomfort, gerade auf langen Fahrten, bieten zudem die optional erh\u00e4ltlichen, neu entwickelten ergoActive Premium-Sitze, die mit Massageprogramm und dynamischer Klimatisierung ausgestattet sind. Auf das m\u00f6gliche Gep\u00e4ckvolumen wirkt sich die Gr\u00f6\u00dfe der Limousine ebenfalls positiv aus: Mehr als 500 Liter passen ins Kofferabteil \u2013 gen\u00fcgend Platz f\u00fcr das Gep\u00e4ck, selbst bei mehrt\u00e4gigen Dienstreisen.<\/p>\n<p>&nbsp;<\/p>\n<p>\u00dcbrigens schl\u00e4gt der ID.7* auch in puncto Raumklima neue Wege ein, denn die Limousine kann die Klimatisierung aktivieren, sobald sie ihre Schl\u00fcssel in der n\u00e4heren Umgebung erkennt. Das sorgt je nach Witterung und Vorlieben der Nutzenden f\u00fcr die z\u00fcgige Abk\u00fchlung oder Erw\u00e4rmung des Innenraums schon vor Fahrtbeginn.[\/vc_column_text][\/vc_column][\/vc_row][vc_row][vc_column width=&#8220;3\/4&#8243;][vc_column_text]<\/p>\n<h2><span style=\"color: #33879e;\">\u201eDer ID.7 schn\u00fcrt ein attraktives Paket, das gleicherma\u00dfen bestehende und neue Volkswagen Kundinnen und Kunden weltweit begeistern wird. Wir bieten damit Premiumtechnologien in einem Volkswagen an, die mit Exklusivit\u00e4t, Topkomfort und hohem Alltagsnutzen \u00fcberzeugen.\u201c<\/span><\/h2>\n<p>[\/vc_column_text][vc_separator align=&#8220;align_left&#8220; border_width=&#8220;4&#8243; el_width=&#8220;20&#8243; css=&#8220;.vc_custom_1678316656409{background-color: #39879e !important;}&#8220;][vc_column_text]<span style=\"color: #39879e;\"><strong>Imelda Labb\u00e9<\/strong><\/span><br \/>\n<span style=\"color: #39879e;\">Vorst\u00e4ndin f\u00fcr Vertrieb, Marketing und After Sales<\/span>[\/vc_column_text][\/vc_column][\/vc_row][vc_row][vc_column][vc_column_text]<\/p>\n<div class=\"iv-modul__question\">\n<h2>Bedienkonzept: Klar strukturiert<\/h2>\n<\/div>\n<p>[\/vc_column_text][vc_column_text]Die eingangs erw\u00e4hnten Verkaufserfolge von Volkswagen hatten stets mit dem Qualit\u00e4tsverst\u00e4ndnis des Unternehmens zu tun: Dabei war nicht nur die G\u00fcte der Verarbeitung von besonderer Bedeutung, sondern auch das Design \u2013 und damit verbunden die Anmutung der verwendeten Materialien. Ganz besonders im Interieur. Beim neuen ID.7* hat Volkswagen an dieser Stelle auf Premiumniveau nachgesch\u00e4rft: Die Armaturentafel beispielsweise ist optisch und haptisch aufgewertet, wobei der darauf positionierte, 38-Zentimeter-gro\u00dfe Infotainment-Touchscreen (das entspricht einer Bildschirmdiagonalen von 15 Zoll) besonders auff\u00e4llt: Er ist freistehend ausgelegt und leicht in Richtung Fahrersitz gedreht, was die Sichtbarkeit verbessert. Zugleich ist die Bedienf\u00fchrung noch st\u00e4rker auf die Bed\u00fcrfnisse der Nutzenden abgestimmt und blendet zum Beispiel einen Home-Button und eine Leiste f\u00fcr frei belegbare Favoritentasten auf wichtige Apps permanent ein. Ebenfalls mit dem Touchscreen bedienbar sind die Sitzfunktionen und die Klimaregelung. Insgesamt wirken die Bedienelemente und das Interieur sehr stilvoll \u2013 wobei Volkswagen auch auf Nachhaltigkeit setzt und beispielsweise Recyclingmaterialien verwendet.[\/vc_column_text][\/vc_column][\/vc_row][vc_row][vc_column][vc_column_text]<\/p>\n<div class=\"iv-modul__question\">\n<h2>Head-up-Display: Realit\u00e4t eingebettet<\/h2>\n<\/div>\n<p>[\/vc_column_text][vc_column_text]Damit beim Fahren die Aufmerksamkeit stets auf den Verkehr gerichtet bleibt, projiziert Volkswagen beim ID.7* wesentliche Informationen bereits ab dem Basismodell mittels Augmented Reality in ein Head-up-Display: Statusanzeigen wie die aktuelle und zul\u00e4ssige Geschwindigkeit zeigt das System den Fahrenden so an, als w\u00fcrden diese sich etwa 3,5 Meter vor dem Auto befinden. Andere Hinweise wie beispielsweise zur Navigation tauchen gut zehn Meter vor dem ID.7* auf. In beiden F\u00e4llen werden die Informationen passend \u00fcber die reale Au\u00dfenwelt gelegt. Die gesetzlich vorgeschriebenen Standardanzeigen wie Geschwindigkeit und Warnmeldungen werden zus\u00e4tzlich im gewohnten Display hinter dem Lenkrad dargestellt \u2013 allerdings in stilvoll reduzierter Form.[\/vc_column_text][\/vc_column][\/vc_row][vc_row][vc_column]\n<div class=\"gridgallery vw_masonry mylightbox_group\">\n\t\t\t\t<div class=\"vw_masonry_item gg_img gg_img_3 gg_img_3_1  \">\n\t\t\t<img loading=\"lazy\" decoding=\"async\" width=\"640\" height=\"360\" src=\"https:\/\/www.groupfleet.com\/wp-content\/uploads\/2023\/05\/ID.7-IC0647_Web-640x360.jpeg\" class=\"attachment-vw_small size-vw_small open_mylightbox\" alt=\"\" data-full=\"https:\/\/www.groupfleet.com\/wp-content\/uploads\/2023\/05\/ID.7-IC0647_Web.jpeg\" data-desc=\"\" data-desc-class=\"mylightbox_desc_tl\" data-emission=\"{&quot;1&quot;:&quot;28827&quot;}\" \/>\t\t<\/div>\n\t\t\t<div class=\"vw_masonry_item gg_img gg_img_3 gg_img_3_2 mylightbox_hover \">\n\t\t\t<img loading=\"lazy\" decoding=\"async\" width=\"640\" height=\"480\" src=\"https:\/\/www.groupfleet.com\/wp-content\/uploads\/2023\/05\/ID.7-IC0602_Web-640x480.jpeg\" class=\"attachment-vw_small size-vw_small open_mylightbox\" alt=\"\" data-full=\"https:\/\/www.groupfleet.com\/wp-content\/uploads\/2023\/05\/ID.7-IC0602_Web.jpeg\" data-desc=\"\" data-desc-class=\"mylightbox_desc_tl\" data-emission=\"{&quot;1&quot;:&quot;28827&quot;}\" \/>\t\t<\/div>\n\t\t\t<div class=\"vw_masonry_item gg_img gg_img_3 gg_img_3_3  \">\n\t\t\t<img loading=\"lazy\" decoding=\"async\" width=\"640\" height=\"427\" src=\"https:\/\/www.groupfleet.com\/wp-content\/uploads\/2023\/05\/ID.7-IC0634_Web-640x427.jpeg\" class=\"attachment-vw_small size-vw_small open_mylightbox\" alt=\"\" data-full=\"https:\/\/www.groupfleet.com\/wp-content\/uploads\/2023\/05\/ID.7-IC0634_Web.jpeg\" data-desc=\"\" data-desc-class=\"mylightbox_desc_tl\" data-emission=\"{&quot;1&quot;:&quot;28827&quot;}\" \/>\t\t<\/div>\n\t<\/div>\n\n<script type=\"text\/javascript\">\n\/*\n\t$('.vw_masonry').masonry({\n\t\tcolumnWidth: 1,\n\t\titemSelector: '.vw_masonry_item',\n\t\tpercentPosition: true\n\t});\t\n*\/\n<\/script>[\/vc_column][\/vc_row][vc_row][vc_column][vc_column_text]<\/p>\n<div class=\"iv-modul__question\">\n<h2>Antrieb: Dynamisch. Mit Power<\/h2>\n<\/div>\n<p>[\/vc_column_text][vc_column_text]Der neue ID.7* wird zum europ\u00e4ischen Marktstart \u2013 voraussichtlich gegen Ende des Jahres \u2013 mit einem neu entwickelten Motor des Modularen E-Antriebsbaukastens (MEB) erh\u00e4ltlich sein. Das Performance-Aggregat mit der internen Bezeichnung APP550 wirkt mit kraftvoll auf die Hinterachse \u2013 bei gleichzeitig verbesserter Effizienz. F\u00fcr die n\u00f6tige elektrische Energie w\u00e4hlen Kunden je nach Modell eine von zwei Batteriegr\u00f6\u00dfen: F\u00fcr den Akku bei Modellvariante ID.7 Pro* prognostiziert Volkswagen eine Reichweite von bis zu 615 Kilometern, beim gr\u00f6\u00dferen Akku in der Modellvariante ID.7 Pro S* sogar bis zu 700 Kilometer.\u00b9\u207e Letzterer Energiespeicher l\u00e4sst sich an DC-Schnelllades\u00e4ulen (Gleichstrom) bei gem\u00e4\u00dfigter Au\u00dfentemperatur und einer Ladeleistung von bis zu 200 kW in circa 25 Minuten wieder von 10 auf 80 Prozent aufladen.\u00b2\u207e[\/vc_column_text][\/vc_column][\/vc_row][vc_row][vc_column][vc_column_text]<\/p>\n<div class=\"iv-modul__question\">\n<h2>Fazit: Potenzieller Bestseller<\/h2>\n<\/div>\n<p>[\/vc_column_text][vc_column_text]Mit dem ID.7* haben Fuhrparkleiter ab Herbst ein vollelektrisches Dienstwagen-Ass im \u00c4rmel, das in der gehobenen Mittelklasse angesiedelt ist und mit dem sie auch bei anspruchsvollen Dienstwagenberechtigten gute Karten haben d\u00fcrften.[\/vc_column_text][\/vc_column][\/vc_row][vc_row][vc_column width=&#8220;1\/4&#8243;][vc_single_image image=&#8220;29360&#8243; img_size=&#8220;large&#8220;][\/vc_column][vc_column width=&#8220;3\/4&#8243;][vc_column_text]<\/p>\n<h2><span style=\"color: #33879e;\">\u201eMit dem ID.7 gehen wir den n\u00e4chsten Schritt in unserer Elektro-Offensive. Die Limousine bietet hohen Komfort und gro\u00dfe Reichweiten. Schon 2026 werden wir das breiteste E-Portfolio aller Hersteller anbieten \u2013 vom Einstiegsmodell f\u00fcr unter 25.000 Euro bis zum neuen Topmodell ID.7.\u201c<\/span><\/h2>\n<p>[\/vc_column_text][vc_separator align=&#8220;align_left&#8220; border_width=&#8220;4&#8243; el_width=&#8220;20&#8243; css=&#8220;.vc_custom_1678316656409{background-color: #39879e !important;}&#8220;][vc_column_text]<span style=\"color: #39879e;\"><strong>Thomas Sch\u00e4fer<\/strong><\/span><br \/>\n<span style=\"color: #39879e;\">CEO, Volkswagen<\/span>[\/vc_column_text][\/vc_column][\/vc_row][vc_row][vc_column]\n<div class=\"mybutton\" style=\"text-align: center;\">\n\t<a class=\"button \"  href=\"https:\/\/www.volkswagen.de\/de\/modelle\/id7.html\" target=\"_blank\">Mehr \u00fcber den neuen ID.7 erfahren<\/a>\n<\/div>[\/vc_column][\/vc_row][vc_row][vc_column][vc_separator border_width=&#8220;2&#8243;][vc_column_text]<\/p>\n<div class=\"richtext abstractContentComponent parbase section\">\n<div class=\"grid-section grid-group\">\n<div class=\"grid-col span_12_of_12\">\n<div class=\"textmedia h-clearfix\">\n<div class=\"textmedia__inner textmedia__richtext\">\n<div class=\"richtext abstractContentComponent parbase section\">\n<div class=\"grid-section grid-group\">\n<div class=\"grid-col span_12_of_12\">\n<div class=\"textmedia h-clearfix\">\n<div class=\"textmedia__inner textmedia__richtext\">\n<div class=\"richtext abstractContentComponent parbase section\">\n<div class=\"grid-section grid-group\">\n<div class=\"grid-col span_12_of_12\">\n<div class=\"textmedia h-clearfix\">\n<div class=\"textmedia__inner textmedia__richtext\">\n<div class=\"richtext abstractContentComponent parbase section\">\n<div class=\"grid-section grid-group\">\n<div class=\"grid-col span_12_of_12\">\n<div class=\"textmedia h-clearfix\">\n<div class=\"textmedia__inner textmedia__richtext\">\n<p><em><span style=\"font-size: 10pt;\">Verf\u00fcgbarkeit und Spezifikationen k\u00f6nnen von Land zu Land variieren. Es wird daher empfohlen, sich vor der endg\u00fcltigen Bestellung bei lokalen Vertriebsmitarbeitern oder H\u00e4ndlern zu erkundigen.<\/span><\/em><\/p>\n<p>&nbsp;<\/p>\n<p><em><span style=\"font-size: 10pt;\">Alle Angaben gelten f\u00fcr den deutschen Markt.<\/span><\/em><\/p>\n<p>&nbsp;<\/p>\n<p><em><span style=\"font-size: 10pt;\">*Seriennahe Studie.<\/span><\/em><\/p>\n<p>&nbsp;<\/p>\n<p><em><span style=\"font-size: 10pt;\">\u00b9\u207ePrognostizierte WLTP-Reichweite von 615\/700 km gilt in Abh\u00e4ngigkeit von der Batteriegr\u00f6\u00dfe. WLTP-Richtwerte f\u00fcr Serienfahrzeuge k\u00f6nnen ausstattungsbedingt abweichen. Die tats\u00e4chlichen Reichweiten weichen in der Praxis ab und sind abh\u00e4ngig u. a. von Fahrstil, Geschwindigkeit, Einsatz von Komfort-\/Nebenverbrauchern, Au\u00dfentemperatur, Anzahl Mitfahrer\/Zuladung, Topografie und dem Alterungs- und Verschlei\u00dfprozess der Batterie.<\/span><\/em><\/p>\n<p>&nbsp;<\/p>\n<p><em><span style=\"font-size: 10pt;\">\u00b2\u207eSimulierte Ladedauer auf Basis der ausgew\u00e4hlten Parameter. Die tats\u00e4chliche Ladedauer kann abweichen.<\/span><\/em><\/p>\n<p>&nbsp;<\/p>\n<\/div>\n<p class=\"singlecolumntext\"><em><span style=\"font-size: 10pt;\">Stand: 16.05.2023<\/span><\/em><\/p>\n<p class=\"singlecolumntext\"><em><span style=\"font-size: 10pt;\">\u00a9 Volkswagen<\/span><\/em><\/p>\n<\/div>\n<\/div>\n<\/div>\n<\/div>\n<\/div>\n<\/div>\n<\/div>\n<\/div>\n<\/div>\n<\/div>\n<\/div>\n<\/div>\n<\/div>\n<\/div>\n<\/div>\n<\/div>\n<\/div>\n<\/div>\n<\/div>\n<p>[\/vc_column_text][\/vc_column][\/vc_row]<\/p>\n<\/div>","protected":false},"excerpt":{"rendered":"<p>Mit dem neuen ID.7 pr\u00e4sentiert Volkswagen eine vollelektrische Limousine f\u00fcr die gehobene Mittelklasse: Warum Sie mit dem reichweitenstarken Fahrzeug das Profil Ihres Fuhrparks ab Herbst sch\u00e4rfen sollten, erfahren Sie gleich hier<\/p>\n","protected":false},"author":39,"featured_media":29350,"comment_status":"closed","ping_status":"closed","sticky":false,"template":"","format":"standard","meta":{"_acf_changed":false,"footnotes":""},"categories":[17,6],"tags":[],"class_list":["post-29347","post","type-post","status-publish","format-standard","has-post-thumbnail","hentry","category-volkswagen-pkw","category-flottenmodelle","newsletter-fleetnews-02-23"],"acf":[],"yoast_head":"<!-- This site is optimized with the Yoast SEO plugin v27.4 - https:\/\/yoast.com\/product\/yoast-seo-wordpress\/ -->\n<title>Reichweiten-Riese - Volkswagen Group | FleetHub<\/title>\n<meta name=\"robots\" content=\"index, follow, max-snippet:-1, max-image-preview:large, max-video-preview:-1\" \/>\n<link rel=\"canonical\" href=\"https:\/\/www.volkswagen-newsroom.com\/de\/pressemitteilungen\/der-neue-id4-weltpremiere-des-rein-elektrisch-angetriebenen-suv-6446\" \/>\n<meta property=\"og:locale\" content=\"de_DE\" \/>\n<meta property=\"og:type\" content=\"article\" \/>\n<meta property=\"og:title\" content=\"Reichweiten-Riese - Volkswagen Group | FleetHub\" \/>\n<meta property=\"og:description\" content=\"Mit dem neuen ID.7 pr\u00e4sentiert Volkswagen eine vollelektrische Limousine f\u00fcr die gehobene Mittelklasse: Warum Sie mit dem reichweitenstarken Fahrzeug das Profil Ihres Fuhrparks ab Herbst sch\u00e4rfen sollten, erfahren Sie gleich hier\" \/>\n<meta property=\"og:url\" content=\"https:\/\/www.volkswagen-newsroom.com\/de\/pressemitteilungen\/der-neue-id4-weltpremiere-des-rein-elektrisch-angetriebenen-suv-6446\" \/>\n<meta property=\"og:site_name\" content=\"Volkswagen Group | FleetHub\" \/>\n<meta property=\"article:published_time\" content=\"2023-05-16T08:34:06+00:00\" \/>\n<meta property=\"article:modified_time\" content=\"2023-07-20T15:08:50+00:00\" \/>\n<meta property=\"og:image\" content=\"https:\/\/www.groupfleet.com\/wp-content\/uploads\/2023\/05\/ID.7-IC0597_Web.jpeg\" \/>\n\t<meta property=\"og:image:width\" content=\"1280\" \/>\n\t<meta property=\"og:image:height\" content=\"940\" \/>\n\t<meta property=\"og:image:type\" content=\"image\/jpeg\" \/>\n<meta name=\"author\" content=\"Stefan Gro\u00dfer\" \/>\n<meta name=\"twitter:card\" content=\"summary_large_image\" \/>\n<meta name=\"twitter:label1\" content=\"Verfasst von\" \/>\n\t<meta name=\"twitter:data1\" content=\"Stefan Gro\u00dfer\" \/>\n\t<meta name=\"twitter:label2\" content=\"Gesch\u00e4tzte Lesezeit\" \/>\n\t<meta name=\"twitter:data2\" content=\"6\u00a0Minuten\" \/>\n<script type=\"application\/ld+json\" class=\"yoast-schema-graph\">{\"@context\":\"https:\\\/\\\/schema.org\",\"@graph\":[{\"@type\":\"Article\",\"@id\":\"https:\\\/\\\/www.volkswagen-newsroom.com\\\/de\\\/pressemitteilungen\\\/der-neue-id4-weltpremiere-des-rein-elektrisch-angetriebenen-suv-6446#article\",\"isPartOf\":{\"@id\":\"https:\\\/\\\/www.groupfleet.com\\\/de\\\/volkswagen-id7\\\/\"},\"author\":{\"name\":\"Stefan Gro\u00dfer\",\"@id\":\"https:\\\/\\\/www.groupfleet.com\\\/de\\\/#\\\/schema\\\/person\\\/8b1d7be286fefef37804765123983b32\"},\"headline\":\"Reichweiten-Riese\",\"datePublished\":\"2023-05-16T08:34:06+00:00\",\"dateModified\":\"2023-07-20T15:08:50+00:00\",\"mainEntityOfPage\":{\"@id\":\"https:\\\/\\\/www.groupfleet.com\\\/de\\\/volkswagen-id7\\\/\"},\"wordCount\":1475,\"image\":{\"@id\":\"https:\\\/\\\/www.volkswagen-newsroom.com\\\/de\\\/pressemitteilungen\\\/der-neue-id4-weltpremiere-des-rein-elektrisch-angetriebenen-suv-6446#primaryimage\"},\"thumbnailUrl\":\"https:\\\/\\\/www.groupfleet.com\\\/wp-content\\\/uploads\\\/2023\\\/05\\\/ID.7-IC0597_Web.jpeg\",\"articleSection\":[\"Volkswagen\",\"Flottenmodelle\"],\"inLanguage\":\"de\"},{\"@type\":\"WebPage\",\"@id\":\"https:\\\/\\\/www.groupfleet.com\\\/de\\\/volkswagen-id7\\\/\",\"url\":\"https:\\\/\\\/www.volkswagen-newsroom.com\\\/de\\\/pressemitteilungen\\\/der-neue-id4-weltpremiere-des-rein-elektrisch-angetriebenen-suv-6446\",\"name\":\"Reichweiten-Riese - Volkswagen Group | FleetHub\",\"isPartOf\":{\"@id\":\"https:\\\/\\\/www.groupfleet.com\\\/de\\\/#website\"},\"primaryImageOfPage\":{\"@id\":\"https:\\\/\\\/www.volkswagen-newsroom.com\\\/de\\\/pressemitteilungen\\\/der-neue-id4-weltpremiere-des-rein-elektrisch-angetriebenen-suv-6446#primaryimage\"},\"image\":{\"@id\":\"https:\\\/\\\/www.volkswagen-newsroom.com\\\/de\\\/pressemitteilungen\\\/der-neue-id4-weltpremiere-des-rein-elektrisch-angetriebenen-suv-6446#primaryimage\"},\"thumbnailUrl\":\"https:\\\/\\\/www.groupfleet.com\\\/wp-content\\\/uploads\\\/2023\\\/05\\\/ID.7-IC0597_Web.jpeg\",\"datePublished\":\"2023-05-16T08:34:06+00:00\",\"dateModified\":\"2023-07-20T15:08:50+00:00\",\"author\":{\"@id\":\"https:\\\/\\\/www.groupfleet.com\\\/de\\\/#\\\/schema\\\/person\\\/8b1d7be286fefef37804765123983b32\"},\"breadcrumb\":{\"@id\":\"https:\\\/\\\/www.volkswagen-newsroom.com\\\/de\\\/pressemitteilungen\\\/der-neue-id4-weltpremiere-des-rein-elektrisch-angetriebenen-suv-6446#breadcrumb\"},\"inLanguage\":\"de\",\"potentialAction\":[{\"@type\":\"ReadAction\",\"target\":[\"https:\\\/\\\/www.volkswagen-newsroom.com\\\/de\\\/pressemitteilungen\\\/der-neue-id4-weltpremiere-des-rein-elektrisch-angetriebenen-suv-6446\"]}]},{\"@type\":\"ImageObject\",\"inLanguage\":\"de\",\"@id\":\"https:\\\/\\\/www.volkswagen-newsroom.com\\\/de\\\/pressemitteilungen\\\/der-neue-id4-weltpremiere-des-rein-elektrisch-angetriebenen-suv-6446#primaryimage\",\"url\":\"https:\\\/\\\/www.groupfleet.com\\\/wp-content\\\/uploads\\\/2023\\\/05\\\/ID.7-IC0597_Web.jpeg\",\"contentUrl\":\"https:\\\/\\\/www.groupfleet.com\\\/wp-content\\\/uploads\\\/2023\\\/05\\\/ID.7-IC0597_Web.jpeg\",\"width\":1280,\"height\":940},{\"@type\":\"BreadcrumbList\",\"@id\":\"https:\\\/\\\/www.volkswagen-newsroom.com\\\/de\\\/pressemitteilungen\\\/der-neue-id4-weltpremiere-des-rein-elektrisch-angetriebenen-suv-6446#breadcrumb\",\"itemListElement\":[{\"@type\":\"ListItem\",\"position\":1,\"name\":\"Home\",\"item\":\"https:\\\/\\\/www.groupfleet.com\\\/de\\\/\"},{\"@type\":\"ListItem\",\"position\":2,\"name\":\"Reichweiten-Riese\"}]},{\"@type\":\"WebSite\",\"@id\":\"https:\\\/\\\/www.groupfleet.com\\\/de\\\/#website\",\"url\":\"https:\\\/\\\/www.groupfleet.com\\\/de\\\/\",\"name\":\"Volkswagen Group | FleetHub\",\"description\":\"Online magazine for Fleet managers\",\"potentialAction\":[{\"@type\":\"SearchAction\",\"target\":{\"@type\":\"EntryPoint\",\"urlTemplate\":\"https:\\\/\\\/www.groupfleet.com\\\/de\\\/?s={search_term_string}\"},\"query-input\":{\"@type\":\"PropertyValueSpecification\",\"valueRequired\":true,\"valueName\":\"search_term_string\"}}],\"inLanguage\":\"de\"},{\"@type\":\"Person\",\"@id\":\"https:\\\/\\\/www.groupfleet.com\\\/de\\\/#\\\/schema\\\/person\\\/8b1d7be286fefef37804765123983b32\",\"name\":\"Stefan Gro\u00dfer\",\"url\":\"https:\\\/\\\/www.groupfleet.com\\\/de\\\/author\\\/sgrosser\\\/\"}]}<\/script>\n<!-- \/ Yoast SEO plugin. -->","yoast_head_json":{"title":"Reichweiten-Riese - Volkswagen Group | FleetHub","robots":{"index":"index","follow":"follow","max-snippet":"max-snippet:-1","max-image-preview":"max-image-preview:large","max-video-preview":"max-video-preview:-1"},"canonical":"https:\/\/www.volkswagen-newsroom.com\/de\/pressemitteilungen\/der-neue-id4-weltpremiere-des-rein-elektrisch-angetriebenen-suv-6446","og_locale":"de_DE","og_type":"article","og_title":"Reichweiten-Riese - Volkswagen Group | FleetHub","og_description":"Mit dem neuen ID.7 pr\u00e4sentiert Volkswagen eine vollelektrische Limousine f\u00fcr die gehobene Mittelklasse: Warum Sie mit dem reichweitenstarken Fahrzeug das Profil Ihres Fuhrparks ab Herbst sch\u00e4rfen sollten, erfahren Sie gleich hier","og_url":"https:\/\/www.volkswagen-newsroom.com\/de\/pressemitteilungen\/der-neue-id4-weltpremiere-des-rein-elektrisch-angetriebenen-suv-6446","og_site_name":"Volkswagen Group | FleetHub","article_published_time":"2023-05-16T08:34:06+00:00","article_modified_time":"2023-07-20T15:08:50+00:00","og_image":[{"width":1280,"height":940,"url":"https:\/\/www.groupfleet.com\/wp-content\/uploads\/2023\/05\/ID.7-IC0597_Web.jpeg","type":"image\/jpeg"}],"author":"Stefan Gro\u00dfer","twitter_card":"summary_large_image","twitter_misc":{"Verfasst von":"Stefan Gro\u00dfer","Gesch\u00e4tzte Lesezeit":"6\u00a0Minuten"},"schema":{"@context":"https:\/\/schema.org","@graph":[{"@type":"Article","@id":"https:\/\/www.volkswagen-newsroom.com\/de\/pressemitteilungen\/der-neue-id4-weltpremiere-des-rein-elektrisch-angetriebenen-suv-6446#article","isPartOf":{"@id":"https:\/\/www.groupfleet.com\/de\/volkswagen-id7\/"},"author":{"name":"Stefan Gro\u00dfer","@id":"https:\/\/www.groupfleet.com\/de\/#\/schema\/person\/8b1d7be286fefef37804765123983b32"},"headline":"Reichweiten-Riese","datePublished":"2023-05-16T08:34:06+00:00","dateModified":"2023-07-20T15:08:50+00:00","mainEntityOfPage":{"@id":"https:\/\/www.groupfleet.com\/de\/volkswagen-id7\/"},"wordCount":1475,"image":{"@id":"https:\/\/www.volkswagen-newsroom.com\/de\/pressemitteilungen\/der-neue-id4-weltpremiere-des-rein-elektrisch-angetriebenen-suv-6446#primaryimage"},"thumbnailUrl":"https:\/\/www.groupfleet.com\/wp-content\/uploads\/2023\/05\/ID.7-IC0597_Web.jpeg","articleSection":["Volkswagen","Flottenmodelle"],"inLanguage":"de"},{"@type":"WebPage","@id":"https:\/\/www.groupfleet.com\/de\/volkswagen-id7\/","url":"https:\/\/www.volkswagen-newsroom.com\/de\/pressemitteilungen\/der-neue-id4-weltpremiere-des-rein-elektrisch-angetriebenen-suv-6446","name":"Reichweiten-Riese - Volkswagen Group | FleetHub","isPartOf":{"@id":"https:\/\/www.groupfleet.com\/de\/#website"},"primaryImageOfPage":{"@id":"https:\/\/www.volkswagen-newsroom.com\/de\/pressemitteilungen\/der-neue-id4-weltpremiere-des-rein-elektrisch-angetriebenen-suv-6446#primaryimage"},"image":{"@id":"https:\/\/www.volkswagen-newsroom.com\/de\/pressemitteilungen\/der-neue-id4-weltpremiere-des-rein-elektrisch-angetriebenen-suv-6446#primaryimage"},"thumbnailUrl":"https:\/\/www.groupfleet.com\/wp-content\/uploads\/2023\/05\/ID.7-IC0597_Web.jpeg","datePublished":"2023-05-16T08:34:06+00:00","dateModified":"2023-07-20T15:08:50+00:00","author":{"@id":"https:\/\/www.groupfleet.com\/de\/#\/schema\/person\/8b1d7be286fefef37804765123983b32"},"breadcrumb":{"@id":"https:\/\/www.volkswagen-newsroom.com\/de\/pressemitteilungen\/der-neue-id4-weltpremiere-des-rein-elektrisch-angetriebenen-suv-6446#breadcrumb"},"inLanguage":"de","potentialAction":[{"@type":"ReadAction","target":["https:\/\/www.volkswagen-newsroom.com\/de\/pressemitteilungen\/der-neue-id4-weltpremiere-des-rein-elektrisch-angetriebenen-suv-6446"]}]},{"@type":"ImageObject","inLanguage":"de","@id":"https:\/\/www.volkswagen-newsroom.com\/de\/pressemitteilungen\/der-neue-id4-weltpremiere-des-rein-elektrisch-angetriebenen-suv-6446#primaryimage","url":"https:\/\/www.groupfleet.com\/wp-content\/uploads\/2023\/05\/ID.7-IC0597_Web.jpeg","contentUrl":"https:\/\/www.groupfleet.com\/wp-content\/uploads\/2023\/05\/ID.7-IC0597_Web.jpeg","width":1280,"height":940},{"@type":"BreadcrumbList","@id":"https:\/\/www.volkswagen-newsroom.com\/de\/pressemitteilungen\/der-neue-id4-weltpremiere-des-rein-elektrisch-angetriebenen-suv-6446#breadcrumb","itemListElement":[{"@type":"ListItem","position":1,"name":"Home","item":"https:\/\/www.groupfleet.com\/de\/"},{"@type":"ListItem","position":2,"name":"Reichweiten-Riese"}]},{"@type":"WebSite","@id":"https:\/\/www.groupfleet.com\/de\/#website","url":"https:\/\/www.groupfleet.com\/de\/","name":"Volkswagen Group | FleetHub","description":"Online magazine for Fleet managers","potentialAction":[{"@type":"SearchAction","target":{"@type":"EntryPoint","urlTemplate":"https:\/\/www.groupfleet.com\/de\/?s={search_term_string}"},"query-input":{"@type":"PropertyValueSpecification","valueRequired":true,"valueName":"search_term_string"}}],"inLanguage":"de"},{"@type":"Person","@id":"https:\/\/www.groupfleet.com\/de\/#\/schema\/person\/8b1d7be286fefef37804765123983b32","name":"Stefan Gro\u00dfer","url":"https:\/\/www.groupfleet.com\/de\/author\/sgrosser\/"}]}},"_links":{"self":[{"href":"https:\/\/www.groupfleet.com\/de\/wp-json\/wp\/v2\/posts\/29347","targetHints":{"allow":["GET"]}}],"collection":[{"href":"https:\/\/www.groupfleet.com\/de\/wp-json\/wp\/v2\/posts"}],"about":[{"href":"https:\/\/www.groupfleet.com\/de\/wp-json\/wp\/v2\/types\/post"}],"author":[{"embeddable":true,"href":"https:\/\/www.groupfleet.com\/de\/wp-json\/wp\/v2\/users\/39"}],"replies":[{"embeddable":true,"href":"https:\/\/www.groupfleet.com\/de\/wp-json\/wp\/v2\/comments?post=29347"}],"version-history":[{"count":0,"href":"https:\/\/www.groupfleet.com\/de\/wp-json\/wp\/v2\/posts\/29347\/revisions"}],"wp:featuredmedia":[{"embeddable":true,"href":"https:\/\/www.groupfleet.com\/de\/wp-json\/wp\/v2\/media\/29350"}],"wp:attachment":[{"href":"https:\/\/www.groupfleet.com\/de\/wp-json\/wp\/v2\/media?parent=29347"}],"wp:term":[{"taxonomy":"category","embeddable":true,"href":"https:\/\/www.groupfleet.com\/de\/wp-json\/wp\/v2\/categories?post=29347"},{"taxonomy":"post_tag","embeddable":true,"href":"https:\/\/www.groupfleet.com\/de\/wp-json\/wp\/v2\/tags?post=29347"}],"curies":[{"name":"wp","href":"https:\/\/api.w.org\/{rel}","templated":true}]}}