{"id":29210,"date":"2022-09-30T14:44:17","date_gmt":"2022-09-30T12:44:17","guid":{"rendered":"https:\/\/www.groupfleet.com\/?p=29210"},"modified":"2023-05-16T08:48:32","modified_gmt":"2023-05-16T06:48:32","slug":"skoda-enyaq-coupe-iv","status":"publish","type":"post","link":"https:\/\/www.groupfleet.com\/de\/skoda-enyaq-coupe-iv\/","title":{"rendered":"Elektrisch, emotional, elegant"},"content":{"rendered":"<div class=\"wpb-content-wrapper\"><p>[vc_row][vc_column][vc_column_text]<\/p>\n<div class=\"textimage abstractContentDialogComponent abstractContentComponent parbase section\">\n<div class=\"textmedia textmedia--largemedia textmedia--right h-clearfix\">\n<div class=\"textmedia__inner\">\n<div class=\"textmedia__text \">\n<p>Die Modelle mit den Buchstaben \u201eiV\u201c im Namen geh\u00f6ren ohne Zweifel zu den Fahrzeugen, die eine wachsende Nachfrage bedienen. Schlie\u00dflich geh\u00f6ren batterieelektrische Fahrzeuge (Battery Electric Vehicles, BEV) zu den Trendmodellen: In Deutschland zum Beispiel verzeichnete das Kraftfahrt-Bundesamt KBA nach acht Zulassungsmonaten im Jahr 2022 bei den Neuzulassungen einen Anteil von 13,9 Prozent \u2013 das entspricht einem Plus von 24,1 Punkten im Vergleich zum Vorjahr.<\/p>\n<p>&nbsp;<\/p>\n<\/div>\n<\/div>\n<p><b>Neues Design-Highlight<\/b><br \/>\nDa passt es selbstverst\u00e4ndlich, dass seit dem Fr\u00fchjahr 2021 mit dem \u0160KODA ENYAQ iV (Stromverbrauch in kWh\/100 km: kombiniert 16,1-14,4; CO\u2082-Emission in g\/km: 0; Effizienzklasse: A+++) das erste vollelektrische Serienfahrzeug der Marke auf Basis des Modularen E-Antriebs-Baukasten (MEB) von Volkswagen bestellbar ist. Doch es kommt sogar noch besser, denn \u0160KODA legt bereits nach \u2013 und bringt mit dem ENYAQ COUP\u00c9 iV\u00b9\u207e eine hoch emotionale Karosserievariante des Stromers.<\/p>\n<\/div>\n<\/div>\n<p>[\/vc_column_text][\/vc_column][\/vc_row][vc_row][vc_column]\n\n<div class=\"article_paragraphimage article_paragraphimage_left \" style=\"width: 40%;\">\n\t<div class=\"ap_img_wrapper mylightbox_hover\">\n\t\t<img loading=\"lazy\" decoding=\"async\" width=\"511\" height=\"340\" src=\"https:\/\/www.groupfleet.com\/wp-content\/uploads\/2023\/05\/SKODA_ENYAQ_COUPA_iV_113709.jpg\" class=\"attachment-vw_small size-vw_small open_mylightbox\" alt=\"\" data-full=\"https:\/\/www.groupfleet.com\/wp-content\/uploads\/2023\/05\/SKODA_ENYAQ_COUPA_iV_113709.jpg\" data-desc=\"\" data-desc-class=\"mylightbox_desc_tl\" data-emission=\"{&quot;1&quot;:&quot;28827&quot;}\" \/>\t<\/div>\n\t<div class=\"article_paragraphimage_text\">\n\t\t\t<\/div>\n\t<div class=\"clear\"><\/div>\n<\/div>[vc_column_text]<\/p>\n<div class=\"iv-modul__question\">\n<div class=\"textimage abstractContentDialogComponent abstractContentComponent parbase section\">\n<div class=\"textmedia textmedia--inverse textmedia--inverse h-clearfix\">\n<div class=\"textmedia__inner\">\n<div class=\"textmedia__text \">\n<p>F\u00fcr User-Chooser mit Familien \u2013 und Dienstreisende mit viel Raumbedarf \u2013 h\u00e4lt es gro\u00dfz\u00fcgige Platzverh\u00e4ltnisse f\u00fcr bis zu f\u00fcnf Personen sowie einen 570 Liter gro\u00dfen Kofferraum bereit. Die neue Modellvariante wird in vier Leistungsstufen erh\u00e4ltlich sein, als:<\/p>\n<p>&nbsp;<\/p>\n<ul>\n<li>ENYAQ COUP\u00c9 iV 60\u00b9\u207e<\/li>\n<li>ENYAQ COUP\u00c9 iV 80 mit Heckantrieb\u00b9\u207e<\/li>\n<li>ENYAQ COUP\u00c9 iV 80x mit Allradantrieb\u00b9\u207e<\/li>\n<li>ENYAQ COUP\u00c9 RS iV mit Allradantrieb: 220 kW\u00b2\u207e\u00b3\u207e<br \/>\nStromverbrauch in kWh\/100 km: kombiniert 16,8; CO\u2082-Emission in g\/km: 0; Effizienzklasse: A+++.<\/li>\n<\/ul>\n<\/div>\n<\/div>\n<\/div>\n<\/div>\n<div class=\"textimage abstractContentDialogComponent abstractContentComponent parbase section\">\n<div class=\"textmedia textmedia--right h-clearfix\">\n<div class=\"textmedia__inner\">\n<div class=\"textmedia__text \">\n<p>&nbsp;<\/p>\n<p>Durch die gegen\u00fcber dem ENYAQ iV nochmals bessere Aerodynamik und einen Luftwiderstandbeiwert cw von 0,234 kann das viert\u00fcrige Coup\u00e9 noch effizienter gefahren werden und erreicht in der Variante ENYAQ COUP\u00c9 iV\u00b9\u207e eine maximale Reichweite von bis zu 545 Kilometern im WLTP-Zyklus\u2074\u207e (als ENYAQ COUP\u00c9 RS iV ist eine Reichweite von bis zu 520 km m\u00f6glich). Eine serienm\u00e4\u00dfige Schnellladefunktion sorgt f\u00fcr kurze Ladezeiten.<\/p>\n<p>&nbsp;<\/p>\n<p>Aktuell ist der ENYAQ COUP\u00c9 RS iV bestellbar, die anderen Motorisierungen und Modellversionen folgen zu einem sp\u00e4teren Zeitpunkt.<\/p>\n<p>&nbsp;<\/p>\n<\/div>\n<p><a title=\"Mehr \u00fcber den ENYAQ COUP\u00c9 RS iV erfahren\" href=\"https:\/\/www.skoda-auto.de\/modelle\/enyaq-iv\/enyaq-coupe-rs-iv\" target=\"_blank\" rel=\"noopener\">Mehr \u00fcber den ENYAQ COUP\u00c9 RS iV erfahren<\/a><\/p>\n<\/div>\n<\/div>\n<\/div>\n<\/div>\n<p>[\/vc_column_text]\n<div class=\"gridgallery vw_masonry mylightbox_group\">\n\t\t\t\t<div class=\"vw_masonry_item gg_img gg_img_3 gg_img_3_1  \">\n\t\t\t<img loading=\"lazy\" decoding=\"async\" width=\"511\" height=\"340\" src=\"https:\/\/www.groupfleet.com\/wp-content\/uploads\/2023\/05\/SKODA_ENYAQ_COUPA_iV_113725.jpg\" class=\"attachment-vw_small size-vw_small open_mylightbox\" alt=\"\" data-full=\"https:\/\/www.groupfleet.com\/wp-content\/uploads\/2023\/05\/SKODA_ENYAQ_COUPA_iV_113725.jpg\" data-desc=\"\" data-desc-class=\"mylightbox_desc_tl\" data-emission=\"{&quot;1&quot;:&quot;28827&quot;}\" \/>\t\t<\/div>\n\t\t\t<div class=\"vw_masonry_item gg_img gg_img_3 gg_img_3_2 mylightbox_hover \">\n\t\t\t<img loading=\"lazy\" decoding=\"async\" width=\"511\" height=\"340\" src=\"https:\/\/www.groupfleet.com\/wp-content\/uploads\/2023\/05\/SKODA_ENYAQ_COUPA_iV_113723.jpg\" class=\"attachment-vw_small size-vw_small open_mylightbox\" alt=\"\" data-full=\"https:\/\/www.groupfleet.com\/wp-content\/uploads\/2023\/05\/SKODA_ENYAQ_COUPA_iV_113723.jpg\" data-desc=\"\" data-desc-class=\"mylightbox_desc_tl\" data-emission=\"{&quot;1&quot;:&quot;28827&quot;}\" \/>\t\t<\/div>\n\t\t\t<div class=\"vw_masonry_item gg_img gg_img_3 gg_img_3_3  \">\n\t\t\t<img loading=\"lazy\" decoding=\"async\" width=\"511\" height=\"340\" src=\"https:\/\/www.groupfleet.com\/wp-content\/uploads\/2023\/05\/SKODA_ENYAQ_COUPA_iV_113718.jpg\" class=\"attachment-vw_small size-vw_small open_mylightbox\" alt=\"\" data-full=\"https:\/\/www.groupfleet.com\/wp-content\/uploads\/2023\/05\/SKODA_ENYAQ_COUPA_iV_113718.jpg\" data-desc=\"\" data-desc-class=\"mylightbox_desc_tl\" data-emission=\"{&quot;1&quot;:&quot;28827&quot;}\" \/>\t\t<\/div>\n\t<\/div>\n\n<script type=\"text\/javascript\">\n\/*\n\t$('.vw_masonry').masonry({\n\t\tcolumnWidth: 1,\n\t\titemSelector: '.vw_masonry_item',\n\t\tpercentPosition: true\n\t});\t\n*\/\n<\/script>[\/vc_column][\/vc_row][vc_row][vc_column][vc_separator border_width=&#8220;2&#8243;][vc_column_text]<\/p>\n<div class=\"richtext abstractContentComponent parbase section\">\n<div class=\"grid-section grid-group\">\n<div class=\"grid-col span_12_of_12\">\n<div class=\"textmedia h-clearfix\">\n<div class=\"textmedia__inner textmedia__richtext\">\n<div class=\"richtext abstractContentComponent parbase section\">\n<div class=\"grid-section grid-group\">\n<div class=\"grid-col span_12_of_12\">\n<div class=\"textmedia h-clearfix\">\n<div class=\"textmedia__inner textmedia__richtext\">\n<div class=\"richtext abstractContentComponent parbase section\">\n<div class=\"grid-section grid-group\">\n<div class=\"grid-col span_12_of_12\">\n<div class=\"textmedia h-clearfix\">\n<div class=\"textmedia__inner textmedia__richtext\">\n<div class=\"richtext abstractContentComponent parbase section\">\n<div class=\"grid-section grid-group\">\n<div class=\"grid-col span_12_of_12\">\n<div class=\"textmedia h-clearfix\">\n<div class=\"textmedia__inner textmedia__richtext\">\n<div class=\"textimage abstractContentDialogComponent abstractContentComponent parbase section\">\n<div class=\"textmedia textmedia--right h-clearfix\">\n<div class=\"textmedia__inner\">\n<div class=\"textmedia__text \">\n<p><span style=\"font-size: 10pt;\"><i>Verf\u00fcgbarkeit und Spezifikationen k\u00f6nnen von Land zu Land variieren. Es wird daher empfohlen, sich vor der endg\u00fcltigen Bestellung bei lokalen Vertriebsmitarbeitern oder H\u00e4ndlern zu erkundigen.<\/i><\/span><\/p>\n<p>&nbsp;<\/p>\n<p><span style=\"font-size: 10pt;\"><i>Alle Angaben gelten f\u00fcr den deutschen Markt.<\/i><\/span><\/p>\n<p>&nbsp;<\/p>\n<p><span style=\"font-size: 10pt;\"><i>\u00b9\u207eENYAQ COUP\u00c9 iV: Es handelt sich um ein Konzeptfahrzeug, das noch nicht als Serienmodell verf\u00fcgbar ist.<\/i><\/span><\/p>\n<p>&nbsp;<\/p>\n<p><span style=\"font-size: 10pt;\"><i>\u00b2\u207eUnter Umst\u00e4nden ist die maximale Systemleistung nicht voll verf\u00fcgbar. Die in einzelnen Fahrsituationen verf\u00fcgbare Leistung h\u00e4ngt von verschiedenen Faktoren ab, wie z. B. der Umgebungstemperatur, dem Ladestand sowie der Temperatur, dem Zustand oder dem Alter der Hochvoltbatterie.<\/i><\/span><\/p>\n<p>&nbsp;<\/p>\n<p><span style=\"font-size: 10pt;\"><i>\u00b3\u207eElektrische Maximalleistung 195 und 220 kW: Gem\u00e4\u00df UN-GTR.21 ermittelte Maximalleistung, die f\u00fcr maximal 30 Sekunden abgerufen werden kann. Die in der individuellen Fahrsituation zur Verf\u00fcgung stehende Leistung ist abh\u00e4ngig von variablen Faktoren wie Au\u00dfentemperatur, Temperatur, Lade- und Konditionierungszustand oder physikalischer Alterung der Hochvoltbatterie. Die Verf\u00fcgbarkeit der Maximalleistung erfordert insbesondere eine Temperatur der Hochvoltbatterie zwischen 23 und 50 \u00b0C und einen Batterieladezustand &gt; 88 %. Abweichungen insbesondere von vorgenannten Parametern k\u00f6nnen zu einer Reduzierung bis hin zur Nichtverf\u00fcgbarkeit der Maximalleistung f\u00fchren. Die Batterietemperatur ist in gewissem Umfang \u00fcber die Funktion Standklimatisierung mittelbar beeinflussbar und der Ladezustand unter anderem im Fahrzeug einstellbar. Die aktuell zur Verf\u00fcgung stehende Leistung wird in der Fahrleistungsanzeige des Fahrzeugs angezeigt. Um die nutzbare Kapazit\u00e4t der Hochvoltbatterie bestm\u00f6glich zu erhalten, empfiehlt es sich, f\u00fcr die t\u00e4gliche Nutzung ein Ladeziel von 80 % f\u00fcr die Batterie einzustellen (vor z. B. Langstreckenfahrten auf 100 % umstellbar).<\/i><\/span><\/p>\n<p>&nbsp;<\/p>\n<p><span style=\"font-size: 10pt;\"><i>\u2074\u207eWert im WLTP-Messverfahren ermittelt. Tats\u00e4chliche Reichweite abh\u00e4ngig von Faktoren wie pers\u00f6nliche Fahrweise, Streckenbeschaffenheit, Au\u00dfentemperatur, Witterungsverh\u00e4ltnisse, Nutzung von Heizung und Klimaanlage, Vortemperierung, Anzahl der Mitfahrer. Alle Angaben vorl\u00e4ufig.<\/i><\/span><\/p>\n<p><span style=\"font-size: 10pt;\"><i>Die angegebenen Verbrauchs- und Emissionswerte wurden nach den gesetzlich vorgeschriebenen Messverfahren ermittelt. Seit dem 1. September 2017 werden bestimmte Neuwagen bereits nach dem weltweit harmonisierten Pr\u00fcfverfahren f\u00fcr Personenwagen und leichte Nutzfahrzeuge (Worldwide Harmonized Light Vehicles Test Procedure, WLTP), einem realistischeren Pr\u00fcfverfahren zur Messung des Kraftstoffverbrauchs und der CO<sub>2<\/sub>-Emissionen, typgenehmigt. Ab dem 1. September 2018 wird der WLTP den neuen europ\u00e4ischen Fahrzyklus (NEFZ) ersetzen. Wegen der realistischeren Pr\u00fcfbedingungen sind die nach dem WLTP gemessenen Kraftstoffverbrauchs- und CO<sub>2<\/sub>&#8211; Emissionswerte in vielen F\u00e4llen h\u00f6her als die nach dem NEFZ gemessenen. Weitere Informationen zu den Unterschieden zwischen WLTP und NEFZ finden Sie unter <a href=\"https:\/\/www.skoda-auto.de\/unternehmen\/wltp\">www.skoda-auto.de\/wltp<\/a>.<\/i><\/span><\/p>\n<p><span style=\"font-size: 10pt;\"><i>Aktuell sind noch die NEFZ-Werte verpflichtend zu kommunizieren. Soweit es sich um Neuwagen handelt, die nach WLTP typgenehmigt sind, werden die NEFZ-Werte von den WLTP-Werten abgeleitet. Die zus\u00e4tzliche Angabe der WLTP-Werte kann bis zu deren verpflichtender Verwendung freiwillig erfolgen. Soweit die NEFZ-Werte als Spannen angegeben werden, beziehen sie sich nicht auf ein einzelnes, individuelles Fahrzeug und sind nicht Bestandteil des Angebotes. Sie dienen allein Vergleichszwecken zwischen den verschiedenen Fahrzeugtypen. Zusatzausstattungen und Zubeh\u00f6r (Anbauteile, Reifenformat, usw.) k\u00f6nnen relevante Fahrzeugparameter, wie z. B. Gewicht, Rollwiderstand und Aerodynamik ver\u00e4ndern und neben Witterungs- und Verkehrsbedingungen sowie dem individuellen Fahrverhalten den Kraftstoffverbrauch, den Stromverbrauch, die CO<sub>2<\/sub>-Emissionen und die Fahrleistungswerte eines Fahrzeugs beeinflussen.<\/i><\/span><\/p>\n<p>&nbsp;<\/p>\n<p><span style=\"font-size: 10pt;\"><i>Weitere Informationen zum offiziellen Kraftstoffverbrauch und den offiziellen spezifischen CO<sub>2<\/sub>-Emissionen neuer Personenkraftwagen k\u00f6nnen dem\u201a Leitfaden \u00fcber den Kraftstoffverbrauch, die CO<sub>2<\/sub>-Emissionen und den Stromverbrauch neuer Personenkraftwagen\u2019 entnommen werden, der an allen Verkaufsstellen und bei der DAT Deutsche Automobil Treuhand GmbH, Hellmuth-Hirth-Stra\u00dfe 1, D-73760 Ostfildern oder unter <a class=\"js-external-link\" href=\"https:\/\/www.dat.de\/\">www.dat.de<\/a> unentgeltlich erh\u00e4ltlich ist.<\/i><\/span><\/p>\n<p>&nbsp;<\/p>\n<\/div>\n<\/div>\n<\/div>\n<\/div>\n<div class=\"richtext abstractContentComponent parbase section\">\n<div class=\"grid-section grid-group\">\n<div class=\"grid-col span_12_of_12\">\n<div class=\"textmedia h-clearfix\">\n<div class=\"textmedia__inner textmedia__richtext\">\n<p class=\"singlecolumntext\"><span style=\"font-size: 10pt;\">Stand: 15.09.2022<\/span><\/p>\n<p class=\"singlecolumntext\"><span style=\"font-size: 10pt;\">\u00a9 \u0160KODA AUTO<\/span><\/p>\n<\/div>\n<\/div>\n<\/div>\n<\/div>\n<\/div>\n<\/div>\n<\/div>\n<\/div>\n<\/div>\n<\/div>\n<\/div>\n<\/div>\n<\/div>\n<\/div>\n<\/div>\n<\/div>\n<\/div>\n<\/div>\n<\/div>\n<\/div>\n<\/div>\n<\/div>\n<\/div>\n<\/div>\n<\/div>\n<p>[\/vc_column_text][\/vc_column][\/vc_row]<\/p>\n<\/div>","protected":false},"excerpt":{"rendered":"<p>Die Coup\u00e9-Version des vollelektrischen \u0160KODA ENYAQ iV steht in den Startl\u00f6chern. Bereits jetzt ist das Topmodell der Baureihe konfigurierbar: Der \u0160KODA ENYAQ RS iV. Die drei weiteren Modellversionen folgen sp\u00e4ter im Jahr 2022.<\/p>\n","protected":false},"author":39,"featured_media":29314,"comment_status":"closed","ping_status":"closed","sticky":false,"template":"","format":"standard","meta":{"_acf_changed":false,"footnotes":""},"categories":[20],"tags":[],"class_list":["post-29210","post","type-post","status-publish","format-standard","has-post-thumbnail","hentry","category-skoda"],"acf":[],"yoast_head":"<!-- This site is optimized with the Yoast SEO plugin v27.4 - https:\/\/yoast.com\/product\/yoast-seo-wordpress\/ -->\n<title>Elektrisch, emotional, elegant - Volkswagen Group | FleetHub<\/title>\n<meta name=\"robots\" content=\"index, follow, max-snippet:-1, max-image-preview:large, max-video-preview:-1\" \/>\n<link rel=\"canonical\" href=\"https:\/\/www.volkswagen-newsroom.com\/de\/pressemitteilungen\/der-neue-id4-weltpremiere-des-rein-elektrisch-angetriebenen-suv-6446\" \/>\n<meta property=\"og:locale\" content=\"de_DE\" \/>\n<meta property=\"og:type\" content=\"article\" \/>\n<meta property=\"og:title\" content=\"Elektrisch, emotional, elegant - Volkswagen Group | FleetHub\" \/>\n<meta property=\"og:description\" content=\"Die Coup\u00e9-Version des vollelektrischen \u0160KODA ENYAQ iV steht in den Startl\u00f6chern. Bereits jetzt ist das Topmodell der Baureihe konfigurierbar: Der \u0160KODA ENYAQ RS iV. Die drei weiteren Modellversionen folgen sp\u00e4ter im Jahr 2022.\" \/>\n<meta property=\"og:url\" content=\"https:\/\/www.volkswagen-newsroom.com\/de\/pressemitteilungen\/der-neue-id4-weltpremiere-des-rein-elektrisch-angetriebenen-suv-6446\" \/>\n<meta property=\"og:site_name\" content=\"Volkswagen Group | FleetHub\" \/>\n<meta property=\"article:published_time\" content=\"2022-09-30T12:44:17+00:00\" \/>\n<meta property=\"article:modified_time\" content=\"2023-05-16T06:48:32+00:00\" \/>\n<meta property=\"og:image\" content=\"https:\/\/www.groupfleet.com\/wp-content\/uploads\/2023\/05\/19_skoda_enyaq_coupe_iv-1920x1281-1.jpg\" \/>\n\t<meta property=\"og:image:width\" content=\"1920\" \/>\n\t<meta property=\"og:image:height\" content=\"1281\" \/>\n\t<meta property=\"og:image:type\" content=\"image\/jpeg\" \/>\n<meta name=\"author\" content=\"Stefan Gro\u00dfer\" \/>\n<meta name=\"twitter:card\" content=\"summary_large_image\" \/>\n<meta name=\"twitter:label1\" content=\"Verfasst von\" \/>\n\t<meta name=\"twitter:data1\" content=\"Stefan Gro\u00dfer\" \/>\n\t<meta name=\"twitter:label2\" content=\"Gesch\u00e4tzte Lesezeit\" \/>\n\t<meta name=\"twitter:data2\" content=\"5\u00a0Minuten\" \/>\n<script type=\"application\/ld+json\" class=\"yoast-schema-graph\">{\"@context\":\"https:\\\/\\\/schema.org\",\"@graph\":[{\"@type\":\"Article\",\"@id\":\"https:\\\/\\\/www.volkswagen-newsroom.com\\\/de\\\/pressemitteilungen\\\/der-neue-id4-weltpremiere-des-rein-elektrisch-angetriebenen-suv-6446#article\",\"isPartOf\":{\"@id\":\"https:\\\/\\\/www.groupfleet.com\\\/de\\\/skoda-enyaq-coupe-iv\\\/\"},\"author\":{\"name\":\"Stefan Gro\u00dfer\",\"@id\":\"https:\\\/\\\/www.groupfleet.com\\\/de\\\/#\\\/schema\\\/person\\\/8b1d7be286fefef37804765123983b32\"},\"headline\":\"Elektrisch, emotional, elegant\",\"datePublished\":\"2022-09-30T12:44:17+00:00\",\"dateModified\":\"2023-05-16T06:48:32+00:00\",\"mainEntityOfPage\":{\"@id\":\"https:\\\/\\\/www.groupfleet.com\\\/de\\\/skoda-enyaq-coupe-iv\\\/\"},\"wordCount\":930,\"image\":{\"@id\":\"https:\\\/\\\/www.volkswagen-newsroom.com\\\/de\\\/pressemitteilungen\\\/der-neue-id4-weltpremiere-des-rein-elektrisch-angetriebenen-suv-6446#primaryimage\"},\"thumbnailUrl\":\"https:\\\/\\\/www.groupfleet.com\\\/wp-content\\\/uploads\\\/2023\\\/05\\\/19_skoda_enyaq_coupe_iv-1920x1281-1.jpg\",\"articleSection\":[\"\u0160koda\"],\"inLanguage\":\"de\"},{\"@type\":\"WebPage\",\"@id\":\"https:\\\/\\\/www.groupfleet.com\\\/de\\\/skoda-enyaq-coupe-iv\\\/\",\"url\":\"https:\\\/\\\/www.volkswagen-newsroom.com\\\/de\\\/pressemitteilungen\\\/der-neue-id4-weltpremiere-des-rein-elektrisch-angetriebenen-suv-6446\",\"name\":\"Elektrisch, emotional, elegant - Volkswagen Group | FleetHub\",\"isPartOf\":{\"@id\":\"https:\\\/\\\/www.groupfleet.com\\\/de\\\/#website\"},\"primaryImageOfPage\":{\"@id\":\"https:\\\/\\\/www.volkswagen-newsroom.com\\\/de\\\/pressemitteilungen\\\/der-neue-id4-weltpremiere-des-rein-elektrisch-angetriebenen-suv-6446#primaryimage\"},\"image\":{\"@id\":\"https:\\\/\\\/www.volkswagen-newsroom.com\\\/de\\\/pressemitteilungen\\\/der-neue-id4-weltpremiere-des-rein-elektrisch-angetriebenen-suv-6446#primaryimage\"},\"thumbnailUrl\":\"https:\\\/\\\/www.groupfleet.com\\\/wp-content\\\/uploads\\\/2023\\\/05\\\/19_skoda_enyaq_coupe_iv-1920x1281-1.jpg\",\"datePublished\":\"2022-09-30T12:44:17+00:00\",\"dateModified\":\"2023-05-16T06:48:32+00:00\",\"author\":{\"@id\":\"https:\\\/\\\/www.groupfleet.com\\\/de\\\/#\\\/schema\\\/person\\\/8b1d7be286fefef37804765123983b32\"},\"breadcrumb\":{\"@id\":\"https:\\\/\\\/www.volkswagen-newsroom.com\\\/de\\\/pressemitteilungen\\\/der-neue-id4-weltpremiere-des-rein-elektrisch-angetriebenen-suv-6446#breadcrumb\"},\"inLanguage\":\"de\",\"potentialAction\":[{\"@type\":\"ReadAction\",\"target\":[\"https:\\\/\\\/www.volkswagen-newsroom.com\\\/de\\\/pressemitteilungen\\\/der-neue-id4-weltpremiere-des-rein-elektrisch-angetriebenen-suv-6446\"]}]},{\"@type\":\"ImageObject\",\"inLanguage\":\"de\",\"@id\":\"https:\\\/\\\/www.volkswagen-newsroom.com\\\/de\\\/pressemitteilungen\\\/der-neue-id4-weltpremiere-des-rein-elektrisch-angetriebenen-suv-6446#primaryimage\",\"url\":\"https:\\\/\\\/www.groupfleet.com\\\/wp-content\\\/uploads\\\/2023\\\/05\\\/19_skoda_enyaq_coupe_iv-1920x1281-1.jpg\",\"contentUrl\":\"https:\\\/\\\/www.groupfleet.com\\\/wp-content\\\/uploads\\\/2023\\\/05\\\/19_skoda_enyaq_coupe_iv-1920x1281-1.jpg\",\"width\":1920,\"height\":1281},{\"@type\":\"BreadcrumbList\",\"@id\":\"https:\\\/\\\/www.volkswagen-newsroom.com\\\/de\\\/pressemitteilungen\\\/der-neue-id4-weltpremiere-des-rein-elektrisch-angetriebenen-suv-6446#breadcrumb\",\"itemListElement\":[{\"@type\":\"ListItem\",\"position\":1,\"name\":\"Home\",\"item\":\"https:\\\/\\\/www.groupfleet.com\\\/de\\\/\"},{\"@type\":\"ListItem\",\"position\":2,\"name\":\"Elektrisch, emotional, elegant\"}]},{\"@type\":\"WebSite\",\"@id\":\"https:\\\/\\\/www.groupfleet.com\\\/de\\\/#website\",\"url\":\"https:\\\/\\\/www.groupfleet.com\\\/de\\\/\",\"name\":\"Volkswagen Group | FleetHub\",\"description\":\"Online magazine for Fleet managers\",\"potentialAction\":[{\"@type\":\"SearchAction\",\"target\":{\"@type\":\"EntryPoint\",\"urlTemplate\":\"https:\\\/\\\/www.groupfleet.com\\\/de\\\/?s={search_term_string}\"},\"query-input\":{\"@type\":\"PropertyValueSpecification\",\"valueRequired\":true,\"valueName\":\"search_term_string\"}}],\"inLanguage\":\"de\"},{\"@type\":\"Person\",\"@id\":\"https:\\\/\\\/www.groupfleet.com\\\/de\\\/#\\\/schema\\\/person\\\/8b1d7be286fefef37804765123983b32\",\"name\":\"Stefan Gro\u00dfer\",\"url\":\"https:\\\/\\\/www.groupfleet.com\\\/de\\\/author\\\/sgrosser\\\/\"}]}<\/script>\n<!-- \/ Yoast SEO plugin. -->","yoast_head_json":{"title":"Elektrisch, emotional, elegant - Volkswagen Group | FleetHub","robots":{"index":"index","follow":"follow","max-snippet":"max-snippet:-1","max-image-preview":"max-image-preview:large","max-video-preview":"max-video-preview:-1"},"canonical":"https:\/\/www.volkswagen-newsroom.com\/de\/pressemitteilungen\/der-neue-id4-weltpremiere-des-rein-elektrisch-angetriebenen-suv-6446","og_locale":"de_DE","og_type":"article","og_title":"Elektrisch, emotional, elegant - Volkswagen Group | FleetHub","og_description":"Die Coup\u00e9-Version des vollelektrischen \u0160KODA ENYAQ iV steht in den Startl\u00f6chern. Bereits jetzt ist das Topmodell der Baureihe konfigurierbar: Der \u0160KODA ENYAQ RS iV. Die drei weiteren Modellversionen folgen sp\u00e4ter im Jahr 2022.","og_url":"https:\/\/www.volkswagen-newsroom.com\/de\/pressemitteilungen\/der-neue-id4-weltpremiere-des-rein-elektrisch-angetriebenen-suv-6446","og_site_name":"Volkswagen Group | FleetHub","article_published_time":"2022-09-30T12:44:17+00:00","article_modified_time":"2023-05-16T06:48:32+00:00","og_image":[{"width":1920,"height":1281,"url":"https:\/\/www.groupfleet.com\/wp-content\/uploads\/2023\/05\/19_skoda_enyaq_coupe_iv-1920x1281-1.jpg","type":"image\/jpeg"}],"author":"Stefan Gro\u00dfer","twitter_card":"summary_large_image","twitter_misc":{"Verfasst von":"Stefan Gro\u00dfer","Gesch\u00e4tzte Lesezeit":"5\u00a0Minuten"},"schema":{"@context":"https:\/\/schema.org","@graph":[{"@type":"Article","@id":"https:\/\/www.volkswagen-newsroom.com\/de\/pressemitteilungen\/der-neue-id4-weltpremiere-des-rein-elektrisch-angetriebenen-suv-6446#article","isPartOf":{"@id":"https:\/\/www.groupfleet.com\/de\/skoda-enyaq-coupe-iv\/"},"author":{"name":"Stefan Gro\u00dfer","@id":"https:\/\/www.groupfleet.com\/de\/#\/schema\/person\/8b1d7be286fefef37804765123983b32"},"headline":"Elektrisch, emotional, elegant","datePublished":"2022-09-30T12:44:17+00:00","dateModified":"2023-05-16T06:48:32+00:00","mainEntityOfPage":{"@id":"https:\/\/www.groupfleet.com\/de\/skoda-enyaq-coupe-iv\/"},"wordCount":930,"image":{"@id":"https:\/\/www.volkswagen-newsroom.com\/de\/pressemitteilungen\/der-neue-id4-weltpremiere-des-rein-elektrisch-angetriebenen-suv-6446#primaryimage"},"thumbnailUrl":"https:\/\/www.groupfleet.com\/wp-content\/uploads\/2023\/05\/19_skoda_enyaq_coupe_iv-1920x1281-1.jpg","articleSection":["\u0160koda"],"inLanguage":"de"},{"@type":"WebPage","@id":"https:\/\/www.groupfleet.com\/de\/skoda-enyaq-coupe-iv\/","url":"https:\/\/www.volkswagen-newsroom.com\/de\/pressemitteilungen\/der-neue-id4-weltpremiere-des-rein-elektrisch-angetriebenen-suv-6446","name":"Elektrisch, emotional, elegant - Volkswagen Group | FleetHub","isPartOf":{"@id":"https:\/\/www.groupfleet.com\/de\/#website"},"primaryImageOfPage":{"@id":"https:\/\/www.volkswagen-newsroom.com\/de\/pressemitteilungen\/der-neue-id4-weltpremiere-des-rein-elektrisch-angetriebenen-suv-6446#primaryimage"},"image":{"@id":"https:\/\/www.volkswagen-newsroom.com\/de\/pressemitteilungen\/der-neue-id4-weltpremiere-des-rein-elektrisch-angetriebenen-suv-6446#primaryimage"},"thumbnailUrl":"https:\/\/www.groupfleet.com\/wp-content\/uploads\/2023\/05\/19_skoda_enyaq_coupe_iv-1920x1281-1.jpg","datePublished":"2022-09-30T12:44:17+00:00","dateModified":"2023-05-16T06:48:32+00:00","author":{"@id":"https:\/\/www.groupfleet.com\/de\/#\/schema\/person\/8b1d7be286fefef37804765123983b32"},"breadcrumb":{"@id":"https:\/\/www.volkswagen-newsroom.com\/de\/pressemitteilungen\/der-neue-id4-weltpremiere-des-rein-elektrisch-angetriebenen-suv-6446#breadcrumb"},"inLanguage":"de","potentialAction":[{"@type":"ReadAction","target":["https:\/\/www.volkswagen-newsroom.com\/de\/pressemitteilungen\/der-neue-id4-weltpremiere-des-rein-elektrisch-angetriebenen-suv-6446"]}]},{"@type":"ImageObject","inLanguage":"de","@id":"https:\/\/www.volkswagen-newsroom.com\/de\/pressemitteilungen\/der-neue-id4-weltpremiere-des-rein-elektrisch-angetriebenen-suv-6446#primaryimage","url":"https:\/\/www.groupfleet.com\/wp-content\/uploads\/2023\/05\/19_skoda_enyaq_coupe_iv-1920x1281-1.jpg","contentUrl":"https:\/\/www.groupfleet.com\/wp-content\/uploads\/2023\/05\/19_skoda_enyaq_coupe_iv-1920x1281-1.jpg","width":1920,"height":1281},{"@type":"BreadcrumbList","@id":"https:\/\/www.volkswagen-newsroom.com\/de\/pressemitteilungen\/der-neue-id4-weltpremiere-des-rein-elektrisch-angetriebenen-suv-6446#breadcrumb","itemListElement":[{"@type":"ListItem","position":1,"name":"Home","item":"https:\/\/www.groupfleet.com\/de\/"},{"@type":"ListItem","position":2,"name":"Elektrisch, emotional, elegant"}]},{"@type":"WebSite","@id":"https:\/\/www.groupfleet.com\/de\/#website","url":"https:\/\/www.groupfleet.com\/de\/","name":"Volkswagen Group | FleetHub","description":"Online magazine for Fleet managers","potentialAction":[{"@type":"SearchAction","target":{"@type":"EntryPoint","urlTemplate":"https:\/\/www.groupfleet.com\/de\/?s={search_term_string}"},"query-input":{"@type":"PropertyValueSpecification","valueRequired":true,"valueName":"search_term_string"}}],"inLanguage":"de"},{"@type":"Person","@id":"https:\/\/www.groupfleet.com\/de\/#\/schema\/person\/8b1d7be286fefef37804765123983b32","name":"Stefan Gro\u00dfer","url":"https:\/\/www.groupfleet.com\/de\/author\/sgrosser\/"}]}},"_links":{"self":[{"href":"https:\/\/www.groupfleet.com\/de\/wp-json\/wp\/v2\/posts\/29210","targetHints":{"allow":["GET"]}}],"collection":[{"href":"https:\/\/www.groupfleet.com\/de\/wp-json\/wp\/v2\/posts"}],"about":[{"href":"https:\/\/www.groupfleet.com\/de\/wp-json\/wp\/v2\/types\/post"}],"author":[{"embeddable":true,"href":"https:\/\/www.groupfleet.com\/de\/wp-json\/wp\/v2\/users\/39"}],"replies":[{"embeddable":true,"href":"https:\/\/www.groupfleet.com\/de\/wp-json\/wp\/v2\/comments?post=29210"}],"version-history":[{"count":0,"href":"https:\/\/www.groupfleet.com\/de\/wp-json\/wp\/v2\/posts\/29210\/revisions"}],"wp:featuredmedia":[{"embeddable":true,"href":"https:\/\/www.groupfleet.com\/de\/wp-json\/wp\/v2\/media\/29314"}],"wp:attachment":[{"href":"https:\/\/www.groupfleet.com\/de\/wp-json\/wp\/v2\/media?parent=29210"}],"wp:term":[{"taxonomy":"category","embeddable":true,"href":"https:\/\/www.groupfleet.com\/de\/wp-json\/wp\/v2\/categories?post=29210"},{"taxonomy":"post_tag","embeddable":true,"href":"https:\/\/www.groupfleet.com\/de\/wp-json\/wp\/v2\/tags?post=29210"}],"curies":[{"name":"wp","href":"https:\/\/api.w.org\/{rel}","templated":true}]}}