{"id":28872,"date":"2023-03-06T13:23:13","date_gmt":"2023-03-06T12:23:13","guid":{"rendered":"https:\/\/www.groupfleet.com\/?p=28872"},"modified":"2024-09-10T13:57:47","modified_gmt":"2024-09-10T11:57:47","slug":"reifen-fuer-elektrofahrzeuge","status":"publish","type":"post","link":"https:\/\/www.groupfleet.com\/de\/reifen-fuer-elektrofahrzeuge\/","title":{"rendered":"Darum sind E-Reifen anders"},"content":{"rendered":"<div class=\"wpb-content-wrapper\"><p>[vc_row css=&#8220;.vc_custom_1678106664798{background-color: #efefef !important;}&#8220;][vc_column]\n\n<div class=\"article_paragraphimage article_paragraphimage_right \" style=\"width: 40%;\">\n\t<div class=\"ap_img_wrapper mylightbox_hover\">\n\t\t<img loading=\"lazy\" decoding=\"async\" width=\"640\" height=\"427\" src=\"https:\/\/www.groupfleet.com\/wp-content\/uploads\/2023\/03\/ID.5-GTX-IC0526_4K-640x427.jpeg\" class=\"attachment-vw_small size-vw_small open_mylightbox\" alt=\"\" data-full=\"https:\/\/www.groupfleet.com\/wp-content\/uploads\/2023\/03\/ID.5-GTX-IC0526_4K-1800x1200.jpeg\" data-desc=\"\" data-desc-class=\"mylightbox_desc_tl\" data-emission=\"{&quot;1&quot;:&quot;29094&quot;}\" \/>\t<\/div>\n\t<div class=\"article_paragraphimage_text\">\n\t\t\t<\/div>\n\t<div class=\"clear\"><\/div>\n<\/div>[vc_column_text]Wer im Stra\u00dfenverkehr unterwegs ist und seinen Blick auch mal kurz auf die Nummernschilder der anderen Verkehrsteilnehmer richtet, entdeckt mittlerweile immer h\u00e4ufiger ein E am Schluss des Kennzeichens: Dieser Buchstabe gibt an, dass es sich entweder um ein vollelektrisches Fahrzeug oder einen Plug-in-Hybrid handelt, der die entsprechenden gesetzlichen Vorgaben an CO\u2082-Emissionen und elektrische Reichweite erf\u00fcllt.<\/p>\n<p>&nbsp;<\/p>\n<p>Doch die Elektromobilit\u00e4t steigt nicht nur gef\u00fchlt an, sondern auch statistisch gesehen. In Deutschland beispielsweise entfielen laut Kraftfahrt-Bundesamt (KBA) im vergangenen Jahr 2022 insgesamt 17,7 Prozent der Neuzulassungen auf Elektrofahrzeuge, was ein Plus von 32,2 Prozent im Vergleich zum Vorjahreszeitraum darstellt. Es sind also immer mehr Elektrofahrzeuge unterwegs \u2013 privat und beruflich. Ein guter Grund, das Know-how \u00fcber E Autos auf den Pr\u00fcfstand zu stellen: etwa in puncto Reifen. Oder h\u00e4tten Sie gewusst, dass es mittlerweile Fabrikate gibt, die spezifisch auf die Anforderungen von Elektrofahrzeugen abgestimmt sind?<\/p>\n<p>&nbsp;<\/p>\n<p>Grunds\u00e4tzlich k\u00f6nnen Fahrzeuge mit elektrischen oder elektrifizierten Antrieben mit denselben Reifen ausgestattet werden, wie ihre Pendants mit Verbrennungsmotor. Dennoch gibt es einige Besonderheiten, auf die immer mehr Reifenhersteller mit ihren Fabrikaten eingehen:[\/vc_column_text][\/vc_column][\/vc_row][vc_row][vc_column][vc_column_text]<\/p>\n<h2>Rollwiderstand<\/h2>\n<p>Dieser ist im Grunde bei allen Fahrzeugen von gro\u00dfer Bedeutung, denn etwa 20 bis 30 Prozent des Gesamtwiderstands gehen vom Reifen aus. Es gilt also: Je weniger Rollwiderstand, desto weniger Energieverbrauch. Davon profitieren Fahrende eines Elektrofahrzeugs durch eine h\u00f6here Reichweite. Aber wie ist die Reduzierung des Rollwiderstands m\u00f6glich? Reifenhersteller haben daf\u00fcr verschiedene Stellschrauben, zum Beispiel indem sie durch neue Gummimischungen oder konstruktive \u00c4nderungen des Reifenunterbaus thermische und mechanische Einfl\u00fcsse reduzieren.<\/p>\n<p>&nbsp;<\/p>\n<h2>Drehmoment und Fahrzeuggewicht<\/h2>\n<p>Elektrofahrzeuge beeindrucken durch ihre dynamische Beschleunigung aus dem Stand. Das hat Auswirkungen auf die Reifen: Beim sogenannten \u201eInstant Torque\u201c, dem sofortigen Aufbau des Drehmoments zum Anfahren, sind die Reifen einer hohen Belastung unterworfen. Gleichzeitig bringen E-Fahrzeuge, bedingt durch die Batterie im Fahrzeugboden, durchschnittlich ein Drittel mehr Gewicht auf die Waage als Autos mit Verbrennungsmotor. Beides sorgt f\u00fcr st\u00e4rkeren Abrieb auf dem Untergrund. Deshalb stimmen Reifenhersteller individuell ihre Pneus darauf ab.<\/p>\n<p>&nbsp;<\/p>\n<h2>Ger\u00e4uschentwicklung<\/h2>\n<p>Die Antriebstechnologie eines E-Fahrzeugs kann nicht nur die CO\u2082-Emissionen, Verbrauch und Betriebskosten reduzieren, sondern sorgt auch f\u00fcr weniger Motorenger\u00e4usche. Interessanterweise ist es dadurch m\u00f6glich, dass Fahrende und Passagiere die Abrollger\u00e4usche der Reifen im Innenraum deutlicher wahrnehmen. Ein Umstand, den beispielsweise Volkswagen bei der Entwicklung eigener Fabrikate ber\u00fccksichtigt.[\/vc_column_text][\/vc_column][\/vc_row][vc_row][vc_column][vc_separator border_width=&#8220;2&#8243;][vc_column_text]<\/p>\n<div class=\"richtext abstractContentComponent parbase section\">\n<div class=\"grid-section grid-group\">\n<div class=\"grid-col span_12_of_12\">\n<div class=\"textmedia h-clearfix\">\n<div class=\"textmedia__inner textmedia__richtext\">\n<div class=\"richtext abstractContentComponent parbase section\">\n<div class=\"grid-section grid-group\">\n<div class=\"grid-col span_12_of_12\">\n<div class=\"textmedia h-clearfix\">\n<div class=\"textmedia__inner textmedia__richtext\">\n<div class=\"richtext abstractContentComponent parbase section\">\n<div class=\"grid-section grid-group\">\n<div class=\"grid-col span_12_of_12\">\n<div class=\"textmedia h-clearfix\">\n<div class=\"textmedia__inner textmedia__richtext\">\n<div class=\"richtext abstractContentComponent parbase section\">\n<div class=\"grid-section grid-group\">\n<div class=\"grid-col span_12_of_12\">\n<div class=\"textmedia h-clearfix\">\n<div class=\"textmedia__inner textmedia__richtext\">\n<div class=\"textimage abstractContentDialogComponent abstractContentComponent parbase section\">\n<div class=\"textmedia textmedia--right h-clearfix\">\n<div class=\"textmedia__inner\">\n<div class=\"textmedia__text \">\n<div class=\"textimage abstractContentDialogComponent abstractContentComponent parbase section\">\n<div class=\"textmedia textmedia--right h-clearfix textmedia--collapsed\">\n<div class=\"textmedia__inner\">\n<div class=\"textmedia__text \">\n<div class=\"textimage abstractContentDialogComponent abstractContentComponent parbase section\">\n<div class=\"textmedia textmedia--right h-clearfix\">\n<div class=\"textmedia__inner\">\n<div class=\"textmedia__text \">\n<div class=\"section\">\n<section id=\"section_1234170151\" class=\"grid-section-group \">\n<div class=\"richtext abstractContentComponent parbase section\">\n<div class=\"grid-section grid-group\">\n<div class=\"grid-col span_12_of_12\">\n<div class=\"textmedia h-clearfix\">\n<div class=\"textmedia__inner textmedia__richtext\">\n<div class=\"richtext abstractContentComponent parbase section\">\n<div class=\"grid-section grid-group\">\n<div class=\"grid-col span_12_of_12\">\n<div class=\"textmedia h-clearfix textmedia--collapsed\">\n<div class=\"textmedia__inner textmedia__richtext\">\n<p><span style=\"font-size: 10pt;\">Stand: 01.03.2023<\/span><br \/>\n<span style=\"font-size: 10pt;\">\u00a9 Volkswagen AG<\/span><\/p>\n<\/div>\n<\/div>\n<\/div>\n<\/div>\n<\/div>\n<\/div>\n<\/div>\n<\/div>\n<\/div>\n<\/div>\n<\/section>\n<\/div>\n<\/div>\n<\/div>\n<\/div>\n<\/div>\n<\/div>\n<\/div>\n<\/div>\n<\/div>\n<\/div>\n<\/div>\n<\/div>\n<\/div>\n<\/div>\n<\/div>\n<\/div>\n<\/div>\n<\/div>\n<\/div>\n<\/div>\n<\/div>\n<\/div>\n<\/div>\n<\/div>\n<\/div>\n<\/div>\n<\/div>\n<\/div>\n<\/div>\n<\/div>\n<\/div>\n<\/div>\n<\/div>\n<p>[\/vc_column_text][\/vc_column][\/vc_row]<\/p>\n<\/div>","protected":false},"excerpt":{"rendered":"<p>[vc_row css=&#8220;.vc_custom_1678106664798{background-color: #efefef !important;}&#8220;][vc_column][vc_column_text]Wer im Stra\u00dfenverkehr unterwegs ist und seinen Blick auch mal kurz auf die Nummernschilder der anderen Verkehrsteilnehmer richtet, entdeckt mittlerweile immer h\u00e4ufiger ein E am Schluss des Kennzeichens: Dieser Buchstabe gibt an, dass es sich entweder um ein vollelektrisches Fahrzeug oder einen Plug-in-Hybrid handelt, der die entsprechenden gesetzlichen Vorgaben an CO\u2082-Emissionen und [&hellip;]<\/p>\n","protected":false},"author":39,"featured_media":28873,"comment_status":"closed","ping_status":"closed","sticky":false,"template":"","format":"standard","meta":{"_acf_changed":false,"footnotes":""},"categories":[48,59],"tags":[],"class_list":["post-28872","post","type-post","status-publish","format-standard","has-post-thumbnail","hentry","category-hintergrundwissen","category-mobilitaet-innovation","newsletter-fleetnews-01-23"],"acf":[],"yoast_head":"<!-- This site is optimized with the Yoast SEO plugin v27.4 - https:\/\/yoast.com\/product\/yoast-seo-wordpress\/ -->\n<title>Darum sind E-Reifen anders - Volkswagen Group | FleetHub<\/title>\n<meta name=\"robots\" content=\"index, follow, max-snippet:-1, max-image-preview:large, max-video-preview:-1\" \/>\n<link rel=\"canonical\" href=\"https:\/\/www.volkswagen-newsroom.com\/de\/pressemitteilungen\/der-neue-id4-weltpremiere-des-rein-elektrisch-angetriebenen-suv-6446\" \/>\n<meta property=\"og:locale\" content=\"de_DE\" \/>\n<meta property=\"og:type\" content=\"article\" \/>\n<meta property=\"og:title\" content=\"Darum sind E-Reifen anders - Volkswagen Group | FleetHub\" \/>\n<meta property=\"og:description\" content=\"[vc_row css=&#8220;.vc_custom_1678106664798{background-color: #efefef !important;}&#8220;][vc_column][vc_column_text]Wer im Stra\u00dfenverkehr unterwegs ist und seinen Blick auch mal kurz auf die Nummernschilder der anderen Verkehrsteilnehmer richtet, entdeckt mittlerweile immer h\u00e4ufiger ein E am Schluss des Kennzeichens: Dieser Buchstabe gibt an, dass es sich entweder um ein vollelektrisches Fahrzeug oder einen Plug-in-Hybrid handelt, der die entsprechenden gesetzlichen Vorgaben an CO\u2082-Emissionen und [&hellip;]\" \/>\n<meta property=\"og:url\" content=\"https:\/\/www.volkswagen-newsroom.com\/de\/pressemitteilungen\/der-neue-id4-weltpremiere-des-rein-elektrisch-angetriebenen-suv-6446\" \/>\n<meta property=\"og:site_name\" content=\"Volkswagen Group | FleetHub\" \/>\n<meta property=\"article:published_time\" content=\"2023-03-06T12:23:13+00:00\" \/>\n<meta property=\"article:modified_time\" content=\"2024-09-10T11:57:47+00:00\" \/>\n<meta property=\"og:image\" content=\"https:\/\/www.groupfleet.com\/wp-content\/uploads\/2023\/03\/ID.5-GTX-IC0526_4K-scaled.jpeg\" \/>\n\t<meta property=\"og:image:width\" content=\"2560\" \/>\n\t<meta property=\"og:image:height\" content=\"1707\" \/>\n\t<meta property=\"og:image:type\" content=\"image\/jpeg\" \/>\n<meta name=\"author\" content=\"Stefan Gro\u00dfer\" \/>\n<meta name=\"twitter:card\" content=\"summary_large_image\" \/>\n<meta name=\"twitter:label1\" content=\"Verfasst von\" \/>\n\t<meta name=\"twitter:data1\" content=\"Stefan Gro\u00dfer\" \/>\n\t<meta name=\"twitter:label2\" content=\"Gesch\u00e4tzte Lesezeit\" \/>\n\t<meta name=\"twitter:data2\" content=\"3\u00a0Minuten\" \/>\n<script type=\"application\/ld+json\" class=\"yoast-schema-graph\">{\"@context\":\"https:\\\/\\\/schema.org\",\"@graph\":[{\"@type\":\"Article\",\"@id\":\"https:\\\/\\\/www.volkswagen-newsroom.com\\\/de\\\/pressemitteilungen\\\/der-neue-id4-weltpremiere-des-rein-elektrisch-angetriebenen-suv-6446#article\",\"isPartOf\":{\"@id\":\"https:\\\/\\\/www.groupfleet.com\\\/de\\\/reifen-fuer-elektrofahrzeuge\\\/\"},\"author\":{\"name\":\"Stefan Gro\u00dfer\",\"@id\":\"https:\\\/\\\/www.groupfleet.com\\\/de\\\/#\\\/schema\\\/person\\\/8b1d7be286fefef37804765123983b32\"},\"headline\":\"Darum sind E-Reifen anders\",\"datePublished\":\"2023-03-06T12:23:13+00:00\",\"dateModified\":\"2024-09-10T11:57:47+00:00\",\"mainEntityOfPage\":{\"@id\":\"https:\\\/\\\/www.groupfleet.com\\\/de\\\/reifen-fuer-elektrofahrzeuge\\\/\"},\"wordCount\":455,\"image\":{\"@id\":\"https:\\\/\\\/www.volkswagen-newsroom.com\\\/de\\\/pressemitteilungen\\\/der-neue-id4-weltpremiere-des-rein-elektrisch-angetriebenen-suv-6446#primaryimage\"},\"thumbnailUrl\":\"https:\\\/\\\/www.groupfleet.com\\\/wp-content\\\/uploads\\\/2023\\\/03\\\/ID.5-GTX-IC0526_4K-scaled.jpeg\",\"articleSection\":[\"Fuhrparkwissen\",\"Mobilit\u00e4t und Innovation\"],\"inLanguage\":\"de\"},{\"@type\":\"WebPage\",\"@id\":\"https:\\\/\\\/www.groupfleet.com\\\/de\\\/reifen-fuer-elektrofahrzeuge\\\/\",\"url\":\"https:\\\/\\\/www.volkswagen-newsroom.com\\\/de\\\/pressemitteilungen\\\/der-neue-id4-weltpremiere-des-rein-elektrisch-angetriebenen-suv-6446\",\"name\":\"Darum sind E-Reifen anders - Volkswagen Group | FleetHub\",\"isPartOf\":{\"@id\":\"https:\\\/\\\/www.groupfleet.com\\\/de\\\/#website\"},\"primaryImageOfPage\":{\"@id\":\"https:\\\/\\\/www.volkswagen-newsroom.com\\\/de\\\/pressemitteilungen\\\/der-neue-id4-weltpremiere-des-rein-elektrisch-angetriebenen-suv-6446#primaryimage\"},\"image\":{\"@id\":\"https:\\\/\\\/www.volkswagen-newsroom.com\\\/de\\\/pressemitteilungen\\\/der-neue-id4-weltpremiere-des-rein-elektrisch-angetriebenen-suv-6446#primaryimage\"},\"thumbnailUrl\":\"https:\\\/\\\/www.groupfleet.com\\\/wp-content\\\/uploads\\\/2023\\\/03\\\/ID.5-GTX-IC0526_4K-scaled.jpeg\",\"datePublished\":\"2023-03-06T12:23:13+00:00\",\"dateModified\":\"2024-09-10T11:57:47+00:00\",\"author\":{\"@id\":\"https:\\\/\\\/www.groupfleet.com\\\/de\\\/#\\\/schema\\\/person\\\/8b1d7be286fefef37804765123983b32\"},\"breadcrumb\":{\"@id\":\"https:\\\/\\\/www.volkswagen-newsroom.com\\\/de\\\/pressemitteilungen\\\/der-neue-id4-weltpremiere-des-rein-elektrisch-angetriebenen-suv-6446#breadcrumb\"},\"inLanguage\":\"de\",\"potentialAction\":[{\"@type\":\"ReadAction\",\"target\":[\"https:\\\/\\\/www.volkswagen-newsroom.com\\\/de\\\/pressemitteilungen\\\/der-neue-id4-weltpremiere-des-rein-elektrisch-angetriebenen-suv-6446\"]}]},{\"@type\":\"ImageObject\",\"inLanguage\":\"de\",\"@id\":\"https:\\\/\\\/www.volkswagen-newsroom.com\\\/de\\\/pressemitteilungen\\\/der-neue-id4-weltpremiere-des-rein-elektrisch-angetriebenen-suv-6446#primaryimage\",\"url\":\"https:\\\/\\\/www.groupfleet.com\\\/wp-content\\\/uploads\\\/2023\\\/03\\\/ID.5-GTX-IC0526_4K-scaled.jpeg\",\"contentUrl\":\"https:\\\/\\\/www.groupfleet.com\\\/wp-content\\\/uploads\\\/2023\\\/03\\\/ID.5-GTX-IC0526_4K-scaled.jpeg\",\"width\":2560,\"height\":1707},{\"@type\":\"BreadcrumbList\",\"@id\":\"https:\\\/\\\/www.volkswagen-newsroom.com\\\/de\\\/pressemitteilungen\\\/der-neue-id4-weltpremiere-des-rein-elektrisch-angetriebenen-suv-6446#breadcrumb\",\"itemListElement\":[{\"@type\":\"ListItem\",\"position\":1,\"name\":\"Home\",\"item\":\"https:\\\/\\\/www.groupfleet.com\\\/de\\\/\"},{\"@type\":\"ListItem\",\"position\":2,\"name\":\"Darum sind E-Reifen anders\"}]},{\"@type\":\"WebSite\",\"@id\":\"https:\\\/\\\/www.groupfleet.com\\\/de\\\/#website\",\"url\":\"https:\\\/\\\/www.groupfleet.com\\\/de\\\/\",\"name\":\"Volkswagen Group | FleetHub\",\"description\":\"Online magazine for Fleet managers\",\"potentialAction\":[{\"@type\":\"SearchAction\",\"target\":{\"@type\":\"EntryPoint\",\"urlTemplate\":\"https:\\\/\\\/www.groupfleet.com\\\/de\\\/?s={search_term_string}\"},\"query-input\":{\"@type\":\"PropertyValueSpecification\",\"valueRequired\":true,\"valueName\":\"search_term_string\"}}],\"inLanguage\":\"de\"},{\"@type\":\"Person\",\"@id\":\"https:\\\/\\\/www.groupfleet.com\\\/de\\\/#\\\/schema\\\/person\\\/8b1d7be286fefef37804765123983b32\",\"name\":\"Stefan Gro\u00dfer\",\"url\":\"https:\\\/\\\/www.groupfleet.com\\\/de\\\/author\\\/sgrosser\\\/\"}]}<\/script>\n<!-- \/ Yoast SEO plugin. -->","yoast_head_json":{"title":"Darum sind E-Reifen anders - Volkswagen Group | FleetHub","robots":{"index":"index","follow":"follow","max-snippet":"max-snippet:-1","max-image-preview":"max-image-preview:large","max-video-preview":"max-video-preview:-1"},"canonical":"https:\/\/www.volkswagen-newsroom.com\/de\/pressemitteilungen\/der-neue-id4-weltpremiere-des-rein-elektrisch-angetriebenen-suv-6446","og_locale":"de_DE","og_type":"article","og_title":"Darum sind E-Reifen anders - Volkswagen Group | FleetHub","og_description":"[vc_row css=&#8220;.vc_custom_1678106664798{background-color: #efefef !important;}&#8220;][vc_column][vc_column_text]Wer im Stra\u00dfenverkehr unterwegs ist und seinen Blick auch mal kurz auf die Nummernschilder der anderen Verkehrsteilnehmer richtet, entdeckt mittlerweile immer h\u00e4ufiger ein E am Schluss des Kennzeichens: Dieser Buchstabe gibt an, dass es sich entweder um ein vollelektrisches Fahrzeug oder einen Plug-in-Hybrid handelt, der die entsprechenden gesetzlichen Vorgaben an CO\u2082-Emissionen und [&hellip;]","og_url":"https:\/\/www.volkswagen-newsroom.com\/de\/pressemitteilungen\/der-neue-id4-weltpremiere-des-rein-elektrisch-angetriebenen-suv-6446","og_site_name":"Volkswagen Group | FleetHub","article_published_time":"2023-03-06T12:23:13+00:00","article_modified_time":"2024-09-10T11:57:47+00:00","og_image":[{"width":2560,"height":1707,"url":"https:\/\/www.groupfleet.com\/wp-content\/uploads\/2023\/03\/ID.5-GTX-IC0526_4K-scaled.jpeg","type":"image\/jpeg"}],"author":"Stefan Gro\u00dfer","twitter_card":"summary_large_image","twitter_misc":{"Verfasst von":"Stefan Gro\u00dfer","Gesch\u00e4tzte Lesezeit":"3\u00a0Minuten"},"schema":{"@context":"https:\/\/schema.org","@graph":[{"@type":"Article","@id":"https:\/\/www.volkswagen-newsroom.com\/de\/pressemitteilungen\/der-neue-id4-weltpremiere-des-rein-elektrisch-angetriebenen-suv-6446#article","isPartOf":{"@id":"https:\/\/www.groupfleet.com\/de\/reifen-fuer-elektrofahrzeuge\/"},"author":{"name":"Stefan Gro\u00dfer","@id":"https:\/\/www.groupfleet.com\/de\/#\/schema\/person\/8b1d7be286fefef37804765123983b32"},"headline":"Darum sind E-Reifen anders","datePublished":"2023-03-06T12:23:13+00:00","dateModified":"2024-09-10T11:57:47+00:00","mainEntityOfPage":{"@id":"https:\/\/www.groupfleet.com\/de\/reifen-fuer-elektrofahrzeuge\/"},"wordCount":455,"image":{"@id":"https:\/\/www.volkswagen-newsroom.com\/de\/pressemitteilungen\/der-neue-id4-weltpremiere-des-rein-elektrisch-angetriebenen-suv-6446#primaryimage"},"thumbnailUrl":"https:\/\/www.groupfleet.com\/wp-content\/uploads\/2023\/03\/ID.5-GTX-IC0526_4K-scaled.jpeg","articleSection":["Fuhrparkwissen","Mobilit\u00e4t und Innovation"],"inLanguage":"de"},{"@type":"WebPage","@id":"https:\/\/www.groupfleet.com\/de\/reifen-fuer-elektrofahrzeuge\/","url":"https:\/\/www.volkswagen-newsroom.com\/de\/pressemitteilungen\/der-neue-id4-weltpremiere-des-rein-elektrisch-angetriebenen-suv-6446","name":"Darum sind E-Reifen anders - Volkswagen Group | FleetHub","isPartOf":{"@id":"https:\/\/www.groupfleet.com\/de\/#website"},"primaryImageOfPage":{"@id":"https:\/\/www.volkswagen-newsroom.com\/de\/pressemitteilungen\/der-neue-id4-weltpremiere-des-rein-elektrisch-angetriebenen-suv-6446#primaryimage"},"image":{"@id":"https:\/\/www.volkswagen-newsroom.com\/de\/pressemitteilungen\/der-neue-id4-weltpremiere-des-rein-elektrisch-angetriebenen-suv-6446#primaryimage"},"thumbnailUrl":"https:\/\/www.groupfleet.com\/wp-content\/uploads\/2023\/03\/ID.5-GTX-IC0526_4K-scaled.jpeg","datePublished":"2023-03-06T12:23:13+00:00","dateModified":"2024-09-10T11:57:47+00:00","author":{"@id":"https:\/\/www.groupfleet.com\/de\/#\/schema\/person\/8b1d7be286fefef37804765123983b32"},"breadcrumb":{"@id":"https:\/\/www.volkswagen-newsroom.com\/de\/pressemitteilungen\/der-neue-id4-weltpremiere-des-rein-elektrisch-angetriebenen-suv-6446#breadcrumb"},"inLanguage":"de","potentialAction":[{"@type":"ReadAction","target":["https:\/\/www.volkswagen-newsroom.com\/de\/pressemitteilungen\/der-neue-id4-weltpremiere-des-rein-elektrisch-angetriebenen-suv-6446"]}]},{"@type":"ImageObject","inLanguage":"de","@id":"https:\/\/www.volkswagen-newsroom.com\/de\/pressemitteilungen\/der-neue-id4-weltpremiere-des-rein-elektrisch-angetriebenen-suv-6446#primaryimage","url":"https:\/\/www.groupfleet.com\/wp-content\/uploads\/2023\/03\/ID.5-GTX-IC0526_4K-scaled.jpeg","contentUrl":"https:\/\/www.groupfleet.com\/wp-content\/uploads\/2023\/03\/ID.5-GTX-IC0526_4K-scaled.jpeg","width":2560,"height":1707},{"@type":"BreadcrumbList","@id":"https:\/\/www.volkswagen-newsroom.com\/de\/pressemitteilungen\/der-neue-id4-weltpremiere-des-rein-elektrisch-angetriebenen-suv-6446#breadcrumb","itemListElement":[{"@type":"ListItem","position":1,"name":"Home","item":"https:\/\/www.groupfleet.com\/de\/"},{"@type":"ListItem","position":2,"name":"Darum sind E-Reifen anders"}]},{"@type":"WebSite","@id":"https:\/\/www.groupfleet.com\/de\/#website","url":"https:\/\/www.groupfleet.com\/de\/","name":"Volkswagen Group | FleetHub","description":"Online magazine for Fleet managers","potentialAction":[{"@type":"SearchAction","target":{"@type":"EntryPoint","urlTemplate":"https:\/\/www.groupfleet.com\/de\/?s={search_term_string}"},"query-input":{"@type":"PropertyValueSpecification","valueRequired":true,"valueName":"search_term_string"}}],"inLanguage":"de"},{"@type":"Person","@id":"https:\/\/www.groupfleet.com\/de\/#\/schema\/person\/8b1d7be286fefef37804765123983b32","name":"Stefan Gro\u00dfer","url":"https:\/\/www.groupfleet.com\/de\/author\/sgrosser\/"}]}},"_links":{"self":[{"href":"https:\/\/www.groupfleet.com\/de\/wp-json\/wp\/v2\/posts\/28872","targetHints":{"allow":["GET"]}}],"collection":[{"href":"https:\/\/www.groupfleet.com\/de\/wp-json\/wp\/v2\/posts"}],"about":[{"href":"https:\/\/www.groupfleet.com\/de\/wp-json\/wp\/v2\/types\/post"}],"author":[{"embeddable":true,"href":"https:\/\/www.groupfleet.com\/de\/wp-json\/wp\/v2\/users\/39"}],"replies":[{"embeddable":true,"href":"https:\/\/www.groupfleet.com\/de\/wp-json\/wp\/v2\/comments?post=28872"}],"version-history":[{"count":0,"href":"https:\/\/www.groupfleet.com\/de\/wp-json\/wp\/v2\/posts\/28872\/revisions"}],"wp:featuredmedia":[{"embeddable":true,"href":"https:\/\/www.groupfleet.com\/de\/wp-json\/wp\/v2\/media\/28873"}],"wp:attachment":[{"href":"https:\/\/www.groupfleet.com\/de\/wp-json\/wp\/v2\/media?parent=28872"}],"wp:term":[{"taxonomy":"category","embeddable":true,"href":"https:\/\/www.groupfleet.com\/de\/wp-json\/wp\/v2\/categories?post=28872"},{"taxonomy":"post_tag","embeddable":true,"href":"https:\/\/www.groupfleet.com\/de\/wp-json\/wp\/v2\/tags?post=28872"}],"curies":[{"name":"wp","href":"https:\/\/api.w.org\/{rel}","templated":true}]}}