{"id":28592,"date":"2023-01-22T22:17:13","date_gmt":"2023-01-22T21:17:13","guid":{"rendered":"https:\/\/www.groupfleet.com\/?p=28592"},"modified":"2024-09-11T14:43:34","modified_gmt":"2024-09-11T12:43:34","slug":"interview-city-bee","status":"publish","type":"post","link":"https:\/\/www.groupfleet.com\/de\/interview-city-bee\/","title":{"rendered":"Sharing is Caring"},"content":{"rendered":"<div class=\"wpb-content-wrapper\"><p>[vc_row full_width=&#8220;stretch_row_content&#8220;][vc_column width=&#8220;1\/6&#8243;][\/vc_column][vc_column width=&#8220;2\/3&#8243;][vc_column_text]<\/p>\n<h2 class=\"group-title__headline \">Vilnius, Riga und Tallinn gelten als die drei Hauptst\u00e4dte in Europa mit der h\u00f6chsten Dichte an Carsharing-Fahrzeugen pro Kopf und Quadratmeter.<\/h2>\n<p>[\/vc_column_text][vc_empty_space][\/vc_column][vc_column width=&#8220;1\/6&#8243;][\/vc_column][\/vc_row][vc_row full_width=&#8220;stretch_row_content&#8220;][vc_column width=&#8220;1\/6&#8243;][\/vc_column][vc_column width=&#8220;2\/6&#8243;][vc_single_image image=&#8220;28599&#8243; img_size=&#8220;770 x 430&#8243;][\/vc_column][vc_column width=&#8220;2\/6&#8243;][vc_column_text]<span style=\"font-size: 14pt;\"><strong><span style=\"color: #2d566f;\">Einer der gr\u00f6\u00dften Player in diesen M\u00e4rkten ist CityBee. Das vor zehn Jahren in Litauen gegr\u00fcndete Unternehmen gilt als einer der Pioniere in Sachen Carsharing. CityBee bietet in 17 baltischen St\u00e4dten Fahrzeuge zur Kurzzeitmiete an. Seit 2021 summt es bei CityBee auch elektrisch. Wir sprachen mit CEO Kristijonas Kaikaris \u00fcber Trends und Chancen im Carsharing.<\/span><\/strong><\/span>[\/vc_column_text][\/vc_column][vc_column width=&#8220;1\/6&#8243;][\/vc_column][\/vc_row][vc_row][vc_column css=&#8220;.vc_custom_1663594233237{background-color: #eef5f8 !important;}&#8220;][vc_column_text]<\/p>\n<div class=\"question-answer-modul abstractContentComponent parbase section\">\n<div class=\"iv-modul__question\">\n<div class=\"iv-modul__question\">\n<p><strong>Herr Kaikaris, warum ist Carsharing in den baltischen Staaten so beliebt?<\/strong><\/p>\n<\/div>\n<div class=\"iv-modul__answer\">\n<p>Die Menschen hinterfragen zunehmend den Besitz eines Autos und dessen Unterhaltskosten, insbesondere angesichts der steigenden Inflationsrate. Einige Stadtbewohner haben sich daher gegen ein eigenes Auto und f\u00fcr Mobilit\u00e4tsl\u00f6sungen wie Carsharing oder Autoabonnements entschieden, w\u00e4hrend andere beides kombinieren.<\/p>\n<\/div>\n<\/div>\n<\/div>\n<p>[\/vc_column_text][vc_column_text]<\/p>\n<div class=\"iv-modul__question\">\n<div class=\"iv-modul__question\">\n<p><strong>Was ist das typische Kundenprofil?<\/strong><\/p>\n<\/div>\n<div class=\"iv-modul__answer\">\n<p>Bei unseren Kunden handelt es sich um Gro\u00dfstadtbewohner unterschiedlichen Alters, f\u00fcr die Bequemlichkeit und Flexibilit\u00e4t sehr wichtig sind. Normalerweise nutzen sie Carsharing-Dienste f\u00fcr kurze Fahrten, um schnell von A nach B zu kommen \u2013 insbesondere, wenn zwischen A und B Zwischenstopps eingelegt werden m\u00fcssen, etwa beim Einkaufen. Wir verzeichnen aber auch eine Zunahme l\u00e4ngerer Fahrten und haben deshalb Reisepakete eingef\u00fchrt. Die erm\u00f6glichen es unseren Kunden, schon im Vorfeld zu sehen, wie viel sie f\u00fcr eine geplante l\u00e4ngere Reise ausgeben m\u00fcssen. Kunden wissen also beim Kauf des Pakets, wie lang und wie weit sie f\u00fcr einen festen Betrag reisen k\u00f6nnen.<\/p>\n<\/div>\n<\/div>\n<p>[\/vc_column_text][vc_column_text]<\/p>\n<div class=\"question-answer-modul abstractContentComponent parbase section\">\n<div class=\"iv-modul__answer\">\n<div class=\"iv-modul__question\">\n<div class=\"iv-modul__question\">\n<p><strong>Wie setzt sich ihr Fuhrpark zusammen?<\/strong><\/p>\n<\/div>\n<div class=\"iv-modul__answer\">\n<p>Um den Bed\u00fcrfnissen unserer Kunden gerecht zu werden, bieten wir ihnen eine gro\u00dfe Auswahl verschiedener Modelle an \u2013 vom Kleinwagen bis zum Premiumfahrzeug. Von der Marke Volkswagen haben wir aktuell Taigo, Golf 8, T-Cross, T-Roc und Crafter im Fuhrpark, aber auch der eCrafter spielt eine wichtige Rolle. Er war das erste elektrische Nutzfahrzeugmodell, das in den Fuhrpark von CityBee aufgenommen wurde und hat sich gut etabliert. Unsere Kunden nutzen ihn insbesondere f\u00fcr innerst\u00e4dtische Transporte, wie zum Beispiel Umz\u00fcge. Wir stellen fest, dass immer mehr Kunden sich f\u00fcr die elektrische Option entscheiden, wenn sie ein Nutzfahrzeug ben\u00f6tigen.<\/p>\n<\/div>\n<\/div>\n<\/div>\n<\/div>\n<p>[\/vc_column_text][\/vc_column][\/vc_row][vc_row][vc_column width=&#8220;1\/2&#8243;][vc_single_image image=&#8220;28595&#8243; img_size=&#8220;large&#8220;][\/vc_column][vc_column width=&#8220;1\/2&#8243;][vc_separator][vc_column_text]<\/p>\n<div class=\"iv-modul__question\">\n<div class=\"iv-modul__question\">\n<div class=\"iv-modul__question\">\n<div class=\"iv-modul__question\">\n<p><span style=\"color: #83b7c7; font-size: 18pt;\">&#8222;Unsere Kunden sind, genau wie die Mehrheit der Litauer, mit Volkswagen vertraut. Sie haben gro\u00dfes Vertrauen in die Marke und wissen, dass sie ein Qualit\u00e4tsauto bekommen. Man k\u00f6nnte auch sagen, dass f\u00fcr Litauer Volkswagen der Standard f\u00fcr gute Fahrzeuge ist.&#8220;<\/span><\/p>\n<\/div>\n<\/div>\n<\/div>\n<\/div>\n<p>[\/vc_column_text][vc_separator color=&#8220;custom&#8220; align=&#8220;align_left&#8220; el_width=&#8220;10&#8243; accent_color=&#8220;#83b7c7&#8243;][vc_column_text]<\/p>\n<div class=\"iv-modul__question\">\n<div class=\"iv-modul__question\">\n<div class=\"iv-modul__question\">\n<div class=\"iv-modul__question\">\n<p><span style=\"font-size: 10pt;\"><strong style=\"color: #83b7c7; letter-spacing: 0px;\"><cite>Kristijonas Kaikaris<\/cite><\/strong><\/span><\/p>\n<\/div>\n<p><span style=\"color: #83b7c7; font-size: 10pt;\">CEO CityBee<\/span><\/p>\n<\/div>\n<\/div>\n<\/div>\n<p>[\/vc_column_text][vc_separator][\/vc_column][\/vc_row][vc_row][vc_column css=&#8220;.vc_custom_1663594403628{background-color: #eef5f8 !important;}&#8220;][vc_column_text]<\/p>\n<div class=\"iv-modul__question\">\n<div class=\"question-answer-modul abstractContentComponent parbase section\">\n<div class=\"iv-modul__question\">\n<div class=\"iv-modul__question\">\n<p><strong>Stichwort eCrafter: Seit 2021 summt es bei CityBee auch elektrisch. Wie hoch ist der Anteil der Elektrofahrzeuge in Ihrer Flotte?<\/strong><\/p>\n<\/div>\n<div class=\"iv-modul__answer\">\n<p>Elektroautos machen aktuell einen recht geringen Teil unserer Flotte aus. Die Elektrifizierung ist aber eines unserer strategischen Ziele. Wir planen eine vollst\u00e4ndig elektrische Fahrzeugflotte bis 2030. Voraussetzung ist eine entsprechende Infrastruktur in allen M\u00e4rkten, in denen wir aktiv sind \u2013 also aktuell in Estland, Lettland und Litauen. Wir werden also nicht sehr schnell sein k\u00f6nnen.<\/p>\n<\/div>\n<\/div>\n<\/div>\n<\/div>\n<p>[\/vc_column_text][vc_column_text]<\/p>\n<div class=\"iv-modul__question\">\n<div class=\"iv-modul__question\">\n<div class=\"iv-modul__question\">\n<p><strong>Wie steht es denn um die \u00f6ffentliche Ladeinfrastruktur in Ihren M\u00e4rkten?<\/strong><\/p>\n<\/div>\n<div class=\"iv-modul__answer\">\n<p>Die Ladeinfrastruktur befindet sich in den baltischen Staaten derzeit erst im Aufbau. In Litauen gibt es bereits eine ganze Reihe von Ladestationen, Lettland und Estland sind aber etwas kleinere L\u00e4nder in denen der Bedarf zur Zeit noch nicht so gro\u00df ist. Anders als in Litauen werden Elektroautos und Ladestationen dort auch nicht subventioniert. Deshalb geht der Infrastrukturaufbau im Baltikum leider noch nicht schnell genug. Vor allem fehlt es an Ladestationen in Wohngebieten oder sie funktionieren noch nicht einwandfrei. Bis zur vollst\u00e4ndigen Elektrifizierung ist es also noch ein weiter Weg, und es bedarf gro\u00dfer Anstrengungen seitens der Unternehmen, der Regierungen und der Kunden.<\/p>\n<\/div>\n<\/div>\n<\/div>\n<p>[\/vc_column_text][vc_column_text]<\/p>\n<div class=\"iv-modul__question\">\n<div class=\"iv-modul__question\">\n<div class=\"iv-modul__question\">\n<div class=\"iv-modul__question\">\n<p><strong>Und wie stehen Ihre Kunden zu E-Fahrzeugen?<\/strong><\/p>\n<\/div>\n<div class=\"iv-modul__answer\">\n<p>In unseren operativen M\u00e4rkten gewinnen Elektroautos gerade erst an Aufmerksamkeit und Popularit\u00e4t \u2013 die Menschen lernen sie langsam kennen. Vor allem vor dem Hintergrund steigender Kraftstoffpreise und der Suche nach umweltfreundlicheren Alternativen. Daher sind Trends noch nicht so leicht zu beurteilen. Aber nat\u00fcrlich sind Elektroautos f\u00fcr uns alle die Zukunft. Es geht schlie\u00dflich darum, weitere M\u00f6glichkeiten zur Dekarbonisierung des Transportsektors und zur L\u00f6sung der globalen Klimakrise zu finden.<\/p>\n<\/div>\n<\/div>\n<\/div>\n<\/div>\n<p>[\/vc_column_text][vc_column_text]<\/p>\n<div class=\"iv-modul__question\">\n<div class=\"iv-modul__question\">\n<div class=\"iv-modul__question\">\n<div class=\"iv-modul__question\">\n<div class=\"iv-modul__question\">\n<p><strong>Welche Funktionen sind f\u00fcr Ihre Autokunden besonders wichtig?<\/strong><\/p>\n<\/div>\n<div class=\"iv-modul__answer\">\n<p>Unsere Kunden nutzen das Auto nicht nur f\u00fcr kurze Fahrten, sondern auch f\u00fcr lange und manchmal internationale Fahrten, daher werden praktische Funktionen sehr gesch\u00e4tzt. Die Kunden sch\u00e4tzen das automatische Getriebe, die in den CityBee-Fahrzeugen installierten Apple Car\/Android Auto-Systeme, den adaptiven Tempomat, die R\u00fcckfahrkamera, die Sitzheizung usw. Unsere Kunden sch\u00e4tzen Fahrzeuge mit h\u00f6herem Ausstattungsniveau. Au\u00dferdem m\u00f6chten sie so viele verschiedene Fahrzeugmodelle wie m\u00f6glich ausprobieren.<\/p>\n<\/div>\n<\/div>\n<\/div>\n<\/div>\n<\/div>\n<p>[\/vc_column_text][vc_column_text]<\/p>\n<div class=\"iv-modul__question\">\n<div class=\"iv-modul__question\">\n<div class=\"iv-modul__question\">\n<div class=\"iv-modul__question\">\n<div class=\"iv-modul__question\">\n<div class=\"iv-modul__question\">\n<p><strong>Was sind die Kriterien, nach denen Sie die Fahrzeuge f\u00fcr Ihren Fuhrpark ausw\u00e4hlen?<\/strong><\/p>\n<\/div>\n<div class=\"iv-modul__answer\">\n<p>Wichtigstes Kriterium sind die W\u00fcnsche und Bed\u00fcrfnisse unserer Kunden. Anhand der Buchungen k\u00f6nnen wir einsch\u00e4tzen, welche Autos sie als attraktiv und komfortabel empfinden und welche ihren vielen unterschiedlichen Lebensgewohnheiten entsprechen.<\/p>\n<\/div>\n<\/div>\n<\/div>\n<\/div>\n<\/div>\n<\/div>\n<p>[\/vc_column_text][vc_column_text]<\/p>\n<div class=\"iv-modul__question\">\n<div class=\"iv-modul__question\">\n<div class=\"iv-modul__question\">\n<div class=\"iv-modul__question\">\n<div class=\"iv-modul__question\">\n<div class=\"iv-modul__question\">\n<div class=\"iv-modul__question\">\n<p><strong>Wie unterscheiden sich die Gesamtbetriebskosten (TCO) von Verbrennungsmotoren und E-Fahrzeugen in Ihren M\u00e4rkten?<\/strong><\/p>\n<\/div>\n<div class=\"iv-modul__answer\">\n<p>Die TCO sind fast gleich, wenn man die Subventionen f\u00fcr E-Modelle ber\u00fccksichtigt. Allerdings sind Verbrennungsmotoren aufgrund der h\u00f6heren Nachfrage f\u00fcr uns aktuell noch rentabler. In Lettland und Estland werden Elektrofahrzeuge nicht subventioniert. Derzeit sind E-Fahrzeuge noch recht teuer, da sie schneller an Wert verlieren. Da die Kraftstoffpreise jedoch weiter steigen, lohnt es immer mehr, auf E-Autos umzusteigen. Zudem f\u00fchren viele L\u00e4nder in der EU weitere Beschr\u00e4nkungen und Steuern auf schadstoffaussto\u00dfende Fahrzeuge ein.<\/p>\n<\/div>\n<\/div>\n<\/div>\n<\/div>\n<\/div>\n<\/div>\n<\/div>\n<p>[\/vc_column_text][vc_column_text]<\/p>\n<div class=\"iv-modul__question\">\n<div class=\"iv-modul__question\">\n<div class=\"iv-modul__question\">\n<div class=\"iv-modul__question\">\n<div class=\"iv-modul__question\">\n<div class=\"iv-modul__question\">\n<div class=\"iv-modul__question\">\n<div class=\"iv-modul__question\">\n<p><strong>Was sind die gr\u00f6\u00dften Herausforderungen f\u00fcr Fahrzeuge im Carsharing?<\/strong><\/p>\n<\/div>\n<div class=\"iv-modul__answer\">\n<p>Die Fahrzeuge der Carsharing-Plattform sind nicht in Privatbesitz. Deshalb stehen wir vor der Herausforderung, unsere Flotte so zu erhalten, dass jeder Kunde vom Start seiner Fahrt bis zu deren Ende das bestm\u00f6gliche Erlebnis hat. Wir m\u00fcssen sicherstellen, dass jedes Fahrzeug in technisch gutem Zustand, sauber und sicher ist.<\/p>\n<\/div>\n<\/div>\n<\/div>\n<\/div>\n<\/div>\n<\/div>\n<\/div>\n<\/div>\n<p>[\/vc_column_text][vc_column_text]<\/p>\n<div class=\"iv-modul__question\">\n<div class=\"iv-modul__question\">\n<div class=\"iv-modul__question\">\n<div class=\"iv-modul__question\">\n<div class=\"iv-modul__question\">\n<div class=\"iv-modul__question\">\n<div class=\"iv-modul__question\">\n<div class=\"iv-modul__question\">\n<div class=\"iv-modul__question\">\n<p><strong>Was plant CityBee in der Zukunft?<\/strong><\/p>\n<\/div>\n<div class=\"iv-modul__answer\">\n<p>Nachdem wir in den baltischen Staaten gut etabliert sind, planen wir, in den kommenden Jahren sowohl in bestehenden als auch in neuen M\u00e4rkten aktiv zu expandieren. Wir glauben fest an unsere Vision, komfortable Carsharing- und Abo-Dienste anzubieten und damit auch zu gr\u00fcneren St\u00e4dten beizutragen.<\/p>\n<\/div>\n<\/div>\n<\/div>\n<\/div>\n<\/div>\n<\/div>\n<\/div>\n<\/div>\n<\/div>\n<p>[\/vc_column_text][vc_column_text]<\/p>\n<div class=\"iv-modul__question\">\n<div class=\"iv-modul__question\">\n<div class=\"iv-modul__question\">\n<div class=\"iv-modul__question\">\n<div class=\"iv-modul__question\">\n<div class=\"iv-modul__question\">\n<div class=\"iv-modul__question\">\n<div class=\"iv-modul__question\">\n<div class=\"iv-modul__question\">\n<div class=\"iv-modul__question\">\n<p><strong>Welche Rolle spielen die Fahrzeuge von Volkswagen in Ihren Pl\u00e4nen?<\/strong><\/p>\n<\/div>\n<div class=\"iv-modul__answer\">\n<p>Volkswagen leistet einen wichtigen Beitrag zum Ausbau von Carsharing-Diensten und zur Entwicklung von Mobilit\u00e4tsl\u00f6sungen. Wir wollen die Erwartungen unserer Kunden erf\u00fclen, die sich f\u00fcr die beliebtesten Marken im Markt entscheiden.<\/p>\n<\/div>\n<\/div>\n<\/div>\n<\/div>\n<\/div>\n<\/div>\n<\/div>\n<\/div>\n<\/div>\n<\/div>\n<p>[\/vc_column_text][\/vc_column][\/vc_row][vc_row][vc_column][vc_column_text]<\/p>\n<h2 class=\"group-title__headline \">CityBee<\/h2>\n<p>[\/vc_column_text]\n\n<div class=\"article_paragraphimage article_paragraphimage_right \" style=\"width: 40%;\">\n\t<div class=\"ap_img_wrapper mylightbox_hover\">\n\t\t<img loading=\"lazy\" decoding=\"async\" width=\"640\" height=\"427\" src=\"https:\/\/www.groupfleet.com\/wp-content\/uploads\/2023\/01\/Citybee_VW-Taigo-16-640x427.jpg\" class=\"attachment-vw_small size-vw_small open_mylightbox\" alt=\"\" data-full=\"https:\/\/www.groupfleet.com\/wp-content\/uploads\/2023\/01\/Citybee_VW-Taigo-16-1800x1200.jpg\" data-desc=\"\" \/>\t<\/div>\n\t<div class=\"article_paragraphimage_text\">\n\t\t\t<\/div>\n\t<div class=\"clear\"><\/div>\n<\/div>[vc_column_text]CityBee bietet seit 2012 Carsharing-Dienste in Litauen an und z\u00e4hlt in dem Land heute rund 550.000 registrierte Nutzer. Seit 2019 ist das Angebot auch in Lettland und Estland verf\u00fcgbar, inzwischen in insgesamt 17 St\u00e4dten des Baltikums \u2013 unter anderem in Vilnius, Riga and Tallinn. Das Unternehmen geh\u00f6rt zur internationalen Modus Group, die derzeit in zw\u00f6lf europ\u00e4ischen M\u00e4rkten in den Gesch\u00e4ftsfeldern Erneuerbare Energien (Green Genius), Automobilvertrieb (15 repr\u00e4sentierte, weltweit bekannte Marken) und Investmentfonds Management (Modus Asset Management) aktiv ist.[\/vc_column_text][\/vc_column][\/vc_row][vc_row][vc_column][vc_separator][vc_column_text]<\/p>\n<p class=\"singlecolumntext\"><span style=\"font-size: 10pt;\">Stand: 12.12.2022<\/span><\/p>\n<p class=\"singlecolumntext\"><span style=\"font-size: 10pt;\">\u00a9 Volkswagen AG<\/span><\/p>\n<p>[\/vc_column_text][\/vc_column][\/vc_row]<\/p>\n<\/div>","protected":false},"excerpt":{"rendered":"<p>Vilnius, Riga und Tallinn gelten als die drei Hauptst\u00e4dte in Europa mit der h\u00f6chsten Dichte an Carsharing-Fahrzeugen pro Kopf und Quadratmeter.<\/p>\n","protected":false},"author":39,"featured_media":28599,"comment_status":"closed","ping_status":"closed","sticky":false,"template":"","format":"standard","meta":{"_acf_changed":false,"footnotes":""},"categories":[96,48,59],"tags":[],"class_list":["post-28592","post","type-post","status-publish","format-standard","has-post-thumbnail","hentry","category-interview","category-hintergrundwissen","category-mobilitaet-innovation","newsletter-fleetnews-05-22"],"acf":[],"yoast_head":"<!-- This site is optimized with the Yoast SEO plugin v27.4 - https:\/\/yoast.com\/product\/yoast-seo-wordpress\/ -->\n<title>Sharing is Caring - Volkswagen Group | FleetHub<\/title>\n<meta name=\"robots\" content=\"index, follow, max-snippet:-1, max-image-preview:large, max-video-preview:-1\" \/>\n<link rel=\"canonical\" href=\"https:\/\/www.groupfleet.com\/de\/interview-city-bee\/\" \/>\n<meta property=\"og:locale\" content=\"de_DE\" \/>\n<meta property=\"og:type\" content=\"article\" \/>\n<meta property=\"og:title\" content=\"Sharing is Caring - Volkswagen Group | FleetHub\" \/>\n<meta property=\"og:description\" content=\"Vilnius, Riga und Tallinn gelten als die drei Hauptst\u00e4dte in Europa mit der h\u00f6chsten Dichte an Carsharing-Fahrzeugen pro Kopf und Quadratmeter.\" \/>\n<meta property=\"og:url\" content=\"https:\/\/www.groupfleet.com\/de\/interview-city-bee\/\" \/>\n<meta property=\"og:site_name\" content=\"Volkswagen Group | FleetHub\" \/>\n<meta property=\"article:published_time\" content=\"2023-01-22T21:17:13+00:00\" \/>\n<meta property=\"article:modified_time\" content=\"2024-09-11T12:43:34+00:00\" \/>\n<meta property=\"og:image\" content=\"https:\/\/www.groupfleet.com\/wp-content\/uploads\/2023\/01\/Citybee_E-Crafter-7-scaled.jpg\" \/>\n\t<meta property=\"og:image:width\" content=\"2560\" \/>\n\t<meta property=\"og:image:height\" content=\"1707\" \/>\n\t<meta property=\"og:image:type\" content=\"image\/jpeg\" \/>\n<meta name=\"author\" content=\"Stefan Gro\u00dfer\" \/>\n<meta name=\"twitter:card\" content=\"summary_large_image\" \/>\n<meta name=\"twitter:label1\" content=\"Verfasst von\" \/>\n\t<meta name=\"twitter:data1\" content=\"Stefan Gro\u00dfer\" \/>\n\t<meta name=\"twitter:label2\" content=\"Gesch\u00e4tzte Lesezeit\" \/>\n\t<meta name=\"twitter:data2\" content=\"7\u00a0Minuten\" \/>\n<script type=\"application\/ld+json\" class=\"yoast-schema-graph\">{\"@context\":\"https:\\\/\\\/schema.org\",\"@graph\":[{\"@type\":\"Article\",\"@id\":\"https:\\\/\\\/www.groupfleet.com\\\/de\\\/interview-city-bee\\\/#article\",\"isPartOf\":{\"@id\":\"https:\\\/\\\/www.groupfleet.com\\\/de\\\/interview-city-bee\\\/\"},\"author\":{\"name\":\"Stefan Gro\u00dfer\",\"@id\":\"https:\\\/\\\/www.groupfleet.com\\\/de\\\/#\\\/schema\\\/person\\\/8b1d7be286fefef37804765123983b32\"},\"headline\":\"Sharing is Caring\",\"datePublished\":\"2023-01-22T21:17:13+00:00\",\"dateModified\":\"2024-09-11T12:43:34+00:00\",\"mainEntityOfPage\":{\"@id\":\"https:\\\/\\\/www.groupfleet.com\\\/de\\\/interview-city-bee\\\/\"},\"wordCount\":1421,\"image\":{\"@id\":\"https:\\\/\\\/www.groupfleet.com\\\/de\\\/interview-city-bee\\\/#primaryimage\"},\"thumbnailUrl\":\"https:\\\/\\\/www.groupfleet.com\\\/wp-content\\\/uploads\\\/2023\\\/01\\\/Citybee_E-Crafter-7-scaled.jpg\",\"articleSection\":[\"Interview\",\"Fuhrparkwissen\",\"Mobilit\u00e4t und Innovation\"],\"inLanguage\":\"de\"},{\"@type\":\"WebPage\",\"@id\":\"https:\\\/\\\/www.groupfleet.com\\\/de\\\/interview-city-bee\\\/\",\"url\":\"https:\\\/\\\/www.groupfleet.com\\\/de\\\/interview-city-bee\\\/\",\"name\":\"Sharing is Caring - Volkswagen Group | FleetHub\",\"isPartOf\":{\"@id\":\"https:\\\/\\\/www.groupfleet.com\\\/de\\\/#website\"},\"primaryImageOfPage\":{\"@id\":\"https:\\\/\\\/www.groupfleet.com\\\/de\\\/interview-city-bee\\\/#primaryimage\"},\"image\":{\"@id\":\"https:\\\/\\\/www.groupfleet.com\\\/de\\\/interview-city-bee\\\/#primaryimage\"},\"thumbnailUrl\":\"https:\\\/\\\/www.groupfleet.com\\\/wp-content\\\/uploads\\\/2023\\\/01\\\/Citybee_E-Crafter-7-scaled.jpg\",\"datePublished\":\"2023-01-22T21:17:13+00:00\",\"dateModified\":\"2024-09-11T12:43:34+00:00\",\"author\":{\"@id\":\"https:\\\/\\\/www.groupfleet.com\\\/de\\\/#\\\/schema\\\/person\\\/8b1d7be286fefef37804765123983b32\"},\"breadcrumb\":{\"@id\":\"https:\\\/\\\/www.groupfleet.com\\\/de\\\/interview-city-bee\\\/#breadcrumb\"},\"inLanguage\":\"de\",\"potentialAction\":[{\"@type\":\"ReadAction\",\"target\":[\"https:\\\/\\\/www.groupfleet.com\\\/de\\\/interview-city-bee\\\/\"]}]},{\"@type\":\"ImageObject\",\"inLanguage\":\"de\",\"@id\":\"https:\\\/\\\/www.groupfleet.com\\\/de\\\/interview-city-bee\\\/#primaryimage\",\"url\":\"https:\\\/\\\/www.groupfleet.com\\\/wp-content\\\/uploads\\\/2023\\\/01\\\/Citybee_E-Crafter-7-scaled.jpg\",\"contentUrl\":\"https:\\\/\\\/www.groupfleet.com\\\/wp-content\\\/uploads\\\/2023\\\/01\\\/Citybee_E-Crafter-7-scaled.jpg\",\"width\":2560,\"height\":1707},{\"@type\":\"BreadcrumbList\",\"@id\":\"https:\\\/\\\/www.groupfleet.com\\\/de\\\/interview-city-bee\\\/#breadcrumb\",\"itemListElement\":[{\"@type\":\"ListItem\",\"position\":1,\"name\":\"Home\",\"item\":\"https:\\\/\\\/www.groupfleet.com\\\/de\\\/\"},{\"@type\":\"ListItem\",\"position\":2,\"name\":\"Sharing is Caring\"}]},{\"@type\":\"WebSite\",\"@id\":\"https:\\\/\\\/www.groupfleet.com\\\/de\\\/#website\",\"url\":\"https:\\\/\\\/www.groupfleet.com\\\/de\\\/\",\"name\":\"Volkswagen Group | FleetHub\",\"description\":\"Online magazine for Fleet managers\",\"potentialAction\":[{\"@type\":\"SearchAction\",\"target\":{\"@type\":\"EntryPoint\",\"urlTemplate\":\"https:\\\/\\\/www.groupfleet.com\\\/de\\\/?s={search_term_string}\"},\"query-input\":{\"@type\":\"PropertyValueSpecification\",\"valueRequired\":true,\"valueName\":\"search_term_string\"}}],\"inLanguage\":\"de\"},{\"@type\":\"Person\",\"@id\":\"https:\\\/\\\/www.groupfleet.com\\\/de\\\/#\\\/schema\\\/person\\\/8b1d7be286fefef37804765123983b32\",\"name\":\"Stefan Gro\u00dfer\",\"url\":\"https:\\\/\\\/www.groupfleet.com\\\/de\\\/author\\\/sgrosser\\\/\"}]}<\/script>\n<!-- \/ Yoast SEO plugin. -->","yoast_head_json":{"title":"Sharing is Caring - Volkswagen Group | FleetHub","robots":{"index":"index","follow":"follow","max-snippet":"max-snippet:-1","max-image-preview":"max-image-preview:large","max-video-preview":"max-video-preview:-1"},"canonical":"https:\/\/www.groupfleet.com\/de\/interview-city-bee\/","og_locale":"de_DE","og_type":"article","og_title":"Sharing is Caring - Volkswagen Group | FleetHub","og_description":"Vilnius, Riga und Tallinn gelten als die drei Hauptst\u00e4dte in Europa mit der h\u00f6chsten Dichte an Carsharing-Fahrzeugen pro Kopf und Quadratmeter.","og_url":"https:\/\/www.groupfleet.com\/de\/interview-city-bee\/","og_site_name":"Volkswagen Group | FleetHub","article_published_time":"2023-01-22T21:17:13+00:00","article_modified_time":"2024-09-11T12:43:34+00:00","og_image":[{"width":2560,"height":1707,"url":"https:\/\/www.groupfleet.com\/wp-content\/uploads\/2023\/01\/Citybee_E-Crafter-7-scaled.jpg","type":"image\/jpeg"}],"author":"Stefan Gro\u00dfer","twitter_card":"summary_large_image","twitter_misc":{"Verfasst von":"Stefan Gro\u00dfer","Gesch\u00e4tzte Lesezeit":"7\u00a0Minuten"},"schema":{"@context":"https:\/\/schema.org","@graph":[{"@type":"Article","@id":"https:\/\/www.groupfleet.com\/de\/interview-city-bee\/#article","isPartOf":{"@id":"https:\/\/www.groupfleet.com\/de\/interview-city-bee\/"},"author":{"name":"Stefan Gro\u00dfer","@id":"https:\/\/www.groupfleet.com\/de\/#\/schema\/person\/8b1d7be286fefef37804765123983b32"},"headline":"Sharing is Caring","datePublished":"2023-01-22T21:17:13+00:00","dateModified":"2024-09-11T12:43:34+00:00","mainEntityOfPage":{"@id":"https:\/\/www.groupfleet.com\/de\/interview-city-bee\/"},"wordCount":1421,"image":{"@id":"https:\/\/www.groupfleet.com\/de\/interview-city-bee\/#primaryimage"},"thumbnailUrl":"https:\/\/www.groupfleet.com\/wp-content\/uploads\/2023\/01\/Citybee_E-Crafter-7-scaled.jpg","articleSection":["Interview","Fuhrparkwissen","Mobilit\u00e4t und Innovation"],"inLanguage":"de"},{"@type":"WebPage","@id":"https:\/\/www.groupfleet.com\/de\/interview-city-bee\/","url":"https:\/\/www.groupfleet.com\/de\/interview-city-bee\/","name":"Sharing is Caring - Volkswagen Group | FleetHub","isPartOf":{"@id":"https:\/\/www.groupfleet.com\/de\/#website"},"primaryImageOfPage":{"@id":"https:\/\/www.groupfleet.com\/de\/interview-city-bee\/#primaryimage"},"image":{"@id":"https:\/\/www.groupfleet.com\/de\/interview-city-bee\/#primaryimage"},"thumbnailUrl":"https:\/\/www.groupfleet.com\/wp-content\/uploads\/2023\/01\/Citybee_E-Crafter-7-scaled.jpg","datePublished":"2023-01-22T21:17:13+00:00","dateModified":"2024-09-11T12:43:34+00:00","author":{"@id":"https:\/\/www.groupfleet.com\/de\/#\/schema\/person\/8b1d7be286fefef37804765123983b32"},"breadcrumb":{"@id":"https:\/\/www.groupfleet.com\/de\/interview-city-bee\/#breadcrumb"},"inLanguage":"de","potentialAction":[{"@type":"ReadAction","target":["https:\/\/www.groupfleet.com\/de\/interview-city-bee\/"]}]},{"@type":"ImageObject","inLanguage":"de","@id":"https:\/\/www.groupfleet.com\/de\/interview-city-bee\/#primaryimage","url":"https:\/\/www.groupfleet.com\/wp-content\/uploads\/2023\/01\/Citybee_E-Crafter-7-scaled.jpg","contentUrl":"https:\/\/www.groupfleet.com\/wp-content\/uploads\/2023\/01\/Citybee_E-Crafter-7-scaled.jpg","width":2560,"height":1707},{"@type":"BreadcrumbList","@id":"https:\/\/www.groupfleet.com\/de\/interview-city-bee\/#breadcrumb","itemListElement":[{"@type":"ListItem","position":1,"name":"Home","item":"https:\/\/www.groupfleet.com\/de\/"},{"@type":"ListItem","position":2,"name":"Sharing is Caring"}]},{"@type":"WebSite","@id":"https:\/\/www.groupfleet.com\/de\/#website","url":"https:\/\/www.groupfleet.com\/de\/","name":"Volkswagen Group | FleetHub","description":"Online magazine for Fleet managers","potentialAction":[{"@type":"SearchAction","target":{"@type":"EntryPoint","urlTemplate":"https:\/\/www.groupfleet.com\/de\/?s={search_term_string}"},"query-input":{"@type":"PropertyValueSpecification","valueRequired":true,"valueName":"search_term_string"}}],"inLanguage":"de"},{"@type":"Person","@id":"https:\/\/www.groupfleet.com\/de\/#\/schema\/person\/8b1d7be286fefef37804765123983b32","name":"Stefan Gro\u00dfer","url":"https:\/\/www.groupfleet.com\/de\/author\/sgrosser\/"}]}},"_links":{"self":[{"href":"https:\/\/www.groupfleet.com\/de\/wp-json\/wp\/v2\/posts\/28592","targetHints":{"allow":["GET"]}}],"collection":[{"href":"https:\/\/www.groupfleet.com\/de\/wp-json\/wp\/v2\/posts"}],"about":[{"href":"https:\/\/www.groupfleet.com\/de\/wp-json\/wp\/v2\/types\/post"}],"author":[{"embeddable":true,"href":"https:\/\/www.groupfleet.com\/de\/wp-json\/wp\/v2\/users\/39"}],"replies":[{"embeddable":true,"href":"https:\/\/www.groupfleet.com\/de\/wp-json\/wp\/v2\/comments?post=28592"}],"version-history":[{"count":0,"href":"https:\/\/www.groupfleet.com\/de\/wp-json\/wp\/v2\/posts\/28592\/revisions"}],"wp:featuredmedia":[{"embeddable":true,"href":"https:\/\/www.groupfleet.com\/de\/wp-json\/wp\/v2\/media\/28599"}],"wp:attachment":[{"href":"https:\/\/www.groupfleet.com\/de\/wp-json\/wp\/v2\/media?parent=28592"}],"wp:term":[{"taxonomy":"category","embeddable":true,"href":"https:\/\/www.groupfleet.com\/de\/wp-json\/wp\/v2\/categories?post=28592"},{"taxonomy":"post_tag","embeddable":true,"href":"https:\/\/www.groupfleet.com\/de\/wp-json\/wp\/v2\/tags?post=28592"}],"curies":[{"name":"wp","href":"https:\/\/api.w.org\/{rel}","templated":true}]}}