{"id":27648,"date":"2022-10-27T12:08:06","date_gmt":"2022-10-27T10:08:06","guid":{"rendered":"https:\/\/www.groupfleet.com\/?p=27648"},"modified":"2024-09-10T14:25:08","modified_gmt":"2024-09-10T12:25:08","slug":"ladepunkte-in-europa","status":"publish","type":"post","link":"https:\/\/www.groupfleet.com\/de\/ladepunkte-in-europa\/","title":{"rendered":"Wie l\u00e4dt\u2019s?"},"content":{"rendered":"<div class=\"wpb-content-wrapper\"><p>[vc_row full_width=&#8220;stretch_row_content&#8220;][vc_column width=&#8220;1\/6&#8243;][vc_empty_space height=&#8220;2px&#8220;][\/vc_column][vc_column width=&#8220;2\/3&#8243;][vc_column_text]<span style=\"font-size: 14pt; color: #6c2211;\">Wer sich in Europa aus beruflichen Gr\u00fcnden mit Mobilit\u00e4t besch\u00e4ftigt, kommt nicht umhin, das Ziel der Klimaneutralit\u00e4t der Europ\u00e4ischen Union (EU) zu kennen \u2013 und sich intensiv mit den beschlossenen und geplanten Ma\u00dfnahmen auseinanderzusetzen, die dieses Vorhaben unterst\u00fctzen: Aktuell hat die EU ein ehrgeiziges Gesetzespaket mit dem Namen \u201eFit f\u00fcr 55 bis 2030\u201c geschn\u00fcrt. Es umfasst 13 miteinander verkn\u00fcpfte \u00fcberarbeitete Gesetze und sechs Gesetzesvorschl\u00e4ge zu Klima und Energie.\u00b9\u207e<\/span>[\/vc_column_text][\/vc_column][vc_column width=&#8220;1\/6&#8243;][vc_empty_space height=&#8220;2px&#8220;][\/vc_column][\/vc_row][vc_row][vc_column]\n\n<div class=\"article_paragraphimage article_paragraphimage_right \" style=\"width: 40%;\">\n\t<div class=\"ap_img_wrapper mylightbox_hover\">\n\t\t<img loading=\"lazy\" decoding=\"async\" width=\"640\" height=\"427\" src=\"https:\/\/www.groupfleet.com\/wp-content\/uploads\/2022\/10\/Ladeinfratruktur_58580864-640x427.jpg\" class=\"attachment-vw_small size-vw_small open_mylightbox\" alt=\"\" data-full=\"https:\/\/www.groupfleet.com\/wp-content\/uploads\/2022\/10\/Ladeinfratruktur_58580864-1800x1200.jpg\" data-desc=\"\" \/>\t<\/div>\n\t<div class=\"article_paragraphimage_text\">\n\t\t\t<\/div>\n\t<div class=\"clear\"><\/div>\n<\/div>[vc_column_text]<\/p>\n<div class=\"textimage abstractContentDialogComponent abstractContentComponent parbase section\">\n<div class=\"textmedia textmedia--largemedia textmedia--right h-clearfix\">\n<div class=\"textmedia__inner\">\n<div class=\"textmedia__text \">\n<div class=\"textimage abstractContentDialogComponent abstractContentComponent parbase section\">\n<div class=\"textmedia textmedia--inverse textmedia--right h-clearfix\">\n<div class=\"textmedia__inner\">\n<div class=\"textmedia__text \">\n<p>Kaum verwunderlich, dass sich \u201eFit f\u00fcr 55 bis 2030\u201c auch auf den automobilen Verkehr auswirken soll: Das EU-Parlament unterst\u00fctzt beispielsweise den Vorschlag, die Emissionen von Pkw und leichten Nutzfahrzeugen im Jahr 2035 auf null zu reduzieren. Und: Dabei sollen die Zwischenziele f\u00fcr die Verringerung der Emissionen bis 2030 auf 55 Prozent f\u00fcr Pkw und 50 Prozent f\u00fcr leichte Nutzfahrzeuge festgelegt werden. Ehrgeizige Ziele, die nur im Zusammenspiel mit den weiteren Reduktionsma\u00dfnahmen des Pakets funktionieren k\u00f6nnen \u2013 bei gleichzeitiger Fokussierung auf Elektromobilit\u00e4t. Doch daf\u00fcr muss sich nicht nur die Elektro-Akzeptanz bei Gesch\u00e4fts- und Privatkunden exponentiell erh\u00f6hen, sondern auch die Frage nach niederschwelligen Ladem\u00f6glichkeiten beantwortet werden. Der europ\u00e4ische Automobilherstellerverband (Association des Constructeurs Europ\u00e9ens d&#8217;Automobiles, ACEA) hat sich vor kurzem die aktuelle Ladeinfrastruktur in Europa angesehen \u2013 mit eindeutigem Ergebnis.\u00b2\u207e<\/p>\n<p>&nbsp;<\/p>\n<\/div>\n<\/div>\n<\/div>\n<\/div>\n<div class=\"textimage abstractContentDialogComponent abstractContentComponent parbase section\">\n<div class=\"textmedia textmedia--right h-clearfix\">\n<div class=\"textmedia__inner\">\n<div class=\"textmedia__text \">\n<p><b>Unausgewogene Verteilung<\/b><br \/>\nDenn bei der EU-weiten Analyse vorhandener Ladepunkte zeigte sich, dass etwa die H\u00e4lfte aller Angebote in gerade mal zwei L\u00e4ndern zu finden ist: Zum einen in den Niederlanden (29,4 Prozent) und zum anderen in Deutschland (19,4 Prozent). Im Umkehrschluss bedeutet das: 50 Prozent aller Ladestationen befinden sich \u00fcber die restlichen 25 Mitgliedsl\u00e4nder verteilt. Und das stellt fl\u00e4chenm\u00e4\u00dfig eine h\u00f6chst unausgewogene Verteilung dar: Eine H\u00e4lfte aller Ladem\u00f6glichkeiten befindet sich auf etwa 10 Prozent der EU-Fl\u00e4che, die andere H\u00e4lfte auf den restlichen 90 Prozent.<\/p>\n<\/div>\n<\/div>\n<\/div>\n<\/div>\n<\/div>\n<\/div>\n<\/div>\n<\/div>\n<p>[\/vc_column_text][\/vc_column][\/vc_row][vc_row css_animation=&#8220;fadeInUp&#8220;][vc_column]\n\n<div class=\"article_paragraphimage article_paragraphimage_left ap_with_subline\" style=\"width: 40%;\">\n\t<div class=\"ap_img_wrapper mylightbox_hover\">\n\t\t<img loading=\"lazy\" decoding=\"async\" width=\"640\" height=\"360\" src=\"https:\/\/www.groupfleet.com\/wp-content\/uploads\/2022\/10\/progress-report_CO2_Car_Visual-10-1-640x360.png\" class=\"attachment-vw_small size-vw_small open_mylightbox\" alt=\"\" data-full=\"https:\/\/www.groupfleet.com\/wp-content\/uploads\/2022\/10\/progress-report_CO2_Car_Visual-10-1-1800x1013.png\" data-desc=\"Association des Constructeurs Europ\u00e9ens d&#039;Automobiles, ACEA\" \/>\t<\/div>\n\t<div class=\"article_paragraphimage_text\">\n\t\t<span style=\"font-family: arial, helvetica, sans-serif; font-size: 10pt;\"><strong>Bild: <\/strong>Association des Constructeurs Europ\u00e9ens d&#8217;Automobiles, ACEA<\/span>\t<\/div>\n\t<div class=\"clear\"><\/div>\n<\/div>[vc_column_text]<span style=\"font-size: 12pt;\"><b>West-Ost-Gef\u00e4lle<\/b><\/span><\/p>\n<p><span style=\"font-size: 12pt;\">Noch krasser stellt sich der Unterschied bei genauerer Betrachtung der Rangliste dar: so besitzt der Spitzenreiter Niederlande 1.600-mal mehr Ladepunkte als das Schlusslicht Zypern mit gerade mal 57 Angeboten. Es ist sogar so, dass die Niederl\u00e4nder allein so viele Ladepunkte besitzen, wie 23 Mitgliedstaaten zusammen \u2026 Zudem zeigt sich durch die Analyse der ACAE: Bei der Ladeinfrastruktur innerhalb der EU besteht ein klares Verteilungsgef\u00e4lle von den westeurop\u00e4ischen L\u00e4ndern hin zu Mittel- und Osteuropa: So verf\u00fcgt beispielsweise ein gro\u00dfes Land wie Rum\u00e4nien \u2013 etwa sechsmal so gro\u00df wie die Niederlande! \u2013 nur \u00fcber 0,4 Prozent aller Ladepunkte in der EU.<\/span>[\/vc_column_text][\/vc_column][\/vc_row][vc_row][vc_column][vc_column_text]<b>Starker Mehrbedarf<\/b><br \/>\nDoch nicht nur bei der Verteilung von Ladenangeboten in den EU-L\u00e4ndern besteht Nachholbedarf \u2013 auch die Gesamtzahl liegt hinter dem Bedarf zur\u00fcck. Zwar habe sich diese laut ACAE in den vergangenen f\u00fcnf Jahren sp\u00fcrbar auf \u00fcber 307.000 Ladepunkte erh\u00f6ht. Diese Menge decke aber bei weitem nicht die Nachfrage. Um das vorgeschlagene Zwischenziel beim CO\u2082-Aussto\u00df bis zum Jahr 2030 zu erreichen \u2013 immerhin eine Verringerung um 55 Prozent \u2013, m\u00fcssten bis dahin rund 6,5 Millionen Ladepunkte EU-weit zur Verf\u00fcgung stehen. Bei gleichzeitig deutlich ausgewogenerer Verteilung als heute. Das bedeutet eine Steigerung um mehr als das 22-fache in gerade einmal acht Jahren. Es gibt also noch viel zu tun.[\/vc_column_text][\/vc_column][\/vc_row][vc_row][vc_column][vc_separator border_width=&#8220;2&#8243;][vc_column_text]<\/p>\n<div class=\"richtext abstractContentComponent parbase section\">\n<div class=\"grid-section grid-group\">\n<div class=\"grid-col span_12_of_12\">\n<div class=\"textmedia h-clearfix\">\n<div class=\"textmedia__inner textmedia__richtext\">\n<div class=\"richtext abstractContentComponent parbase section\">\n<div class=\"grid-section grid-group\">\n<div class=\"grid-col span_12_of_12\">\n<div class=\"textmedia h-clearfix\">\n<div class=\"textmedia__inner textmedia__richtext\">\n<p><span style=\"font-size: 10pt;\"><i>\u00b9\u207eQuelle: Europ\u00e4isches Parlament,\u00a0<a class=\"js-external-link\" title=\"Reduktion von CO\u2082-Emissionen: Klimaziele und Ma\u00dfnahmen der EU\" href=\"https:\/\/www.europarl.europa.eu\/news\/de\/headlines\/society\/20180305STO99003\/reduktion-von-co2-emissionen-klimaziele-und-massnahmen-der-eu\" target=\"_blank\" rel=\"noopener\">Reduktion von CO\u2082-Emissionen: Klimaziele und Ma\u00dfnahmen der EU<\/a><\/i><\/span><\/p>\n<p><span style=\"font-size: 10pt;\"><i>\u00b2\u207eQuelle: Association des Constructeurs Europ\u00e9ens d&#8217;Automobiles, ACEA,\u00a0<a class=\"js-external-link\" title=\"Electric cars: Half of all chargers in EU concentrated in just two countries\" href=\"https:\/\/www.acea.auto\/press-release\/electric-cars-half-of-all-chargers-in-eu-concentrated-in-just-two-countries\/\" target=\"_blank\" rel=\"noopener\">Electric cars: Half of all chargers in EU concentrated in just two countries<\/a>\u00a0(Englische Sprache)<\/i><\/span><\/p>\n<p>&nbsp;<\/p>\n<\/div>\n<\/div>\n<\/div>\n<\/div>\n<\/div>\n<div class=\"richtext abstractContentComponent parbase section\">\n<div class=\"grid-section grid-group\">\n<div class=\"grid-col span_12_of_12\">\n<div class=\"textmedia h-clearfix\">\n<div class=\"textmedia__inner textmedia__richtext\">\n<p class=\"singlecolumntext\"><span style=\"font-size: 10pt;\">Stand: 28.09.2022<\/span><br \/>\n<span style=\"font-size: 10pt;\">\u00a9 Volkswagen AG<\/span><\/p>\n<\/div>\n<\/div>\n<\/div>\n<\/div>\n<\/div>\n<\/div>\n<\/div>\n<\/div>\n<\/div>\n<\/div>\n<p>[\/vc_column_text][\/vc_column][\/vc_row]<\/p>\n<\/div>","protected":false},"excerpt":{"rendered":"<p>Wer sich in Europa aus beruflichen Gr\u00fcnden mit Mobilit\u00e4t besch\u00e4ftigt, kommt nicht umhin, das Ziel der Klimaneutralit\u00e4t der Europ\u00e4ischen Union (EU) zu kennen<\/p>\n","protected":false},"author":39,"featured_media":27540,"comment_status":"closed","ping_status":"closed","sticky":false,"template":"","format":"standard","meta":{"_acf_changed":false,"footnotes":""},"categories":[175,48],"tags":[],"class_list":["post-27648","post","type-post","status-publish","format-standard","has-post-thumbnail","hentry","category-fuhrparkmanagement","category-hintergrundwissen","newsletter-fleetnews-04-22"],"acf":[],"yoast_head":"<!-- This site is optimized with the Yoast SEO plugin v27.4 - https:\/\/yoast.com\/product\/yoast-seo-wordpress\/ -->\n<title>Wie l\u00e4dt\u2019s? - Volkswagen Group | FleetHub<\/title>\n<meta name=\"robots\" content=\"index, follow, max-snippet:-1, max-image-preview:large, max-video-preview:-1\" \/>\n<link rel=\"canonical\" href=\"https:\/\/www.volkswagen-newsroom.com\/de\/pressemitteilungen\/der-neue-id4-weltpremiere-des-rein-elektrisch-angetriebenen-suv-6446\" \/>\n<meta property=\"og:locale\" content=\"de_DE\" \/>\n<meta property=\"og:type\" content=\"article\" \/>\n<meta property=\"og:title\" content=\"Wie l\u00e4dt\u2019s? - Volkswagen Group | FleetHub\" \/>\n<meta property=\"og:description\" content=\"Wer sich in Europa aus beruflichen Gr\u00fcnden mit Mobilit\u00e4t besch\u00e4ftigt, kommt nicht umhin, das Ziel der Klimaneutralit\u00e4t der Europ\u00e4ischen Union (EU) zu kennen\" \/>\n<meta property=\"og:url\" content=\"https:\/\/www.volkswagen-newsroom.com\/de\/pressemitteilungen\/der-neue-id4-weltpremiere-des-rein-elektrisch-angetriebenen-suv-6446\" \/>\n<meta property=\"og:site_name\" content=\"Volkswagen Group | FleetHub\" \/>\n<meta property=\"article:published_time\" content=\"2022-10-27T10:08:06+00:00\" \/>\n<meta property=\"article:modified_time\" content=\"2024-09-10T12:25:08+00:00\" \/>\n<meta property=\"og:image\" content=\"https:\/\/www.groupfleet.com\/wp-content\/uploads\/2022\/10\/Ladeinfratruktur_58580864-scaled.jpg\" \/>\n\t<meta property=\"og:image:width\" content=\"2560\" \/>\n\t<meta property=\"og:image:height\" content=\"1707\" \/>\n\t<meta property=\"og:image:type\" content=\"image\/jpeg\" \/>\n<meta name=\"author\" content=\"Stefan Gro\u00dfer\" \/>\n<meta name=\"twitter:card\" content=\"summary_large_image\" \/>\n<meta name=\"twitter:label1\" content=\"Verfasst von\" \/>\n\t<meta name=\"twitter:data1\" content=\"Stefan Gro\u00dfer\" \/>\n\t<meta name=\"twitter:label2\" content=\"Gesch\u00e4tzte Lesezeit\" \/>\n\t<meta name=\"twitter:data2\" content=\"4\u00a0Minuten\" \/>\n<script type=\"application\/ld+json\" class=\"yoast-schema-graph\">{\"@context\":\"https:\\\/\\\/schema.org\",\"@graph\":[{\"@type\":\"Article\",\"@id\":\"https:\\\/\\\/www.volkswagen-newsroom.com\\\/de\\\/pressemitteilungen\\\/der-neue-id4-weltpremiere-des-rein-elektrisch-angetriebenen-suv-6446#article\",\"isPartOf\":{\"@id\":\"https:\\\/\\\/www.groupfleet.com\\\/de\\\/ladepunkte-in-europa\\\/\"},\"author\":{\"name\":\"Stefan Gro\u00dfer\",\"@id\":\"https:\\\/\\\/www.groupfleet.com\\\/de\\\/#\\\/schema\\\/person\\\/8b1d7be286fefef37804765123983b32\"},\"headline\":\"Wie l\u00e4dt\u2019s?\",\"datePublished\":\"2022-10-27T10:08:06+00:00\",\"dateModified\":\"2024-09-10T12:25:08+00:00\",\"mainEntityOfPage\":{\"@id\":\"https:\\\/\\\/www.groupfleet.com\\\/de\\\/ladepunkte-in-europa\\\/\"},\"wordCount\":682,\"image\":{\"@id\":\"https:\\\/\\\/www.volkswagen-newsroom.com\\\/de\\\/pressemitteilungen\\\/der-neue-id4-weltpremiere-des-rein-elektrisch-angetriebenen-suv-6446#primaryimage\"},\"thumbnailUrl\":\"https:\\\/\\\/www.groupfleet.com\\\/wp-content\\\/uploads\\\/2022\\\/10\\\/Ladeinfratruktur_58580864-scaled.jpg\",\"articleSection\":[\"Fuhrparkmanagement\",\"Fuhrparkwissen\"],\"inLanguage\":\"de\"},{\"@type\":\"WebPage\",\"@id\":\"https:\\\/\\\/www.groupfleet.com\\\/de\\\/ladepunkte-in-europa\\\/\",\"url\":\"https:\\\/\\\/www.volkswagen-newsroom.com\\\/de\\\/pressemitteilungen\\\/der-neue-id4-weltpremiere-des-rein-elektrisch-angetriebenen-suv-6446\",\"name\":\"Wie l\u00e4dt\u2019s? - Volkswagen Group | FleetHub\",\"isPartOf\":{\"@id\":\"https:\\\/\\\/www.groupfleet.com\\\/de\\\/#website\"},\"primaryImageOfPage\":{\"@id\":\"https:\\\/\\\/www.volkswagen-newsroom.com\\\/de\\\/pressemitteilungen\\\/der-neue-id4-weltpremiere-des-rein-elektrisch-angetriebenen-suv-6446#primaryimage\"},\"image\":{\"@id\":\"https:\\\/\\\/www.volkswagen-newsroom.com\\\/de\\\/pressemitteilungen\\\/der-neue-id4-weltpremiere-des-rein-elektrisch-angetriebenen-suv-6446#primaryimage\"},\"thumbnailUrl\":\"https:\\\/\\\/www.groupfleet.com\\\/wp-content\\\/uploads\\\/2022\\\/10\\\/Ladeinfratruktur_58580864-scaled.jpg\",\"datePublished\":\"2022-10-27T10:08:06+00:00\",\"dateModified\":\"2024-09-10T12:25:08+00:00\",\"author\":{\"@id\":\"https:\\\/\\\/www.groupfleet.com\\\/de\\\/#\\\/schema\\\/person\\\/8b1d7be286fefef37804765123983b32\"},\"breadcrumb\":{\"@id\":\"https:\\\/\\\/www.volkswagen-newsroom.com\\\/de\\\/pressemitteilungen\\\/der-neue-id4-weltpremiere-des-rein-elektrisch-angetriebenen-suv-6446#breadcrumb\"},\"inLanguage\":\"de\",\"potentialAction\":[{\"@type\":\"ReadAction\",\"target\":[\"https:\\\/\\\/www.volkswagen-newsroom.com\\\/de\\\/pressemitteilungen\\\/der-neue-id4-weltpremiere-des-rein-elektrisch-angetriebenen-suv-6446\"]}]},{\"@type\":\"ImageObject\",\"inLanguage\":\"de\",\"@id\":\"https:\\\/\\\/www.volkswagen-newsroom.com\\\/de\\\/pressemitteilungen\\\/der-neue-id4-weltpremiere-des-rein-elektrisch-angetriebenen-suv-6446#primaryimage\",\"url\":\"https:\\\/\\\/www.groupfleet.com\\\/wp-content\\\/uploads\\\/2022\\\/10\\\/Ladeinfratruktur_58580864-scaled.jpg\",\"contentUrl\":\"https:\\\/\\\/www.groupfleet.com\\\/wp-content\\\/uploads\\\/2022\\\/10\\\/Ladeinfratruktur_58580864-scaled.jpg\",\"width\":2560,\"height\":1707,\"caption\":\"Ladeinfrastruktur\"},{\"@type\":\"BreadcrumbList\",\"@id\":\"https:\\\/\\\/www.volkswagen-newsroom.com\\\/de\\\/pressemitteilungen\\\/der-neue-id4-weltpremiere-des-rein-elektrisch-angetriebenen-suv-6446#breadcrumb\",\"itemListElement\":[{\"@type\":\"ListItem\",\"position\":1,\"name\":\"Home\",\"item\":\"https:\\\/\\\/www.groupfleet.com\\\/de\\\/\"},{\"@type\":\"ListItem\",\"position\":2,\"name\":\"Wie l\u00e4dt\u2019s?\"}]},{\"@type\":\"WebSite\",\"@id\":\"https:\\\/\\\/www.groupfleet.com\\\/de\\\/#website\",\"url\":\"https:\\\/\\\/www.groupfleet.com\\\/de\\\/\",\"name\":\"Volkswagen Group | FleetHub\",\"description\":\"Online magazine for Fleet managers\",\"potentialAction\":[{\"@type\":\"SearchAction\",\"target\":{\"@type\":\"EntryPoint\",\"urlTemplate\":\"https:\\\/\\\/www.groupfleet.com\\\/de\\\/?s={search_term_string}\"},\"query-input\":{\"@type\":\"PropertyValueSpecification\",\"valueRequired\":true,\"valueName\":\"search_term_string\"}}],\"inLanguage\":\"de\"},{\"@type\":\"Person\",\"@id\":\"https:\\\/\\\/www.groupfleet.com\\\/de\\\/#\\\/schema\\\/person\\\/8b1d7be286fefef37804765123983b32\",\"name\":\"Stefan Gro\u00dfer\",\"url\":\"https:\\\/\\\/www.groupfleet.com\\\/de\\\/author\\\/sgrosser\\\/\"}]}<\/script>\n<!-- \/ Yoast SEO plugin. -->","yoast_head_json":{"title":"Wie l\u00e4dt\u2019s? - Volkswagen Group | FleetHub","robots":{"index":"index","follow":"follow","max-snippet":"max-snippet:-1","max-image-preview":"max-image-preview:large","max-video-preview":"max-video-preview:-1"},"canonical":"https:\/\/www.volkswagen-newsroom.com\/de\/pressemitteilungen\/der-neue-id4-weltpremiere-des-rein-elektrisch-angetriebenen-suv-6446","og_locale":"de_DE","og_type":"article","og_title":"Wie l\u00e4dt\u2019s? - Volkswagen Group | FleetHub","og_description":"Wer sich in Europa aus beruflichen Gr\u00fcnden mit Mobilit\u00e4t besch\u00e4ftigt, kommt nicht umhin, das Ziel der Klimaneutralit\u00e4t der Europ\u00e4ischen Union (EU) zu kennen","og_url":"https:\/\/www.volkswagen-newsroom.com\/de\/pressemitteilungen\/der-neue-id4-weltpremiere-des-rein-elektrisch-angetriebenen-suv-6446","og_site_name":"Volkswagen Group | FleetHub","article_published_time":"2022-10-27T10:08:06+00:00","article_modified_time":"2024-09-10T12:25:08+00:00","og_image":[{"width":2560,"height":1707,"url":"https:\/\/www.groupfleet.com\/wp-content\/uploads\/2022\/10\/Ladeinfratruktur_58580864-scaled.jpg","type":"image\/jpeg"}],"author":"Stefan Gro\u00dfer","twitter_card":"summary_large_image","twitter_misc":{"Verfasst von":"Stefan Gro\u00dfer","Gesch\u00e4tzte Lesezeit":"4\u00a0Minuten"},"schema":{"@context":"https:\/\/schema.org","@graph":[{"@type":"Article","@id":"https:\/\/www.volkswagen-newsroom.com\/de\/pressemitteilungen\/der-neue-id4-weltpremiere-des-rein-elektrisch-angetriebenen-suv-6446#article","isPartOf":{"@id":"https:\/\/www.groupfleet.com\/de\/ladepunkte-in-europa\/"},"author":{"name":"Stefan Gro\u00dfer","@id":"https:\/\/www.groupfleet.com\/de\/#\/schema\/person\/8b1d7be286fefef37804765123983b32"},"headline":"Wie l\u00e4dt\u2019s?","datePublished":"2022-10-27T10:08:06+00:00","dateModified":"2024-09-10T12:25:08+00:00","mainEntityOfPage":{"@id":"https:\/\/www.groupfleet.com\/de\/ladepunkte-in-europa\/"},"wordCount":682,"image":{"@id":"https:\/\/www.volkswagen-newsroom.com\/de\/pressemitteilungen\/der-neue-id4-weltpremiere-des-rein-elektrisch-angetriebenen-suv-6446#primaryimage"},"thumbnailUrl":"https:\/\/www.groupfleet.com\/wp-content\/uploads\/2022\/10\/Ladeinfratruktur_58580864-scaled.jpg","articleSection":["Fuhrparkmanagement","Fuhrparkwissen"],"inLanguage":"de"},{"@type":"WebPage","@id":"https:\/\/www.groupfleet.com\/de\/ladepunkte-in-europa\/","url":"https:\/\/www.volkswagen-newsroom.com\/de\/pressemitteilungen\/der-neue-id4-weltpremiere-des-rein-elektrisch-angetriebenen-suv-6446","name":"Wie l\u00e4dt\u2019s? - Volkswagen Group | FleetHub","isPartOf":{"@id":"https:\/\/www.groupfleet.com\/de\/#website"},"primaryImageOfPage":{"@id":"https:\/\/www.volkswagen-newsroom.com\/de\/pressemitteilungen\/der-neue-id4-weltpremiere-des-rein-elektrisch-angetriebenen-suv-6446#primaryimage"},"image":{"@id":"https:\/\/www.volkswagen-newsroom.com\/de\/pressemitteilungen\/der-neue-id4-weltpremiere-des-rein-elektrisch-angetriebenen-suv-6446#primaryimage"},"thumbnailUrl":"https:\/\/www.groupfleet.com\/wp-content\/uploads\/2022\/10\/Ladeinfratruktur_58580864-scaled.jpg","datePublished":"2022-10-27T10:08:06+00:00","dateModified":"2024-09-10T12:25:08+00:00","author":{"@id":"https:\/\/www.groupfleet.com\/de\/#\/schema\/person\/8b1d7be286fefef37804765123983b32"},"breadcrumb":{"@id":"https:\/\/www.volkswagen-newsroom.com\/de\/pressemitteilungen\/der-neue-id4-weltpremiere-des-rein-elektrisch-angetriebenen-suv-6446#breadcrumb"},"inLanguage":"de","potentialAction":[{"@type":"ReadAction","target":["https:\/\/www.volkswagen-newsroom.com\/de\/pressemitteilungen\/der-neue-id4-weltpremiere-des-rein-elektrisch-angetriebenen-suv-6446"]}]},{"@type":"ImageObject","inLanguage":"de","@id":"https:\/\/www.volkswagen-newsroom.com\/de\/pressemitteilungen\/der-neue-id4-weltpremiere-des-rein-elektrisch-angetriebenen-suv-6446#primaryimage","url":"https:\/\/www.groupfleet.com\/wp-content\/uploads\/2022\/10\/Ladeinfratruktur_58580864-scaled.jpg","contentUrl":"https:\/\/www.groupfleet.com\/wp-content\/uploads\/2022\/10\/Ladeinfratruktur_58580864-scaled.jpg","width":2560,"height":1707,"caption":"Ladeinfrastruktur"},{"@type":"BreadcrumbList","@id":"https:\/\/www.volkswagen-newsroom.com\/de\/pressemitteilungen\/der-neue-id4-weltpremiere-des-rein-elektrisch-angetriebenen-suv-6446#breadcrumb","itemListElement":[{"@type":"ListItem","position":1,"name":"Home","item":"https:\/\/www.groupfleet.com\/de\/"},{"@type":"ListItem","position":2,"name":"Wie l\u00e4dt\u2019s?"}]},{"@type":"WebSite","@id":"https:\/\/www.groupfleet.com\/de\/#website","url":"https:\/\/www.groupfleet.com\/de\/","name":"Volkswagen Group | FleetHub","description":"Online magazine for Fleet managers","potentialAction":[{"@type":"SearchAction","target":{"@type":"EntryPoint","urlTemplate":"https:\/\/www.groupfleet.com\/de\/?s={search_term_string}"},"query-input":{"@type":"PropertyValueSpecification","valueRequired":true,"valueName":"search_term_string"}}],"inLanguage":"de"},{"@type":"Person","@id":"https:\/\/www.groupfleet.com\/de\/#\/schema\/person\/8b1d7be286fefef37804765123983b32","name":"Stefan Gro\u00dfer","url":"https:\/\/www.groupfleet.com\/de\/author\/sgrosser\/"}]}},"_links":{"self":[{"href":"https:\/\/www.groupfleet.com\/de\/wp-json\/wp\/v2\/posts\/27648","targetHints":{"allow":["GET"]}}],"collection":[{"href":"https:\/\/www.groupfleet.com\/de\/wp-json\/wp\/v2\/posts"}],"about":[{"href":"https:\/\/www.groupfleet.com\/de\/wp-json\/wp\/v2\/types\/post"}],"author":[{"embeddable":true,"href":"https:\/\/www.groupfleet.com\/de\/wp-json\/wp\/v2\/users\/39"}],"replies":[{"embeddable":true,"href":"https:\/\/www.groupfleet.com\/de\/wp-json\/wp\/v2\/comments?post=27648"}],"version-history":[{"count":0,"href":"https:\/\/www.groupfleet.com\/de\/wp-json\/wp\/v2\/posts\/27648\/revisions"}],"wp:featuredmedia":[{"embeddable":true,"href":"https:\/\/www.groupfleet.com\/de\/wp-json\/wp\/v2\/media\/27540"}],"wp:attachment":[{"href":"https:\/\/www.groupfleet.com\/de\/wp-json\/wp\/v2\/media?parent=27648"}],"wp:term":[{"taxonomy":"category","embeddable":true,"href":"https:\/\/www.groupfleet.com\/de\/wp-json\/wp\/v2\/categories?post=27648"},{"taxonomy":"post_tag","embeddable":true,"href":"https:\/\/www.groupfleet.com\/de\/wp-json\/wp\/v2\/tags?post=27648"}],"curies":[{"name":"wp","href":"https:\/\/api.w.org\/{rel}","templated":true}]}}