{"id":26355,"date":"2021-02-03T11:38:55","date_gmt":"2021-02-03T10:38:55","guid":{"rendered":"https:\/\/www.groupfleet.com\/?p=26355"},"modified":"2024-09-11T14:14:57","modified_gmt":"2024-09-11T12:14:57","slug":"ladeinfrastruktur-fallstricke-vermeiden","status":"publish","type":"post","link":"https:\/\/www.groupfleet.com\/de\/ladeinfrastruktur-fallstricke-vermeiden\/","title":{"rendered":"Fallstricke vermeiden"},"content":{"rendered":"<div class=\"wpb-content-wrapper\"><p>[vc_row full_width=&#8220;stretch_row_content&#8220; css=&#8220;.vc_custom_1664097904438{padding-top: 2em !important;padding-bottom: 2em !important;background-color: #8dc212 !important;}&#8220;][vc_column][vc_column_text]<span style=\"font-size: 18pt;\"><strong><span style=\"color: #ffffff;\">Auch wenn die Elektromobilit\u00e4t langsam Fahrt aufnimmt, stehen viele Unternehmen noch immer ganz am Anfang bei der Elektrifizierung ihres Fuhrparks. Doch die Zeit dr\u00e4ngt, denn mit Blick auf die Mobilit\u00e4tswende f\u00fchrt an Elektrofahrzeugen kein Weg vorbei. Die gute Nachricht: Wer die Herausforderung mit k\u00fchlem Kopf annimmt, kann einen Beitrag zum Klimaschutz leisten \u2013 und gleichzeitig vom technologischen Wandel profitieren.<\/span><\/strong><\/span>[\/vc_column_text][\/vc_column][\/vc_row][vc_row][vc_column][vc_column_text]<\/p>\n<h2 class=\"singlecolumntext\">Ausbau strategisch angehen<\/h2>\n<p class=\"singlecolumntext\">Bevor allerdings die ersten Elektrofahrzeuge auf den Firmenparkplatz rollen, muss die entsprechende Ladeinfrastruktur vorbereitet und deren grunds\u00e4tzlicher Energiebedarf ermittelt werden. Das ist umso wichtiger, je breiter der Fuhrpark aufgestellt ist: Mobilit\u00e4tsexperten gehen aktuell davon aus, dass in gro\u00dfen Unternehmen ein Ladepunkt f\u00fcr bis zu 12 E-Fahrzeuge ausreicht \u2013 es ist aber davon auszugehen, dass dieses Angebot in Zukunft stark steigen muss. Entscheider sollten also im Vorfeld ihre Anforderungen an eine Ladeinfrastruktur genau definieren und auch k\u00fcnftige Entwicklungen einsch\u00e4tzen, um eine \u00f6kologisch und \u00f6konomisch nachhaltige L\u00f6sung zu erhalten. Das ist komplex, weil zahlreiche individuelle Faktoren eine Rolle spielen. Der Organisationsaufwand verringert sich aber, wenn am Anfang einige wichtige Fragen beantwortet werden.<\/p>\n<p>[\/vc_column_text][vc_column_text css=&#8220;.vc_custom_1664540038402{margin-top: 70px !important;}&#8220;]<\/p>\n<h2 class=\"singlecolumntext\">Wie viele Ladepunkte sind n\u00f6tig?<\/h2>\n<p class=\"singlecolumntext\">Idealerweise stehen so viele Ladem\u00f6glichkeiten f\u00fcr die Elektrofahrzeuge zur Verf\u00fcgung, dass beispielsweise B\u00fcropendler die t\u00e4gliche Standzeit zum Strom tanken nutzen k\u00f6nnen. Sind dagegen zu wenige Anschl\u00fcsse vorhanden, m\u00fcssen die Mitarbeiter unter Umst\u00e4nden das Auto umrangieren, was unwirtschaftlich und unpraktisch ist. Im Rahmen von baulichen Ma\u00dfnahmen macht es zudem durchaus Sinn, die Stellpl\u00e4tze auf sp\u00e4tere Nachr\u00fcstungen vorzubereiten und n\u00f6tige Vorkehrungen zu treffen: beispielsweise Leerrohre f\u00fcr die Verkabelung.<\/p>\n<p>[\/vc_column_text][vc_column_text css=&#8220;.vc_custom_1664540053980{margin-top: 70px !important;}&#8220;]<\/p>\n<h2 class=\"singlecolumntext\">Wie gestalten sich die Fahrszenarien der Mitarbeiter?<\/h2>\n<p class=\"singlecolumntext\">Denn diese beeinflussen ebenfalls die Auslegung der Infrastruktur. Bewegen sich beispielsweise die t\u00e4glichen Fahrtstrecken im Rahmen der Batteriereichweite oder handelt es sich vor allem um Berufspendler mit langen Standzeiten, k\u00f6nnen Wechselstrom-Ladepunkte ausreichen. M\u00fcssen die E-Fahrzeuge dagegen viele Kilometer schaffen und schnell wieder einsatzf\u00e4hig sein, sind leistungsf\u00e4higere Schnellladestation erste Wahl.<\/p>\n<p>[\/vc_column_text][vc_column_text css=&#8220;.vc_custom_1664540067062{margin-top: 70px !important;}&#8220;]<\/p>\n<h2 class=\"singlecolumntext\">Ist ein Lademanagement wichtig?<\/h2>\n<p class=\"singlecolumntext\">Klare Antwort: Ja. Vor allem bei gr\u00f6\u00dferen Fuhrparks macht es Sinn, die Lades\u00e4ulen mit intelligenten Technologien wie etwa einem Lastmanagement auszustatten. Dieses erm\u00f6glicht etwa die gezielte Steuerung, Anpassung und Verteilung des Stromverbrauchs \u2013 und kann sogar einen kostspieligen Ausbau der lokalen Netzkapazit\u00e4ten verhindern. Integrierte Abrechnungs- und digitale Zugangssysteme erm\u00f6glichen zudem einen wirtschaftlichen Betrieb der Ladeinfrastruktur und er\u00f6ffnen nebenbei zus\u00e4tzliche Analysem\u00f6glichkeiten.<\/p>\n<p>[\/vc_column_text][vc_column_text css=&#8220;.vc_custom_1664540091914{margin-top: 70px !important;}&#8220;]<\/p>\n<h2>Last but not least: Welche innerbetrieblichen Fallstricke sind m\u00f6glich?<\/h2>\n<ul>\n<li>Wird der getankte Strom mit dem Mitarbeiter abgerechnet, m\u00fcssen die Lades\u00e4ulen dem Eichrecht gen\u00fcgen: Dessen Anforderungen f\u00fcrs Schnellladen mit hohen Ladestr\u00f6men sind vom Gesetzgeber allerdings noch nicht komplett definiert.<\/li>\n<li>Erfolgt die Abgabe des beim Arbeitgeber getankten Stroms an die Mitarbeiter kostenlos, ist das lohnsteuerlich v\u00f6llig in Ordnung*. Intern entstehen aber m\u00f6glicherweise Unstimmigkeiten, weil sich Arbeitnehmer mit konventionellen Verbrennern ungleich behandelt f\u00fchlen \u2013 denn Mitarbeiterfahrzeuge (Verbrenner) d\u00fcrfen nicht beim Arbeitgeber kostenlos und steuerfrei betankt werden.<\/li>\n<li>Es muss sichergestellt sein, dass das An- und Abstecken des Fahrzeugs am Ladepunkt nicht zur Erfassung von Arbeitszeiten entfremdet werden kann.<\/li>\n<li>Steht die Lades\u00e4ule im halb\u00f6ffentlichen oder \u00f6ffentlichen Raum, m\u00fcssen die Bestimmungen der Lades\u00e4ulenverordnung (LSV) ber\u00fccksichtigt werden.<\/li>\n<li>Handelt es sich beim Ladestrom zudem um eigenerzeugten Strom aus regenerativen Quellen, ist das zwar positiv im Sinne der Nachhaltigkeit \u2013 f\u00fchrt jedoch zu einer gesetzlichen Meldepflicht und im Falle einer Leistung des Stromes an Dritte zur Pflicht, Stromsteuer abzuf\u00fchren, sobald man Versorger ist<sup>*<\/sup>.<\/li>\n<\/ul>\n<p>[\/vc_column_text][vc_column_text]<i><sup>*)<\/sup> Stimmen Sie dies mit Ihrem Steuerberater bzgl. Stromsteuer ab.<\/i>[\/vc_column_text][\/vc_column][\/vc_row][vc_row][vc_column]\n\n<div class=\"article_infobox article_infobox_center\" style=\"width: 100%; background-color: #48535b;\">\n\t<\/p>\n<h2>Fazit<\/h2>\n<p>Die Installation einer elektrischen Ladeinfrastruktur kann sich lohnen, wenn bei der Planung schon von Anfang an die richtigen Fragen ber\u00fccksichtigt und m\u00f6glich Fallstricke mit bedacht werden. Eine weitere wichtige St\u00fctze ist die passende Beratung, f\u00fcr die im Volkswagen Konzern die MEB-Berater zur Verf\u00fcgung stehen. Nehmen Sie am besten noch heute Kontakt auf und vereinbaren Sie ein erstes Kennenlerngespr\u00e4ch.<\/div>[\/vc_column][\/vc_row][vc_row][vc_column][vc_separator][vc_column_text]<span style=\"font-size: 10pt;\">\u00a9 Volkswagen AG<\/span>[\/vc_column_text][\/vc_column][\/vc_row]<\/p>\n<\/div>","protected":false},"excerpt":{"rendered":"<p>Auch wenn die Elektromobilit\u00e4t langsam Fahrt aufnimmt, stehen viele Unternehmen noch immer ganz am Anfang bei der Elektrifizierung ihres Fuhrparks. <\/p>\n","protected":false},"author":30,"featured_media":26747,"comment_status":"closed","ping_status":"closed","sticky":false,"template":"","format":"standard","meta":{"_acf_changed":false,"footnotes":""},"categories":[175,48],"tags":[],"class_list":["post-26355","post","type-post","status-publish","format-standard","has-post-thumbnail","hentry","category-fuhrparkmanagement","category-hintergrundwissen","newsletter-fleetnews-01-21"],"acf":[],"yoast_head":"<!-- This site is optimized with the Yoast SEO plugin v27.4 - https:\/\/yoast.com\/product\/yoast-seo-wordpress\/ -->\n<title>Fallstricke vermeiden - Volkswagen Group | FleetHub<\/title>\n<meta name=\"robots\" content=\"index, follow, max-snippet:-1, max-image-preview:large, max-video-preview:-1\" \/>\n<link rel=\"canonical\" href=\"https:\/\/www.volkswagen-newsroom.com\/de\/pressemitteilungen\/der-neue-id4-weltpremiere-des-rein-elektrisch-angetriebenen-suv-6446\" \/>\n<meta property=\"og:locale\" content=\"de_DE\" \/>\n<meta property=\"og:type\" content=\"article\" \/>\n<meta property=\"og:title\" content=\"Fallstricke vermeiden - Volkswagen Group | FleetHub\" \/>\n<meta property=\"og:description\" content=\"Auch wenn die Elektromobilit\u00e4t langsam Fahrt aufnimmt, stehen viele Unternehmen noch immer ganz am Anfang bei der Elektrifizierung ihres Fuhrparks.\" \/>\n<meta property=\"og:url\" content=\"https:\/\/www.volkswagen-newsroom.com\/de\/pressemitteilungen\/der-neue-id4-weltpremiere-des-rein-elektrisch-angetriebenen-suv-6446\" \/>\n<meta property=\"og:site_name\" content=\"Volkswagen Group | FleetHub\" \/>\n<meta property=\"article:published_time\" content=\"2021-02-03T10:38:55+00:00\" \/>\n<meta property=\"article:modified_time\" content=\"2024-09-11T12:14:57+00:00\" \/>\n<meta property=\"og:image\" content=\"https:\/\/www.groupfleet.com\/wp-content\/uploads\/2022\/09\/169922145-1600.jpg\" \/>\n\t<meta property=\"og:image:width\" content=\"1600\" \/>\n\t<meta property=\"og:image:height\" content=\"900\" \/>\n\t<meta property=\"og:image:type\" content=\"image\/jpeg\" \/>\n<meta name=\"author\" content=\"Jens Lattke\" \/>\n<meta name=\"twitter:card\" content=\"summary_large_image\" \/>\n<meta name=\"twitter:label1\" content=\"Verfasst von\" \/>\n\t<meta name=\"twitter:data1\" content=\"Jens Lattke\" \/>\n\t<meta name=\"twitter:label2\" content=\"Gesch\u00e4tzte Lesezeit\" \/>\n\t<meta name=\"twitter:data2\" content=\"4\u00a0Minuten\" \/>\n<script type=\"application\/ld+json\" class=\"yoast-schema-graph\">{\"@context\":\"https:\\\/\\\/schema.org\",\"@graph\":[{\"@type\":\"Article\",\"@id\":\"https:\\\/\\\/www.volkswagen-newsroom.com\\\/de\\\/pressemitteilungen\\\/der-neue-id4-weltpremiere-des-rein-elektrisch-angetriebenen-suv-6446#article\",\"isPartOf\":{\"@id\":\"https:\\\/\\\/www.groupfleet.com\\\/de\\\/ladeinfrastruktur-fallstricke-vermeiden\\\/\"},\"author\":{\"name\":\"Jens Lattke\",\"@id\":\"https:\\\/\\\/www.groupfleet.com\\\/de\\\/#\\\/schema\\\/person\\\/c9c4c37414c094d25b571ee3ce5d1e4c\"},\"headline\":\"Fallstricke vermeiden\",\"datePublished\":\"2021-02-03T10:38:55+00:00\",\"dateModified\":\"2024-09-11T12:14:57+00:00\",\"mainEntityOfPage\":{\"@id\":\"https:\\\/\\\/www.groupfleet.com\\\/de\\\/ladeinfrastruktur-fallstricke-vermeiden\\\/\"},\"wordCount\":793,\"image\":{\"@id\":\"https:\\\/\\\/www.volkswagen-newsroom.com\\\/de\\\/pressemitteilungen\\\/der-neue-id4-weltpremiere-des-rein-elektrisch-angetriebenen-suv-6446#primaryimage\"},\"thumbnailUrl\":\"https:\\\/\\\/www.groupfleet.com\\\/wp-content\\\/uploads\\\/2022\\\/09\\\/169922145-1600.jpg\",\"articleSection\":[\"Fuhrparkmanagement\",\"Fuhrparkwissen\"],\"inLanguage\":\"de\"},{\"@type\":\"WebPage\",\"@id\":\"https:\\\/\\\/www.groupfleet.com\\\/de\\\/ladeinfrastruktur-fallstricke-vermeiden\\\/\",\"url\":\"https:\\\/\\\/www.volkswagen-newsroom.com\\\/de\\\/pressemitteilungen\\\/der-neue-id4-weltpremiere-des-rein-elektrisch-angetriebenen-suv-6446\",\"name\":\"Fallstricke vermeiden - Volkswagen Group | FleetHub\",\"isPartOf\":{\"@id\":\"https:\\\/\\\/www.groupfleet.com\\\/de\\\/#website\"},\"primaryImageOfPage\":{\"@id\":\"https:\\\/\\\/www.volkswagen-newsroom.com\\\/de\\\/pressemitteilungen\\\/der-neue-id4-weltpremiere-des-rein-elektrisch-angetriebenen-suv-6446#primaryimage\"},\"image\":{\"@id\":\"https:\\\/\\\/www.volkswagen-newsroom.com\\\/de\\\/pressemitteilungen\\\/der-neue-id4-weltpremiere-des-rein-elektrisch-angetriebenen-suv-6446#primaryimage\"},\"thumbnailUrl\":\"https:\\\/\\\/www.groupfleet.com\\\/wp-content\\\/uploads\\\/2022\\\/09\\\/169922145-1600.jpg\",\"datePublished\":\"2021-02-03T10:38:55+00:00\",\"dateModified\":\"2024-09-11T12:14:57+00:00\",\"author\":{\"@id\":\"https:\\\/\\\/www.groupfleet.com\\\/de\\\/#\\\/schema\\\/person\\\/c9c4c37414c094d25b571ee3ce5d1e4c\"},\"breadcrumb\":{\"@id\":\"https:\\\/\\\/www.volkswagen-newsroom.com\\\/de\\\/pressemitteilungen\\\/der-neue-id4-weltpremiere-des-rein-elektrisch-angetriebenen-suv-6446#breadcrumb\"},\"inLanguage\":\"de\",\"potentialAction\":[{\"@type\":\"ReadAction\",\"target\":[\"https:\\\/\\\/www.volkswagen-newsroom.com\\\/de\\\/pressemitteilungen\\\/der-neue-id4-weltpremiere-des-rein-elektrisch-angetriebenen-suv-6446\"]}]},{\"@type\":\"ImageObject\",\"inLanguage\":\"de\",\"@id\":\"https:\\\/\\\/www.volkswagen-newsroom.com\\\/de\\\/pressemitteilungen\\\/der-neue-id4-weltpremiere-des-rein-elektrisch-angetriebenen-suv-6446#primaryimage\",\"url\":\"https:\\\/\\\/www.groupfleet.com\\\/wp-content\\\/uploads\\\/2022\\\/09\\\/169922145-1600.jpg\",\"contentUrl\":\"https:\\\/\\\/www.groupfleet.com\\\/wp-content\\\/uploads\\\/2022\\\/09\\\/169922145-1600.jpg\",\"width\":1600,\"height\":900},{\"@type\":\"BreadcrumbList\",\"@id\":\"https:\\\/\\\/www.volkswagen-newsroom.com\\\/de\\\/pressemitteilungen\\\/der-neue-id4-weltpremiere-des-rein-elektrisch-angetriebenen-suv-6446#breadcrumb\",\"itemListElement\":[{\"@type\":\"ListItem\",\"position\":1,\"name\":\"Home\",\"item\":\"https:\\\/\\\/www.groupfleet.com\\\/de\\\/\"},{\"@type\":\"ListItem\",\"position\":2,\"name\":\"Fallstricke vermeiden\"}]},{\"@type\":\"WebSite\",\"@id\":\"https:\\\/\\\/www.groupfleet.com\\\/de\\\/#website\",\"url\":\"https:\\\/\\\/www.groupfleet.com\\\/de\\\/\",\"name\":\"Volkswagen Group | FleetHub\",\"description\":\"Online magazine for Fleet managers\",\"potentialAction\":[{\"@type\":\"SearchAction\",\"target\":{\"@type\":\"EntryPoint\",\"urlTemplate\":\"https:\\\/\\\/www.groupfleet.com\\\/de\\\/?s={search_term_string}\"},\"query-input\":{\"@type\":\"PropertyValueSpecification\",\"valueRequired\":true,\"valueName\":\"search_term_string\"}}],\"inLanguage\":\"de\"},{\"@type\":\"Person\",\"@id\":\"https:\\\/\\\/www.groupfleet.com\\\/de\\\/#\\\/schema\\\/person\\\/c9c4c37414c094d25b571ee3ce5d1e4c\",\"name\":\"Jens Lattke\",\"url\":\"https:\\\/\\\/www.groupfleet.com\\\/de\\\/author\\\/jlatttke\\\/\"}]}<\/script>\n<!-- \/ Yoast SEO plugin. -->","yoast_head_json":{"title":"Fallstricke vermeiden - Volkswagen Group | FleetHub","robots":{"index":"index","follow":"follow","max-snippet":"max-snippet:-1","max-image-preview":"max-image-preview:large","max-video-preview":"max-video-preview:-1"},"canonical":"https:\/\/www.volkswagen-newsroom.com\/de\/pressemitteilungen\/der-neue-id4-weltpremiere-des-rein-elektrisch-angetriebenen-suv-6446","og_locale":"de_DE","og_type":"article","og_title":"Fallstricke vermeiden - Volkswagen Group | FleetHub","og_description":"Auch wenn die Elektromobilit\u00e4t langsam Fahrt aufnimmt, stehen viele Unternehmen noch immer ganz am Anfang bei der Elektrifizierung ihres Fuhrparks.","og_url":"https:\/\/www.volkswagen-newsroom.com\/de\/pressemitteilungen\/der-neue-id4-weltpremiere-des-rein-elektrisch-angetriebenen-suv-6446","og_site_name":"Volkswagen Group | FleetHub","article_published_time":"2021-02-03T10:38:55+00:00","article_modified_time":"2024-09-11T12:14:57+00:00","og_image":[{"width":1600,"height":900,"url":"https:\/\/www.groupfleet.com\/wp-content\/uploads\/2022\/09\/169922145-1600.jpg","type":"image\/jpeg"}],"author":"Jens Lattke","twitter_card":"summary_large_image","twitter_misc":{"Verfasst von":"Jens Lattke","Gesch\u00e4tzte Lesezeit":"4\u00a0Minuten"},"schema":{"@context":"https:\/\/schema.org","@graph":[{"@type":"Article","@id":"https:\/\/www.volkswagen-newsroom.com\/de\/pressemitteilungen\/der-neue-id4-weltpremiere-des-rein-elektrisch-angetriebenen-suv-6446#article","isPartOf":{"@id":"https:\/\/www.groupfleet.com\/de\/ladeinfrastruktur-fallstricke-vermeiden\/"},"author":{"name":"Jens Lattke","@id":"https:\/\/www.groupfleet.com\/de\/#\/schema\/person\/c9c4c37414c094d25b571ee3ce5d1e4c"},"headline":"Fallstricke vermeiden","datePublished":"2021-02-03T10:38:55+00:00","dateModified":"2024-09-11T12:14:57+00:00","mainEntityOfPage":{"@id":"https:\/\/www.groupfleet.com\/de\/ladeinfrastruktur-fallstricke-vermeiden\/"},"wordCount":793,"image":{"@id":"https:\/\/www.volkswagen-newsroom.com\/de\/pressemitteilungen\/der-neue-id4-weltpremiere-des-rein-elektrisch-angetriebenen-suv-6446#primaryimage"},"thumbnailUrl":"https:\/\/www.groupfleet.com\/wp-content\/uploads\/2022\/09\/169922145-1600.jpg","articleSection":["Fuhrparkmanagement","Fuhrparkwissen"],"inLanguage":"de"},{"@type":"WebPage","@id":"https:\/\/www.groupfleet.com\/de\/ladeinfrastruktur-fallstricke-vermeiden\/","url":"https:\/\/www.volkswagen-newsroom.com\/de\/pressemitteilungen\/der-neue-id4-weltpremiere-des-rein-elektrisch-angetriebenen-suv-6446","name":"Fallstricke vermeiden - Volkswagen Group | FleetHub","isPartOf":{"@id":"https:\/\/www.groupfleet.com\/de\/#website"},"primaryImageOfPage":{"@id":"https:\/\/www.volkswagen-newsroom.com\/de\/pressemitteilungen\/der-neue-id4-weltpremiere-des-rein-elektrisch-angetriebenen-suv-6446#primaryimage"},"image":{"@id":"https:\/\/www.volkswagen-newsroom.com\/de\/pressemitteilungen\/der-neue-id4-weltpremiere-des-rein-elektrisch-angetriebenen-suv-6446#primaryimage"},"thumbnailUrl":"https:\/\/www.groupfleet.com\/wp-content\/uploads\/2022\/09\/169922145-1600.jpg","datePublished":"2021-02-03T10:38:55+00:00","dateModified":"2024-09-11T12:14:57+00:00","author":{"@id":"https:\/\/www.groupfleet.com\/de\/#\/schema\/person\/c9c4c37414c094d25b571ee3ce5d1e4c"},"breadcrumb":{"@id":"https:\/\/www.volkswagen-newsroom.com\/de\/pressemitteilungen\/der-neue-id4-weltpremiere-des-rein-elektrisch-angetriebenen-suv-6446#breadcrumb"},"inLanguage":"de","potentialAction":[{"@type":"ReadAction","target":["https:\/\/www.volkswagen-newsroom.com\/de\/pressemitteilungen\/der-neue-id4-weltpremiere-des-rein-elektrisch-angetriebenen-suv-6446"]}]},{"@type":"ImageObject","inLanguage":"de","@id":"https:\/\/www.volkswagen-newsroom.com\/de\/pressemitteilungen\/der-neue-id4-weltpremiere-des-rein-elektrisch-angetriebenen-suv-6446#primaryimage","url":"https:\/\/www.groupfleet.com\/wp-content\/uploads\/2022\/09\/169922145-1600.jpg","contentUrl":"https:\/\/www.groupfleet.com\/wp-content\/uploads\/2022\/09\/169922145-1600.jpg","width":1600,"height":900},{"@type":"BreadcrumbList","@id":"https:\/\/www.volkswagen-newsroom.com\/de\/pressemitteilungen\/der-neue-id4-weltpremiere-des-rein-elektrisch-angetriebenen-suv-6446#breadcrumb","itemListElement":[{"@type":"ListItem","position":1,"name":"Home","item":"https:\/\/www.groupfleet.com\/de\/"},{"@type":"ListItem","position":2,"name":"Fallstricke vermeiden"}]},{"@type":"WebSite","@id":"https:\/\/www.groupfleet.com\/de\/#website","url":"https:\/\/www.groupfleet.com\/de\/","name":"Volkswagen Group | FleetHub","description":"Online magazine for Fleet managers","potentialAction":[{"@type":"SearchAction","target":{"@type":"EntryPoint","urlTemplate":"https:\/\/www.groupfleet.com\/de\/?s={search_term_string}"},"query-input":{"@type":"PropertyValueSpecification","valueRequired":true,"valueName":"search_term_string"}}],"inLanguage":"de"},{"@type":"Person","@id":"https:\/\/www.groupfleet.com\/de\/#\/schema\/person\/c9c4c37414c094d25b571ee3ce5d1e4c","name":"Jens Lattke","url":"https:\/\/www.groupfleet.com\/de\/author\/jlatttke\/"}]}},"_links":{"self":[{"href":"https:\/\/www.groupfleet.com\/de\/wp-json\/wp\/v2\/posts\/26355","targetHints":{"allow":["GET"]}}],"collection":[{"href":"https:\/\/www.groupfleet.com\/de\/wp-json\/wp\/v2\/posts"}],"about":[{"href":"https:\/\/www.groupfleet.com\/de\/wp-json\/wp\/v2\/types\/post"}],"author":[{"embeddable":true,"href":"https:\/\/www.groupfleet.com\/de\/wp-json\/wp\/v2\/users\/30"}],"replies":[{"embeddable":true,"href":"https:\/\/www.groupfleet.com\/de\/wp-json\/wp\/v2\/comments?post=26355"}],"version-history":[{"count":0,"href":"https:\/\/www.groupfleet.com\/de\/wp-json\/wp\/v2\/posts\/26355\/revisions"}],"wp:featuredmedia":[{"embeddable":true,"href":"https:\/\/www.groupfleet.com\/de\/wp-json\/wp\/v2\/media\/26747"}],"wp:attachment":[{"href":"https:\/\/www.groupfleet.com\/de\/wp-json\/wp\/v2\/media?parent=26355"}],"wp:term":[{"taxonomy":"category","embeddable":true,"href":"https:\/\/www.groupfleet.com\/de\/wp-json\/wp\/v2\/categories?post=26355"},{"taxonomy":"post_tag","embeddable":true,"href":"https:\/\/www.groupfleet.com\/de\/wp-json\/wp\/v2\/tags?post=26355"}],"curies":[{"name":"wp","href":"https:\/\/api.w.org\/{rel}","templated":true}]}}