{"id":26318,"date":"2021-09-01T19:21:42","date_gmt":"2021-09-01T17:21:42","guid":{"rendered":"https:\/\/www.groupfleet.com\/?p=26318"},"modified":"2024-09-10T14:01:52","modified_gmt":"2024-09-10T12:01:52","slug":"e-fuels","status":"publish","type":"post","link":"https:\/\/www.groupfleet.com\/de\/e-fuels\/","title":{"rendered":"Quo vadis, e-Fuels?"},"content":{"rendered":"<div class=\"wpb-content-wrapper\"><p>[vc_row][vc_column][vc_column_text]<span style=\"font-size: 18pt;\">Wie werden wir in Zukunft mobil sein? Mit Blick auf die aktuellen Klimaschutzziele eine sehr gute Frage.<\/span>[\/vc_column_text][\/vc_column][\/vc_row][vc_row][vc_column][vc_column_text]Da die Beantwortung wohl\u00fcberlegt sein sollte \u2013 vor allem dann, wenn sie von einem der weltweit gr\u00f6\u00dften Automobil-Konzerne kommt \u2013 erst ein kurzer R\u00fcckgriff: Volkswagen bekennt sich klar zum Pariser Klimaabkommen und will nicht nur mittelfristig bilanziell CO<sub>2<\/sub>-neutral agieren, sondern auch kurzfristig den CO<sub>2<\/sub>-Fu\u00dfabdruck seiner Pkw- und leichten Nutzfahrzeugflotte bilanziell senken. Dies will der Konzern vor allem mit dem Einsatz voll- und teilelektrischer Modelle erreichen \u2026 womit die eingangs gestellte Frage bereits zur H\u00e4lfte beantwortet ist. Bei der anderen H\u00e4lfte verh\u00e4lt es sich allerdings etwas komplexer: Denn, wie ist das eigentlich mit Bestandsfahrzeugen, die mehrheitlich konventionell angetrieben werden \u2013 und in den meisten F\u00e4llen noch eine lange Lebensdauer vor sich haben? Wird der Verbrenner doch noch eine Zukunft haben? Eine gute Antwort darauf k\u00f6nnten Kraftstoffe aus regenerativen Quellen sein. Hier k\u00f6nnen sowohl Biokraftstoffe, die beispielsweise aus Reststoffen produziert werden und so genannte e-Fuels, welche man mithilfe von CO<sub>2<\/sub> und Strom aus regenerativen Quellen erzeugt, einen wesentlichen Beitrag zur treibhausgasneutralen Mobilit\u00e4t leisten. Biokraftstoffe sind bereits im Markt, ihr Anteil k\u00f6nnte in Europa innerhalb der n\u00e4chsten zehn Jahre voraussichtlich auf 20 bis 30 Prozent am On-Road-Energiemarkt gesteigert werden.[\/vc_column_text][\/vc_column][\/vc_row][vc_row][vc_column]\n\n<div class=\"article_paragraphimage article_paragraphimage_right \" style=\"width: 40%;\">\n\t<div class=\"ap_img_wrapper mylightbox_hover\">\n\t\t<img loading=\"lazy\" decoding=\"async\" width=\"640\" height=\"427\" src=\"https:\/\/www.groupfleet.com\/wp-content\/uploads\/2021\/09\/Quo-vadis_267617705_hell-640x427.jpg\" class=\"attachment-vw_small size-vw_small open_mylightbox\" alt=\"\" data-full=\"https:\/\/www.groupfleet.com\/wp-content\/uploads\/2021\/09\/Quo-vadis_267617705_hell-1800x1200.jpg\" data-desc=\"\" \/>\t<\/div>\n\t<div class=\"article_paragraphimage_text\">\n\t\t\t<\/div>\n\t<div class=\"clear\"><\/div>\n<\/div>[vc_column_text]<\/p>\n<h2>e-Fuels auf Basis von Wasserstoff<\/h2>\n<p>Aktuell arbeiten Forschende und Automobilhersteller \u2013 aus dem Volkswagen Konzern beispielsweise die Marken Audi und Porsche \u2013 an synthetischen Kraftstoffen auf Basis von Wasserstoff, die unter Einsatz der sogenannten Power-to-X-Technologie klimaneutral herstellbar sind:<\/p>\n<ul>\n<li>Mit Energie aus regenerativen Quellen \u2013 beispielsweise Wind- oder Solarstrom \u2013 wird Wasser mittels Elektrolyse in Sauerstoff (O\u2082) und Wasserstoff (H\u2082) aufgespaltet.<\/li>\n<li>Im n\u00e4chsten Arbeitsschritt wird Kohlendioxid (CO\u2082) \u2013 das etwa als Abfallprodukt bei industriellen Prozessen anf\u00e4llt oder gezielt der Umgebung entzogen wird! \u2013 mit dem Wasserstoff verbunden.<\/li>\n<li>M\u00f6gliche Endprodukte sind synthetischer Diesel, synthetisches Benzin und synthetisches Gas.<\/li>\n<\/ul>\n<p>[\/vc_column_text][\/vc_column][\/vc_row][vc_row][vc_column width=&#8220;2\/3&#8243;][vc_column_text]Die Herstellung erfolgt derzeit noch in geringen Mengen, etwa in Forschungs- und Pilotprojekten. Porsche entwickelt und realisiert etwa \u2013 in Zusammenarbeit mit Partnern aus der Industrie \u2013 ein Pilotprojekt, aus dem die weltweit erste integrierte und kommerzielle Gro\u00dfanlage zur Herstellung synthetischer, klimaneutraler Kraftstoffe hervorgehen soll: \u201eHaru Oni\u201c in der chilenischen Provinz Magallanes nutzt die dort vorherrschenden, hervorragenden Windbedingungen, um mit Hilfe von gr\u00fcnem Windstrom klimaneutralen Kraftstoff zu erzeugen. Bereits 2022 sollen dort etwa 130.000 Liter an e-Fuels entstehen. Es ist geplant, die Kapazit\u00e4t schon bis 2024 auf rund 55 Millionen Liter e-Fuels pro Jahr zu erh\u00f6hen und diese Menge bis 2026 sogar zu verzehnfachen.[\/vc_column_text][\/vc_column][vc_column width=&#8220;1\/3&#8243;][\/vc_column][\/vc_row][vc_row][vc_column]\n\n<div class=\"article_paragraphimage article_paragraphimage_left ap_with_subline\" style=\"width: 40%;\">\n\t<div class=\"ap_img_wrapper mylightbox_hover\">\n\t\t<img loading=\"lazy\" decoding=\"async\" width=\"640\" height=\"360\" src=\"https:\/\/www.groupfleet.com\/wp-content\/uploads\/2021\/09\/201201_HaruOni_K7_modifiziert_DE-640x360.jpeg\" class=\"attachment-vw_small size-vw_small open_mylightbox\" alt=\"\" data-full=\"https:\/\/www.groupfleet.com\/wp-content\/uploads\/2021\/09\/201201_HaruOni_K7_modifiziert_DE-1800x1013.jpeg\" data-desc=\"\" \/>\t<\/div>\n\t<div class=\"article_paragraphimage_text\">\n\t\tCopyright: Siemens Energy\t<\/div>\n\t<div class=\"clear\"><\/div>\n<\/div>[vc_column_text]<\/p>\n<h2>Knackpunkt Effizienz?<\/h2>\n<p>Aktuell bewirken die zahlreichen Einzelschritte beim Herstellungsprozess der e-Fuels noch hohe Wirkungsverluste an: Von der im Prozess eingesetzten Energie bleiben am Ende nur circa 25 bis 30 Prozent \u00fcbrig \u2013 oder sogar weniger. Zum Vergleich: Ein Elektrofahrzeug wandelt die eingesetzte Energie zu circa 70 bis 80 Prozent in Vortrieb um. Daher versucht ein Forschungsprojekt des Karlsruher Instituts f\u00fcr Technologie (KIT), den Wirkungsgrad in der Produktionskette deutlich zu erh\u00f6hen. Theoretisch sei hier ein Wirkungsgrad von bis zu 60 Prozent m\u00f6glich: Zentraler Bestandteil der Versuchsanlage ist ein neuer Synthesereaktor, der mit deutlich geringerer Prozessenergie als bisher auskommt.<\/p>\n<p>Es gilt aber, noch einen anderen Aspekt zu ber\u00fccksichtigen: Die Erzeugung von Strom f\u00fcr die Erzeugung regenerativer Kraftstoffe kann an beliebiger Stelle erfolgen \u2013 also zum Beispiel dort, wo der Wind kontinuierlich weht. Ein baugleiches Windkraftwerk erzeugt in den \u201eWindb\u00e4ndern\u201c der Anden j\u00e4hrlich viermal so viel Strom wie eines in der norddeutschen Tiefebene. Durch diesen Standortvorteil kann der Effizienznachteil der Energieumwandlung ausgeglichen werden.<\/p>\n<p>Zudem unterst\u00fctzt Volkswagen den Energiekonzern Shell bei der Entwicklung und dem Einsatz von Kraftstoffen, die zu 33 Prozent aus regenerativen Quellen stammen. Im so genannten Well-to-Wheel-Bilanzrahmen sparen diese Kraftstoffe mindesten 20 Prozent CO<sub>2<\/sub> ein. Der R33 Blue Diesel und der \u201eBlue Gasoline\u201c-Ottokraftstoff k\u00f6nnen aktuell bei ersten Markenpartnern von Shell sowie direkt bei Shell per Tankwagen f\u00fcr die eigene Betriebstankstelle bezogen werden.[\/vc_column_text][\/vc_column][\/vc_row][vc_row][vc_column][vc_separator][vc_column_text]<span style=\"font-size: 10pt;\">Stand: 01.09.2021<br \/>\n\u00a9 Volkswagen AG<\/span>[\/vc_column_text][\/vc_column][\/vc_row]<\/p>\n<\/div>","protected":false},"excerpt":{"rendered":"<p>Es ist kein Geheimnis, dass auf dem Flottenmarkt immer mehr voll- und teilelektrische Fahrzeuge nachgefragt werden &#8230;<\/p>\n","protected":false},"author":30,"featured_media":27386,"comment_status":"closed","ping_status":"closed","sticky":false,"template":"","format":"standard","meta":{"_acf_changed":false,"footnotes":""},"categories":[48,59],"tags":[],"class_list":["post-26318","post","type-post","status-publish","format-standard","has-post-thumbnail","hentry","category-hintergrundwissen","category-mobilitaet-innovation"],"acf":[],"yoast_head":"<!-- This site is optimized with the Yoast SEO plugin v27.4 - https:\/\/yoast.com\/product\/yoast-seo-wordpress\/ -->\n<title>Quo vadis, e-Fuels? - Volkswagen Group | FleetHub<\/title>\n<meta name=\"robots\" content=\"index, follow, max-snippet:-1, max-image-preview:large, max-video-preview:-1\" \/>\n<link rel=\"canonical\" href=\"https:\/\/www.volkswagen-newsroom.com\/de\/pressemitteilungen\/der-neue-id4-weltpremiere-des-rein-elektrisch-angetriebenen-suv-6446\" \/>\n<meta property=\"og:locale\" content=\"de_DE\" \/>\n<meta property=\"og:type\" content=\"article\" \/>\n<meta property=\"og:title\" content=\"Quo vadis, e-Fuels? - Volkswagen Group | FleetHub\" \/>\n<meta property=\"og:description\" content=\"Es ist kein Geheimnis, dass auf dem Flottenmarkt immer mehr voll- und teilelektrische Fahrzeuge nachgefragt werden ...\" \/>\n<meta property=\"og:url\" content=\"https:\/\/www.volkswagen-newsroom.com\/de\/pressemitteilungen\/der-neue-id4-weltpremiere-des-rein-elektrisch-angetriebenen-suv-6446\" \/>\n<meta property=\"og:site_name\" content=\"Volkswagen Group | FleetHub\" \/>\n<meta property=\"article:published_time\" content=\"2021-09-01T17:21:42+00:00\" \/>\n<meta property=\"article:modified_time\" content=\"2024-09-10T12:01:52+00:00\" \/>\n<meta property=\"og:image\" content=\"https:\/\/www.groupfleet.com\/wp-content\/uploads\/2021\/09\/Quo-vadis_304927320_hell-scaled.jpg\" \/>\n\t<meta property=\"og:image:width\" content=\"2560\" \/>\n\t<meta property=\"og:image:height\" content=\"853\" \/>\n\t<meta property=\"og:image:type\" content=\"image\/jpeg\" \/>\n<meta name=\"author\" content=\"Jens Lattke\" \/>\n<meta name=\"twitter:card\" content=\"summary_large_image\" \/>\n<meta name=\"twitter:label1\" content=\"Verfasst von\" \/>\n\t<meta name=\"twitter:data1\" content=\"Jens Lattke\" \/>\n\t<meta name=\"twitter:label2\" content=\"Gesch\u00e4tzte Lesezeit\" \/>\n\t<meta name=\"twitter:data2\" content=\"4\u00a0Minuten\" \/>\n<script type=\"application\/ld+json\" class=\"yoast-schema-graph\">{\"@context\":\"https:\\\/\\\/schema.org\",\"@graph\":[{\"@type\":\"Article\",\"@id\":\"https:\\\/\\\/www.volkswagen-newsroom.com\\\/de\\\/pressemitteilungen\\\/der-neue-id4-weltpremiere-des-rein-elektrisch-angetriebenen-suv-6446#article\",\"isPartOf\":{\"@id\":\"https:\\\/\\\/www.groupfleet.com\\\/de\\\/e-fuels\\\/\"},\"author\":{\"name\":\"Jens Lattke\",\"@id\":\"https:\\\/\\\/www.groupfleet.com\\\/de\\\/#\\\/schema\\\/person\\\/c9c4c37414c094d25b571ee3ce5d1e4c\"},\"headline\":\"Quo vadis, e-Fuels?\",\"datePublished\":\"2021-09-01T17:21:42+00:00\",\"dateModified\":\"2024-09-10T12:01:52+00:00\",\"mainEntityOfPage\":{\"@id\":\"https:\\\/\\\/www.groupfleet.com\\\/de\\\/e-fuels\\\/\"},\"wordCount\":744,\"image\":{\"@id\":\"https:\\\/\\\/www.volkswagen-newsroom.com\\\/de\\\/pressemitteilungen\\\/der-neue-id4-weltpremiere-des-rein-elektrisch-angetriebenen-suv-6446#primaryimage\"},\"thumbnailUrl\":\"https:\\\/\\\/www.groupfleet.com\\\/wp-content\\\/uploads\\\/2021\\\/09\\\/Quo-vadis_304927320_hell-scaled.jpg\",\"articleSection\":[\"Fuhrparkwissen\",\"Mobilit\u00e4t und Innovation\"],\"inLanguage\":\"de\"},{\"@type\":\"WebPage\",\"@id\":\"https:\\\/\\\/www.groupfleet.com\\\/de\\\/e-fuels\\\/\",\"url\":\"https:\\\/\\\/www.volkswagen-newsroom.com\\\/de\\\/pressemitteilungen\\\/der-neue-id4-weltpremiere-des-rein-elektrisch-angetriebenen-suv-6446\",\"name\":\"Quo vadis, e-Fuels? - Volkswagen Group | FleetHub\",\"isPartOf\":{\"@id\":\"https:\\\/\\\/www.groupfleet.com\\\/de\\\/#website\"},\"primaryImageOfPage\":{\"@id\":\"https:\\\/\\\/www.volkswagen-newsroom.com\\\/de\\\/pressemitteilungen\\\/der-neue-id4-weltpremiere-des-rein-elektrisch-angetriebenen-suv-6446#primaryimage\"},\"image\":{\"@id\":\"https:\\\/\\\/www.volkswagen-newsroom.com\\\/de\\\/pressemitteilungen\\\/der-neue-id4-weltpremiere-des-rein-elektrisch-angetriebenen-suv-6446#primaryimage\"},\"thumbnailUrl\":\"https:\\\/\\\/www.groupfleet.com\\\/wp-content\\\/uploads\\\/2021\\\/09\\\/Quo-vadis_304927320_hell-scaled.jpg\",\"datePublished\":\"2021-09-01T17:21:42+00:00\",\"dateModified\":\"2024-09-10T12:01:52+00:00\",\"author\":{\"@id\":\"https:\\\/\\\/www.groupfleet.com\\\/de\\\/#\\\/schema\\\/person\\\/c9c4c37414c094d25b571ee3ce5d1e4c\"},\"breadcrumb\":{\"@id\":\"https:\\\/\\\/www.volkswagen-newsroom.com\\\/de\\\/pressemitteilungen\\\/der-neue-id4-weltpremiere-des-rein-elektrisch-angetriebenen-suv-6446#breadcrumb\"},\"inLanguage\":\"de\",\"potentialAction\":[{\"@type\":\"ReadAction\",\"target\":[\"https:\\\/\\\/www.volkswagen-newsroom.com\\\/de\\\/pressemitteilungen\\\/der-neue-id4-weltpremiere-des-rein-elektrisch-angetriebenen-suv-6446\"]}]},{\"@type\":\"ImageObject\",\"inLanguage\":\"de\",\"@id\":\"https:\\\/\\\/www.volkswagen-newsroom.com\\\/de\\\/pressemitteilungen\\\/der-neue-id4-weltpremiere-des-rein-elektrisch-angetriebenen-suv-6446#primaryimage\",\"url\":\"https:\\\/\\\/www.groupfleet.com\\\/wp-content\\\/uploads\\\/2021\\\/09\\\/Quo-vadis_304927320_hell-scaled.jpg\",\"contentUrl\":\"https:\\\/\\\/www.groupfleet.com\\\/wp-content\\\/uploads\\\/2021\\\/09\\\/Quo-vadis_304927320_hell-scaled.jpg\",\"width\":2560,\"height\":853,\"caption\":\"Test tube chemistry flask against background of hydroblock acp with yellow liquid purified oil from recycling and lubricating materials sale closeup\"},{\"@type\":\"BreadcrumbList\",\"@id\":\"https:\\\/\\\/www.volkswagen-newsroom.com\\\/de\\\/pressemitteilungen\\\/der-neue-id4-weltpremiere-des-rein-elektrisch-angetriebenen-suv-6446#breadcrumb\",\"itemListElement\":[{\"@type\":\"ListItem\",\"position\":1,\"name\":\"Home\",\"item\":\"https:\\\/\\\/www.groupfleet.com\\\/de\\\/\"},{\"@type\":\"ListItem\",\"position\":2,\"name\":\"Quo vadis, e-Fuels?\"}]},{\"@type\":\"WebSite\",\"@id\":\"https:\\\/\\\/www.groupfleet.com\\\/de\\\/#website\",\"url\":\"https:\\\/\\\/www.groupfleet.com\\\/de\\\/\",\"name\":\"Volkswagen Group | FleetHub\",\"description\":\"Online magazine for Fleet managers\",\"potentialAction\":[{\"@type\":\"SearchAction\",\"target\":{\"@type\":\"EntryPoint\",\"urlTemplate\":\"https:\\\/\\\/www.groupfleet.com\\\/de\\\/?s={search_term_string}\"},\"query-input\":{\"@type\":\"PropertyValueSpecification\",\"valueRequired\":true,\"valueName\":\"search_term_string\"}}],\"inLanguage\":\"de\"},{\"@type\":\"Person\",\"@id\":\"https:\\\/\\\/www.groupfleet.com\\\/de\\\/#\\\/schema\\\/person\\\/c9c4c37414c094d25b571ee3ce5d1e4c\",\"name\":\"Jens Lattke\",\"url\":\"https:\\\/\\\/www.groupfleet.com\\\/de\\\/author\\\/jlatttke\\\/\"}]}<\/script>\n<!-- \/ Yoast SEO plugin. -->","yoast_head_json":{"title":"Quo vadis, e-Fuels? - Volkswagen Group | FleetHub","robots":{"index":"index","follow":"follow","max-snippet":"max-snippet:-1","max-image-preview":"max-image-preview:large","max-video-preview":"max-video-preview:-1"},"canonical":"https:\/\/www.volkswagen-newsroom.com\/de\/pressemitteilungen\/der-neue-id4-weltpremiere-des-rein-elektrisch-angetriebenen-suv-6446","og_locale":"de_DE","og_type":"article","og_title":"Quo vadis, e-Fuels? - Volkswagen Group | FleetHub","og_description":"Es ist kein Geheimnis, dass auf dem Flottenmarkt immer mehr voll- und teilelektrische Fahrzeuge nachgefragt werden ...","og_url":"https:\/\/www.volkswagen-newsroom.com\/de\/pressemitteilungen\/der-neue-id4-weltpremiere-des-rein-elektrisch-angetriebenen-suv-6446","og_site_name":"Volkswagen Group | FleetHub","article_published_time":"2021-09-01T17:21:42+00:00","article_modified_time":"2024-09-10T12:01:52+00:00","og_image":[{"width":2560,"height":853,"url":"https:\/\/www.groupfleet.com\/wp-content\/uploads\/2021\/09\/Quo-vadis_304927320_hell-scaled.jpg","type":"image\/jpeg"}],"author":"Jens Lattke","twitter_card":"summary_large_image","twitter_misc":{"Verfasst von":"Jens Lattke","Gesch\u00e4tzte Lesezeit":"4\u00a0Minuten"},"schema":{"@context":"https:\/\/schema.org","@graph":[{"@type":"Article","@id":"https:\/\/www.volkswagen-newsroom.com\/de\/pressemitteilungen\/der-neue-id4-weltpremiere-des-rein-elektrisch-angetriebenen-suv-6446#article","isPartOf":{"@id":"https:\/\/www.groupfleet.com\/de\/e-fuels\/"},"author":{"name":"Jens Lattke","@id":"https:\/\/www.groupfleet.com\/de\/#\/schema\/person\/c9c4c37414c094d25b571ee3ce5d1e4c"},"headline":"Quo vadis, e-Fuels?","datePublished":"2021-09-01T17:21:42+00:00","dateModified":"2024-09-10T12:01:52+00:00","mainEntityOfPage":{"@id":"https:\/\/www.groupfleet.com\/de\/e-fuels\/"},"wordCount":744,"image":{"@id":"https:\/\/www.volkswagen-newsroom.com\/de\/pressemitteilungen\/der-neue-id4-weltpremiere-des-rein-elektrisch-angetriebenen-suv-6446#primaryimage"},"thumbnailUrl":"https:\/\/www.groupfleet.com\/wp-content\/uploads\/2021\/09\/Quo-vadis_304927320_hell-scaled.jpg","articleSection":["Fuhrparkwissen","Mobilit\u00e4t und Innovation"],"inLanguage":"de"},{"@type":"WebPage","@id":"https:\/\/www.groupfleet.com\/de\/e-fuels\/","url":"https:\/\/www.volkswagen-newsroom.com\/de\/pressemitteilungen\/der-neue-id4-weltpremiere-des-rein-elektrisch-angetriebenen-suv-6446","name":"Quo vadis, e-Fuels? - Volkswagen Group | FleetHub","isPartOf":{"@id":"https:\/\/www.groupfleet.com\/de\/#website"},"primaryImageOfPage":{"@id":"https:\/\/www.volkswagen-newsroom.com\/de\/pressemitteilungen\/der-neue-id4-weltpremiere-des-rein-elektrisch-angetriebenen-suv-6446#primaryimage"},"image":{"@id":"https:\/\/www.volkswagen-newsroom.com\/de\/pressemitteilungen\/der-neue-id4-weltpremiere-des-rein-elektrisch-angetriebenen-suv-6446#primaryimage"},"thumbnailUrl":"https:\/\/www.groupfleet.com\/wp-content\/uploads\/2021\/09\/Quo-vadis_304927320_hell-scaled.jpg","datePublished":"2021-09-01T17:21:42+00:00","dateModified":"2024-09-10T12:01:52+00:00","author":{"@id":"https:\/\/www.groupfleet.com\/de\/#\/schema\/person\/c9c4c37414c094d25b571ee3ce5d1e4c"},"breadcrumb":{"@id":"https:\/\/www.volkswagen-newsroom.com\/de\/pressemitteilungen\/der-neue-id4-weltpremiere-des-rein-elektrisch-angetriebenen-suv-6446#breadcrumb"},"inLanguage":"de","potentialAction":[{"@type":"ReadAction","target":["https:\/\/www.volkswagen-newsroom.com\/de\/pressemitteilungen\/der-neue-id4-weltpremiere-des-rein-elektrisch-angetriebenen-suv-6446"]}]},{"@type":"ImageObject","inLanguage":"de","@id":"https:\/\/www.volkswagen-newsroom.com\/de\/pressemitteilungen\/der-neue-id4-weltpremiere-des-rein-elektrisch-angetriebenen-suv-6446#primaryimage","url":"https:\/\/www.groupfleet.com\/wp-content\/uploads\/2021\/09\/Quo-vadis_304927320_hell-scaled.jpg","contentUrl":"https:\/\/www.groupfleet.com\/wp-content\/uploads\/2021\/09\/Quo-vadis_304927320_hell-scaled.jpg","width":2560,"height":853,"caption":"Test tube chemistry flask against background of hydroblock acp with yellow liquid purified oil from recycling and lubricating materials sale closeup"},{"@type":"BreadcrumbList","@id":"https:\/\/www.volkswagen-newsroom.com\/de\/pressemitteilungen\/der-neue-id4-weltpremiere-des-rein-elektrisch-angetriebenen-suv-6446#breadcrumb","itemListElement":[{"@type":"ListItem","position":1,"name":"Home","item":"https:\/\/www.groupfleet.com\/de\/"},{"@type":"ListItem","position":2,"name":"Quo vadis, e-Fuels?"}]},{"@type":"WebSite","@id":"https:\/\/www.groupfleet.com\/de\/#website","url":"https:\/\/www.groupfleet.com\/de\/","name":"Volkswagen Group | FleetHub","description":"Online magazine for Fleet managers","potentialAction":[{"@type":"SearchAction","target":{"@type":"EntryPoint","urlTemplate":"https:\/\/www.groupfleet.com\/de\/?s={search_term_string}"},"query-input":{"@type":"PropertyValueSpecification","valueRequired":true,"valueName":"search_term_string"}}],"inLanguage":"de"},{"@type":"Person","@id":"https:\/\/www.groupfleet.com\/de\/#\/schema\/person\/c9c4c37414c094d25b571ee3ce5d1e4c","name":"Jens Lattke","url":"https:\/\/www.groupfleet.com\/de\/author\/jlatttke\/"}]}},"_links":{"self":[{"href":"https:\/\/www.groupfleet.com\/de\/wp-json\/wp\/v2\/posts\/26318","targetHints":{"allow":["GET"]}}],"collection":[{"href":"https:\/\/www.groupfleet.com\/de\/wp-json\/wp\/v2\/posts"}],"about":[{"href":"https:\/\/www.groupfleet.com\/de\/wp-json\/wp\/v2\/types\/post"}],"author":[{"embeddable":true,"href":"https:\/\/www.groupfleet.com\/de\/wp-json\/wp\/v2\/users\/30"}],"replies":[{"embeddable":true,"href":"https:\/\/www.groupfleet.com\/de\/wp-json\/wp\/v2\/comments?post=26318"}],"version-history":[{"count":0,"href":"https:\/\/www.groupfleet.com\/de\/wp-json\/wp\/v2\/posts\/26318\/revisions"}],"wp:featuredmedia":[{"embeddable":true,"href":"https:\/\/www.groupfleet.com\/de\/wp-json\/wp\/v2\/media\/27386"}],"wp:attachment":[{"href":"https:\/\/www.groupfleet.com\/de\/wp-json\/wp\/v2\/media?parent=26318"}],"wp:term":[{"taxonomy":"category","embeddable":true,"href":"https:\/\/www.groupfleet.com\/de\/wp-json\/wp\/v2\/categories?post=26318"},{"taxonomy":"post_tag","embeddable":true,"href":"https:\/\/www.groupfleet.com\/de\/wp-json\/wp\/v2\/tags?post=26318"}],"curies":[{"name":"wp","href":"https:\/\/api.w.org\/{rel}","templated":true}]}}