{"id":26030,"date":"2021-11-30T13:43:46","date_gmt":"2021-11-30T12:43:46","guid":{"rendered":"https:\/\/www.groupfleet.com\/?p=26030"},"modified":"2023-05-11T09:12:26","modified_gmt":"2023-05-11T07:12:26","slug":"audi-a6-e-tron_concept","status":"publish","type":"post","link":"https:\/\/www.groupfleet.com\/de\/audi-a6-e-tron_concept\/","title":{"rendered":"Elegant, dynamisch, rein elektrisch"},"content":{"rendered":"<div class=\"wpb-content-wrapper\"><p>[vc_row full_width=&#8220;stretch_row_content&#8220;][vc_column width=&#8220;1\/6&#8243;][\/vc_column][vc_column width=&#8220;2\/3&#8243;][vc_column_text]<\/p>\n<h2 class=\"group-title__headline \" style=\"text-align: left;\"><span style=\"color: #83b7c7;\">Auf der Messe \u201eAuto Shanghai 2021\u201c deb\u00fctierte ein neues Audi Konzeptfahrzeug, das als Vorl\u00e4ufer einer innovativen Familie von vollelektrischen Gro\u00dfserienautomobilen in Erscheinung tritt: der Audi A6 e-tron concept\u00b9\u207e.<\/span><\/h2>\n<p>[\/vc_column_text][vc_empty_space][\/vc_column][vc_column width=&#8220;1\/6&#8243;][\/vc_column][\/vc_row][vc_row][vc_column width=&#8220;1\/2&#8243;][vc_column_text]<\/p>\n<figure>\n<div data-picture=\"\">Basis f\u00fcr den neuen Elektro-Viert\u00fcrer ist die Premium Plattform Electric (PPE), die Audi gemeinsam mit Porsche entwickelt. Dieses leistungsstarke Modulsystem bringt den Einsatz elektrischer Fahrzeuge weiter voran. Zus\u00e4tzlich spreizt die PPE-Technologie die zuk\u00fcnftige Modellauswahl, denn neben SUVs mit hohem Fahrzeugboden sind mit ihr auch dynamisch gezeichnete Modelle mit flachem Boden elektrifizierbar. Damit kann E-Mobilit\u00e4t von Audi nun auch f\u00fcr Unternehmen attraktiv werden, die das Erscheinungsbild ihres Fuhrparks flexibel positionieren m\u00f6chten.<\/div>\n<\/figure>\n<p>[\/vc_column_text][vc_column_text]<\/p>\n<figure>\n<div data-picture=\"\"><b>Schnelleres Laden<\/b><br \/>\nHerzst\u00fcck der Antriebstechnik des Audi A6 e-tron concept<sup>1)<\/sup>\u00a0\u2013 und aller k\u00fcnftigen PPE-Modelle \u2013 wird die 800-Volt-Ladetechnik sein. Diese sorgt daf\u00fcr, dass sich die Batterie an Schnelllades\u00e4ulen mit einer Leistung von bis zu 270 kW aufladen l\u00e4sst. Das funktioniert so schnell, dass sich die Ladezeiten einem klassischen Tankstopp mit Verbrenner-getriebenen Automobilen ann\u00e4hern: Gerade einmal zehn Minuten gen\u00fcgen, um Antriebsenergie f\u00fcr mehr als 300 Kilometer Fahrstrecke an Bord zu nehmen. In weniger als 25 Minuten l\u00e4sst sich der Ladestand der 100-kWh-Batterie des Audi A6 e-tron concept<sup>1)<\/sup>\u00a0von circa 5 auf ungef\u00e4hr 80 Prozent steigern.<\/div>\n<\/figure>\n<p>[\/vc_column_text][\/vc_column][vc_column width=&#8220;1\/2&#8243;][vc_single_image image=&#8220;26390&#8243; img_size=&#8220;590 x 825&#8243;][vc_column_text]<span style=\"font-size: 10pt;\"><strong>Audi A6 e-tron concept<\/strong><\/span><br \/>\n<span style=\"font-size: 10pt;\">Bei dem hier gezeigten Fahrzeug handelt es sich um ein Konzeptfahrzeug, das nicht als Serienmodell verf\u00fcgbar ist.<\/span>[\/vc_column_text][\/vc_column][\/vc_row][vc_row][vc_column][vc_column_text]<\/p>\n<div class=\"question-answer-modul abstractContentComponent parbase section\">\n<div class=\"iv-modul__question\">\n<div class=\"iv-modul__question\">\n<div class=\"question-answer-modul abstractContentComponent parbase section\">\n<div class=\"iv-modul__question\">\n<div class=\"iv-modul__question\">\n<div class=\"iv-modul__head\">\n<div class=\"iv-modul__head-text-right span_4_of_12 h-float-right\">\n<p><b>H\u00f6here Reichweite<\/b><br \/>\nJe nach Antriebsvariante und -leistung kommt der Audi A6 e-tron concept<sup>1)<\/sup>\u00a0mit einer kompletten Batterieladung mehr als circa 700 Kilometer weit. Damit zeigt er sich nicht nur kompromisslos alltagstauglich, sondern auch User-Chooser-freundlich, indem er Business und Privates ideal miteinander verbinden kann.<\/p>\n<\/div>\n<\/div>\n<\/div>\n<\/div>\n<\/div>\n<\/div>\n<\/div>\n<\/div>\n<p>[\/vc_column_text]\n<div class=\"gridgallery vw_masonry mylightbox_group\">\n\t\t\t\t<div class=\"vw_masonry_item gg_img gg_img_2 gg_img_2_1  \">\n\t\t\t<img loading=\"lazy\" decoding=\"async\" width=\"640\" height=\"357\" src=\"https:\/\/www.groupfleet.com\/wp-content\/uploads\/2022\/09\/2021_Audi_A6-e-tron-concept_a6e_2021_2925-scaled-e1663763509563-640x357.jpg\" class=\"attachment-vw_small size-vw_small open_mylightbox\" alt=\"\" data-full=\"https:\/\/www.groupfleet.com\/wp-content\/uploads\/2022\/09\/2021_Audi_A6-e-tron-concept_a6e_2021_2925-scaled-e1663763509563-1800x1003.jpg\" data-desc=\"\" data-desc-class=\"mylightbox_desc_tl\" data-emission=\"{&quot;1&quot;:&quot;28827&quot;}\" \/>\t\t<\/div>\n\t\t\t<div class=\"vw_masonry_item gg_img gg_img_2 gg_img_2_2 mylightbox_hover \">\n\t\t\t<img loading=\"lazy\" decoding=\"async\" width=\"640\" height=\"363\" src=\"https:\/\/www.groupfleet.com\/wp-content\/uploads\/2022\/09\/2021_Audi_A6-e-tron-concept_a6e_2021_2929-scaled-e1663763539607-640x363.jpg\" class=\"attachment-vw_small size-vw_small open_mylightbox\" alt=\"\" data-full=\"https:\/\/www.groupfleet.com\/wp-content\/uploads\/2022\/09\/2021_Audi_A6-e-tron-concept_a6e_2021_2929-scaled-e1663763539607-1800x1020.jpg\" data-desc=\"\" data-desc-class=\"mylightbox_desc_tl\" data-emission=\"{&quot;1&quot;:&quot;28827&quot;}\" \/>\t\t<\/div>\n\t<\/div>\n\n<script type=\"text\/javascript\">\n\/*\n\t$('.vw_masonry').masonry({\n\t\tcolumnWidth: 1,\n\t\titemSelector: '.vw_masonry_item',\n\t\tpercentPosition: true\n\t});\t\n*\/\n<\/script>[\/vc_column][\/vc_row][vc_row][vc_column width=&#8220;1\/2&#8243;][vc_single_image image=&#8220;26386&#8243; img_size=&#8220;590 x 825&#8243;][vc_column_text]<span style=\"font-size: 10pt;\"><strong>Audi A6 e-tron concept<\/strong><\/span><br \/>\n<span style=\"font-size: 10pt;\">Bei dem hier gezeigten Fahrzeug handelt es sich um ein Konzeptfahrzeug, das nicht als Serienmodell verf\u00fcgbar ist.<\/span>[\/vc_column_text][\/vc_column][vc_column width=&#8220;1\/2&#8243;][vc_column_text]<b>Weniger ist mehr<\/b><br \/>\n\u00dcbrigens k\u00f6nnen mit der PPE-Technologie sowohl Verbrauch als auch die CO<sub>2<\/sub>-Emissionen eines Fahrzeugs reduziert werden \u2013 was, zum Beispiel auf eine Unternehmensflotte hochgerechnet, sp\u00fcrbare \u00f6konomische und \u00f6kologische Potenziale aufzeigen kann.[\/vc_column_text]\n<div class=\"mybutton\" style=\"text-align: left;\">\n\t<a class=\"button \"  href=\"https:\/\/www.audi.de\/\" target=\"_blank\">Mehr erfahren<\/a>\n<\/div>[\/vc_column][\/vc_row][vc_row][vc_column][vc_column_text]<\/p>\n<div class=\"richtext abstractContentComponent parbase section\">\n<div class=\"grid-section grid-group\">\n<div class=\"grid-col span_12_of_12\">\n<div class=\"textmedia h-clearfix\">\n<div class=\"textmedia__inner textmedia__richtext\">\n<p><span style=\"font-size: 10pt;\"><i><sup>1)\u00a0<\/sup>Bei dem hier gezeigten Fahrzeug handelt es sich um ein Konzeptfahrzeug, das nicht als Serienmodell verf\u00fcgbar ist.<\/i><\/span><\/p>\n<\/div>\n<\/div>\n<\/div>\n<\/div>\n<\/div>\n<p>[\/vc_column_text][vc_separator][vc_column_text]<\/p>\n<div class=\"richtext abstractContentComponent parbase section\">\n<div class=\"grid-section grid-group\">\n<div class=\"grid-col span_12_of_12\">\n<div class=\"textmedia h-clearfix\">\n<div class=\"textmedia__inner textmedia__richtext\">\n<p class=\"singlecolumntext\"><span style=\"font-size: 10pt;\">\u00a9 Audi AG<\/span><\/p>\n<\/div>\n<\/div>\n<\/div>\n<\/div>\n<\/div>\n<p>[\/vc_column_text][\/vc_column][\/vc_row]<\/p>\n<\/div>","protected":false},"excerpt":{"rendered":"<p>[vc_row full_width=&#8220;stretch_row_content&#8220;][vc_column width=&#8220;1\/6&#8243;][\/vc_column][vc_column width=&#8220;2\/3&#8243;][vc_column_text] Auf der Messe \u201eAuto Shanghai 2021\u201c deb\u00fctierte ein neues Audi Konzeptfahrzeug, das als Vorl\u00e4ufer einer innovativen Familie von vollelektrischen Gro\u00dfserienautomobilen in Erscheinung tritt: der Audi A6 e-tron concept\u00b9\u207e. [\/vc_column_text][vc_empty_space][\/vc_column][vc_column width=&#8220;1\/6&#8243;][\/vc_column][\/vc_row][vc_row][vc_column width=&#8220;1\/2&#8243;][vc_column_text] Basis f\u00fcr den neuen Elektro-Viert\u00fcrer ist die Premium Plattform Electric (PPE), die Audi gemeinsam mit Porsche entwickelt. Dieses leistungsstarke Modulsystem [&hellip;]<\/p>\n","protected":false},"author":30,"featured_media":28840,"comment_status":"closed","ping_status":"closed","sticky":false,"template":"","format":"standard","meta":{"_acf_changed":false,"footnotes":""},"categories":[18,6],"tags":[],"class_list":["post-26030","post","type-post","status-publish","format-standard","has-post-thumbnail","hentry","category-audi","category-flottenmodelle","newsletter-fleetnews-04-21"],"acf":[],"yoast_head":"<!-- This site is optimized with the Yoast SEO plugin v27.4 - https:\/\/yoast.com\/product\/yoast-seo-wordpress\/ -->\n<title>Elegant, dynamisch, rein elektrisch - Volkswagen Group | FleetHub<\/title>\n<meta name=\"robots\" content=\"index, follow, max-snippet:-1, max-image-preview:large, max-video-preview:-1\" \/>\n<link rel=\"canonical\" href=\"https:\/\/www.groupfleet.com\/de\/audi-a6-e-tron_concept\/\" \/>\n<meta property=\"og:locale\" content=\"de_DE\" \/>\n<meta property=\"og:type\" content=\"article\" \/>\n<meta property=\"og:title\" content=\"Elegant, dynamisch, rein elektrisch - Volkswagen Group | FleetHub\" \/>\n<meta property=\"og:description\" content=\"[vc_row full_width=&#8220;stretch_row_content&#8220;][vc_column width=&#8220;1\/6&#8243;][\/vc_column][vc_column width=&#8220;2\/3&#8243;][vc_column_text] Auf der Messe \u201eAuto Shanghai 2021\u201c deb\u00fctierte ein neues Audi Konzeptfahrzeug, das als Vorl\u00e4ufer einer innovativen Familie von vollelektrischen Gro\u00dfserienautomobilen in Erscheinung tritt: der Audi A6 e-tron concept\u00b9\u207e. [\/vc_column_text][vc_empty_space][\/vc_column][vc_column width=&#8220;1\/6&#8243;][\/vc_column][\/vc_row][vc_row][vc_column width=&#8220;1\/2&#8243;][vc_column_text] Basis f\u00fcr den neuen Elektro-Viert\u00fcrer ist die Premium Plattform Electric (PPE), die Audi gemeinsam mit Porsche entwickelt. Dieses leistungsstarke Modulsystem [&hellip;]\" \/>\n<meta property=\"og:url\" content=\"https:\/\/www.groupfleet.com\/de\/audi-a6-e-tron_concept\/\" \/>\n<meta property=\"og:site_name\" content=\"Volkswagen Group | FleetHub\" \/>\n<meta property=\"article:published_time\" content=\"2021-11-30T12:43:46+00:00\" \/>\n<meta property=\"article:modified_time\" content=\"2023-05-11T07:12:26+00:00\" \/>\n<meta property=\"og:image\" content=\"https:\/\/www.groupfleet.com\/wp-content\/uploads\/2023\/03\/a6e_2021_2919-scaled.jpg\" \/>\n\t<meta property=\"og:image:width\" content=\"2560\" \/>\n\t<meta property=\"og:image:height\" content=\"2533\" \/>\n\t<meta property=\"og:image:type\" content=\"image\/jpeg\" \/>\n<meta name=\"author\" content=\"Jens Lattke\" \/>\n<meta name=\"twitter:card\" content=\"summary_large_image\" \/>\n<meta name=\"twitter:label1\" content=\"Verfasst von\" \/>\n\t<meta name=\"twitter:data1\" content=\"Jens Lattke\" \/>\n\t<meta name=\"twitter:label2\" content=\"Gesch\u00e4tzte Lesezeit\" \/>\n\t<meta name=\"twitter:data2\" content=\"3\u00a0Minuten\" \/>\n<script type=\"application\/ld+json\" class=\"yoast-schema-graph\">{\"@context\":\"https:\\\/\\\/schema.org\",\"@graph\":[{\"@type\":\"Article\",\"@id\":\"https:\\\/\\\/www.groupfleet.com\\\/de\\\/audi-a6-e-tron_concept\\\/#article\",\"isPartOf\":{\"@id\":\"https:\\\/\\\/www.groupfleet.com\\\/de\\\/audi-a6-e-tron_concept\\\/\"},\"author\":{\"name\":\"Jens Lattke\",\"@id\":\"https:\\\/\\\/www.groupfleet.com\\\/de\\\/#\\\/schema\\\/person\\\/c9c4c37414c094d25b571ee3ce5d1e4c\"},\"headline\":\"Elegant, dynamisch, rein elektrisch\",\"datePublished\":\"2021-11-30T12:43:46+00:00\",\"dateModified\":\"2023-05-11T07:12:26+00:00\",\"mainEntityOfPage\":{\"@id\":\"https:\\\/\\\/www.groupfleet.com\\\/de\\\/audi-a6-e-tron_concept\\\/\"},\"wordCount\":526,\"image\":{\"@id\":\"https:\\\/\\\/www.groupfleet.com\\\/de\\\/audi-a6-e-tron_concept\\\/#primaryimage\"},\"thumbnailUrl\":\"https:\\\/\\\/www.groupfleet.com\\\/wp-content\\\/uploads\\\/2023\\\/03\\\/a6e_2021_2919-scaled.jpg\",\"articleSection\":[\"Audi\",\"Flottenmodelle\"],\"inLanguage\":\"de\"},{\"@type\":\"WebPage\",\"@id\":\"https:\\\/\\\/www.groupfleet.com\\\/de\\\/audi-a6-e-tron_concept\\\/\",\"url\":\"https:\\\/\\\/www.groupfleet.com\\\/de\\\/audi-a6-e-tron_concept\\\/\",\"name\":\"Elegant, dynamisch, rein elektrisch - Volkswagen Group | FleetHub\",\"isPartOf\":{\"@id\":\"https:\\\/\\\/www.groupfleet.com\\\/de\\\/#website\"},\"primaryImageOfPage\":{\"@id\":\"https:\\\/\\\/www.groupfleet.com\\\/de\\\/audi-a6-e-tron_concept\\\/#primaryimage\"},\"image\":{\"@id\":\"https:\\\/\\\/www.groupfleet.com\\\/de\\\/audi-a6-e-tron_concept\\\/#primaryimage\"},\"thumbnailUrl\":\"https:\\\/\\\/www.groupfleet.com\\\/wp-content\\\/uploads\\\/2023\\\/03\\\/a6e_2021_2919-scaled.jpg\",\"datePublished\":\"2021-11-30T12:43:46+00:00\",\"dateModified\":\"2023-05-11T07:12:26+00:00\",\"author\":{\"@id\":\"https:\\\/\\\/www.groupfleet.com\\\/de\\\/#\\\/schema\\\/person\\\/c9c4c37414c094d25b571ee3ce5d1e4c\"},\"breadcrumb\":{\"@id\":\"https:\\\/\\\/www.groupfleet.com\\\/de\\\/audi-a6-e-tron_concept\\\/#breadcrumb\"},\"inLanguage\":\"de\",\"potentialAction\":[{\"@type\":\"ReadAction\",\"target\":[\"https:\\\/\\\/www.groupfleet.com\\\/de\\\/audi-a6-e-tron_concept\\\/\"]}]},{\"@type\":\"ImageObject\",\"inLanguage\":\"de\",\"@id\":\"https:\\\/\\\/www.groupfleet.com\\\/de\\\/audi-a6-e-tron_concept\\\/#primaryimage\",\"url\":\"https:\\\/\\\/www.groupfleet.com\\\/wp-content\\\/uploads\\\/2023\\\/03\\\/a6e_2021_2919-scaled.jpg\",\"contentUrl\":\"https:\\\/\\\/www.groupfleet.com\\\/wp-content\\\/uploads\\\/2023\\\/03\\\/a6e_2021_2919-scaled.jpg\",\"width\":2560,\"height\":2533},{\"@type\":\"BreadcrumbList\",\"@id\":\"https:\\\/\\\/www.groupfleet.com\\\/de\\\/audi-a6-e-tron_concept\\\/#breadcrumb\",\"itemListElement\":[{\"@type\":\"ListItem\",\"position\":1,\"name\":\"Home\",\"item\":\"https:\\\/\\\/www.groupfleet.com\\\/de\\\/\"},{\"@type\":\"ListItem\",\"position\":2,\"name\":\"Elegant, dynamisch, rein elektrisch\"}]},{\"@type\":\"WebSite\",\"@id\":\"https:\\\/\\\/www.groupfleet.com\\\/de\\\/#website\",\"url\":\"https:\\\/\\\/www.groupfleet.com\\\/de\\\/\",\"name\":\"Volkswagen Group | FleetHub\",\"description\":\"Online magazine for Fleet managers\",\"potentialAction\":[{\"@type\":\"SearchAction\",\"target\":{\"@type\":\"EntryPoint\",\"urlTemplate\":\"https:\\\/\\\/www.groupfleet.com\\\/de\\\/?s={search_term_string}\"},\"query-input\":{\"@type\":\"PropertyValueSpecification\",\"valueRequired\":true,\"valueName\":\"search_term_string\"}}],\"inLanguage\":\"de\"},{\"@type\":\"Person\",\"@id\":\"https:\\\/\\\/www.groupfleet.com\\\/de\\\/#\\\/schema\\\/person\\\/c9c4c37414c094d25b571ee3ce5d1e4c\",\"name\":\"Jens Lattke\",\"url\":\"https:\\\/\\\/www.groupfleet.com\\\/de\\\/author\\\/jlatttke\\\/\"}]}<\/script>\n<!-- \/ Yoast SEO plugin. -->","yoast_head_json":{"title":"Elegant, dynamisch, rein elektrisch - Volkswagen Group | FleetHub","robots":{"index":"index","follow":"follow","max-snippet":"max-snippet:-1","max-image-preview":"max-image-preview:large","max-video-preview":"max-video-preview:-1"},"canonical":"https:\/\/www.groupfleet.com\/de\/audi-a6-e-tron_concept\/","og_locale":"de_DE","og_type":"article","og_title":"Elegant, dynamisch, rein elektrisch - Volkswagen Group | FleetHub","og_description":"[vc_row full_width=&#8220;stretch_row_content&#8220;][vc_column width=&#8220;1\/6&#8243;][\/vc_column][vc_column width=&#8220;2\/3&#8243;][vc_column_text] Auf der Messe \u201eAuto Shanghai 2021\u201c deb\u00fctierte ein neues Audi Konzeptfahrzeug, das als Vorl\u00e4ufer einer innovativen Familie von vollelektrischen Gro\u00dfserienautomobilen in Erscheinung tritt: der Audi A6 e-tron concept\u00b9\u207e. [\/vc_column_text][vc_empty_space][\/vc_column][vc_column width=&#8220;1\/6&#8243;][\/vc_column][\/vc_row][vc_row][vc_column width=&#8220;1\/2&#8243;][vc_column_text] Basis f\u00fcr den neuen Elektro-Viert\u00fcrer ist die Premium Plattform Electric (PPE), die Audi gemeinsam mit Porsche entwickelt. Dieses leistungsstarke Modulsystem [&hellip;]","og_url":"https:\/\/www.groupfleet.com\/de\/audi-a6-e-tron_concept\/","og_site_name":"Volkswagen Group | FleetHub","article_published_time":"2021-11-30T12:43:46+00:00","article_modified_time":"2023-05-11T07:12:26+00:00","og_image":[{"width":2560,"height":2533,"url":"https:\/\/www.groupfleet.com\/wp-content\/uploads\/2023\/03\/a6e_2021_2919-scaled.jpg","type":"image\/jpeg"}],"author":"Jens Lattke","twitter_card":"summary_large_image","twitter_misc":{"Verfasst von":"Jens Lattke","Gesch\u00e4tzte Lesezeit":"3\u00a0Minuten"},"schema":{"@context":"https:\/\/schema.org","@graph":[{"@type":"Article","@id":"https:\/\/www.groupfleet.com\/de\/audi-a6-e-tron_concept\/#article","isPartOf":{"@id":"https:\/\/www.groupfleet.com\/de\/audi-a6-e-tron_concept\/"},"author":{"name":"Jens Lattke","@id":"https:\/\/www.groupfleet.com\/de\/#\/schema\/person\/c9c4c37414c094d25b571ee3ce5d1e4c"},"headline":"Elegant, dynamisch, rein elektrisch","datePublished":"2021-11-30T12:43:46+00:00","dateModified":"2023-05-11T07:12:26+00:00","mainEntityOfPage":{"@id":"https:\/\/www.groupfleet.com\/de\/audi-a6-e-tron_concept\/"},"wordCount":526,"image":{"@id":"https:\/\/www.groupfleet.com\/de\/audi-a6-e-tron_concept\/#primaryimage"},"thumbnailUrl":"https:\/\/www.groupfleet.com\/wp-content\/uploads\/2023\/03\/a6e_2021_2919-scaled.jpg","articleSection":["Audi","Flottenmodelle"],"inLanguage":"de"},{"@type":"WebPage","@id":"https:\/\/www.groupfleet.com\/de\/audi-a6-e-tron_concept\/","url":"https:\/\/www.groupfleet.com\/de\/audi-a6-e-tron_concept\/","name":"Elegant, dynamisch, rein elektrisch - Volkswagen Group | FleetHub","isPartOf":{"@id":"https:\/\/www.groupfleet.com\/de\/#website"},"primaryImageOfPage":{"@id":"https:\/\/www.groupfleet.com\/de\/audi-a6-e-tron_concept\/#primaryimage"},"image":{"@id":"https:\/\/www.groupfleet.com\/de\/audi-a6-e-tron_concept\/#primaryimage"},"thumbnailUrl":"https:\/\/www.groupfleet.com\/wp-content\/uploads\/2023\/03\/a6e_2021_2919-scaled.jpg","datePublished":"2021-11-30T12:43:46+00:00","dateModified":"2023-05-11T07:12:26+00:00","author":{"@id":"https:\/\/www.groupfleet.com\/de\/#\/schema\/person\/c9c4c37414c094d25b571ee3ce5d1e4c"},"breadcrumb":{"@id":"https:\/\/www.groupfleet.com\/de\/audi-a6-e-tron_concept\/#breadcrumb"},"inLanguage":"de","potentialAction":[{"@type":"ReadAction","target":["https:\/\/www.groupfleet.com\/de\/audi-a6-e-tron_concept\/"]}]},{"@type":"ImageObject","inLanguage":"de","@id":"https:\/\/www.groupfleet.com\/de\/audi-a6-e-tron_concept\/#primaryimage","url":"https:\/\/www.groupfleet.com\/wp-content\/uploads\/2023\/03\/a6e_2021_2919-scaled.jpg","contentUrl":"https:\/\/www.groupfleet.com\/wp-content\/uploads\/2023\/03\/a6e_2021_2919-scaled.jpg","width":2560,"height":2533},{"@type":"BreadcrumbList","@id":"https:\/\/www.groupfleet.com\/de\/audi-a6-e-tron_concept\/#breadcrumb","itemListElement":[{"@type":"ListItem","position":1,"name":"Home","item":"https:\/\/www.groupfleet.com\/de\/"},{"@type":"ListItem","position":2,"name":"Elegant, dynamisch, rein elektrisch"}]},{"@type":"WebSite","@id":"https:\/\/www.groupfleet.com\/de\/#website","url":"https:\/\/www.groupfleet.com\/de\/","name":"Volkswagen Group | FleetHub","description":"Online magazine for Fleet managers","potentialAction":[{"@type":"SearchAction","target":{"@type":"EntryPoint","urlTemplate":"https:\/\/www.groupfleet.com\/de\/?s={search_term_string}"},"query-input":{"@type":"PropertyValueSpecification","valueRequired":true,"valueName":"search_term_string"}}],"inLanguage":"de"},{"@type":"Person","@id":"https:\/\/www.groupfleet.com\/de\/#\/schema\/person\/c9c4c37414c094d25b571ee3ce5d1e4c","name":"Jens Lattke","url":"https:\/\/www.groupfleet.com\/de\/author\/jlatttke\/"}]}},"_links":{"self":[{"href":"https:\/\/www.groupfleet.com\/de\/wp-json\/wp\/v2\/posts\/26030","targetHints":{"allow":["GET"]}}],"collection":[{"href":"https:\/\/www.groupfleet.com\/de\/wp-json\/wp\/v2\/posts"}],"about":[{"href":"https:\/\/www.groupfleet.com\/de\/wp-json\/wp\/v2\/types\/post"}],"author":[{"embeddable":true,"href":"https:\/\/www.groupfleet.com\/de\/wp-json\/wp\/v2\/users\/30"}],"replies":[{"embeddable":true,"href":"https:\/\/www.groupfleet.com\/de\/wp-json\/wp\/v2\/comments?post=26030"}],"version-history":[{"count":0,"href":"https:\/\/www.groupfleet.com\/de\/wp-json\/wp\/v2\/posts\/26030\/revisions"}],"wp:featuredmedia":[{"embeddable":true,"href":"https:\/\/www.groupfleet.com\/de\/wp-json\/wp\/v2\/media\/28840"}],"wp:attachment":[{"href":"https:\/\/www.groupfleet.com\/de\/wp-json\/wp\/v2\/media?parent=26030"}],"wp:term":[{"taxonomy":"category","embeddable":true,"href":"https:\/\/www.groupfleet.com\/de\/wp-json\/wp\/v2\/categories?post=26030"},{"taxonomy":"post_tag","embeddable":true,"href":"https:\/\/www.groupfleet.com\/de\/wp-json\/wp\/v2\/tags?post=26030"}],"curies":[{"name":"wp","href":"https:\/\/api.w.org\/{rel}","templated":true}]}}