{"id":25952,"date":"2022-07-12T12:21:38","date_gmt":"2022-07-12T10:21:38","guid":{"rendered":"https:\/\/www.groupfleet.com\/?p=25952"},"modified":"2026-04-28T12:58:51","modified_gmt":"2026-04-28T10:58:51","slug":"seat-mo","status":"publish","type":"post","link":"https:\/\/www.groupfleet.com\/de\/seat-mo\/","title":{"rendered":"Stilvoll, flexibel, agil"},"content":{"rendered":"<div class=\"wpb-content-wrapper\"><p>[vc_row][vc_column width=&#8220;1\/2&#8243;][vc_column_text css=&#8220;&#8220;]<\/p>\n<div class=\"question-answer-modul abstractContentComponent parbase section\">\n<div class=\"iv-modul__question\">\n<div class=\"iv-modul__question\">\n<div class=\"question-answer-modul abstractContentComponent parbase section\">\n<div class=\"iv-modul__question\">\n<div class=\"iv-modul__question\">\n<div class=\"iv-modul__head\">\n<div class=\"iv-modul__head-text-right span_4_of_12 h-float-right\">\n<h2><span style=\"font-size: 18pt; color: #99a9ad;\">26. Juni 2022<\/span><\/h2>\n<p>Es ist noch gar nicht so lange her, da war der Begriff von der intermodalen Mobilit\u00e4t in aller Munde \u2013 zumindest in Fuhrparkkreisen. Dieser Begriff beschreibt ein Szenario, bei dem den Dienstwagenberechtigen verschiedene M\u00f6glichkeiten zur Verf\u00fcgung stehen und mit denen sie ihre berufliche Mobilit\u00e4t individuell gestalten k\u00f6nnen. Dazu geh\u00f6rt zum Beispiel der Dienstwagen, genauso wie der \u00f6ffentliche Personennahverkehr (\u00d6PNV) oder die sogenannte Mikromobilit\u00e4t, bei der kleine, agile Fahrzeuge zum Einsatz kommen. Beispielsweise Tret- oder Sitzroller, mit denen kurze Distanzen \u00fcberbr\u00fcckt werden k\u00f6nnen und die idealerweise elektrisch betrieben werden \u2013 wobei dann das Business-Outfit bei der Ankunft genauso gepflegt aussieht wie vor der Abfahrt.<\/p>\n<\/div>\n<\/div>\n<\/div>\n<\/div>\n<\/div>\n<\/div>\n<\/div>\n<\/div>\n<p>[\/vc_column_text][\/vc_column][vc_column width=&#8220;1\/2&#8243;][vc_single_image image=&#8220;26364&#8243; img_size=&#8220;full&#8220;][vc_column_text]<span style=\"font-size: 10pt;\"><strong>SEAT M\u00d3<\/strong><\/span><br \/>\n<span style=\"font-size: 10pt;\">Die elektrischen Zweiradl\u00f6sungen k\u00f6nnen den Fuhrpark effizienter machen.<\/span>[\/vc_column_text][\/vc_column][\/vc_row][vc_row][vc_column][vc_column_text]<\/p>\n<div class=\"question-answer-modul abstractContentComponent parbase section\">\n<div class=\"iv-modul__question\">\n<div class=\"iv-modul__question\">\n<div class=\"question-answer-modul abstractContentComponent parbase section\">\n<div class=\"iv-modul__question\">\n<div class=\"iv-modul__question\">\n<div class=\"iv-modul__question\">\n<div class=\"question-answer-modul abstractContentComponent parbase section\">\n<div class=\"iv-modul__question\">\n<div class=\"iv-modul__question\">\n<div class=\"iv-modul__question\">\n<p><b>Business-Potenziale<\/b><br \/>\nDass dieser Einsatz insbesondere im urbanen Bereich m\u00f6glich ist und sinnvoll sein kann, hat SEAT bereits im Jahr 2019 aufgezeigt, als die Marke in Kooperation mit dem damaligen Start-up UFO ein Pilotprojekt f\u00fcr elektrische Tretroller startete: Beim sogenannten Kicksharing-Projekt standen damals in der spanischen Hauptstadt Madrid mehr als 500 Exemplare des Modells eXS Kickscooter zur Verf\u00fcgung. In erster Linie warb diese Aktion zwar f\u00fcr die gemeinsame Nutzung durch Privatleute, zeigte aber auch Potenziale auf, die dar\u00fcber hinausf\u00fchren k\u00f6nnen \u2013 etwa ins Gesch\u00e4ftliche.<\/p>\n<\/div>\n<\/div>\n<\/div>\n<\/div>\n<\/div>\n<\/div>\n<\/div>\n<\/div>\n<\/div>\n<\/div>\n<\/div>\n<p>[\/vc_column_text][vc_column_text]<\/p>\n<div class=\"iv-modul__question\">\n<div class=\"iv-modul__question\">\n<div class=\"question-answer-modul abstractContentComponent parbase section\">\n<div class=\"iv-modul__question\">\n<div class=\"question-answer-modul abstractContentComponent parbase section\">\n<div class=\"iv-modul__question\">\n<div class=\"iv-modul__question\">\n<div class=\"iv-modul__question\">\n<p><b>Scooter-Stars<\/b><br \/>\nSeitdem hat SEAT kontinuierlich an seiner Vision von einer urbanen und elektrischen (Kleinst-)Mobilit\u00e4t gearbeitet: Herausgekommen ist SEAT M\u00d3, ein Elektrokonzept, das verschiedene L\u00f6sungen anbietet und unterschiedlichste Einsatzszenarien abdecken kann. Dabei ist beispielsweise aus dem eXS Kickscooter heute der SEAT M\u00d3 65 geworden, ein vollelektrischer Tretroller, dessen Batterie eine Reichweite von bis zu 65 Kilometer erm\u00f6glicht und damit auch im Umland gut einsetzbar ist, wo der Weg zur Regionalbahn meistens einen Tick l\u00e4nger dauert, als in der Innenstadt. Der Tretroller kann mit wenigen Handgriffen zusammengeklappt und dann ganz bequem in Stra\u00dfenbahn, Bus oder Dienstwagen mitgenommen werden.<\/p>\n<\/div>\n<\/div>\n<\/div>\n<\/div>\n<\/div>\n<\/div>\n<\/div>\n<\/div>\n<p>[\/vc_column_text][\/vc_column][\/vc_row][vc_row][vc_column width=&#8220;1\/2&#8243;][vc_single_image image=&#8220;26358&#8243; img_size=&#8220;770 x 430&#8243;][\/vc_column][vc_column width=&#8220;1\/2&#8243;][vc_column_text]<strong><span style=\"font-size: 12pt;\">Vollelektrischer Roller<\/span><\/strong><\/p>\n<p>&nbsp;<\/p>\n<p><span style=\"font-size: 12pt;\">Die Fahrleistung des SEAT M\u00d3 125 ist vergleichbar mit der eines konventionellen 125-ccm-Modells.<\/span>[\/vc_column_text][\/vc_column][\/vc_row][vc_row][vc_column width=&#8220;1\/2&#8243;][vc_column_text]<strong><span style=\"font-size: 12pt;\">Eco, City und Sport<\/span><\/strong><\/p>\n<p>&nbsp;<\/p>\n<p><span style=\"font-size: 12pt;\">Zur Verf\u00fcgung stehen drei unterschiedliche Fahrmodi\u00a0<\/span><\/p>\n<p>&#8211; sowie ein R\u00fcckw\u00e4rtsgang f\u00fcr leichtes Parken in engen L\u00fccken.[\/vc_column_text][\/vc_column][vc_column width=&#8220;1\/2&#8243;][vc_single_image image=&#8220;26360&#8243; img_size=&#8220;770 x 430&#8243;][\/vc_column][\/vc_row][vc_row][vc_column width=&#8220;1\/2&#8243;][vc_single_image image=&#8220;26362&#8243; img_size=&#8220;770 x 430&#8243;][\/vc_column][vc_column width=&#8220;1\/2&#8243;][vc_column_text]<span style=\"font-size: 16px;\"><b>Batterie als Trolley<\/b><\/span><\/p>\n<p>&nbsp;<\/p>\n<p><span style=\"font-size: 16px;\">Erm\u00f6glicht es den Nutzenden, den Energiespeicher bequem zuhause via Steckdose zu laden.<\/span>[\/vc_column_text][\/vc_column][\/vc_row][vc_row][vc_column][vc_column_text]<b>Road\u2019n\u2018Roll<\/b><br \/>\nEine Stufe weiter geht der SEAT M\u00d3 125 \u2013 ein vollelektrischer (Sitz-)Roller, dessen Fahrleistung vergleichbar ist mit dereines konventionellen 125-ccm-Modells. Seine H\u00f6chstgeschwindigkeit liegt bei bis zu 95 km\/h, in puncto Reichweite bietet er bis zu 137 Kilometer an. Zur Verf\u00fcgung stehen zudem drei unterschiedliche Fahrmodi \u2013 Eco, City und Sport \u2013 sowie ein R\u00fcckw\u00e4rtsgang f\u00fcr leichtes Parken selbst in engen L\u00fccken. Besonders praktisch ist, dass die Batterie einfach abnehmbar ist und im Stil eines Trolleys transportiert werden kann. Diese Flexibilit\u00e4t erm\u00f6glicht es den Nutzenden, den Energiespeicher bequem zuhause via Steckdose zu laden. Weiterer Vorteil: Der Akku ist in Zukunft mit einem Adapter auch als kraftvolle Powerbank nutzbar.[\/vc_column_text][vc_column_text]<b>Fazit<\/b><br \/>\nWesentlicher Vorteil von SEAT M\u00d3: Die elektrischen Zweir\u00e4der k\u00f6nnen einen wertvollen Beitrag zur Reduzierung der CO\u2082-Emissionen des Fuhrparks leisten und gleichzeitig neue Wege in der beruflichen Mobilit\u00e4t aufzeigen. Etwa durch Intermodalit\u00e4t beim Pendeln, als smarte Zweiradalternativen in Fahrzeug-Pools oder zur Erg\u00e4nzung von User-Chooser-Profits.[\/vc_column_text]\n<div class=\"mybutton\" style=\"text-align: center;\">\n\t<a class=\"button \"  href=\"https:\/\/www.seat.de\/e-mobility\/mo\/uebersicht.html\" target=\"_blank\">Mehr \u00fcber die elektrischen Mobilit\u00e4tsl\u00f6sungen von SEAT M\u00d3<\/a>\n<\/div>[\/vc_column][\/vc_row][vc_row][vc_column width=&#8220;1\/2&#8243;][vc_tta_accordion style=&#8220;flat&#8220; active_section=&#8220;1&#8243;][vc_tta_section title=&#8220;SEAT M\u00d3 65&#8243; tab_id=&#8220;1663668850267-d86559f1-2852&#8243;][vc_column_text]<b>eKickScooter mit gro\u00dfer Performance<\/b><\/p>\n<p>&nbsp;<\/p>\n<ul style=\"list-style-type: square;\">\n<li>Fahrmodi: 3 (Eco, City, Sport)<\/li>\n<li>Reichweite in km: bis zu 65<\/li>\n<li>CO\u2082-Emissionen in g\/km: 0<\/li>\n<li>H\u00f6chstgeschwindigkeit in km\/h: 20<\/li>\n<li>Ladedauer in Stunden: circa 6<\/li>\n<\/ul>\n<p>[\/vc_column_text][\/vc_tta_section][vc_tta_section title=&#8220;SEAT M\u00d3 125&#8243; tab_id=&#8220;1663668850285-4da9698f-ca2b&#8220;][vc_column_text]<b>eRoller f\u00fcr den urbanen Flow<\/b><\/p>\n<p>&nbsp;<\/p>\n<ul style=\"list-style-type: square;\">\n<li>Fahrmodi: 3 (Eco, City, Sport)<\/li>\n<li>Beschleunigung von 0 auf 50 km\/h: 3,9 Sekunden<\/li>\n<li>R\u00fcckw\u00e4rtsgang<\/li>\n<li>Reichweite in km: bis zu 137<\/li>\n<li>CO\u2082-Emissionen in g\/km: 0<\/li>\n<li>H\u00f6chstgeschwindigkeit in km\/h: 95<\/li>\n<li>Ladedauer in Stunden: circa 6-8<\/li>\n<\/ul>\n<p>[\/vc_column_text][\/vc_tta_section][\/vc_tta_accordion][\/vc_column][vc_column width=&#8220;1\/2&#8243;][\/vc_column][\/vc_row][vc_row][vc_column][vc_column_text]<span style=\"font-size: 10pt;\"><i>Verf\u00fcgbarkeit und Spezifikationen k\u00f6nnen von Land zu Land variieren. Es wird daher empfohlen, sich vor der endg\u00fcltigen Bestellung bei lokalen Vertriebsmitarbeitern oder H\u00e4ndlern zu erkundigen.<\/i><\/span>[\/vc_column_text][vc_separator][vc_column_text]<\/p>\n<div class=\"richtext abstractContentComponent parbase section\">\n<div class=\"grid-section grid-group\">\n<div class=\"grid-col span_12_of_12\">\n<div class=\"textmedia h-clearfix\">\n<div class=\"textmedia__inner textmedia__richtext\">\n<p class=\"singlecolumntext\"><span style=\"font-size: 10pt;\">Stand: 26. Juni 2022<\/span><\/p>\n<p class=\"singlecolumntext\"><span style=\"font-size: 10pt;\">\u00a9 SEAT<\/span><\/p>\n<\/div>\n<\/div>\n<\/div>\n<\/div>\n<\/div>\n<p>[\/vc_column_text][\/vc_column][\/vc_row]<\/p>\n<\/div>","protected":false},"excerpt":{"rendered":"<p>Die elektrischen Zweiradl\u00f6sungen von SEAT M\u00d3 k\u00f6nnen den Fuhrpark effizienter machen \u2013 als Unterst\u00fctzung von intermodaler Mobilit\u00e4t sowie als alternative Poolfahrzeuge oder innerbetriebliche Fortbewegungsmittel.<\/p>\n","protected":false},"author":30,"featured_media":26364,"comment_status":"closed","ping_status":"closed","sticky":false,"template":"","format":"standard","meta":{"_acf_changed":false,"footnotes":""},"categories":[207,6],"tags":[],"class_list":["post-25952","post","type-post","status-publish","format-standard","has-post-thumbnail","hentry","category-cupra-und-seat","category-flottenmodelle","newsletter-fleetnews-03-22"],"acf":[],"yoast_head":"<!-- This site is optimized with the Yoast SEO plugin v27.4 - https:\/\/yoast.com\/product\/yoast-seo-wordpress\/ -->\n<title>Stilvoll, flexibel, agil - Volkswagen Group | FleetHub<\/title>\n<meta name=\"robots\" content=\"index, follow, max-snippet:-1, max-image-preview:large, max-video-preview:-1\" \/>\n<link rel=\"canonical\" href=\"https:\/\/www.groupfleet.com\/de\/seat-mo\/\" \/>\n<meta property=\"og:locale\" content=\"de_DE\" \/>\n<meta property=\"og:type\" content=\"article\" \/>\n<meta property=\"og:title\" content=\"Stilvoll, flexibel, agil - Volkswagen Group | FleetHub\" \/>\n<meta property=\"og:description\" content=\"Die elektrischen Zweiradl\u00f6sungen von SEAT M\u00d3 k\u00f6nnen den Fuhrpark effizienter machen \u2013 als Unterst\u00fctzung von intermodaler Mobilit\u00e4t sowie als alternative Poolfahrzeuge oder innerbetriebliche Fortbewegungsmittel.\" \/>\n<meta property=\"og:url\" content=\"https:\/\/www.groupfleet.com\/de\/seat-mo\/\" \/>\n<meta property=\"og:site_name\" content=\"Volkswagen Group | FleetHub\" \/>\n<meta property=\"article:published_time\" content=\"2022-07-12T10:21:38+00:00\" \/>\n<meta property=\"article:modified_time\" content=\"2026-04-28T10:58:51+00:00\" \/>\n<meta property=\"og:image\" content=\"https:\/\/www.groupfleet.com\/wp-content\/uploads\/2022\/09\/2022_SEAT_MO_e-MOBILITY-053-3-scaled.jpg\" \/>\n\t<meta property=\"og:image:width\" content=\"1809\" \/>\n\t<meta property=\"og:image:height\" content=\"2560\" \/>\n\t<meta property=\"og:image:type\" content=\"image\/jpeg\" \/>\n<meta name=\"author\" content=\"Jens Lattke\" \/>\n<meta name=\"twitter:card\" content=\"summary_large_image\" \/>\n<meta name=\"twitter:label1\" content=\"Verfasst von\" \/>\n\t<meta name=\"twitter:data1\" content=\"Jens Lattke\" \/>\n\t<meta name=\"twitter:label2\" content=\"Gesch\u00e4tzte Lesezeit\" \/>\n\t<meta name=\"twitter:data2\" content=\"5\u00a0Minuten\" \/>\n<script type=\"application\/ld+json\" class=\"yoast-schema-graph\">{\"@context\":\"https:\\\/\\\/schema.org\",\"@graph\":[{\"@type\":\"Article\",\"@id\":\"https:\\\/\\\/www.groupfleet.com\\\/de\\\/seat-mo\\\/#article\",\"isPartOf\":{\"@id\":\"https:\\\/\\\/www.groupfleet.com\\\/de\\\/seat-mo\\\/\"},\"author\":{\"name\":\"Jens Lattke\",\"@id\":\"https:\\\/\\\/www.groupfleet.com\\\/de\\\/#\\\/schema\\\/person\\\/c9c4c37414c094d25b571ee3ce5d1e4c\"},\"headline\":\"Stilvoll, flexibel, agil\",\"datePublished\":\"2022-07-12T10:21:38+00:00\",\"dateModified\":\"2026-04-28T10:58:51+00:00\",\"mainEntityOfPage\":{\"@id\":\"https:\\\/\\\/www.groupfleet.com\\\/de\\\/seat-mo\\\/\"},\"wordCount\":906,\"image\":{\"@id\":\"https:\\\/\\\/www.groupfleet.com\\\/de\\\/seat-mo\\\/#primaryimage\"},\"thumbnailUrl\":\"https:\\\/\\\/www.groupfleet.com\\\/wp-content\\\/uploads\\\/2022\\\/09\\\/2022_SEAT_MO_e-MOBILITY-053-3-scaled.jpg\",\"articleSection\":[\"CUPRA und SEAT\",\"Flottenmodelle\"],\"inLanguage\":\"de\"},{\"@type\":\"WebPage\",\"@id\":\"https:\\\/\\\/www.groupfleet.com\\\/de\\\/seat-mo\\\/\",\"url\":\"https:\\\/\\\/www.groupfleet.com\\\/de\\\/seat-mo\\\/\",\"name\":\"Stilvoll, flexibel, agil - Volkswagen Group | FleetHub\",\"isPartOf\":{\"@id\":\"https:\\\/\\\/www.groupfleet.com\\\/de\\\/#website\"},\"primaryImageOfPage\":{\"@id\":\"https:\\\/\\\/www.groupfleet.com\\\/de\\\/seat-mo\\\/#primaryimage\"},\"image\":{\"@id\":\"https:\\\/\\\/www.groupfleet.com\\\/de\\\/seat-mo\\\/#primaryimage\"},\"thumbnailUrl\":\"https:\\\/\\\/www.groupfleet.com\\\/wp-content\\\/uploads\\\/2022\\\/09\\\/2022_SEAT_MO_e-MOBILITY-053-3-scaled.jpg\",\"datePublished\":\"2022-07-12T10:21:38+00:00\",\"dateModified\":\"2026-04-28T10:58:51+00:00\",\"author\":{\"@id\":\"https:\\\/\\\/www.groupfleet.com\\\/de\\\/#\\\/schema\\\/person\\\/c9c4c37414c094d25b571ee3ce5d1e4c\"},\"breadcrumb\":{\"@id\":\"https:\\\/\\\/www.groupfleet.com\\\/de\\\/seat-mo\\\/#breadcrumb\"},\"inLanguage\":\"de\",\"potentialAction\":[{\"@type\":\"ReadAction\",\"target\":[\"https:\\\/\\\/www.groupfleet.com\\\/de\\\/seat-mo\\\/\"]}]},{\"@type\":\"ImageObject\",\"inLanguage\":\"de\",\"@id\":\"https:\\\/\\\/www.groupfleet.com\\\/de\\\/seat-mo\\\/#primaryimage\",\"url\":\"https:\\\/\\\/www.groupfleet.com\\\/wp-content\\\/uploads\\\/2022\\\/09\\\/2022_SEAT_MO_e-MOBILITY-053-3-scaled.jpg\",\"contentUrl\":\"https:\\\/\\\/www.groupfleet.com\\\/wp-content\\\/uploads\\\/2022\\\/09\\\/2022_SEAT_MO_e-MOBILITY-053-3-scaled.jpg\",\"width\":1809,\"height\":2560},{\"@type\":\"BreadcrumbList\",\"@id\":\"https:\\\/\\\/www.groupfleet.com\\\/de\\\/seat-mo\\\/#breadcrumb\",\"itemListElement\":[{\"@type\":\"ListItem\",\"position\":1,\"name\":\"Home\",\"item\":\"https:\\\/\\\/www.groupfleet.com\\\/de\\\/\"},{\"@type\":\"ListItem\",\"position\":2,\"name\":\"Stilvoll, flexibel, agil\"}]},{\"@type\":\"WebSite\",\"@id\":\"https:\\\/\\\/www.groupfleet.com\\\/de\\\/#website\",\"url\":\"https:\\\/\\\/www.groupfleet.com\\\/de\\\/\",\"name\":\"Volkswagen Group | FleetHub\",\"description\":\"Online magazine for Fleet managers\",\"potentialAction\":[{\"@type\":\"SearchAction\",\"target\":{\"@type\":\"EntryPoint\",\"urlTemplate\":\"https:\\\/\\\/www.groupfleet.com\\\/de\\\/?s={search_term_string}\"},\"query-input\":{\"@type\":\"PropertyValueSpecification\",\"valueRequired\":true,\"valueName\":\"search_term_string\"}}],\"inLanguage\":\"de\"},{\"@type\":\"Person\",\"@id\":\"https:\\\/\\\/www.groupfleet.com\\\/de\\\/#\\\/schema\\\/person\\\/c9c4c37414c094d25b571ee3ce5d1e4c\",\"name\":\"Jens Lattke\",\"url\":\"https:\\\/\\\/www.groupfleet.com\\\/de\\\/author\\\/jlatttke\\\/\"}]}<\/script>\n<!-- \/ Yoast SEO plugin. -->","yoast_head_json":{"title":"Stilvoll, flexibel, agil - Volkswagen Group | FleetHub","robots":{"index":"index","follow":"follow","max-snippet":"max-snippet:-1","max-image-preview":"max-image-preview:large","max-video-preview":"max-video-preview:-1"},"canonical":"https:\/\/www.groupfleet.com\/de\/seat-mo\/","og_locale":"de_DE","og_type":"article","og_title":"Stilvoll, flexibel, agil - Volkswagen Group | FleetHub","og_description":"Die elektrischen Zweiradl\u00f6sungen von SEAT M\u00d3 k\u00f6nnen den Fuhrpark effizienter machen \u2013 als Unterst\u00fctzung von intermodaler Mobilit\u00e4t sowie als alternative Poolfahrzeuge oder innerbetriebliche Fortbewegungsmittel.","og_url":"https:\/\/www.groupfleet.com\/de\/seat-mo\/","og_site_name":"Volkswagen Group | FleetHub","article_published_time":"2022-07-12T10:21:38+00:00","article_modified_time":"2026-04-28T10:58:51+00:00","og_image":[{"width":1809,"height":2560,"url":"https:\/\/www.groupfleet.com\/wp-content\/uploads\/2022\/09\/2022_SEAT_MO_e-MOBILITY-053-3-scaled.jpg","type":"image\/jpeg"}],"author":"Jens Lattke","twitter_card":"summary_large_image","twitter_misc":{"Verfasst von":"Jens Lattke","Gesch\u00e4tzte Lesezeit":"5\u00a0Minuten"},"schema":{"@context":"https:\/\/schema.org","@graph":[{"@type":"Article","@id":"https:\/\/www.groupfleet.com\/de\/seat-mo\/#article","isPartOf":{"@id":"https:\/\/www.groupfleet.com\/de\/seat-mo\/"},"author":{"name":"Jens Lattke","@id":"https:\/\/www.groupfleet.com\/de\/#\/schema\/person\/c9c4c37414c094d25b571ee3ce5d1e4c"},"headline":"Stilvoll, flexibel, agil","datePublished":"2022-07-12T10:21:38+00:00","dateModified":"2026-04-28T10:58:51+00:00","mainEntityOfPage":{"@id":"https:\/\/www.groupfleet.com\/de\/seat-mo\/"},"wordCount":906,"image":{"@id":"https:\/\/www.groupfleet.com\/de\/seat-mo\/#primaryimage"},"thumbnailUrl":"https:\/\/www.groupfleet.com\/wp-content\/uploads\/2022\/09\/2022_SEAT_MO_e-MOBILITY-053-3-scaled.jpg","articleSection":["CUPRA und SEAT","Flottenmodelle"],"inLanguage":"de"},{"@type":"WebPage","@id":"https:\/\/www.groupfleet.com\/de\/seat-mo\/","url":"https:\/\/www.groupfleet.com\/de\/seat-mo\/","name":"Stilvoll, flexibel, agil - Volkswagen Group | FleetHub","isPartOf":{"@id":"https:\/\/www.groupfleet.com\/de\/#website"},"primaryImageOfPage":{"@id":"https:\/\/www.groupfleet.com\/de\/seat-mo\/#primaryimage"},"image":{"@id":"https:\/\/www.groupfleet.com\/de\/seat-mo\/#primaryimage"},"thumbnailUrl":"https:\/\/www.groupfleet.com\/wp-content\/uploads\/2022\/09\/2022_SEAT_MO_e-MOBILITY-053-3-scaled.jpg","datePublished":"2022-07-12T10:21:38+00:00","dateModified":"2026-04-28T10:58:51+00:00","author":{"@id":"https:\/\/www.groupfleet.com\/de\/#\/schema\/person\/c9c4c37414c094d25b571ee3ce5d1e4c"},"breadcrumb":{"@id":"https:\/\/www.groupfleet.com\/de\/seat-mo\/#breadcrumb"},"inLanguage":"de","potentialAction":[{"@type":"ReadAction","target":["https:\/\/www.groupfleet.com\/de\/seat-mo\/"]}]},{"@type":"ImageObject","inLanguage":"de","@id":"https:\/\/www.groupfleet.com\/de\/seat-mo\/#primaryimage","url":"https:\/\/www.groupfleet.com\/wp-content\/uploads\/2022\/09\/2022_SEAT_MO_e-MOBILITY-053-3-scaled.jpg","contentUrl":"https:\/\/www.groupfleet.com\/wp-content\/uploads\/2022\/09\/2022_SEAT_MO_e-MOBILITY-053-3-scaled.jpg","width":1809,"height":2560},{"@type":"BreadcrumbList","@id":"https:\/\/www.groupfleet.com\/de\/seat-mo\/#breadcrumb","itemListElement":[{"@type":"ListItem","position":1,"name":"Home","item":"https:\/\/www.groupfleet.com\/de\/"},{"@type":"ListItem","position":2,"name":"Stilvoll, flexibel, agil"}]},{"@type":"WebSite","@id":"https:\/\/www.groupfleet.com\/de\/#website","url":"https:\/\/www.groupfleet.com\/de\/","name":"Volkswagen Group | FleetHub","description":"Online magazine for Fleet managers","potentialAction":[{"@type":"SearchAction","target":{"@type":"EntryPoint","urlTemplate":"https:\/\/www.groupfleet.com\/de\/?s={search_term_string}"},"query-input":{"@type":"PropertyValueSpecification","valueRequired":true,"valueName":"search_term_string"}}],"inLanguage":"de"},{"@type":"Person","@id":"https:\/\/www.groupfleet.com\/de\/#\/schema\/person\/c9c4c37414c094d25b571ee3ce5d1e4c","name":"Jens Lattke","url":"https:\/\/www.groupfleet.com\/de\/author\/jlatttke\/"}]}},"_links":{"self":[{"href":"https:\/\/www.groupfleet.com\/de\/wp-json\/wp\/v2\/posts\/25952","targetHints":{"allow":["GET"]}}],"collection":[{"href":"https:\/\/www.groupfleet.com\/de\/wp-json\/wp\/v2\/posts"}],"about":[{"href":"https:\/\/www.groupfleet.com\/de\/wp-json\/wp\/v2\/types\/post"}],"author":[{"embeddable":true,"href":"https:\/\/www.groupfleet.com\/de\/wp-json\/wp\/v2\/users\/30"}],"replies":[{"embeddable":true,"href":"https:\/\/www.groupfleet.com\/de\/wp-json\/wp\/v2\/comments?post=25952"}],"version-history":[{"count":0,"href":"https:\/\/www.groupfleet.com\/de\/wp-json\/wp\/v2\/posts\/25952\/revisions"}],"wp:featuredmedia":[{"embeddable":true,"href":"https:\/\/www.groupfleet.com\/de\/wp-json\/wp\/v2\/media\/26364"}],"wp:attachment":[{"href":"https:\/\/www.groupfleet.com\/de\/wp-json\/wp\/v2\/media?parent=25952"}],"wp:term":[{"taxonomy":"category","embeddable":true,"href":"https:\/\/www.groupfleet.com\/de\/wp-json\/wp\/v2\/categories?post=25952"},{"taxonomy":"post_tag","embeddable":true,"href":"https:\/\/www.groupfleet.com\/de\/wp-json\/wp\/v2\/tags?post=25952"}],"curies":[{"name":"wp","href":"https:\/\/api.w.org\/{rel}","templated":true}]}}