{"id":25782,"date":"2021-02-03T12:14:40","date_gmt":"2021-02-03T11:14:40","guid":{"rendered":"https:\/\/www.groupfleet.com\/?p=25782"},"modified":"2024-09-10T13:54:07","modified_gmt":"2024-09-10T11:54:07","slug":"halterhaftung","status":"publish","type":"post","link":"https:\/\/www.groupfleet.com\/de\/halterhaftung\/","title":{"rendered":"Wer haftet im Fall der F\u00e4lle?"},"content":{"rendered":"<div class=\"wpb-content-wrapper\"><p>[vc_row full_width=&#8220;stretch_row_content&#8220;][vc_column][vc_column_text]<\/p>\n<h2><span style=\"color: #9b734a;\">Aufgefahren, falsch geparkt und geblitzt: Bei Verkehrsverst\u00f6\u00dfen wird im Falle von Anzeigen, Strafzetteln &amp; Co. schnell die Person am Steuer zur Verantwortung gezogen. Wie aber verh\u00e4lt es sich, wenn Fahrer und Halter nicht ein und dieselbe (juristische) Person sind?<\/span><\/h2>\n<p>[\/vc_column_text][\/vc_column][\/vc_row][vc_row][vc_column][vc_column_text]Verkehrsversto\u00df ist nicht gleich Verkehrsversto\u00df \u2013 zumindest nicht, wenn es um das Thema Halterhaftung geht. Bei bestimmten Verkehrsverst\u00f6\u00dfen, insbesondere solchen die mit dem Zustand oder dem Betrieb des Fahrzeugs zusammenh\u00e4ngen, kann n\u00e4mlich neben dem Fahrer auch der Fahrzeughalter in Anspruch genommen werden. Nach der Rechtsprechung gilt dabei derjenige als Halter, der das Fahrzeug f\u00fcr eigene Rechnung in Gebrauch hat und die entsprechende Verf\u00fcgungsgewalt dar\u00fcber besitzt. Folglich haftet dieser auch f\u00fcr Verst\u00f6\u00dfe, die durch den Betrieb des auf ihn zugelassenen Kraftfahrzeugs entstehen. Anders gestaltet sich die Zuordnung der Halterverantwortung bei Flottenfahrzeugen, die auf ein Unternehmen zugelassen sind: Im Fall von Einzelunternehmen oder Personengesellschaften trifft die Halterhaftung den \u2013 beziehungsweise die \u2013 Firmeninhaber; bei GmbHs oder AGs hingegen k\u00f6nnen Gesch\u00e4ftsf\u00fchrer oder Vorstand belangt werden.[\/vc_column_text][\/vc_column][\/vc_row][vc_row css=&#8220;.vc_custom_1663585274601{background-color: #ededed !important;}&#8220;][vc_column][vc_column_text]<\/p>\n<h3>(K)eine Frage des Halters bei Dienstwagen<\/h3>\n<p>Als Halter kommt demnach nicht zwingend derjenige in Frage, dessen Name im Fahrzeugschein steht; es spricht lediglich eine gewisse Vermutung daf\u00fcr, dass diese Person das Fahrzeug auf eigene Rechnung unterh\u00e4lt. Doch wie stehen die Aktien, wenn man den Dienstwagen auf seinen Mitarbeiter zul\u00e4sst? Oder wenn sich der Angestellte bei der Finanzierung \u201eseines\u201c Dienstwagens mit gew\u00fcnschter Sonderausstattung beteiligt? Die Rechtsprechung ist auch hier eindeutig: Der Arbeitgeber kann sich in solchen F\u00e4llen trotz der Einbindung des Mitarbeiters nicht der Halterhaftung entziehen. Denn Dienstwagen werden vom Arbeitgeber angeschafft. Der Arbeitgeber tr\u00e4gt die laufenden Kosten f\u00fcr den Betrieb des Fahrzeugs wie etwa Kfz-Steuer, Rundfunkgeb\u00fchren, Versicherungen oder laufende Betriebskosten. Das Fahrzeug ist daher ihm zuzurechnen.[\/vc_column_text][\/vc_column][\/vc_row][vc_row][vc_column][vc_column_text]<\/p>\n<h3>Haftung ist gut, Kontrolle ist besser<\/h3>\n<p>Nicht zuletzt angesichts immer gr\u00f6\u00dferer Flotten und komplexerer Gesetze sollte man beim Flottenmanagement nichts dem Zufall \u00fcberlassen. Die To-do-Liste eines Fuhrparkverantwortlichen pr\u00e4sentiert sich entsprechend umfangreich. So muss der Halter zun\u00e4chst daf\u00fcr Sorge tragen, dass sich die Fahrzeuge in einem ordnungsgem\u00e4\u00dfen und verkehrssicheren Zustand befinden; au\u00dferdem d\u00fcrfen die Dienstwagen nur von hierzu berechtigten Personen im Stra\u00dfenverkehr gef\u00fchrt werden. Regelm\u00e4\u00dfige und dokumentierte F\u00fchrerscheinkontrolle \u2013, mindestens einmal, bei Abteilungs- und Poolfahrzeugen besser noch zweimal pro Jahr \u2013 sind daher unabdingbar. Ebenfalls von gro\u00dfer Bedeutung: die \u00dcberwachung von Ladevorschriften und \u2013 in Betrieben mit Berufskraftfahrern \u2013 die Einhaltung von Lenk- und Ruhezeiten.[\/vc_column_text][\/vc_column][\/vc_row][vc_row css=&#8220;.vc_custom_1663585274601{background-color: #ededed !important;}&#8220;][vc_column][vc_column_text]<\/p>\n<h3>Flottenmanager, \u00fcbernehmen Sie!<\/h3>\n<p>Gerade in gr\u00f6\u00dferen Unternehmen kann die Unternehmensf\u00fchrung den Fuhrpark unm\u00f6glich selbst \u00fcberwachen. Schlie\u00dflich n\u00e4hme eine sorgf\u00e4ltige Kontrolle nicht nur zu viel Zeit in Anspruch, sondern z\u00f6ge auch zu weitreichende Konsequenzen nach sich, falls doch etwas Wichtiges \u00fcbersehen wird. Schlimmstenfalls geht es dann an das private Verm\u00f6gen oder aber die eigenen Punkte im Fahreignungsregister. Im eigenen Interesse ist es daher empfehlenswert, die Halterpflichten auf einen Fuhrparkmanager zu \u00fcbertragen. Dieser muss keineswegs Betriebsangeh\u00f6riger sein \u2013 auch externe Dienstleister k\u00f6nnen gem\u00e4\u00df \u00a7 9 Abs. 2 Nr. 2 OWiG zum Fuhrparkleiter ernannt werden.[\/vc_column_text][\/vc_column][\/vc_row][vc_row][vc_column][vc_column_text]<\/p>\n<h3>Auf Nummer sicher<\/h3>\n<p>Die Beauftragung muss entsprechend mit einer genauen Definition der Verantwortungsbereiche einhergehen und klare Entscheidungskompetenzen aussprechen. Es ist zudem sicherzustellen, dass der Fuhrparkleiter die erforderliche Sachkunde f\u00fcr eine ordnungsgem\u00e4\u00dfe \u00dcberwachung besitzt \u2013 und diese auch tats\u00e4chlich durchf\u00fchrt. Des Weiteren bedarf es einer Krankheits- und Urlaubsvertretung, die w\u00e4hrend der Abwesenheit des Fuhrparkleiters die Flotte im Blick beh\u00e4lt. Auch hier gilt: Vorsicht ist besser als Nachsicht. Schlie\u00dflich sollte der Vertreter genauso \u00fcber die n\u00f6tigen Qualifikationen wie \u00fcber gen\u00fcgend Kapazit\u00e4ten verf\u00fcgen. Verkehrsverst\u00f6\u00dfe kennen schlie\u00dflich keine Ferien \u2026<\/p>\n<p>&nbsp;<\/p>\n<p><strong>Bitte beachten Sie,<\/strong> dass die Inhalte dieser Website ausschlie\u00dflich zur allgemeinen Information erstellt wurden und nicht als rechtlicher Rat anzusehen sind.[\/vc_column_text][\/vc_column][\/vc_row][vc_row][vc_column][vc_column_text]<\/p>\n<p class=\"singlecolumntext\"><span style=\"font-size: 10pt;\">\u00a9 Volkswagen AG<\/span><\/p>\n<p>[\/vc_column_text][\/vc_column][\/vc_row]<\/p>\n<\/div>","protected":false},"excerpt":{"rendered":"<p>Aufgefahren, falsch geparkt und geblitzt: Bei Verkehrsverst\u00f6\u00dfen wird im Falle von Anzeigen, Strafzetteln &#038; Co. schnell die Person am Steuer zur Verantwortung gezogen. Wie aber verh\u00e4lt es sich, wenn Fahrer und Halter nicht ein und dieselbe (juristische) Person sind?<\/p>\n","protected":false},"author":39,"featured_media":27363,"comment_status":"closed","ping_status":"closed","sticky":false,"template":"","format":"standard","meta":{"_acf_changed":false,"footnotes":""},"categories":[175,48],"tags":[],"class_list":["post-25782","post","type-post","status-publish","format-standard","has-post-thumbnail","hentry","category-fuhrparkmanagement","category-hintergrundwissen","newsletter-fleetnews-01-21"],"acf":[],"yoast_head":"<!-- This site is optimized with the Yoast SEO plugin v27.4 - https:\/\/yoast.com\/product\/yoast-seo-wordpress\/ -->\n<title>Wer haftet im Fall der F\u00e4lle? - Volkswagen Group | FleetHub<\/title>\n<meta name=\"robots\" content=\"index, follow, max-snippet:-1, max-image-preview:large, max-video-preview:-1\" \/>\n<link rel=\"canonical\" href=\"https:\/\/www.volkswagen-newsroom.com\/de\/pressemitteilungen\/der-neue-id4-weltpremiere-des-rein-elektrisch-angetriebenen-suv-6446\" \/>\n<meta property=\"og:locale\" content=\"de_DE\" \/>\n<meta property=\"og:type\" content=\"article\" \/>\n<meta property=\"og:title\" content=\"Wer haftet im Fall der F\u00e4lle? - Volkswagen Group | FleetHub\" \/>\n<meta property=\"og:description\" content=\"Aufgefahren, falsch geparkt und geblitzt: Bei Verkehrsverst\u00f6\u00dfen wird im Falle von Anzeigen, Strafzetteln &amp; Co. schnell die Person am Steuer zur Verantwortung gezogen. Wie aber verh\u00e4lt es sich, wenn Fahrer und Halter nicht ein und dieselbe (juristische) Person sind?\" \/>\n<meta property=\"og:url\" content=\"https:\/\/www.volkswagen-newsroom.com\/de\/pressemitteilungen\/der-neue-id4-weltpremiere-des-rein-elektrisch-angetriebenen-suv-6446\" \/>\n<meta property=\"og:site_name\" content=\"Volkswagen Group | FleetHub\" \/>\n<meta property=\"article:published_time\" content=\"2021-02-03T11:14:40+00:00\" \/>\n<meta property=\"article:modified_time\" content=\"2024-09-10T11:54:07+00:00\" \/>\n<meta property=\"og:image\" content=\"https:\/\/www.groupfleet.com\/wp-content\/uploads\/2021\/02\/AdobeStock_176917483-scaled.jpeg\" \/>\n\t<meta property=\"og:image:width\" content=\"2560\" \/>\n\t<meta property=\"og:image:height\" content=\"985\" \/>\n\t<meta property=\"og:image:type\" content=\"image\/jpeg\" \/>\n<meta name=\"author\" content=\"Stefan Gro\u00dfer\" \/>\n<meta name=\"twitter:card\" content=\"summary_large_image\" \/>\n<meta name=\"twitter:label1\" content=\"Verfasst von\" \/>\n\t<meta name=\"twitter:data1\" content=\"Stefan Gro\u00dfer\" \/>\n\t<meta name=\"twitter:label2\" content=\"Gesch\u00e4tzte Lesezeit\" \/>\n\t<meta name=\"twitter:data2\" content=\"4\u00a0Minuten\" \/>\n<script type=\"application\/ld+json\" class=\"yoast-schema-graph\">{\"@context\":\"https:\\\/\\\/schema.org\",\"@graph\":[{\"@type\":\"Article\",\"@id\":\"https:\\\/\\\/www.volkswagen-newsroom.com\\\/de\\\/pressemitteilungen\\\/der-neue-id4-weltpremiere-des-rein-elektrisch-angetriebenen-suv-6446#article\",\"isPartOf\":{\"@id\":\"https:\\\/\\\/www.groupfleet.com\\\/de\\\/halterhaftung\\\/\"},\"author\":{\"name\":\"Stefan Gro\u00dfer\",\"@id\":\"https:\\\/\\\/www.groupfleet.com\\\/de\\\/#\\\/schema\\\/person\\\/8b1d7be286fefef37804765123983b32\"},\"headline\":\"Wer haftet im Fall der F\u00e4lle?\",\"datePublished\":\"2021-02-03T11:14:40+00:00\",\"dateModified\":\"2024-09-10T11:54:07+00:00\",\"mainEntityOfPage\":{\"@id\":\"https:\\\/\\\/www.groupfleet.com\\\/de\\\/halterhaftung\\\/\"},\"wordCount\":749,\"image\":{\"@id\":\"https:\\\/\\\/www.volkswagen-newsroom.com\\\/de\\\/pressemitteilungen\\\/der-neue-id4-weltpremiere-des-rein-elektrisch-angetriebenen-suv-6446#primaryimage\"},\"thumbnailUrl\":\"https:\\\/\\\/www.groupfleet.com\\\/wp-content\\\/uploads\\\/2021\\\/02\\\/AdobeStock_176917483-scaled.jpeg\",\"articleSection\":[\"Fuhrparkmanagement\",\"Fuhrparkwissen\"],\"inLanguage\":\"de\"},{\"@type\":\"WebPage\",\"@id\":\"https:\\\/\\\/www.groupfleet.com\\\/de\\\/halterhaftung\\\/\",\"url\":\"https:\\\/\\\/www.volkswagen-newsroom.com\\\/de\\\/pressemitteilungen\\\/der-neue-id4-weltpremiere-des-rein-elektrisch-angetriebenen-suv-6446\",\"name\":\"Wer haftet im Fall der F\u00e4lle? - Volkswagen Group | FleetHub\",\"isPartOf\":{\"@id\":\"https:\\\/\\\/www.groupfleet.com\\\/de\\\/#website\"},\"primaryImageOfPage\":{\"@id\":\"https:\\\/\\\/www.volkswagen-newsroom.com\\\/de\\\/pressemitteilungen\\\/der-neue-id4-weltpremiere-des-rein-elektrisch-angetriebenen-suv-6446#primaryimage\"},\"image\":{\"@id\":\"https:\\\/\\\/www.volkswagen-newsroom.com\\\/de\\\/pressemitteilungen\\\/der-neue-id4-weltpremiere-des-rein-elektrisch-angetriebenen-suv-6446#primaryimage\"},\"thumbnailUrl\":\"https:\\\/\\\/www.groupfleet.com\\\/wp-content\\\/uploads\\\/2021\\\/02\\\/AdobeStock_176917483-scaled.jpeg\",\"datePublished\":\"2021-02-03T11:14:40+00:00\",\"dateModified\":\"2024-09-10T11:54:07+00:00\",\"author\":{\"@id\":\"https:\\\/\\\/www.groupfleet.com\\\/de\\\/#\\\/schema\\\/person\\\/8b1d7be286fefef37804765123983b32\"},\"breadcrumb\":{\"@id\":\"https:\\\/\\\/www.volkswagen-newsroom.com\\\/de\\\/pressemitteilungen\\\/der-neue-id4-weltpremiere-des-rein-elektrisch-angetriebenen-suv-6446#breadcrumb\"},\"inLanguage\":\"de\",\"potentialAction\":[{\"@type\":\"ReadAction\",\"target\":[\"https:\\\/\\\/www.volkswagen-newsroom.com\\\/de\\\/pressemitteilungen\\\/der-neue-id4-weltpremiere-des-rein-elektrisch-angetriebenen-suv-6446\"]}]},{\"@type\":\"ImageObject\",\"inLanguage\":\"de\",\"@id\":\"https:\\\/\\\/www.volkswagen-newsroom.com\\\/de\\\/pressemitteilungen\\\/der-neue-id4-weltpremiere-des-rein-elektrisch-angetriebenen-suv-6446#primaryimage\",\"url\":\"https:\\\/\\\/www.groupfleet.com\\\/wp-content\\\/uploads\\\/2021\\\/02\\\/AdobeStock_176917483-scaled.jpeg\",\"contentUrl\":\"https:\\\/\\\/www.groupfleet.com\\\/wp-content\\\/uploads\\\/2021\\\/02\\\/AdobeStock_176917483-scaled.jpeg\",\"width\":2560,\"height\":985,\"caption\":\"The Statue of Justice - lady justice or Iustitia \\\/ Justitia the Roman goddess of Justice\"},{\"@type\":\"BreadcrumbList\",\"@id\":\"https:\\\/\\\/www.volkswagen-newsroom.com\\\/de\\\/pressemitteilungen\\\/der-neue-id4-weltpremiere-des-rein-elektrisch-angetriebenen-suv-6446#breadcrumb\",\"itemListElement\":[{\"@type\":\"ListItem\",\"position\":1,\"name\":\"Home\",\"item\":\"https:\\\/\\\/www.groupfleet.com\\\/de\\\/\"},{\"@type\":\"ListItem\",\"position\":2,\"name\":\"Wer haftet im Fall der F\u00e4lle?\"}]},{\"@type\":\"WebSite\",\"@id\":\"https:\\\/\\\/www.groupfleet.com\\\/de\\\/#website\",\"url\":\"https:\\\/\\\/www.groupfleet.com\\\/de\\\/\",\"name\":\"Volkswagen Group | FleetHub\",\"description\":\"Online magazine for Fleet managers\",\"potentialAction\":[{\"@type\":\"SearchAction\",\"target\":{\"@type\":\"EntryPoint\",\"urlTemplate\":\"https:\\\/\\\/www.groupfleet.com\\\/de\\\/?s={search_term_string}\"},\"query-input\":{\"@type\":\"PropertyValueSpecification\",\"valueRequired\":true,\"valueName\":\"search_term_string\"}}],\"inLanguage\":\"de\"},{\"@type\":\"Person\",\"@id\":\"https:\\\/\\\/www.groupfleet.com\\\/de\\\/#\\\/schema\\\/person\\\/8b1d7be286fefef37804765123983b32\",\"name\":\"Stefan Gro\u00dfer\",\"url\":\"https:\\\/\\\/www.groupfleet.com\\\/de\\\/author\\\/sgrosser\\\/\"}]}<\/script>\n<!-- \/ Yoast SEO plugin. -->","yoast_head_json":{"title":"Wer haftet im Fall der F\u00e4lle? - Volkswagen Group | FleetHub","robots":{"index":"index","follow":"follow","max-snippet":"max-snippet:-1","max-image-preview":"max-image-preview:large","max-video-preview":"max-video-preview:-1"},"canonical":"https:\/\/www.volkswagen-newsroom.com\/de\/pressemitteilungen\/der-neue-id4-weltpremiere-des-rein-elektrisch-angetriebenen-suv-6446","og_locale":"de_DE","og_type":"article","og_title":"Wer haftet im Fall der F\u00e4lle? - Volkswagen Group | FleetHub","og_description":"Aufgefahren, falsch geparkt und geblitzt: Bei Verkehrsverst\u00f6\u00dfen wird im Falle von Anzeigen, Strafzetteln & Co. schnell die Person am Steuer zur Verantwortung gezogen. Wie aber verh\u00e4lt es sich, wenn Fahrer und Halter nicht ein und dieselbe (juristische) Person sind?","og_url":"https:\/\/www.volkswagen-newsroom.com\/de\/pressemitteilungen\/der-neue-id4-weltpremiere-des-rein-elektrisch-angetriebenen-suv-6446","og_site_name":"Volkswagen Group | FleetHub","article_published_time":"2021-02-03T11:14:40+00:00","article_modified_time":"2024-09-10T11:54:07+00:00","og_image":[{"width":2560,"height":985,"url":"https:\/\/www.groupfleet.com\/wp-content\/uploads\/2021\/02\/AdobeStock_176917483-scaled.jpeg","type":"image\/jpeg"}],"author":"Stefan Gro\u00dfer","twitter_card":"summary_large_image","twitter_misc":{"Verfasst von":"Stefan Gro\u00dfer","Gesch\u00e4tzte Lesezeit":"4\u00a0Minuten"},"schema":{"@context":"https:\/\/schema.org","@graph":[{"@type":"Article","@id":"https:\/\/www.volkswagen-newsroom.com\/de\/pressemitteilungen\/der-neue-id4-weltpremiere-des-rein-elektrisch-angetriebenen-suv-6446#article","isPartOf":{"@id":"https:\/\/www.groupfleet.com\/de\/halterhaftung\/"},"author":{"name":"Stefan Gro\u00dfer","@id":"https:\/\/www.groupfleet.com\/de\/#\/schema\/person\/8b1d7be286fefef37804765123983b32"},"headline":"Wer haftet im Fall der F\u00e4lle?","datePublished":"2021-02-03T11:14:40+00:00","dateModified":"2024-09-10T11:54:07+00:00","mainEntityOfPage":{"@id":"https:\/\/www.groupfleet.com\/de\/halterhaftung\/"},"wordCount":749,"image":{"@id":"https:\/\/www.volkswagen-newsroom.com\/de\/pressemitteilungen\/der-neue-id4-weltpremiere-des-rein-elektrisch-angetriebenen-suv-6446#primaryimage"},"thumbnailUrl":"https:\/\/www.groupfleet.com\/wp-content\/uploads\/2021\/02\/AdobeStock_176917483-scaled.jpeg","articleSection":["Fuhrparkmanagement","Fuhrparkwissen"],"inLanguage":"de"},{"@type":"WebPage","@id":"https:\/\/www.groupfleet.com\/de\/halterhaftung\/","url":"https:\/\/www.volkswagen-newsroom.com\/de\/pressemitteilungen\/der-neue-id4-weltpremiere-des-rein-elektrisch-angetriebenen-suv-6446","name":"Wer haftet im Fall der F\u00e4lle? - Volkswagen Group | FleetHub","isPartOf":{"@id":"https:\/\/www.groupfleet.com\/de\/#website"},"primaryImageOfPage":{"@id":"https:\/\/www.volkswagen-newsroom.com\/de\/pressemitteilungen\/der-neue-id4-weltpremiere-des-rein-elektrisch-angetriebenen-suv-6446#primaryimage"},"image":{"@id":"https:\/\/www.volkswagen-newsroom.com\/de\/pressemitteilungen\/der-neue-id4-weltpremiere-des-rein-elektrisch-angetriebenen-suv-6446#primaryimage"},"thumbnailUrl":"https:\/\/www.groupfleet.com\/wp-content\/uploads\/2021\/02\/AdobeStock_176917483-scaled.jpeg","datePublished":"2021-02-03T11:14:40+00:00","dateModified":"2024-09-10T11:54:07+00:00","author":{"@id":"https:\/\/www.groupfleet.com\/de\/#\/schema\/person\/8b1d7be286fefef37804765123983b32"},"breadcrumb":{"@id":"https:\/\/www.volkswagen-newsroom.com\/de\/pressemitteilungen\/der-neue-id4-weltpremiere-des-rein-elektrisch-angetriebenen-suv-6446#breadcrumb"},"inLanguage":"de","potentialAction":[{"@type":"ReadAction","target":["https:\/\/www.volkswagen-newsroom.com\/de\/pressemitteilungen\/der-neue-id4-weltpremiere-des-rein-elektrisch-angetriebenen-suv-6446"]}]},{"@type":"ImageObject","inLanguage":"de","@id":"https:\/\/www.volkswagen-newsroom.com\/de\/pressemitteilungen\/der-neue-id4-weltpremiere-des-rein-elektrisch-angetriebenen-suv-6446#primaryimage","url":"https:\/\/www.groupfleet.com\/wp-content\/uploads\/2021\/02\/AdobeStock_176917483-scaled.jpeg","contentUrl":"https:\/\/www.groupfleet.com\/wp-content\/uploads\/2021\/02\/AdobeStock_176917483-scaled.jpeg","width":2560,"height":985,"caption":"The Statue of Justice - lady justice or Iustitia \/ Justitia the Roman goddess of Justice"},{"@type":"BreadcrumbList","@id":"https:\/\/www.volkswagen-newsroom.com\/de\/pressemitteilungen\/der-neue-id4-weltpremiere-des-rein-elektrisch-angetriebenen-suv-6446#breadcrumb","itemListElement":[{"@type":"ListItem","position":1,"name":"Home","item":"https:\/\/www.groupfleet.com\/de\/"},{"@type":"ListItem","position":2,"name":"Wer haftet im Fall der F\u00e4lle?"}]},{"@type":"WebSite","@id":"https:\/\/www.groupfleet.com\/de\/#website","url":"https:\/\/www.groupfleet.com\/de\/","name":"Volkswagen Group | FleetHub","description":"Online magazine for Fleet managers","potentialAction":[{"@type":"SearchAction","target":{"@type":"EntryPoint","urlTemplate":"https:\/\/www.groupfleet.com\/de\/?s={search_term_string}"},"query-input":{"@type":"PropertyValueSpecification","valueRequired":true,"valueName":"search_term_string"}}],"inLanguage":"de"},{"@type":"Person","@id":"https:\/\/www.groupfleet.com\/de\/#\/schema\/person\/8b1d7be286fefef37804765123983b32","name":"Stefan Gro\u00dfer","url":"https:\/\/www.groupfleet.com\/de\/author\/sgrosser\/"}]}},"_links":{"self":[{"href":"https:\/\/www.groupfleet.com\/de\/wp-json\/wp\/v2\/posts\/25782","targetHints":{"allow":["GET"]}}],"collection":[{"href":"https:\/\/www.groupfleet.com\/de\/wp-json\/wp\/v2\/posts"}],"about":[{"href":"https:\/\/www.groupfleet.com\/de\/wp-json\/wp\/v2\/types\/post"}],"author":[{"embeddable":true,"href":"https:\/\/www.groupfleet.com\/de\/wp-json\/wp\/v2\/users\/39"}],"replies":[{"embeddable":true,"href":"https:\/\/www.groupfleet.com\/de\/wp-json\/wp\/v2\/comments?post=25782"}],"version-history":[{"count":0,"href":"https:\/\/www.groupfleet.com\/de\/wp-json\/wp\/v2\/posts\/25782\/revisions"}],"wp:featuredmedia":[{"embeddable":true,"href":"https:\/\/www.groupfleet.com\/de\/wp-json\/wp\/v2\/media\/27363"}],"wp:attachment":[{"href":"https:\/\/www.groupfleet.com\/de\/wp-json\/wp\/v2\/media?parent=25782"}],"wp:term":[{"taxonomy":"category","embeddable":true,"href":"https:\/\/www.groupfleet.com\/de\/wp-json\/wp\/v2\/categories?post=25782"},{"taxonomy":"post_tag","embeddable":true,"href":"https:\/\/www.groupfleet.com\/de\/wp-json\/wp\/v2\/tags?post=25782"}],"curies":[{"name":"wp","href":"https:\/\/api.w.org\/{rel}","templated":true}]}}