{"id":25767,"date":"2021-02-03T12:04:22","date_gmt":"2021-02-03T11:04:22","guid":{"rendered":"https:\/\/www.groupfleet.com\/?p=25767"},"modified":"2024-09-11T14:15:16","modified_gmt":"2024-09-11T12:15:16","slug":"langzeitmiete-auto-abo","status":"publish","type":"post","link":"https:\/\/www.groupfleet.com\/de\/langzeitmiete-auto-abo\/","title":{"rendered":"Aber bitte ma\u00dfgeschneidert!"},"content":{"rendered":"<div class=\"wpb-content-wrapper\"><p>[vc_row full_width=&#8220;stretch_row_content&#8220;][vc_column][vc_column_text]<\/p>\n<h2><span style=\"color: #e2aa11;\">Das passende Auto im passenden Zeitraum zum monatlichen Fixpreis: Wer in Sachen Mobilit\u00e4t maximale Flexibilit\u00e4t ben\u00f6tigt, greift immer h\u00e4ufiger auf sogenannte Auto-Abos zur\u00fcck. Kein Wunder also, dass solche Konzepte gerade in diesen Zeiten auch bei Flottenkunden weit oben auf der Wunschliste stehen \u2013 sofern ihr Leistungsumfang die Bed\u00fcrfnisse professioneller Nutzer so exakt wie m\u00f6glich abbildet.<\/span><\/h2>\n<p>[\/vc_column_text][\/vc_column][\/vc_row][vc_row][vc_column][vc_column_text]Flottenalltag im Jahr 2020\/2021: Mitarbeiter A, bislang User-Chooser, erledigt seinen Job mittlerweile zu 80 Prozent im Home-Office; nun erfordert jedoch ein gr\u00f6\u00dferes, \u00fcber einen Zeitraum von dreieinhalb Monaten angelegtes Kundenprojekt seine Anwesenheit vor Ort. Dann ist da noch Kollege B, dem man f\u00fcr die Dauer der sechsmonatigen Probezeit ein Dienstfahrzeug zur Verf\u00fcgung stellen m\u00f6chte. Parallel steht auch das Thema E-Mobilit\u00e4t ganz oben auf der Agenda des Flottenmanagers, wenngleich f\u00fcr eine definitive Entscheidung bislang schlichtweg die Erfahrungen fehlen.<\/p>\n<p>&nbsp;<\/p>\n<h3>Drei Szenarien \u2026<\/h3>\n<p>\u2026 und drei konkrete Referenzen, dass es sich durchaus lohnen kann, in bestimmten Situationen \u00fcber flexiblere Alternativen zu den klassischen Formen der Mobilit\u00e4tsbeschaffung nachzudenken. Zum Beispiel die Langzeitmiete. \u201eUnser Konzept ist eine gute M\u00f6glichkeit f\u00fcr Unternehmen, Mobilit\u00e4t sicherzustellen, ohne dabei an lange Laufzeiten gebunden zu sein\u201c, erkl\u00e4rt Gerhard K\u00fcnne, Gesch\u00e4ftsf\u00fchrer beim Vermietspezialisten EURO-Leasing, einer hundertprozentigen Tochtergesellschaft der Volkswagen Financial Services AG. \u201eKonkret geht es um Zeitr\u00e4ume zwischen 30 und 180 Tagen. Ein gro\u00dfer Vorteil dabei besteht in den bedarfsspezifischen Abrechnungsmodalit\u00e4ten \u2013 hei\u00dft: Wenn etwa ein Kundenprojekt schneller erledigt ist als geplant, wird die Nutzung des daf\u00fcr angemieteten Fahrzeugs tagesgenau abgerechnet.\u201c<\/p>\n<p>&nbsp;<\/p>\n<h3>Weitere Pluspunkte?<\/h3>\n<p>Im festgelegten Mietpreis sind flottenad\u00e4quate 4.000 Kilometer monatliche Laufleistung inkludiert; auch s\u00e4mtliche Kosten f\u00fcr fahrzeugbezogene Dienstleistungen \u2013 von Wartung und Inspektion \u00fcber Kfz-Steuer und Versicherung bis hin zum Schaden- und Notfallmanagement \u2013 sind mit einer Rate abgedeckt. \u201eDas schafft maximale Transparenz\u201c, bringt es K\u00fcnne auf den Punkt. Bereitgestellt werden die Fahrzeuge aus dem gesamten Volumenportfolio der Marken des Volkswagen Konzerns in der Regel binnen f\u00fcnf Werktagen. \u201eDas kann ein kleiner Stadtflitzer \u00e0 la SEAT Mii sein, aber nat\u00fcrlich auch eine Businesslimousine vom Format eines Audi A6. Sogar Nutzfahrzeuge haben wir in unserer st\u00e4ndigen Langzeit-Mietflotte parat.\u201c<\/p>\n<p>&nbsp;<\/p>\n<h3>Bringt Effizienz, schafft Spielraum<\/h3>\n<p>Mit dieser Konzeption passt die Langzeitmiete perfekt in die Zeit \u2013 eine Zeit, in der es wie kaum zuvor darauf ankommt, schnell, agil und maximal effizient zu reagieren. So k\u00f6nnen Firmen beispielsweise den Bestand an Verf\u00fcgungsfahrzeugen optimieren, indem sie die Zahl an definitiv ben\u00f6tigten, festen Pkw in ihrem Pool durch kurzfristig hinzubuchbare Fahrzeuge in der Langzeitmiete erg\u00e4nzen. Stichwort Erg\u00e4nzung: Wer seinen Fuhrpark schrittweise Richtung E-Mobilit\u00e4t f\u00fchren will, hat mit der Langzeitmiete der Volkswagen Financial Services AG ebenfalls ein praktikables Tool zur Hand: \u201eNat\u00fcrlich umfasst unser Angebot auch verschiedene E-Fahrzeuge der Konzernmarken\u201c, sagt K\u00fcnne, \u201eoptimal also f\u00fcr Flottenmanager, die erstmal austesten wollen, ob ein reines batteriebetriebenes Fahrzeug \u00fcberhaupt zum Mobilit\u00e4tsprofil des Unternehmens passt.\u201c<\/p>\n<p>&nbsp;<\/p>\n<p>Mehr Informationen zur <a href=\"https:\/\/www.autovermietung.vwfs.de\/mietwagen\/geschaeftskunden\/langzeitmiete\">Langzeitmiete<\/a>[\/vc_column_text][\/vc_column][\/vc_row][vc_row][vc_column][vc_column_text]<\/p>\n<p class=\"singlecolumntext\"><span style=\"font-size: 10pt;\">\u00a9 Volkswagen AG<\/span><\/p>\n<p>[\/vc_column_text][\/vc_column][\/vc_row]<\/p>\n<\/div>","protected":false},"excerpt":{"rendered":"<p>Das passende Auto im passenden Zeitraum zum monatlichen Fixpreis: Wer in Sachen Mobilit\u00e4t maximale Flexibilit\u00e4t ben\u00f6tigt, greift immer h\u00e4ufiger auf sogenannte Auto-Abos zur\u00fcck. Kein Wunder also, dass solche Konzepte gerade in diesen Zeiten auch bei Flottenkunden weit oben auf der Wunschliste stehen \u2013 sofern ihr Leistungsumfang die Bed\u00fcrfnisse professioneller Nutzer so exakt wie m\u00f6glich abbildet.<\/p>\n","protected":false},"author":39,"featured_media":26737,"comment_status":"closed","ping_status":"closed","sticky":false,"template":"","format":"standard","meta":{"_acf_changed":false,"footnotes":""},"categories":[175,48],"tags":[],"class_list":["post-25767","post","type-post","status-publish","format-standard","has-post-thumbnail","hentry","category-fuhrparkmanagement","category-hintergrundwissen","newsletter-fleetnews-01-21"],"acf":[],"yoast_head":"<!-- This site is optimized with the Yoast SEO plugin v27.4 - https:\/\/yoast.com\/product\/yoast-seo-wordpress\/ -->\n<title>Aber bitte ma\u00dfgeschneidert! - Volkswagen Group | FleetHub<\/title>\n<meta name=\"robots\" content=\"index, follow, max-snippet:-1, max-image-preview:large, max-video-preview:-1\" \/>\n<link rel=\"canonical\" href=\"https:\/\/www.volkswagen-newsroom.com\/de\/pressemitteilungen\/der-neue-id4-weltpremiere-des-rein-elektrisch-angetriebenen-suv-6446\" \/>\n<meta property=\"og:locale\" content=\"de_DE\" \/>\n<meta property=\"og:type\" content=\"article\" \/>\n<meta property=\"og:title\" content=\"Aber bitte ma\u00dfgeschneidert! - Volkswagen Group | FleetHub\" \/>\n<meta property=\"og:description\" content=\"Das passende Auto im passenden Zeitraum zum monatlichen Fixpreis: Wer in Sachen Mobilit\u00e4t maximale Flexibilit\u00e4t ben\u00f6tigt, greift immer h\u00e4ufiger auf sogenannte Auto-Abos zur\u00fcck. Kein Wunder also, dass solche Konzepte gerade in diesen Zeiten auch bei Flottenkunden weit oben auf der Wunschliste stehen \u2013 sofern ihr Leistungsumfang die Bed\u00fcrfnisse professioneller Nutzer so exakt wie m\u00f6glich abbildet.\" \/>\n<meta property=\"og:url\" content=\"https:\/\/www.volkswagen-newsroom.com\/de\/pressemitteilungen\/der-neue-id4-weltpremiere-des-rein-elektrisch-angetriebenen-suv-6446\" \/>\n<meta property=\"og:site_name\" content=\"Volkswagen Group | FleetHub\" \/>\n<meta property=\"article:published_time\" content=\"2021-02-03T11:04:22+00:00\" \/>\n<meta property=\"article:modified_time\" content=\"2024-09-11T12:15:16+00:00\" \/>\n<meta property=\"og:image\" content=\"https:\/\/www.groupfleet.com\/wp-content\/uploads\/2022\/09\/Service-for-e-mobility-Workshop-Motifs-Vehicle-handover-3-JPG_4K-scaled.jpeg\" \/>\n\t<meta property=\"og:image:width\" content=\"2560\" \/>\n\t<meta property=\"og:image:height\" content=\"1707\" \/>\n\t<meta property=\"og:image:type\" content=\"image\/jpeg\" \/>\n<meta name=\"author\" content=\"Stefan Gro\u00dfer\" \/>\n<meta name=\"twitter:card\" content=\"summary_large_image\" \/>\n<meta name=\"twitter:label1\" content=\"Verfasst von\" \/>\n\t<meta name=\"twitter:data1\" content=\"Stefan Gro\u00dfer\" \/>\n\t<meta name=\"twitter:label2\" content=\"Gesch\u00e4tzte Lesezeit\" \/>\n\t<meta name=\"twitter:data2\" content=\"3\u00a0Minuten\" \/>\n<script type=\"application\/ld+json\" class=\"yoast-schema-graph\">{\"@context\":\"https:\\\/\\\/schema.org\",\"@graph\":[{\"@type\":\"Article\",\"@id\":\"https:\\\/\\\/www.volkswagen-newsroom.com\\\/de\\\/pressemitteilungen\\\/der-neue-id4-weltpremiere-des-rein-elektrisch-angetriebenen-suv-6446#article\",\"isPartOf\":{\"@id\":\"https:\\\/\\\/www.groupfleet.com\\\/de\\\/langzeitmiete-auto-abo\\\/\"},\"author\":{\"name\":\"Stefan Gro\u00dfer\",\"@id\":\"https:\\\/\\\/www.groupfleet.com\\\/de\\\/#\\\/schema\\\/person\\\/8b1d7be286fefef37804765123983b32\"},\"headline\":\"Aber bitte ma\u00dfgeschneidert!\",\"datePublished\":\"2021-02-03T11:04:22+00:00\",\"dateModified\":\"2024-09-11T12:15:16+00:00\",\"mainEntityOfPage\":{\"@id\":\"https:\\\/\\\/www.groupfleet.com\\\/de\\\/langzeitmiete-auto-abo\\\/\"},\"wordCount\":540,\"image\":{\"@id\":\"https:\\\/\\\/www.volkswagen-newsroom.com\\\/de\\\/pressemitteilungen\\\/der-neue-id4-weltpremiere-des-rein-elektrisch-angetriebenen-suv-6446#primaryimage\"},\"thumbnailUrl\":\"https:\\\/\\\/www.groupfleet.com\\\/wp-content\\\/uploads\\\/2022\\\/09\\\/Service-for-e-mobility-Workshop-Motifs-Vehicle-handover-3-JPG_4K-scaled.jpeg\",\"articleSection\":[\"Fuhrparkmanagement\",\"Fuhrparkwissen\"],\"inLanguage\":\"de\"},{\"@type\":\"WebPage\",\"@id\":\"https:\\\/\\\/www.groupfleet.com\\\/de\\\/langzeitmiete-auto-abo\\\/\",\"url\":\"https:\\\/\\\/www.volkswagen-newsroom.com\\\/de\\\/pressemitteilungen\\\/der-neue-id4-weltpremiere-des-rein-elektrisch-angetriebenen-suv-6446\",\"name\":\"Aber bitte ma\u00dfgeschneidert! - Volkswagen Group | FleetHub\",\"isPartOf\":{\"@id\":\"https:\\\/\\\/www.groupfleet.com\\\/de\\\/#website\"},\"primaryImageOfPage\":{\"@id\":\"https:\\\/\\\/www.volkswagen-newsroom.com\\\/de\\\/pressemitteilungen\\\/der-neue-id4-weltpremiere-des-rein-elektrisch-angetriebenen-suv-6446#primaryimage\"},\"image\":{\"@id\":\"https:\\\/\\\/www.volkswagen-newsroom.com\\\/de\\\/pressemitteilungen\\\/der-neue-id4-weltpremiere-des-rein-elektrisch-angetriebenen-suv-6446#primaryimage\"},\"thumbnailUrl\":\"https:\\\/\\\/www.groupfleet.com\\\/wp-content\\\/uploads\\\/2022\\\/09\\\/Service-for-e-mobility-Workshop-Motifs-Vehicle-handover-3-JPG_4K-scaled.jpeg\",\"datePublished\":\"2021-02-03T11:04:22+00:00\",\"dateModified\":\"2024-09-11T12:15:16+00:00\",\"author\":{\"@id\":\"https:\\\/\\\/www.groupfleet.com\\\/de\\\/#\\\/schema\\\/person\\\/8b1d7be286fefef37804765123983b32\"},\"breadcrumb\":{\"@id\":\"https:\\\/\\\/www.volkswagen-newsroom.com\\\/de\\\/pressemitteilungen\\\/der-neue-id4-weltpremiere-des-rein-elektrisch-angetriebenen-suv-6446#breadcrumb\"},\"inLanguage\":\"de\",\"potentialAction\":[{\"@type\":\"ReadAction\",\"target\":[\"https:\\\/\\\/www.volkswagen-newsroom.com\\\/de\\\/pressemitteilungen\\\/der-neue-id4-weltpremiere-des-rein-elektrisch-angetriebenen-suv-6446\"]}]},{\"@type\":\"ImageObject\",\"inLanguage\":\"de\",\"@id\":\"https:\\\/\\\/www.volkswagen-newsroom.com\\\/de\\\/pressemitteilungen\\\/der-neue-id4-weltpremiere-des-rein-elektrisch-angetriebenen-suv-6446#primaryimage\",\"url\":\"https:\\\/\\\/www.groupfleet.com\\\/wp-content\\\/uploads\\\/2022\\\/09\\\/Service-for-e-mobility-Workshop-Motifs-Vehicle-handover-3-JPG_4K-scaled.jpeg\",\"contentUrl\":\"https:\\\/\\\/www.groupfleet.com\\\/wp-content\\\/uploads\\\/2022\\\/09\\\/Service-for-e-mobility-Workshop-Motifs-Vehicle-handover-3-JPG_4K-scaled.jpeg\",\"width\":2560,\"height\":1707},{\"@type\":\"BreadcrumbList\",\"@id\":\"https:\\\/\\\/www.volkswagen-newsroom.com\\\/de\\\/pressemitteilungen\\\/der-neue-id4-weltpremiere-des-rein-elektrisch-angetriebenen-suv-6446#breadcrumb\",\"itemListElement\":[{\"@type\":\"ListItem\",\"position\":1,\"name\":\"Home\",\"item\":\"https:\\\/\\\/www.groupfleet.com\\\/de\\\/\"},{\"@type\":\"ListItem\",\"position\":2,\"name\":\"Aber bitte ma\u00dfgeschneidert!\"}]},{\"@type\":\"WebSite\",\"@id\":\"https:\\\/\\\/www.groupfleet.com\\\/de\\\/#website\",\"url\":\"https:\\\/\\\/www.groupfleet.com\\\/de\\\/\",\"name\":\"Volkswagen Group | FleetHub\",\"description\":\"Online magazine for Fleet managers\",\"potentialAction\":[{\"@type\":\"SearchAction\",\"target\":{\"@type\":\"EntryPoint\",\"urlTemplate\":\"https:\\\/\\\/www.groupfleet.com\\\/de\\\/?s={search_term_string}\"},\"query-input\":{\"@type\":\"PropertyValueSpecification\",\"valueRequired\":true,\"valueName\":\"search_term_string\"}}],\"inLanguage\":\"de\"},{\"@type\":\"Person\",\"@id\":\"https:\\\/\\\/www.groupfleet.com\\\/de\\\/#\\\/schema\\\/person\\\/8b1d7be286fefef37804765123983b32\",\"name\":\"Stefan Gro\u00dfer\",\"url\":\"https:\\\/\\\/www.groupfleet.com\\\/de\\\/author\\\/sgrosser\\\/\"}]}<\/script>\n<!-- \/ Yoast SEO plugin. -->","yoast_head_json":{"title":"Aber bitte ma\u00dfgeschneidert! - Volkswagen Group | FleetHub","robots":{"index":"index","follow":"follow","max-snippet":"max-snippet:-1","max-image-preview":"max-image-preview:large","max-video-preview":"max-video-preview:-1"},"canonical":"https:\/\/www.volkswagen-newsroom.com\/de\/pressemitteilungen\/der-neue-id4-weltpremiere-des-rein-elektrisch-angetriebenen-suv-6446","og_locale":"de_DE","og_type":"article","og_title":"Aber bitte ma\u00dfgeschneidert! - Volkswagen Group | FleetHub","og_description":"Das passende Auto im passenden Zeitraum zum monatlichen Fixpreis: Wer in Sachen Mobilit\u00e4t maximale Flexibilit\u00e4t ben\u00f6tigt, greift immer h\u00e4ufiger auf sogenannte Auto-Abos zur\u00fcck. Kein Wunder also, dass solche Konzepte gerade in diesen Zeiten auch bei Flottenkunden weit oben auf der Wunschliste stehen \u2013 sofern ihr Leistungsumfang die Bed\u00fcrfnisse professioneller Nutzer so exakt wie m\u00f6glich abbildet.","og_url":"https:\/\/www.volkswagen-newsroom.com\/de\/pressemitteilungen\/der-neue-id4-weltpremiere-des-rein-elektrisch-angetriebenen-suv-6446","og_site_name":"Volkswagen Group | FleetHub","article_published_time":"2021-02-03T11:04:22+00:00","article_modified_time":"2024-09-11T12:15:16+00:00","og_image":[{"width":2560,"height":1707,"url":"https:\/\/www.groupfleet.com\/wp-content\/uploads\/2022\/09\/Service-for-e-mobility-Workshop-Motifs-Vehicle-handover-3-JPG_4K-scaled.jpeg","type":"image\/jpeg"}],"author":"Stefan Gro\u00dfer","twitter_card":"summary_large_image","twitter_misc":{"Verfasst von":"Stefan Gro\u00dfer","Gesch\u00e4tzte Lesezeit":"3\u00a0Minuten"},"schema":{"@context":"https:\/\/schema.org","@graph":[{"@type":"Article","@id":"https:\/\/www.volkswagen-newsroom.com\/de\/pressemitteilungen\/der-neue-id4-weltpremiere-des-rein-elektrisch-angetriebenen-suv-6446#article","isPartOf":{"@id":"https:\/\/www.groupfleet.com\/de\/langzeitmiete-auto-abo\/"},"author":{"name":"Stefan Gro\u00dfer","@id":"https:\/\/www.groupfleet.com\/de\/#\/schema\/person\/8b1d7be286fefef37804765123983b32"},"headline":"Aber bitte ma\u00dfgeschneidert!","datePublished":"2021-02-03T11:04:22+00:00","dateModified":"2024-09-11T12:15:16+00:00","mainEntityOfPage":{"@id":"https:\/\/www.groupfleet.com\/de\/langzeitmiete-auto-abo\/"},"wordCount":540,"image":{"@id":"https:\/\/www.volkswagen-newsroom.com\/de\/pressemitteilungen\/der-neue-id4-weltpremiere-des-rein-elektrisch-angetriebenen-suv-6446#primaryimage"},"thumbnailUrl":"https:\/\/www.groupfleet.com\/wp-content\/uploads\/2022\/09\/Service-for-e-mobility-Workshop-Motifs-Vehicle-handover-3-JPG_4K-scaled.jpeg","articleSection":["Fuhrparkmanagement","Fuhrparkwissen"],"inLanguage":"de"},{"@type":"WebPage","@id":"https:\/\/www.groupfleet.com\/de\/langzeitmiete-auto-abo\/","url":"https:\/\/www.volkswagen-newsroom.com\/de\/pressemitteilungen\/der-neue-id4-weltpremiere-des-rein-elektrisch-angetriebenen-suv-6446","name":"Aber bitte ma\u00dfgeschneidert! - Volkswagen Group | FleetHub","isPartOf":{"@id":"https:\/\/www.groupfleet.com\/de\/#website"},"primaryImageOfPage":{"@id":"https:\/\/www.volkswagen-newsroom.com\/de\/pressemitteilungen\/der-neue-id4-weltpremiere-des-rein-elektrisch-angetriebenen-suv-6446#primaryimage"},"image":{"@id":"https:\/\/www.volkswagen-newsroom.com\/de\/pressemitteilungen\/der-neue-id4-weltpremiere-des-rein-elektrisch-angetriebenen-suv-6446#primaryimage"},"thumbnailUrl":"https:\/\/www.groupfleet.com\/wp-content\/uploads\/2022\/09\/Service-for-e-mobility-Workshop-Motifs-Vehicle-handover-3-JPG_4K-scaled.jpeg","datePublished":"2021-02-03T11:04:22+00:00","dateModified":"2024-09-11T12:15:16+00:00","author":{"@id":"https:\/\/www.groupfleet.com\/de\/#\/schema\/person\/8b1d7be286fefef37804765123983b32"},"breadcrumb":{"@id":"https:\/\/www.volkswagen-newsroom.com\/de\/pressemitteilungen\/der-neue-id4-weltpremiere-des-rein-elektrisch-angetriebenen-suv-6446#breadcrumb"},"inLanguage":"de","potentialAction":[{"@type":"ReadAction","target":["https:\/\/www.volkswagen-newsroom.com\/de\/pressemitteilungen\/der-neue-id4-weltpremiere-des-rein-elektrisch-angetriebenen-suv-6446"]}]},{"@type":"ImageObject","inLanguage":"de","@id":"https:\/\/www.volkswagen-newsroom.com\/de\/pressemitteilungen\/der-neue-id4-weltpremiere-des-rein-elektrisch-angetriebenen-suv-6446#primaryimage","url":"https:\/\/www.groupfleet.com\/wp-content\/uploads\/2022\/09\/Service-for-e-mobility-Workshop-Motifs-Vehicle-handover-3-JPG_4K-scaled.jpeg","contentUrl":"https:\/\/www.groupfleet.com\/wp-content\/uploads\/2022\/09\/Service-for-e-mobility-Workshop-Motifs-Vehicle-handover-3-JPG_4K-scaled.jpeg","width":2560,"height":1707},{"@type":"BreadcrumbList","@id":"https:\/\/www.volkswagen-newsroom.com\/de\/pressemitteilungen\/der-neue-id4-weltpremiere-des-rein-elektrisch-angetriebenen-suv-6446#breadcrumb","itemListElement":[{"@type":"ListItem","position":1,"name":"Home","item":"https:\/\/www.groupfleet.com\/de\/"},{"@type":"ListItem","position":2,"name":"Aber bitte ma\u00dfgeschneidert!"}]},{"@type":"WebSite","@id":"https:\/\/www.groupfleet.com\/de\/#website","url":"https:\/\/www.groupfleet.com\/de\/","name":"Volkswagen Group | FleetHub","description":"Online magazine for Fleet managers","potentialAction":[{"@type":"SearchAction","target":{"@type":"EntryPoint","urlTemplate":"https:\/\/www.groupfleet.com\/de\/?s={search_term_string}"},"query-input":{"@type":"PropertyValueSpecification","valueRequired":true,"valueName":"search_term_string"}}],"inLanguage":"de"},{"@type":"Person","@id":"https:\/\/www.groupfleet.com\/de\/#\/schema\/person\/8b1d7be286fefef37804765123983b32","name":"Stefan Gro\u00dfer","url":"https:\/\/www.groupfleet.com\/de\/author\/sgrosser\/"}]}},"_links":{"self":[{"href":"https:\/\/www.groupfleet.com\/de\/wp-json\/wp\/v2\/posts\/25767","targetHints":{"allow":["GET"]}}],"collection":[{"href":"https:\/\/www.groupfleet.com\/de\/wp-json\/wp\/v2\/posts"}],"about":[{"href":"https:\/\/www.groupfleet.com\/de\/wp-json\/wp\/v2\/types\/post"}],"author":[{"embeddable":true,"href":"https:\/\/www.groupfleet.com\/de\/wp-json\/wp\/v2\/users\/39"}],"replies":[{"embeddable":true,"href":"https:\/\/www.groupfleet.com\/de\/wp-json\/wp\/v2\/comments?post=25767"}],"version-history":[{"count":0,"href":"https:\/\/www.groupfleet.com\/de\/wp-json\/wp\/v2\/posts\/25767\/revisions"}],"wp:featuredmedia":[{"embeddable":true,"href":"https:\/\/www.groupfleet.com\/de\/wp-json\/wp\/v2\/media\/26737"}],"wp:attachment":[{"href":"https:\/\/www.groupfleet.com\/de\/wp-json\/wp\/v2\/media?parent=25767"}],"wp:term":[{"taxonomy":"category","embeddable":true,"href":"https:\/\/www.groupfleet.com\/de\/wp-json\/wp\/v2\/categories?post=25767"},{"taxonomy":"post_tag","embeddable":true,"href":"https:\/\/www.groupfleet.com\/de\/wp-json\/wp\/v2\/tags?post=25767"}],"curies":[{"name":"wp","href":"https:\/\/api.w.org\/{rel}","templated":true}]}}