{"id":25749,"date":"2021-02-04T12:01:02","date_gmt":"2021-02-04T11:01:02","guid":{"rendered":"https:\/\/www.groupfleet.com\/?p=25749"},"modified":"2024-09-10T14:03:27","modified_gmt":"2024-09-10T12:03:27","slug":"transformers","status":"publish","type":"post","link":"https:\/\/www.groupfleet.com\/de\/transformers\/","title":{"rendered":"Transformers"},"content":{"rendered":"<div class=\"wpb-content-wrapper\"><p>[vc_row full_width=&#8220;stretch_row_content&#8220;][vc_column width=&#8220;1\/6&#8243;][\/vc_column][vc_column width=&#8220;2\/3&#8243;][vc_column_text]<\/p>\n<h2 class=\"group-title__headline \" style=\"text-align: left;\"><span style=\"color: #83b7c7;\">Ein eigenes Auto-Betriebssystem, eine eigene automobile Cloud und eine eigene neue Elektronikarchitektur in den Fahrzeugen \u2013 Volkswagen wandelt sich sukzessive zum softwaregetriebenen Mobilit\u00e4tsanbieter. Was haben Flottenkunden davon?<\/span><\/h2>\n<p>[\/vc_column_text][vc_empty_space][vc_column_text]<\/p>\n<p class=\"group-title__headline \" style=\"text-align: left;\"><span style=\"font-size: 14pt;\">Es war ein Paukenschlag in der Branche, als Volkswagen 2019 verk\u00fcndete, in einer neuen, agilen Car.Software Organisation, bis 2025 rund 10.000 Digital-Experten b\u00fcndeln zu wollen. Mit diesem geballten Know-how plant der Konzern, k\u00fcnftig sowohl die Software in den Automobilen als auch Applikationen f\u00fcr fahrzeugnahe Serviceleistungen und Mehrwertdienste selbst zu entwickeln. Die komplette Fahrzeug-IT-Architektur ist damit \u201edeveloped by Volkswagen\u201c \u2013 was zugleich die Komplexit\u00e4t enorm reduziert. \u00a0<\/span><\/p>\n<p>[\/vc_column_text][vc_empty_space][\/vc_column][vc_column width=&#8220;1\/6&#8243;][\/vc_column][\/vc_row][vc_row][vc_column width=&#8220;1\/2&#8243;][vc_single_image image=&#8220;26441&#8243; img_size=&#8220;590 x 330&#8243; alignment=&#8220;center&#8220;][\/vc_column][vc_column width=&#8220;1\/2&#8243;][vc_separator][vc_column_text]<\/p>\n<div class=\"question-answer-modul abstractContentComponent parbase section\">\n<div class=\"iv-modul__question\">\n<div class=\"iv-modul__question\">\n<div class=\"question-answer-modul abstractContentComponent parbase section\">\n<div class=\"iv-modul__question\">\n<div class=\"iv-modul__question\">\n<div class=\"iv-modul__head\">\n<div class=\"iv-modul__head-text-right span_4_of_12 h-float-right\">\n<p><span style=\"font-size: 18pt; color: #83b7c7;\">&#8222;Bis 2025 werden wir den Eigenanteil an der Software unserer Autos von heute unter zehn Prozent auf 60 Prozent erh\u00f6hen.&#8220;<\/span><\/p>\n<\/div>\n<\/div>\n<\/div>\n<\/div>\n<\/div>\n<\/div>\n<\/div>\n<\/div>\n<p>[\/vc_column_text][vc_separator color=&#8220;custom&#8220; align=&#8220;align_left&#8220; el_width=&#8220;10&#8243; accent_color=&#8220;#83b7c7&#8243;][vc_column_text]<\/p>\n<div class=\"question-answer-modul abstractContentComponent parbase section\">\n<div class=\"iv-modul__question\">\n<div class=\"iv-modul__question\">\n<div class=\"question-answer-modul abstractContentComponent parbase section\">\n<div class=\"iv-modul__question\">\n<div class=\"iv-modul__question\">\n<div class=\"iv-modul__head\">\n<div class=\"iv-modul__head-text-right span_4_of_12 h-float-right\">\n<p><span style=\"color: #83b7c7; font-size: 10pt;\"><cite><strong>Dr. Herbert Diess<\/strong><br \/>\n<\/cite>Vorstandsvorsitzender der Volkswagen Aktiengesellschaft<\/span><\/p>\n<\/div>\n<\/div>\n<\/div>\n<\/div>\n<\/div>\n<\/div>\n<\/div>\n<\/div>\n<p>[\/vc_column_text][vc_separator][\/vc_column][\/vc_row][vc_row][vc_column][vc_column_text]<\/p>\n<h2 class=\"group-title__headline \"><strong><span style=\"color: #2d566f;\">Herzst\u00fcck<\/span><\/strong><\/h2>\n<p>[\/vc_column_text][vc_column_text]<\/p>\n<div class=\"iv-modul__question\">\n<div class=\"iv-modul__question\">\n<div class=\"question-answer-modul abstractContentComponent parbase section\">\n<div class=\"iv-modul__question\">\n<div class=\"question-answer-modul abstractContentComponent parbase section\">\n<div class=\"iv-modul__question\">\n<div class=\"iv-modul__question\">\n<p>Technologischer Dreh- und Angelpunkt dieses digitalen \u00d6kosystems wird eine einheitliche Software-Plattform mit Basisfunktionalit\u00e4ten f\u00fcr alle Fahrzeuge der Konzernmarken sein \u2013 bestehend aus dem Betriebssystem \u201evw.os\u201c und der Volkswagen Automotive Cloud. \u00dcber die digitale Plattform erhalten Kunden k\u00fcnftig Zugriff auf umfassende Services \u2013 und zwar marken\u00fcbergreifend, wie etwa die einfache Suche von E-Ladestationen in der N\u00e4he.<\/p>\n<\/div>\n<\/div>\n<\/div>\n<\/div>\n<\/div>\n<\/div>\n<\/div>\n<p>[\/vc_column_text][vc_single_image image=&#8220;26443&#8243; img_size=&#8220;large&#8220;][\/vc_column][\/vc_row][vc_row][vc_column width=&#8220;1\/2&#8243;][vc_column_text]<\/p>\n<h2 class=\"group-title__headline \"><strong><span style=\"color: #2d566f;\">Das hat System!<\/span><\/strong><\/h2>\n<p>[\/vc_column_text][vc_column_text]<\/p>\n<div class=\"iv-modul__question\">\n<div class=\"question-answer-modul abstractContentComponent parbase section\">\n<div class=\"iv-modul__question\">\n<div class=\"question-answer-modul abstractContentComponent parbase section\">\n<div class=\"iv-modul__question\">\n<div class=\"iv-modul__question\">\n<div class=\"iv-modul__question\">\n<div class=\"iv-modul__question\">\n<div class=\"iv-modul__question\">\n<div class=\"iv-modul__question\">\n<p>Das vw.os soll derweil als eigenes Betriebssystem auf s\u00e4mtlichen Autos der Marken des Volkswagen Konzerns laufen und dort alle essenziellen Funktionen bereitstellen. Ziel ist es, \u00e4hnlich den Betriebssystemen iOS oder Android, einen neuen Software-Standard zu setzen \u2013 wobei sich die einzelnen Marken mit besonderen Zusatzfunktionen und Software-Angeboten differenzieren k\u00f6nnen, ebenso wie mit einem markenabh\u00e4ngigen Interface-Design. Hei\u00dft also: Die zugrundeliegende Elektronik-Architektur und ein Gro\u00dfteil der Funktionen werden gleich sein, w\u00e4hrend das Mensch-Maschine-Interface \u2013 also die Benutzeroberfl\u00e4che \u2013 jeweils ein markenindividuelles Look and Feel erh\u00e4lt.<\/p>\n<\/div>\n<\/div>\n<\/div>\n<\/div>\n<\/div>\n<\/div>\n<\/div>\n<\/div>\n<\/div>\n<\/div>\n<p>[\/vc_column_text][\/vc_column][vc_column width=&#8220;1\/2&#8243;][vc_single_image image=&#8220;26445&#8243; img_size=&#8220;590 x 330&#8243;][vc_column_text]<\/p>\n<div class=\"owl-item\">\n<figure><figcaption><span style=\"font-size: 10pt; color: #43494c;\">In Software Development Centern entwickeln hochspezialisierte Projektteams unter anderem Mehrwertdienste f\u00fcr die digitalen \u00d6kosysteme der Konzernmarken.<\/span><\/figcaption><\/figure>\n<\/div>\n<p>[\/vc_column_text][\/vc_column][\/vc_row][vc_row][vc_column width=&#8220;1\/2&#8243;][vc_single_image image=&#8220;26449&#8243; img_size=&#8220;590 x 330&#8243; alignment=&#8220;center&#8220;][vc_column_text]<\/p>\n<div class=\"owl-item\"><\/div>\n<div class=\"owl-item active\">\n<figure><figcaption><span style=\"font-size: 10pt; color: #43494c;\">Methoden wie Extreme Programming, Pairing und eine Startup-Atmosph\u00e4re \u2013 die Volkswagen Software Development Centern sind in der Tech-Szene einzigartig.<\/span><\/figcaption><\/figure>\n<\/div>\n<p>[\/vc_column_text][\/vc_column][vc_column width=&#8220;1\/2&#8243;][vc_column_text]<\/p>\n<div class=\"iv-modul__question\">\n<div class=\"iv-modul__question\">\n<p>Gro\u00dfer Pluspunkt, der gerade Flottenkunden in die H\u00e4nde spielt: \u00c4hnlich wie bei Smartphones und Co. werden mittels vw.os \u00fcber den gesamten Lebenszyklus der Automobile-Updates und -Upgrades realisierbar. Die Spanne m\u00f6glicher Angebote reicht dabei von der Verbesserung vorhandener bis zur Freischaltung neuer Funktionen, etwa Mobilit\u00e4tsdiensten oder Assistenzsystemen \u2013 und das aufgrund der Skalierbarkeit des vw.os vom Kleinwagen bis zur Premiumlimousine. Ergo lassen sich die Fahrzeuge im professionellen Nutzungsumfeld noch flexibler und noch bedarfsgerechter f\u00fcr den jeweiligen Anwendungsfall ausr\u00fcsten.<\/p>\n<\/div>\n<\/div>\n<p>[\/vc_column_text][\/vc_column][\/vc_row][vc_row][vc_column width=&#8220;1\/2&#8243;][vc_single_image image=&#8220;26447&#8243; img_size=&#8220;590 x 330&#8243; alignment=&#8220;center&#8220;][\/vc_column][vc_column width=&#8220;1\/2&#8243;][vc_separator][vc_column_text]<\/p>\n<div class=\"question-answer-modul abstractContentComponent parbase section\">\n<div class=\"iv-modul__question\">\n<div class=\"iv-modul__question\">\n<div class=\"question-answer-modul abstractContentComponent parbase section\">\n<div class=\"iv-modul__question\">\n<div class=\"iv-modul__question\">\n<div class=\"iv-modul__head\">\n<div class=\"iv-modul__head-text-right span_4_of_12 h-float-right\">\n<p><span style=\"font-size: 18pt; color: #83b7c7;\">&#8222;Wir l\u00e4uten momentan die gr\u00f6\u00dfte Revolution in der Automobilbranche ein. In wenigen Jahren werden das Betriebssystem eines Autos und seine Vernetzung mit einer hochsicheren Daten-Cloud den entscheidenden Unterschied ausmachen.&#8220;<\/span><\/p>\n<\/div>\n<\/div>\n<\/div>\n<\/div>\n<\/div>\n<\/div>\n<\/div>\n<\/div>\n<p>[\/vc_column_text][vc_separator color=&#8220;custom&#8220; align=&#8220;align_left&#8220; el_width=&#8220;10&#8243; accent_color=&#8220;#83b7c7&#8243;][vc_column_text]<\/p>\n<div class=\"question-answer-modul abstractContentComponent parbase section\">\n<div class=\"iv-modul__question\">\n<div class=\"iv-modul__question\">\n<div class=\"question-answer-modul abstractContentComponent parbase section\">\n<div class=\"iv-modul__question\">\n<div class=\"iv-modul__question\">\n<div class=\"iv-modul__head\">\n<div class=\"iv-modul__head-text-right span_4_of_12 h-float-right\">\n<p><span style=\"color: #83b7c7; font-size: 10pt;\"><strong><cite>Markus Duesmann<br \/>\n<\/cite><\/strong>Audi CEO und Volkswagen Vorstand f\u00fcr Konzernforschung und -Entwicklung<\/span><\/p>\n<\/div>\n<\/div>\n<\/div>\n<\/div>\n<\/div>\n<\/div>\n<\/div>\n<\/div>\n<p>[\/vc_column_text][vc_separator][\/vc_column][\/vc_row][vc_row][vc_column][vc_single_image image=&#8220;26451&#8243; img_size=&#8220;large&#8220;][vc_column_text]<\/p>\n<h2 class=\"group-title__headline \"><strong><span style=\"color: #2d566f;\">Leuchtturmmodell von Audi<\/span><\/strong><\/h2>\n<p>[\/vc_column_text][vc_column_text]<\/p>\n<p class=\"group-title__headline \"><span style=\"font-size: 14pt;\">Bestes Beispiel f\u00fcr die Zusammenarbeit von Car.Software Organisation und Konzernmarke ist ein aktuelles Audi Projekt mit dem klangvollen Namen \u201eArtemis\u201c. In dessen Rahmen entsteht bei der konzerneigenen Software-Einheit das einheitliche Betriebssystem mit Basisfunktionen; die Weiterentwicklung der Technologie zum elektrischen, hoch-automatisierten Fahren mit konkretem Modellbezug \u00fcbernehmen die Ingolst\u00e4dter. Das darauf basierende Elektroauto soll bereits 2024 auf die Stra\u00dfe kommen und das neue vw.os einsetzen. \u00a0<\/span><\/p>\n<p>[\/vc_column_text][vc_column_text]<\/p>\n<div class=\"question-answer-modul abstractContentComponent parbase section\">\n<div class=\"iv-modul__question\">\n<div class=\"iv-modul__question\">\n<div class=\"question-answer-modul abstractContentComponent parbase section\">\n<div class=\"iv-modul__question\">\n<div class=\"iv-modul__question\">\n<div class=\"iv-modul__head\">\n<div class=\"iv-modul__head-text-right span_4_of_12 h-float-right\">\n<p><span style=\"font-size: 18pt; color: #83b7c7;\">&#8222;Mit dem Projekt Artemis hat Audi die Aufholjagd auf Tesla gestartet.&#8220;<\/span><\/p>\n<\/div>\n<\/div>\n<\/div>\n<\/div>\n<\/div>\n<\/div>\n<\/div>\n<\/div>\n<p>[\/vc_column_text][vc_separator color=&#8220;custom&#8220; align=&#8220;align_left&#8220; el_width=&#8220;30&#8243; accent_color=&#8220;#83b7c7&#8243;][vc_column_text]<\/p>\n<div class=\"question-answer-modul abstractContentComponent parbase section\">\n<div class=\"iv-modul__question\">\n<div class=\"iv-modul__question\">\n<div class=\"question-answer-modul abstractContentComponent parbase section\">\n<div class=\"iv-modul__question\">\n<div class=\"iv-modul__question\">\n<div class=\"iv-modul__head\">\n<div class=\"iv-modul__head-text-right span_4_of_12 h-float-right\">\n<p><span style=\"color: #83b7c7; font-size: 12pt;\"><cite><strong>Dr. Herbert Diess<\/strong><br \/>\n<\/cite>Vorstandsvorsitzender der Volkswagen Aktiengesellschaft<\/span><\/p>\n<\/div>\n<\/div>\n<\/div>\n<\/div>\n<\/div>\n<\/div>\n<\/div>\n<\/div>\n<p>[\/vc_column_text][vc_column_text]<\/p>\n<p class=\"group-title__headline \">Das Artemis-Team wird au\u00dferdem ein weitreichendes \u00d6kosystem um das Automobil herum kreieren und neue Gesch\u00e4ftsmodelle f\u00fcr die gesamte Nutzungsphase entwerfen. Und das, was dort entwickelt wird, kann dann wiederum ma\u00dfgeschneidert bei allen neuen Modellen im Konzern zum Einsatz kommen.<\/p>\n<p>[\/vc_column_text][vc_column_text]<\/p>\n<div class=\"question-answer-modul abstractContentComponent parbase section\">\n<div class=\"iv-modul__question\">\n<div class=\"iv-modul__question\">\n<div class=\"question-answer-modul abstractContentComponent parbase section\">\n<div class=\"iv-modul__question\">\n<div class=\"iv-modul__question\">\n<div class=\"iv-modul__head\">\n<div class=\"iv-modul__head-text-right span_4_of_12 h-float-right\">\n<p><span style=\"font-size: 18pt; color: #83b7c7;\">&#8222;F\u00fcr viele unserer Kunden definiert sich Premium bereits heute vorrangig \u00fcber digitale Technologien, die perfekt auf den Menschen zugeschnitten sind. Unser Anspruch ist es, dass von dieser Vorreiterrolle alle Marken im Volkswagen Konzern profitieren.&#8220;<\/span><\/p>\n<\/div>\n<\/div>\n<\/div>\n<\/div>\n<\/div>\n<\/div>\n<\/div>\n<\/div>\n<p>[\/vc_column_text][vc_separator color=&#8220;custom&#8220; align=&#8220;align_left&#8220; el_width=&#8220;30&#8243; accent_color=&#8220;#83b7c7&#8243;][vc_column_text]<\/p>\n<div class=\"question-answer-modul abstractContentComponent parbase section\">\n<div class=\"iv-modul__question\">\n<div class=\"iv-modul__question\">\n<div class=\"question-answer-modul abstractContentComponent parbase section\">\n<div class=\"iv-modul__question\">\n<div class=\"iv-modul__question\">\n<div class=\"iv-modul__head\">\n<div class=\"iv-modul__head-text-right span_4_of_12 h-float-right\">\n<p><span style=\"color: #83b7c7; font-size: 10pt;\"><strong><cite>Markus Duesmann<br \/>\n<\/cite><\/strong>Audi CEO und Volkswagen Vorstand f\u00fcr Konzernforschung und -Entwicklung<\/span><\/p>\n<\/div>\n<\/div>\n<\/div>\n<\/div>\n<\/div>\n<\/div>\n<\/div>\n<\/div>\n<p>[\/vc_column_text][\/vc_column][vc_column][vc_column_text]<\/p>\n<h2 class=\"group-title__headline \"><strong><span style=\"color: #2d566f;\">Glossar<\/span><\/strong><\/h2>\n<p>[\/vc_column_text][vc_column_text]<\/p>\n<ul style=\"list-style-type: square;\">\n<li><b>vw.os<\/b><br \/>\nVolkswagen Operating System. Das Betriebssystem der Volkswagen AG wird k\u00fcnftig bei Fahrzeugen aller Marken des Volkswagen Konzerns eingesetzt.<\/li>\n<li><b>E3<\/b><br \/>\nEnd-to-End-Elektronik-Architektur. Die IT-Architektur im Fahrzeug basiert auf wenigen Zentralrechnern und einer einheitlichen Programmiersprache.<\/li>\n<li><b>Car.Software Organisation<\/b><br \/>\nDie Car.Software Organisation ist eine eigenst\u00e4ndige Gesch\u00e4ftseinheit, in der der Volkswagen Konzern seine Software-Kompetenzen b\u00fcndelt. Aufgabe ist die marken\u00fcbergreifende Entwicklung des einheitlichen Fahrzeug-Betriebssystems vw.os und die Anbindung an die Volkswagen Automotive Cloud.<\/li>\n<li><b>Volkswagen Automotive Cloud<\/b><br \/>\nDie Volkswagen Automotive Cloud ist eine standardisierte Plattform. Sie erm\u00f6glicht alle Assistenzsysteme bis hin zum hochautomatisierten Fahren und Parken in Fahrzeugen der Endkunden, Software-Funktionen zur Verbindung von Antrieb, Fahrwerk und Ladetechnologie sowie \u00d6kosysteme f\u00fcr alle Mobilit\u00e4tsdienste und digitalen Gesch\u00e4ftsmodelle der Marken.<br \/>\nLesenswert:\u00a0<a href=\"https:\/\/www.volkswagenag.com\/de\/news\/stories\/2019\/03\/automotive-cloud-volkswagen-and-microsoft-develop-mobility-ecosy.html\">\u201eSie sagen nur ihr Ziel \u2013 alles Weitere passiert automatisch\u201c<\/a>\u00a0\u2013 Interview mit Heiko H\u00fcttel, Volkswagen Automotive Cloud.<\/li>\n<li><b>Artemis<\/b><br \/>\nHinter dem Projekt Artemis steht ein Team von Automobil- und Technologieexperten, die im ersten Schritt ein wegweisendes Modell f\u00fcr Audi entwickeln sollen.<\/li>\n<\/ul>\n<p>[\/vc_column_text][\/vc_column][\/vc_row][vc_row][vc_column][vc_separator][vc_column_text]<\/p>\n<div class=\"richtext abstractContentComponent parbase section\">\n<div class=\"grid-section grid-group\">\n<div class=\"grid-col span_12_of_12\">\n<div class=\"textmedia h-clearfix\">\n<div class=\"textmedia__inner textmedia__richtext\">\n<p><span style=\"font-size: 10pt; letter-spacing: 0px;\">\u00a9 Volkswagen AG<\/span><\/p>\n<\/div>\n<\/div>\n<\/div>\n<\/div>\n<\/div>\n<p>[\/vc_column_text][\/vc_column][\/vc_row]<\/p>\n<\/div>","protected":false},"excerpt":{"rendered":"<p>Ein eigenes Auto-Betriebssystem, eine eigene automobile Cloud und eine eigene neue Elektronikarchitektur in den Fahrzeugen \u2013 Volkswagen wandelt sich sukzessive zum softwaregetriebenen Mobilit\u00e4tsanbieter. Was haben Flottenkunden davon?<\/p>\n","protected":false},"author":30,"featured_media":26439,"comment_status":"closed","ping_status":"closed","sticky":false,"template":"","format":"standard","meta":{"_acf_changed":false,"footnotes":""},"categories":[48,59],"tags":[],"class_list":["post-25749","post","type-post","status-publish","format-standard","has-post-thumbnail","hentry","category-hintergrundwissen","category-mobilitaet-innovation","newsletter-fleetnews-01-21"],"acf":[],"yoast_head":"<!-- This site is optimized with the Yoast SEO plugin v27.4 - https:\/\/yoast.com\/product\/yoast-seo-wordpress\/ -->\n<title>Transformers - Volkswagen Group | FleetHub<\/title>\n<meta name=\"robots\" content=\"index, follow, max-snippet:-1, max-image-preview:large, max-video-preview:-1\" \/>\n<link rel=\"canonical\" href=\"https:\/\/www.groupfleet.com\/de\/transformers\/\" \/>\n<meta property=\"og:locale\" content=\"de_DE\" \/>\n<meta property=\"og:type\" content=\"article\" \/>\n<meta property=\"og:title\" content=\"Transformers - Volkswagen Group | FleetHub\" \/>\n<meta property=\"og:description\" content=\"Ein eigenes Auto-Betriebssystem, eine eigene automobile Cloud und eine eigene neue Elektronikarchitektur in den Fahrzeugen \u2013 Volkswagen wandelt sich sukzessive zum softwaregetriebenen Mobilit\u00e4tsanbieter. Was haben Flottenkunden davon?\" \/>\n<meta property=\"og:url\" content=\"https:\/\/www.groupfleet.com\/de\/transformers\/\" \/>\n<meta property=\"og:site_name\" content=\"Volkswagen Group | FleetHub\" \/>\n<meta property=\"article:published_time\" content=\"2021-02-04T11:01:02+00:00\" \/>\n<meta property=\"article:modified_time\" content=\"2024-09-10T12:03:27+00:00\" \/>\n<meta property=\"og:image\" content=\"https:\/\/www.groupfleet.com\/wp-content\/uploads\/2022\/09\/DB2019NR00686_large.jpg\" \/>\n\t<meta property=\"og:image:width\" content=\"1163\" \/>\n\t<meta property=\"og:image:height\" content=\"654\" \/>\n\t<meta property=\"og:image:type\" content=\"image\/jpeg\" \/>\n<meta name=\"author\" content=\"Jens Lattke\" \/>\n<meta name=\"twitter:card\" content=\"summary_large_image\" \/>\n<meta name=\"twitter:label1\" content=\"Verfasst von\" \/>\n\t<meta name=\"twitter:data1\" content=\"Jens Lattke\" \/>\n\t<meta name=\"twitter:label2\" content=\"Gesch\u00e4tzte Lesezeit\" \/>\n\t<meta name=\"twitter:data2\" content=\"5\u00a0Minuten\" \/>\n<script type=\"application\/ld+json\" class=\"yoast-schema-graph\">{\"@context\":\"https:\\\/\\\/schema.org\",\"@graph\":[{\"@type\":\"Article\",\"@id\":\"https:\\\/\\\/www.groupfleet.com\\\/de\\\/transformers\\\/#article\",\"isPartOf\":{\"@id\":\"https:\\\/\\\/www.groupfleet.com\\\/de\\\/transformers\\\/\"},\"author\":{\"name\":\"Jens Lattke\",\"@id\":\"https:\\\/\\\/www.groupfleet.com\\\/de\\\/#\\\/schema\\\/person\\\/c9c4c37414c094d25b571ee3ce5d1e4c\"},\"headline\":\"Transformers\",\"datePublished\":\"2021-02-04T11:01:02+00:00\",\"dateModified\":\"2024-09-10T12:03:27+00:00\",\"mainEntityOfPage\":{\"@id\":\"https:\\\/\\\/www.groupfleet.com\\\/de\\\/transformers\\\/\"},\"wordCount\":1146,\"image\":{\"@id\":\"https:\\\/\\\/www.groupfleet.com\\\/de\\\/transformers\\\/#primaryimage\"},\"thumbnailUrl\":\"https:\\\/\\\/www.groupfleet.com\\\/wp-content\\\/uploads\\\/2022\\\/09\\\/DB2019NR00686_large.jpg\",\"articleSection\":[\"Fuhrparkwissen\",\"Mobilit\u00e4t und Innovation\"],\"inLanguage\":\"de\"},{\"@type\":\"WebPage\",\"@id\":\"https:\\\/\\\/www.groupfleet.com\\\/de\\\/transformers\\\/\",\"url\":\"https:\\\/\\\/www.groupfleet.com\\\/de\\\/transformers\\\/\",\"name\":\"Transformers - Volkswagen Group | FleetHub\",\"isPartOf\":{\"@id\":\"https:\\\/\\\/www.groupfleet.com\\\/de\\\/#website\"},\"primaryImageOfPage\":{\"@id\":\"https:\\\/\\\/www.groupfleet.com\\\/de\\\/transformers\\\/#primaryimage\"},\"image\":{\"@id\":\"https:\\\/\\\/www.groupfleet.com\\\/de\\\/transformers\\\/#primaryimage\"},\"thumbnailUrl\":\"https:\\\/\\\/www.groupfleet.com\\\/wp-content\\\/uploads\\\/2022\\\/09\\\/DB2019NR00686_large.jpg\",\"datePublished\":\"2021-02-04T11:01:02+00:00\",\"dateModified\":\"2024-09-10T12:03:27+00:00\",\"author\":{\"@id\":\"https:\\\/\\\/www.groupfleet.com\\\/de\\\/#\\\/schema\\\/person\\\/c9c4c37414c094d25b571ee3ce5d1e4c\"},\"breadcrumb\":{\"@id\":\"https:\\\/\\\/www.groupfleet.com\\\/de\\\/transformers\\\/#breadcrumb\"},\"inLanguage\":\"de\",\"potentialAction\":[{\"@type\":\"ReadAction\",\"target\":[\"https:\\\/\\\/www.groupfleet.com\\\/de\\\/transformers\\\/\"]}]},{\"@type\":\"ImageObject\",\"inLanguage\":\"de\",\"@id\":\"https:\\\/\\\/www.groupfleet.com\\\/de\\\/transformers\\\/#primaryimage\",\"url\":\"https:\\\/\\\/www.groupfleet.com\\\/wp-content\\\/uploads\\\/2022\\\/09\\\/DB2019NR00686_large.jpg\",\"contentUrl\":\"https:\\\/\\\/www.groupfleet.com\\\/wp-content\\\/uploads\\\/2022\\\/09\\\/DB2019NR00686_large.jpg\",\"width\":1163,\"height\":654},{\"@type\":\"BreadcrumbList\",\"@id\":\"https:\\\/\\\/www.groupfleet.com\\\/de\\\/transformers\\\/#breadcrumb\",\"itemListElement\":[{\"@type\":\"ListItem\",\"position\":1,\"name\":\"Home\",\"item\":\"https:\\\/\\\/www.groupfleet.com\\\/de\\\/\"},{\"@type\":\"ListItem\",\"position\":2,\"name\":\"Transformers\"}]},{\"@type\":\"WebSite\",\"@id\":\"https:\\\/\\\/www.groupfleet.com\\\/de\\\/#website\",\"url\":\"https:\\\/\\\/www.groupfleet.com\\\/de\\\/\",\"name\":\"Volkswagen Group | FleetHub\",\"description\":\"Online magazine for Fleet managers\",\"potentialAction\":[{\"@type\":\"SearchAction\",\"target\":{\"@type\":\"EntryPoint\",\"urlTemplate\":\"https:\\\/\\\/www.groupfleet.com\\\/de\\\/?s={search_term_string}\"},\"query-input\":{\"@type\":\"PropertyValueSpecification\",\"valueRequired\":true,\"valueName\":\"search_term_string\"}}],\"inLanguage\":\"de\"},{\"@type\":\"Person\",\"@id\":\"https:\\\/\\\/www.groupfleet.com\\\/de\\\/#\\\/schema\\\/person\\\/c9c4c37414c094d25b571ee3ce5d1e4c\",\"name\":\"Jens Lattke\",\"url\":\"https:\\\/\\\/www.groupfleet.com\\\/de\\\/author\\\/jlatttke\\\/\"}]}<\/script>\n<!-- \/ Yoast SEO plugin. -->","yoast_head_json":{"title":"Transformers - Volkswagen Group | FleetHub","robots":{"index":"index","follow":"follow","max-snippet":"max-snippet:-1","max-image-preview":"max-image-preview:large","max-video-preview":"max-video-preview:-1"},"canonical":"https:\/\/www.groupfleet.com\/de\/transformers\/","og_locale":"de_DE","og_type":"article","og_title":"Transformers - Volkswagen Group | FleetHub","og_description":"Ein eigenes Auto-Betriebssystem, eine eigene automobile Cloud und eine eigene neue Elektronikarchitektur in den Fahrzeugen \u2013 Volkswagen wandelt sich sukzessive zum softwaregetriebenen Mobilit\u00e4tsanbieter. Was haben Flottenkunden davon?","og_url":"https:\/\/www.groupfleet.com\/de\/transformers\/","og_site_name":"Volkswagen Group | FleetHub","article_published_time":"2021-02-04T11:01:02+00:00","article_modified_time":"2024-09-10T12:03:27+00:00","og_image":[{"width":1163,"height":654,"url":"https:\/\/www.groupfleet.com\/wp-content\/uploads\/2022\/09\/DB2019NR00686_large.jpg","type":"image\/jpeg"}],"author":"Jens Lattke","twitter_card":"summary_large_image","twitter_misc":{"Verfasst von":"Jens Lattke","Gesch\u00e4tzte Lesezeit":"5\u00a0Minuten"},"schema":{"@context":"https:\/\/schema.org","@graph":[{"@type":"Article","@id":"https:\/\/www.groupfleet.com\/de\/transformers\/#article","isPartOf":{"@id":"https:\/\/www.groupfleet.com\/de\/transformers\/"},"author":{"name":"Jens Lattke","@id":"https:\/\/www.groupfleet.com\/de\/#\/schema\/person\/c9c4c37414c094d25b571ee3ce5d1e4c"},"headline":"Transformers","datePublished":"2021-02-04T11:01:02+00:00","dateModified":"2024-09-10T12:03:27+00:00","mainEntityOfPage":{"@id":"https:\/\/www.groupfleet.com\/de\/transformers\/"},"wordCount":1146,"image":{"@id":"https:\/\/www.groupfleet.com\/de\/transformers\/#primaryimage"},"thumbnailUrl":"https:\/\/www.groupfleet.com\/wp-content\/uploads\/2022\/09\/DB2019NR00686_large.jpg","articleSection":["Fuhrparkwissen","Mobilit\u00e4t und Innovation"],"inLanguage":"de"},{"@type":"WebPage","@id":"https:\/\/www.groupfleet.com\/de\/transformers\/","url":"https:\/\/www.groupfleet.com\/de\/transformers\/","name":"Transformers - Volkswagen Group | FleetHub","isPartOf":{"@id":"https:\/\/www.groupfleet.com\/de\/#website"},"primaryImageOfPage":{"@id":"https:\/\/www.groupfleet.com\/de\/transformers\/#primaryimage"},"image":{"@id":"https:\/\/www.groupfleet.com\/de\/transformers\/#primaryimage"},"thumbnailUrl":"https:\/\/www.groupfleet.com\/wp-content\/uploads\/2022\/09\/DB2019NR00686_large.jpg","datePublished":"2021-02-04T11:01:02+00:00","dateModified":"2024-09-10T12:03:27+00:00","author":{"@id":"https:\/\/www.groupfleet.com\/de\/#\/schema\/person\/c9c4c37414c094d25b571ee3ce5d1e4c"},"breadcrumb":{"@id":"https:\/\/www.groupfleet.com\/de\/transformers\/#breadcrumb"},"inLanguage":"de","potentialAction":[{"@type":"ReadAction","target":["https:\/\/www.groupfleet.com\/de\/transformers\/"]}]},{"@type":"ImageObject","inLanguage":"de","@id":"https:\/\/www.groupfleet.com\/de\/transformers\/#primaryimage","url":"https:\/\/www.groupfleet.com\/wp-content\/uploads\/2022\/09\/DB2019NR00686_large.jpg","contentUrl":"https:\/\/www.groupfleet.com\/wp-content\/uploads\/2022\/09\/DB2019NR00686_large.jpg","width":1163,"height":654},{"@type":"BreadcrumbList","@id":"https:\/\/www.groupfleet.com\/de\/transformers\/#breadcrumb","itemListElement":[{"@type":"ListItem","position":1,"name":"Home","item":"https:\/\/www.groupfleet.com\/de\/"},{"@type":"ListItem","position":2,"name":"Transformers"}]},{"@type":"WebSite","@id":"https:\/\/www.groupfleet.com\/de\/#website","url":"https:\/\/www.groupfleet.com\/de\/","name":"Volkswagen Group | FleetHub","description":"Online magazine for Fleet managers","potentialAction":[{"@type":"SearchAction","target":{"@type":"EntryPoint","urlTemplate":"https:\/\/www.groupfleet.com\/de\/?s={search_term_string}"},"query-input":{"@type":"PropertyValueSpecification","valueRequired":true,"valueName":"search_term_string"}}],"inLanguage":"de"},{"@type":"Person","@id":"https:\/\/www.groupfleet.com\/de\/#\/schema\/person\/c9c4c37414c094d25b571ee3ce5d1e4c","name":"Jens Lattke","url":"https:\/\/www.groupfleet.com\/de\/author\/jlatttke\/"}]}},"_links":{"self":[{"href":"https:\/\/www.groupfleet.com\/de\/wp-json\/wp\/v2\/posts\/25749","targetHints":{"allow":["GET"]}}],"collection":[{"href":"https:\/\/www.groupfleet.com\/de\/wp-json\/wp\/v2\/posts"}],"about":[{"href":"https:\/\/www.groupfleet.com\/de\/wp-json\/wp\/v2\/types\/post"}],"author":[{"embeddable":true,"href":"https:\/\/www.groupfleet.com\/de\/wp-json\/wp\/v2\/users\/30"}],"replies":[{"embeddable":true,"href":"https:\/\/www.groupfleet.com\/de\/wp-json\/wp\/v2\/comments?post=25749"}],"version-history":[{"count":0,"href":"https:\/\/www.groupfleet.com\/de\/wp-json\/wp\/v2\/posts\/25749\/revisions"}],"wp:featuredmedia":[{"embeddable":true,"href":"https:\/\/www.groupfleet.com\/de\/wp-json\/wp\/v2\/media\/26439"}],"wp:attachment":[{"href":"https:\/\/www.groupfleet.com\/de\/wp-json\/wp\/v2\/media?parent=25749"}],"wp:term":[{"taxonomy":"category","embeddable":true,"href":"https:\/\/www.groupfleet.com\/de\/wp-json\/wp\/v2\/categories?post=25749"},{"taxonomy":"post_tag","embeddable":true,"href":"https:\/\/www.groupfleet.com\/de\/wp-json\/wp\/v2\/tags?post=25749"}],"curies":[{"name":"wp","href":"https:\/\/api.w.org\/{rel}","templated":true}]}}