{"id":25730,"date":"2021-05-05T11:24:48","date_gmt":"2021-05-05T09:24:48","guid":{"rendered":"https:\/\/www.groupfleet.com\/?p=25730"},"modified":"2024-09-10T14:03:07","modified_gmt":"2024-09-10T12:03:07","slug":"elektrofahrzeuge-batterie-wissen","status":"publish","type":"post","link":"https:\/\/www.groupfleet.com\/de\/elektrofahrzeuge-batterie-wissen\/","title":{"rendered":"Kleine Batteriekunde"},"content":{"rendered":"<div class=\"wpb-content-wrapper\"><p>[vc_row full_width=&#8220;stretch_row_content&#8220;][vc_column][vc_column_text]<\/p>\n<h2><span style=\"color: #34b802;\">Die Batterie ist das Herzst\u00fcck eines Elektroautos \u2013 stellt f\u00fcr viele Kunden aber immer noch eher unbekanntes Terrain dar. Damit sich das \u00e4ndert, beantworten wir zehn h\u00e4ufig gestellte Fragen: Erfahren Sie mehr \u00fcber den Aufbau einer Batterie, \u00fcber Ladevorgang, Stromarten und Reichweite \u2013 kurz und kompakt zusammengefasst.<\/span><\/h2>\n<p>[\/vc_column_text][\/vc_column][\/vc_row][vc_row][vc_column][vc_tta_accordion style=&#8220;flat&#8220; active_section=&#8220;0&#8243; css_animation=&#8220;none&#8220; no_fill=&#8220;true&#8220; collapsible_all=&#8220;true&#8220; css=&#8220;.vc_custom_1664898122713{background-color: #ff4242 !important;background-position: center !important;background-repeat: no-repeat !important;background-size: cover !important;}&#8220;][vc_tta_section i_position=&#8220;right&#8220; i_icon_fontawesome=&#8220;fas fa-chevron-circle-down&#8220; add_icon=&#8220;true&#8220; title=&#8220;1) Wie ist die Batterie eines E-Autos aufgebaut \u2013 und was passiert im Inneren w\u00e4hrend des Ladevorgangs?&#8220; tab_id=&#8220;1663539131148-47f2bf35-4d9c&#8220;][vc_column_text]Elektroauto-Batterien bestehen aus mehreren Modulen mit zahlreichen Lithium-Ionen-Batteriezellen. Je mehr verbaute Module ein Batteriesystem enth\u00e4lt, desto h\u00f6her sind Kapazit\u00e4t und Reichweite des Autos. Jede Zelle besteht wiederum aus Anode, Kathode, Separator und Elektrolyt. Beim Laden wandern die Lithium-Ionen von der Kathode zur Anode \u2013 dabei wird elektrische in chemische Energie umgewandelt. Beim Entladen ist es genau andersherum.[\/vc_column_text][vc_empty_space][\/vc_tta_section][vc_tta_section title=&#8220;2) AC- oder DC-Laden? Was unterscheidet die beiden Ladetechnologien?&#8220; tab_id=&#8220;1663539131158-9147ae29-964e&#8220;][vc_column_text]Der Unterschied liegt in den Stromarten: AC ist die englische Abk\u00fcrzung f\u00fcr Wechselstrom, wie er aus Haushaltssteckdosen oder \u00fcber einen Typ-2-Stecker in das Elektroauto kommt. Meist ist bei AC die Ladeleistung auf 22 kW beschr\u00e4nkt, was zu l\u00e4ngeren, aber batterieschonenden Ladezeiten f\u00fchrt. DC ist die Abk\u00fcrzung f\u00fcr Gleichstrom. Hierf\u00fcr wird ein CCS-Stecker ben\u00f6tigt, der in allen aktuellen reinen Elektrofahrzeugen serienm\u00e4\u00dfig verbaut ist und hohe Leistungen bis zu 350 kW \u00fcbertragen kann. Deshalb steht DC-Laden auch f\u00fcr Schnellladen.[\/vc_column_text][vc_empty_space][\/vc_tta_section][vc_tta_section title=&#8220;3) Wo kann ich aufladen?&#8220; tab_id=&#8220;1663539723026-deb5e954-95b1&#8243;][vc_column_text]Das funktioniert im Grunde mit jeder haushalts\u00fcblichen Steckdose \u2013 bequemer und schneller ist es allerdings mit sogenannten Wallboxen, die je nach Ausf\u00fchrung Ladeleistungen von bis zu 11 kW erm\u00f6glichen. Dar\u00fcber hinaus bieten immer mehr Unternehmen ihren Mitarbeiten die M\u00f6glichkeit, das Fahrzeug am Arbeitsort zu laden. Falls unterwegs nachgeladen werden muss, ist dies in Deutschland an rund 40.000 \u00f6ffentlichen Ladestationen m\u00f6glich. Entlang der Autobahnen und an Tankstellen entstehen zudem immer mehr Schnellladeparks, an denen sich das Elektroauto innerhalb kurzer Zeit fit f\u00fcr die n\u00e4chste Etappe machen l\u00e4sst.[\/vc_column_text][vc_empty_space][\/vc_tta_section][vc_tta_section title=&#8220;4) Wie funktioniert der Ladevorgang?&#8220; tab_id=&#8220;1663539745318-3661c505-01a7&#8243;][vc_column_text]Ganz einfach \u2013 und sogar \u00e4hnlich wie bisher an der Tankstelle: Fahrzeug an die Ladestation fahren, Steckerklappe am Auto \u00f6ffnen, das Kabel von der S\u00e4ule nehmen und einstecken (Ladestationen verf\u00fcgen meistens \u00fcber fest installierte Kabel, anders als Wallboxen). Anschlie\u00dfend erfolgt am Display der Ladestation oder \u00fcber die App des jeweiligen Betreibers beziehungsweise Service-Partners eine Authentifizierung \u2013 und der Ladevorgang kann beginnen.[\/vc_column_text][vc_empty_space][\/vc_tta_section][vc_tta_section title=&#8220;5) Wie lange dauert der Ladevorgang?&#8220; tab_id=&#8220;1663539758279-b64e4e7f-4087&#8243;][vc_column_text]Das h\u00e4ngt von der Ladeleistung der jeweiligen Ladestation und dem aktuellen Ladezustand der Batterie ab. Mit einer Haushaltssteckdose k\u00f6nnen bis zu 2,3 kW pro Stunde geladen werden \u2013 schneller geht es mit einer Wallbox, die je nach Ausf\u00fchrung bis zu 11 kW liefert. Beide Varianten sind gut geeignet, um das Fahrzeug w\u00e4hrend einer l\u00e4ngeren Standphase zu laden \u2013 zum Beispiel \u00fcber Nacht oder w\u00e4hrend der Arbeitszeit. Am schnellsten ist ein Ladevorgang an den High-Power-Charging-Ladestationen \u2013 also den Schnellladern. Dort sind Ladeleistungen ab 350 kW m\u00f6glich, mit denen sich ein E-Auto in 15 bis 25 Minuten aufladen l\u00e4sst.[\/vc_column_text][vc_empty_space][\/vc_tta_section][vc_tta_section title=&#8220;6) Was kostet das Aufladen \u2013 und wie wird bezahlt?&#8220; tab_id=&#8220;1663579812759-4b6ce679-03d5&#8243;][vc_column_text]Es gibt unz\u00e4hlige Anbieter und Betreiber von \u00f6ffentlich zug\u00e4nglichen Ladestationen \u2013 Stadtwerke, Energie-Unternehmen, Parkh\u00e4user, Hotels, Autoh\u00e4user. Dementsprechend divers sind auch die jeweiligen Tarife. Einige rechnen nach Minute ab andere nach Lademenge oder pauschal nach Ladevorgang. Insofern schwanken die Preise enorm. Bezahlt werden kann vor Ort meist \u00fcber Apps, Ladekarten, PayPal, gelegentlich auch mit EC- oder Kreditkarten. Hier sollte geschaut werden, ob Grundgeb\u00fchren anfallen. Wer regelm\u00e4\u00dfig viel und auf l\u00e4ngeren Strecken unterwegs ist, f\u00fcr den sind Services wie We Charge von Volkswagen oder der Audi e-tron Charging Service empfehlenswert. Damit laden und zahlen E-Autofahrer mit einer App beziehungsweise einer Karte an bis zu 210.000 europ\u00e4ischen Ladestationen \u2013 unabh\u00e4ngig vom jeweiligen Anbieter. In Zukunft soll das Bezahlen noch einfacher werden \u2013 mit automatischem Datenfluss \u00fcber Stecker und direkter Abrechnung aus dem Fahrzeug.[\/vc_column_text][vc_empty_space][\/vc_tta_section][vc_tta_section title=&#8220;7) Wie weit komme ich mit einer Batterieladung?&#8220; tab_id=&#8220;1663579845176-ca3f64db-3f99&#8243;][vc_column_text]Pauschal l\u00e4sst sich dies nicht beantworten \u2013 es ist unter anderem abh\u00e4ngig von verschiedenen Faktoren wie dem pers\u00f6nlichen Fahrprofil, den aktuellen Wetterbedingungen und der Nutzung von zus\u00e4tzlichen Verbrauchern, wie Heizung oder Klimaanlage. Ein guter Richtwert ist die Kapazit\u00e4t der Batterie. Hier gilt: Je gr\u00f6\u00dfer diese ist, desto mehr Reichweite ist m\u00f6glich. Ein Elektroauto mit einem Netto-Batterie-Energiegehalt von 45 kWh, etwa der ID.3 Pure Performance\u00b9 (Stromverbrauch in kWh\/100 km: 13,1 (kombiniert); CO\u2082-Emission in g\/km: 0; Effizienzklasse: A+), kann von 250 bis 350 Kilometer weit fahren \u2013 mit 77 kWh Netto-Energie-Batteriegehalt sind von 390 bis 550 Kilometer m\u00f6glich, beispielsweise mit dem ID.3 Pro S\u00b9 (Stromverbrauch in kWh\/100 km: 14,1\u201313,5 (kombiniert); CO\u2082-Emission in g\/km: 0; Effizienzklasse: A+).[\/vc_column_text][vc_empty_space][\/vc_tta_section][vc_tta_section title=&#8220;8) Kann ich bei Regen oder Gewitter laden?&#8220; tab_id=&#8220;1663579869497-af9bec01-564a&#8220;][vc_column_text]Da sowohl die Batterie als auch die isolierten Ladekabel mit Schutzschaltern versehen sind, ist das Laden auch bei Regen sicher \u2013 zumal der Ladevorgang erst startet, sobald beide Stecker sicher in Auto und Ladestation gesteckt sind. Viele Ladestationen verf\u00fcgen zudem \u00fcber einen \u00dcberspannungsschutz bei Blitzeinschl\u00e4gen.[\/vc_column_text][vc_empty_space][\/vc_tta_section][vc_tta_section title=&#8220;9) Kann ich w\u00e4hrend des Ladens einen Stromschlag bekommen?&#8220; tab_id=&#8220;1663579936914-4e23086e-96b7&#8243;][vc_column_text]Nein, zahlreiche Absicherungen am Batteriesystem verhindern Stromschl\u00e4ge. Selbst wenn sich das Kabel w\u00e4hrend der Ladung l\u00f6st, besteht keine Gefahr, da nicht gleichzeitig die Plus- und Minus-Pole ber\u00fchrt werden k\u00f6nnen \u2013 die Stecker sind auch extra so gestaltet, dass sich die Kontakte nicht mit den Fingern ber\u00fchren lassen. Nur wenn das Kabel w\u00e4hrend des Ladevorgangs getrennt oder zerschnitten wird, besteht Gefahr.[\/vc_column_text][vc_empty_space][\/vc_tta_section][vc_tta_section title=&#8220;10) Was sollte ich bei einem Unfall beachten?&#8220; tab_id=&#8220;1663580015099-307303c2-2295&#8243;][vc_column_text]Prinzipiell sind die gleichen Sicherheits- und Absperrma\u00dfnahmen zu treffen wie bei Unf\u00e4llen mit anderen Fahrzeugen. Auch bei Br\u00e4nden kann mit Wasser gel\u00f6scht werden \u2013 es besteht keine Gefahr von Stromschl\u00e4gen \u00fcber den L\u00f6schstrahl auf das Batteriesystem. Aus Brandschutzgr\u00fcnden m\u00fcssen verunfallte Elektrofahrzeuge jedoch in abgesperrten freien Bereichen abgestellt werden. Die Batteriesysteme sollten dabei nicht der Witterung ausgesetzt sein.[\/vc_column_text][vc_empty_space][\/vc_tta_section][\/vc_tta_accordion][\/vc_column][\/vc_row][vc_row][vc_column][vc_separator][vc_column_text]<\/p>\n<div class=\"richtext abstractContentComponent parbase section\">\n<div class=\"grid-section grid-group\">\n<div class=\"grid-col span_12_of_12\">\n<div class=\"textmedia h-clearfix\">\n<div class=\"textmedia__inner textmedia__richtext\">\n<p class=\"singlecolumntext\"><span style=\"font-size: 10pt;\">\u00a9 Volkswagen AG<\/span><\/p>\n<p>&nbsp;<\/p>\n<\/div>\n<\/div>\n<\/div>\n<p><span style=\"font-size: 10pt;\"><i><sup>1)\u00a0<\/sup>Die tats\u00e4chliche Reichweite weicht in der Praxis abh\u00e4ngig von Fahrstil, Geschwindigkeit, Einsatz von Komfort-\/Nebenverbrauchern, Au\u00dfentemperatur, Anzahl Mitfahrer\/Zuladung und Topografie ab. Eine Orientierung bietet f\u00fcr das jeweilige Fahrzeug die genannte Reichweitenspanne, welche voraussichtlich 80% unserer Kund*innen im Jahresmittel erreichen werden. Die untere Grenze der Spanne deckt hierbei auch Fahrten bei moderaten Autobahngeschwindigkeiten sowie Fahrten bei tiefen Au\u00dfentemperaturen im Winter ab.<\/i><\/span><\/p>\n<\/div>\n<\/div>\n<p>[\/vc_column_text][\/vc_column][\/vc_row]<\/p>\n<\/div>","protected":false},"excerpt":{"rendered":"<p>Die Batterie ist das Herzst\u00fcck eines Elektroautos \u2013 stellt f\u00fcr viele Kunden aber immer noch eher unbekanntes Terrain dar. Damit sich das \u00e4ndert, beantworten wir zehn h\u00e4ufig gestellte Fragen: Erfahren Sie mehr \u00fcber den Aufbau einer Batterie, \u00fcber Ladevorgang, Stromarten und Reichweite \u2013 kurz und kompakt zusammengefasst.<\/p>\n","protected":false},"author":39,"featured_media":27359,"comment_status":"closed","ping_status":"closed","sticky":false,"template":"","format":"standard","meta":{"_acf_changed":false,"footnotes":""},"categories":[48,59],"tags":[],"class_list":["post-25730","post","type-post","status-publish","format-standard","has-post-thumbnail","hentry","category-hintergrundwissen","category-mobilitaet-innovation"],"acf":[],"yoast_head":"<!-- This site is optimized with the Yoast SEO plugin v27.4 - https:\/\/yoast.com\/product\/yoast-seo-wordpress\/ -->\n<title>Kleine Batteriekunde - Volkswagen Group | FleetHub<\/title>\n<meta name=\"robots\" content=\"index, follow, max-snippet:-1, max-image-preview:large, max-video-preview:-1\" \/>\n<link rel=\"canonical\" href=\"https:\/\/www.volkswagen-newsroom.com\/de\/pressemitteilungen\/der-neue-id4-weltpremiere-des-rein-elektrisch-angetriebenen-suv-6446\" \/>\n<meta property=\"og:locale\" content=\"de_DE\" \/>\n<meta property=\"og:type\" content=\"article\" \/>\n<meta property=\"og:title\" content=\"Kleine Batteriekunde - Volkswagen Group | FleetHub\" \/>\n<meta property=\"og:description\" content=\"Die Batterie ist das Herzst\u00fcck eines Elektroautos \u2013 stellt f\u00fcr viele Kunden aber immer noch eher unbekanntes Terrain dar. Damit sich das \u00e4ndert, beantworten wir zehn h\u00e4ufig gestellte Fragen: Erfahren Sie mehr \u00fcber den Aufbau einer Batterie, \u00fcber Ladevorgang, Stromarten und Reichweite \u2013 kurz und kompakt zusammengefasst.\" \/>\n<meta property=\"og:url\" content=\"https:\/\/www.volkswagen-newsroom.com\/de\/pressemitteilungen\/der-neue-id4-weltpremiere-des-rein-elektrisch-angetriebenen-suv-6446\" \/>\n<meta property=\"og:site_name\" content=\"Volkswagen Group | FleetHub\" \/>\n<meta property=\"article:published_time\" content=\"2021-05-05T09:24:48+00:00\" \/>\n<meta property=\"article:modified_time\" content=\"2024-09-10T12:03:07+00:00\" \/>\n<meta property=\"og:image\" content=\"https:\/\/www.groupfleet.com\/wp-content\/uploads\/2021\/05\/AdobeStock_260873536-scaled.jpeg\" \/>\n\t<meta property=\"og:image:width\" content=\"2560\" \/>\n\t<meta property=\"og:image:height\" content=\"1288\" \/>\n\t<meta property=\"og:image:type\" content=\"image\/jpeg\" \/>\n<meta name=\"author\" content=\"Stefan Gro\u00dfer\" \/>\n<meta name=\"twitter:card\" content=\"summary_large_image\" \/>\n<meta name=\"twitter:label1\" content=\"Verfasst von\" \/>\n\t<meta name=\"twitter:data1\" content=\"Stefan Gro\u00dfer\" \/>\n\t<meta name=\"twitter:label2\" content=\"Gesch\u00e4tzte Lesezeit\" \/>\n\t<meta name=\"twitter:data2\" content=\"6\u00a0Minuten\" \/>\n<script type=\"application\/ld+json\" class=\"yoast-schema-graph\">{\"@context\":\"https:\\\/\\\/schema.org\",\"@graph\":[{\"@type\":\"Article\",\"@id\":\"https:\\\/\\\/www.volkswagen-newsroom.com\\\/de\\\/pressemitteilungen\\\/der-neue-id4-weltpremiere-des-rein-elektrisch-angetriebenen-suv-6446#article\",\"isPartOf\":{\"@id\":\"https:\\\/\\\/www.groupfleet.com\\\/de\\\/elektrofahrzeuge-batterie-wissen\\\/\"},\"author\":{\"name\":\"Stefan Gro\u00dfer\",\"@id\":\"https:\\\/\\\/www.groupfleet.com\\\/de\\\/#\\\/schema\\\/person\\\/8b1d7be286fefef37804765123983b32\"},\"headline\":\"Kleine Batteriekunde\",\"datePublished\":\"2021-05-05T09:24:48+00:00\",\"dateModified\":\"2024-09-10T12:03:07+00:00\",\"mainEntityOfPage\":{\"@id\":\"https:\\\/\\\/www.groupfleet.com\\\/de\\\/elektrofahrzeuge-batterie-wissen\\\/\"},\"wordCount\":1327,\"image\":{\"@id\":\"https:\\\/\\\/www.volkswagen-newsroom.com\\\/de\\\/pressemitteilungen\\\/der-neue-id4-weltpremiere-des-rein-elektrisch-angetriebenen-suv-6446#primaryimage\"},\"thumbnailUrl\":\"https:\\\/\\\/www.groupfleet.com\\\/wp-content\\\/uploads\\\/2021\\\/05\\\/AdobeStock_260873536-scaled.jpeg\",\"articleSection\":[\"Fuhrparkwissen\",\"Mobilit\u00e4t und Innovation\"],\"inLanguage\":\"de\"},{\"@type\":\"WebPage\",\"@id\":\"https:\\\/\\\/www.groupfleet.com\\\/de\\\/elektrofahrzeuge-batterie-wissen\\\/\",\"url\":\"https:\\\/\\\/www.volkswagen-newsroom.com\\\/de\\\/pressemitteilungen\\\/der-neue-id4-weltpremiere-des-rein-elektrisch-angetriebenen-suv-6446\",\"name\":\"Kleine Batteriekunde - Volkswagen Group | FleetHub\",\"isPartOf\":{\"@id\":\"https:\\\/\\\/www.groupfleet.com\\\/de\\\/#website\"},\"primaryImageOfPage\":{\"@id\":\"https:\\\/\\\/www.volkswagen-newsroom.com\\\/de\\\/pressemitteilungen\\\/der-neue-id4-weltpremiere-des-rein-elektrisch-angetriebenen-suv-6446#primaryimage\"},\"image\":{\"@id\":\"https:\\\/\\\/www.volkswagen-newsroom.com\\\/de\\\/pressemitteilungen\\\/der-neue-id4-weltpremiere-des-rein-elektrisch-angetriebenen-suv-6446#primaryimage\"},\"thumbnailUrl\":\"https:\\\/\\\/www.groupfleet.com\\\/wp-content\\\/uploads\\\/2021\\\/05\\\/AdobeStock_260873536-scaled.jpeg\",\"datePublished\":\"2021-05-05T09:24:48+00:00\",\"dateModified\":\"2024-09-10T12:03:07+00:00\",\"author\":{\"@id\":\"https:\\\/\\\/www.groupfleet.com\\\/de\\\/#\\\/schema\\\/person\\\/8b1d7be286fefef37804765123983b32\"},\"breadcrumb\":{\"@id\":\"https:\\\/\\\/www.volkswagen-newsroom.com\\\/de\\\/pressemitteilungen\\\/der-neue-id4-weltpremiere-des-rein-elektrisch-angetriebenen-suv-6446#breadcrumb\"},\"inLanguage\":\"de\",\"potentialAction\":[{\"@type\":\"ReadAction\",\"target\":[\"https:\\\/\\\/www.volkswagen-newsroom.com\\\/de\\\/pressemitteilungen\\\/der-neue-id4-weltpremiere-des-rein-elektrisch-angetriebenen-suv-6446\"]}]},{\"@type\":\"ImageObject\",\"inLanguage\":\"de\",\"@id\":\"https:\\\/\\\/www.volkswagen-newsroom.com\\\/de\\\/pressemitteilungen\\\/der-neue-id4-weltpremiere-des-rein-elektrisch-angetriebenen-suv-6446#primaryimage\",\"url\":\"https:\\\/\\\/www.groupfleet.com\\\/wp-content\\\/uploads\\\/2021\\\/05\\\/AdobeStock_260873536-scaled.jpeg\",\"contentUrl\":\"https:\\\/\\\/www.groupfleet.com\\\/wp-content\\\/uploads\\\/2021\\\/05\\\/AdobeStock_260873536-scaled.jpeg\",\"width\":2560,\"height\":1288,\"caption\":\"Elegant hand holding battery with full of energy\"},{\"@type\":\"BreadcrumbList\",\"@id\":\"https:\\\/\\\/www.volkswagen-newsroom.com\\\/de\\\/pressemitteilungen\\\/der-neue-id4-weltpremiere-des-rein-elektrisch-angetriebenen-suv-6446#breadcrumb\",\"itemListElement\":[{\"@type\":\"ListItem\",\"position\":1,\"name\":\"Home\",\"item\":\"https:\\\/\\\/www.groupfleet.com\\\/de\\\/\"},{\"@type\":\"ListItem\",\"position\":2,\"name\":\"Kleine Batteriekunde\"}]},{\"@type\":\"WebSite\",\"@id\":\"https:\\\/\\\/www.groupfleet.com\\\/de\\\/#website\",\"url\":\"https:\\\/\\\/www.groupfleet.com\\\/de\\\/\",\"name\":\"Volkswagen Group | FleetHub\",\"description\":\"Online magazine for Fleet managers\",\"potentialAction\":[{\"@type\":\"SearchAction\",\"target\":{\"@type\":\"EntryPoint\",\"urlTemplate\":\"https:\\\/\\\/www.groupfleet.com\\\/de\\\/?s={search_term_string}\"},\"query-input\":{\"@type\":\"PropertyValueSpecification\",\"valueRequired\":true,\"valueName\":\"search_term_string\"}}],\"inLanguage\":\"de\"},{\"@type\":\"Person\",\"@id\":\"https:\\\/\\\/www.groupfleet.com\\\/de\\\/#\\\/schema\\\/person\\\/8b1d7be286fefef37804765123983b32\",\"name\":\"Stefan Gro\u00dfer\",\"url\":\"https:\\\/\\\/www.groupfleet.com\\\/de\\\/author\\\/sgrosser\\\/\"}]}<\/script>\n<!-- \/ Yoast SEO plugin. -->","yoast_head_json":{"title":"Kleine Batteriekunde - Volkswagen Group | FleetHub","robots":{"index":"index","follow":"follow","max-snippet":"max-snippet:-1","max-image-preview":"max-image-preview:large","max-video-preview":"max-video-preview:-1"},"canonical":"https:\/\/www.volkswagen-newsroom.com\/de\/pressemitteilungen\/der-neue-id4-weltpremiere-des-rein-elektrisch-angetriebenen-suv-6446","og_locale":"de_DE","og_type":"article","og_title":"Kleine Batteriekunde - Volkswagen Group | FleetHub","og_description":"Die Batterie ist das Herzst\u00fcck eines Elektroautos \u2013 stellt f\u00fcr viele Kunden aber immer noch eher unbekanntes Terrain dar. Damit sich das \u00e4ndert, beantworten wir zehn h\u00e4ufig gestellte Fragen: Erfahren Sie mehr \u00fcber den Aufbau einer Batterie, \u00fcber Ladevorgang, Stromarten und Reichweite \u2013 kurz und kompakt zusammengefasst.","og_url":"https:\/\/www.volkswagen-newsroom.com\/de\/pressemitteilungen\/der-neue-id4-weltpremiere-des-rein-elektrisch-angetriebenen-suv-6446","og_site_name":"Volkswagen Group | FleetHub","article_published_time":"2021-05-05T09:24:48+00:00","article_modified_time":"2024-09-10T12:03:07+00:00","og_image":[{"width":2560,"height":1288,"url":"https:\/\/www.groupfleet.com\/wp-content\/uploads\/2021\/05\/AdobeStock_260873536-scaled.jpeg","type":"image\/jpeg"}],"author":"Stefan Gro\u00dfer","twitter_card":"summary_large_image","twitter_misc":{"Verfasst von":"Stefan Gro\u00dfer","Gesch\u00e4tzte Lesezeit":"6\u00a0Minuten"},"schema":{"@context":"https:\/\/schema.org","@graph":[{"@type":"Article","@id":"https:\/\/www.volkswagen-newsroom.com\/de\/pressemitteilungen\/der-neue-id4-weltpremiere-des-rein-elektrisch-angetriebenen-suv-6446#article","isPartOf":{"@id":"https:\/\/www.groupfleet.com\/de\/elektrofahrzeuge-batterie-wissen\/"},"author":{"name":"Stefan Gro\u00dfer","@id":"https:\/\/www.groupfleet.com\/de\/#\/schema\/person\/8b1d7be286fefef37804765123983b32"},"headline":"Kleine Batteriekunde","datePublished":"2021-05-05T09:24:48+00:00","dateModified":"2024-09-10T12:03:07+00:00","mainEntityOfPage":{"@id":"https:\/\/www.groupfleet.com\/de\/elektrofahrzeuge-batterie-wissen\/"},"wordCount":1327,"image":{"@id":"https:\/\/www.volkswagen-newsroom.com\/de\/pressemitteilungen\/der-neue-id4-weltpremiere-des-rein-elektrisch-angetriebenen-suv-6446#primaryimage"},"thumbnailUrl":"https:\/\/www.groupfleet.com\/wp-content\/uploads\/2021\/05\/AdobeStock_260873536-scaled.jpeg","articleSection":["Fuhrparkwissen","Mobilit\u00e4t und Innovation"],"inLanguage":"de"},{"@type":"WebPage","@id":"https:\/\/www.groupfleet.com\/de\/elektrofahrzeuge-batterie-wissen\/","url":"https:\/\/www.volkswagen-newsroom.com\/de\/pressemitteilungen\/der-neue-id4-weltpremiere-des-rein-elektrisch-angetriebenen-suv-6446","name":"Kleine Batteriekunde - Volkswagen Group | FleetHub","isPartOf":{"@id":"https:\/\/www.groupfleet.com\/de\/#website"},"primaryImageOfPage":{"@id":"https:\/\/www.volkswagen-newsroom.com\/de\/pressemitteilungen\/der-neue-id4-weltpremiere-des-rein-elektrisch-angetriebenen-suv-6446#primaryimage"},"image":{"@id":"https:\/\/www.volkswagen-newsroom.com\/de\/pressemitteilungen\/der-neue-id4-weltpremiere-des-rein-elektrisch-angetriebenen-suv-6446#primaryimage"},"thumbnailUrl":"https:\/\/www.groupfleet.com\/wp-content\/uploads\/2021\/05\/AdobeStock_260873536-scaled.jpeg","datePublished":"2021-05-05T09:24:48+00:00","dateModified":"2024-09-10T12:03:07+00:00","author":{"@id":"https:\/\/www.groupfleet.com\/de\/#\/schema\/person\/8b1d7be286fefef37804765123983b32"},"breadcrumb":{"@id":"https:\/\/www.volkswagen-newsroom.com\/de\/pressemitteilungen\/der-neue-id4-weltpremiere-des-rein-elektrisch-angetriebenen-suv-6446#breadcrumb"},"inLanguage":"de","potentialAction":[{"@type":"ReadAction","target":["https:\/\/www.volkswagen-newsroom.com\/de\/pressemitteilungen\/der-neue-id4-weltpremiere-des-rein-elektrisch-angetriebenen-suv-6446"]}]},{"@type":"ImageObject","inLanguage":"de","@id":"https:\/\/www.volkswagen-newsroom.com\/de\/pressemitteilungen\/der-neue-id4-weltpremiere-des-rein-elektrisch-angetriebenen-suv-6446#primaryimage","url":"https:\/\/www.groupfleet.com\/wp-content\/uploads\/2021\/05\/AdobeStock_260873536-scaled.jpeg","contentUrl":"https:\/\/www.groupfleet.com\/wp-content\/uploads\/2021\/05\/AdobeStock_260873536-scaled.jpeg","width":2560,"height":1288,"caption":"Elegant hand holding battery with full of energy"},{"@type":"BreadcrumbList","@id":"https:\/\/www.volkswagen-newsroom.com\/de\/pressemitteilungen\/der-neue-id4-weltpremiere-des-rein-elektrisch-angetriebenen-suv-6446#breadcrumb","itemListElement":[{"@type":"ListItem","position":1,"name":"Home","item":"https:\/\/www.groupfleet.com\/de\/"},{"@type":"ListItem","position":2,"name":"Kleine Batteriekunde"}]},{"@type":"WebSite","@id":"https:\/\/www.groupfleet.com\/de\/#website","url":"https:\/\/www.groupfleet.com\/de\/","name":"Volkswagen Group | FleetHub","description":"Online magazine for Fleet managers","potentialAction":[{"@type":"SearchAction","target":{"@type":"EntryPoint","urlTemplate":"https:\/\/www.groupfleet.com\/de\/?s={search_term_string}"},"query-input":{"@type":"PropertyValueSpecification","valueRequired":true,"valueName":"search_term_string"}}],"inLanguage":"de"},{"@type":"Person","@id":"https:\/\/www.groupfleet.com\/de\/#\/schema\/person\/8b1d7be286fefef37804765123983b32","name":"Stefan Gro\u00dfer","url":"https:\/\/www.groupfleet.com\/de\/author\/sgrosser\/"}]}},"_links":{"self":[{"href":"https:\/\/www.groupfleet.com\/de\/wp-json\/wp\/v2\/posts\/25730","targetHints":{"allow":["GET"]}}],"collection":[{"href":"https:\/\/www.groupfleet.com\/de\/wp-json\/wp\/v2\/posts"}],"about":[{"href":"https:\/\/www.groupfleet.com\/de\/wp-json\/wp\/v2\/types\/post"}],"author":[{"embeddable":true,"href":"https:\/\/www.groupfleet.com\/de\/wp-json\/wp\/v2\/users\/39"}],"replies":[{"embeddable":true,"href":"https:\/\/www.groupfleet.com\/de\/wp-json\/wp\/v2\/comments?post=25730"}],"version-history":[{"count":0,"href":"https:\/\/www.groupfleet.com\/de\/wp-json\/wp\/v2\/posts\/25730\/revisions"}],"wp:featuredmedia":[{"embeddable":true,"href":"https:\/\/www.groupfleet.com\/de\/wp-json\/wp\/v2\/media\/27359"}],"wp:attachment":[{"href":"https:\/\/www.groupfleet.com\/de\/wp-json\/wp\/v2\/media?parent=25730"}],"wp:term":[{"taxonomy":"category","embeddable":true,"href":"https:\/\/www.groupfleet.com\/de\/wp-json\/wp\/v2\/categories?post=25730"},{"taxonomy":"post_tag","embeddable":true,"href":"https:\/\/www.groupfleet.com\/de\/wp-json\/wp\/v2\/tags?post=25730"}],"curies":[{"name":"wp","href":"https:\/\/api.w.org\/{rel}","templated":true}]}}