{"id":25690,"date":"2021-09-01T00:58:21","date_gmt":"2021-08-31T22:58:21","guid":{"rendered":"https:\/\/www.groupfleet.com\/?p=25690"},"modified":"2024-09-11T14:13:16","modified_gmt":"2024-09-11T12:13:16","slug":"unfall-im-ausland","status":"publish","type":"post","link":"https:\/\/www.groupfleet.com\/de\/unfall-im-ausland\/","title":{"rendered":"Was, wenn\u2019s woanders knallt?"},"content":{"rendered":"<div class=\"wpb-content-wrapper\"><p>[vc_row full_width=&#8220;stretch_row_content&#8220;][vc_column][vc_column_text]<\/p>\n<h2><span style=\"color: #8f96a1;\">Rotterdam, Katowice, Aarhus, Mailand: Was sich wie eine Gruppe in der Europa League liest, ist nicht selten der w\u00f6chentliche Reiseplan eines umtriebigen Vertriebsleiters. Der Kontinent ist zusammengewachsen, das gilt nicht nur f\u00fcr K\u00f6nig Fu\u00dfball, sondern insbesondere auch f\u00fcr die Wirtschaft. Maximal flexibel werden die Kilometer gerne mit dem Dienstwagen zur\u00fcckgelegt. Und wo viel gefahren wird, da passieren hin und wieder auch Unf\u00e4lle.<\/span><\/h2>\n<p>[\/vc_column_text][\/vc_column][\/vc_row][vc_row][vc_column][vc_column_text]<\/p>\n<div class=\"textimage abstractContentDialogComponent abstractContentComponent parbase section\">\n<div class=\"textmedia textmedia--right h-clearfix\">\n<div class=\"textmedia__inner\">\n<div class=\"textmedia__text \">\n<div class=\"textimage abstractContentDialogComponent abstractContentComponent parbase section\">\n<div class=\"textmedia textmedia--right h-clearfix\">\n<div class=\"textmedia__inner\">\n<div class=\"textmedia__text \">\n<p>Kommt es zu einem solchen Zwischenfall, gelten stets die Regeln des jeweiligen Landes. Eine Haftpflichtversicherung ist zwar in jedem EU-Land sowie der Schweiz vorgeschrieben, die Mindestdeckungssummen jedoch unterscheiden sich teilweise deutlich von denen in Deutschland. Bei einem schadenreichen Zusammenprall kann der Gesch\u00e4digte demzufolge auf einem Teil der Reparaturkosten sitzen bleiben.<\/p>\n<p>&nbsp;<\/p>\n<\/div>\n<\/div>\n<\/div>\n<\/div>\n<div class=\"textimage abstractContentDialogComponent abstractContentComponent parbase section\">\n<div class=\"textmedia textmedia--inverse textmedia--right h-clearfix\">\n<div class=\"textmedia__inner\">\n<div class=\"textmedia__text \">\n<p><b>Der Auslandsschadenschutz springt ein<\/b><br \/>\nUm die Differenz nicht aus eigener Tasche zahlen zu m\u00fcssen, empfiehlt es sich f\u00fcr Fuhrparkleiter, eine Auslandsschadenschutz-Versicherung f\u00fcr ihre international geforderte Flotte abzuschlie\u00dfen. Die Anbieter dieser Zusatzversicherung \u00fcbernehmen zudem in der Regel die anfallende Kommunikation mit der gegnerischen Versicherung sowie die Reparaturabwicklung. Auch der Fahrer, alle Mitinsassen sowie Gep\u00e4ck und Ladung sind mitversichert. Voraussetzung ist jedoch stets: Der eigene Fahrzeugnutzer ist nicht Unfallverursacher. Um auch komfortabel und ohne Schwierigkeiten weiter reisen zu k\u00f6nnen ist ein Schutzbrief bei einigen Versicherern optional buchbar.<\/p>\n<p>Als Einschr\u00e4nkung haben die Anbieter h\u00e4ufig eine Geltungsdauer in der Police verankert. In der Regel sollten die Fahrzeuge nicht l\u00e4nger als zw\u00f6lf Wochen am St\u00fcck im Ausland unterwegs sein, damit die Versicherung greifen kann. Ist der Dienstwagen vorwiegend in einem fremden Land gefordert, schreiben die meisten unserer Nachbarl\u00e4nder ohnehin eine Zulassung und Versicherung vor Ort vor.<\/p>\n<p>&nbsp;<\/p>\n<p><i><b>Wissenswert:<\/b><\/i>\u00a0<i>Die Gr\u00fcne Versicherungskarte wird seit 1. Januar 2021 nur noch auf wei\u00dfem Hintergrund ausgestellt. Dadurch kann sie auch einfach als PDF verschickt werden und der Dienstwagenfahrer kann sie selbst ausdrucken. Laut Gesamtverband der Deutschen Versicherungswirtschaft e.V. GDV sind Autofahrer allerdings weiterhin verpflichtet, die \u201eGr\u00fcne Karte\u201c in Papierform dabei zu haben \u2013 das reine Vorzeigen des PDF auf dem Smartphone werde nicht als Versicherungsnachweis akzeptiert.<\/i><\/p>\n<p>&nbsp;<\/p>\n<\/div>\n<\/div>\n<\/div>\n<\/div>\n<div class=\"textimage abstractContentDialogComponent abstractContentComponent parbase section\">\n<div class=\"textmedia textmedia--inverse textmedia--right h-clearfix\">\n<div class=\"textmedia__inner\">\n<div class=\"textmedia__text \">\n<p><b>Was die Fahrzeugnutzer wissen sollten<\/b><br \/>\nAuch wenn der Fuhrparkleiter einen angemessenen Auslandsschutz ausgehandelt hat: Ein Unfall im Ausland bleibt f\u00fcr den Fahrer eine unangenehme Sache. Um sich abzusichern, sollten sie bereits bei vermeintlichen \u201eLappalien\u201c die Polizei verst\u00e4ndigen. Die Notrufnummer lautet in ganz Europa und dar\u00fcber hinaus 112. Auch Rettungskr\u00e4fte lassen sich dar\u00fcber benachrichtigen. Bei Autos mit e-Call-System reicht die Bet\u00e4tigung der dazugeh\u00f6rigen Taste im Fahrzeug, und das Telefonat \u2013 h\u00e4ufig in fremder Sprache \u2013 entf\u00e4llt.<\/p>\n<p>Vorsorgliche Flottenverantwortliche geben ihren Fahrzeugnutzern zudem Kopien eines Europ\u00e4ischen Unfallberichts mit auf den Weg. Darin werden alle n\u00f6tigen Daten zum Unfallvorgang, den Sch\u00e4den und zu den Versicherungen abgefragt. Der Aufbau ist europaweit bekannt und kann die Verst\u00e4ndigung erleichtern. Obendrein ist es ratsam, vor Ort nichts zu unterschreiben und nicht allzu detaillierte Angaben zu machen. Stattdessen sollte zun\u00e4chst R\u00fccksprache mit dem Fuhrparkmanager respektive der Versicherung gehalten werden. Fotos und Videoaufnahmen vom Unfallort und allen Sch\u00e4den sowie eine Kopie des Polizeiberichts helfen ebenfalls bei der weiteren Abwicklung.<\/p>\n<\/div>\n<\/div>\n<\/div>\n<\/div>\n<\/div>\n<\/div>\n<\/div>\n<\/div>\n<p>[\/vc_column_text][\/vc_column][\/vc_row][vc_row css=&#8220;.vc_custom_1663542550735{background-color: #8f96a1 !important;}&#8220;][vc_column][vc_column_text]<\/p>\n<h2><span style=\"color: #ffffff;\"><b>Warnweste(n) an Bord?<\/b><\/span><\/h2>\n<p><span style=\"color: #ffffff;\"><strong>In einigen L\u00e4ndern herrscht zudem eine Warnwesten-Tragpflicht beim Verlassen des Fahrzeugs nach einem Unfall.<\/strong><\/span><\/p>\n<p>&nbsp;<\/p>\n<p><span style=\"color: #ffffff;\">Hier die Details in der \u00dcbersicht:<\/span>[\/vc_column_text][vc_column_text]<\/p>\n<table>\n<tbody>\n<tr>\n<td><span style=\"color: #ffffff;\"><b>Land<\/b><\/span><\/td>\n<td><span style=\"color: #ffffff;\"><b>genaue Tragpflicht<\/b><\/span><\/td>\n<td><\/td>\n<td><\/td>\n<\/tr>\n<tr>\n<td><span style=\"color: #ffffff;\">Belgien<\/span><\/td>\n<td><span style=\"color: #ffffff;\">Fahrer und Mitfahrer<\/span><\/td>\n<td><span style=\"color: #ffffff;\">au\u00dfer- und innerorts<\/span><\/td>\n<\/tr>\n<tr>\n<td><span style=\"color: #ffffff;\">Bulgarien<\/span><\/td>\n<td><span style=\"color: #ffffff;\">Fahrer und Mitfahrer<\/span><\/td>\n<td><span style=\"color: #ffffff;\">au\u00dferorts<\/span><\/td>\n<\/tr>\n<tr>\n<td><span style=\"color: #ffffff;\">Finnland<\/span><\/td>\n<td><span style=\"color: #ffffff;\">Fahrer und Mitfahrer<\/span><\/td>\n<td><span style=\"color: #ffffff;\">au\u00dfer- und innerorts<\/span><\/td>\n<\/tr>\n<tr>\n<td><span style=\"color: #ffffff;\">Frankreich<\/span><\/td>\n<td><span style=\"color: #ffffff;\">Fahrer und Mitfahrer<\/span><\/td>\n<td><span style=\"color: #ffffff;\">au\u00dferorts<\/span><\/td>\n<\/tr>\n<tr>\n<td><span style=\"color: #ffffff;\">Italien<\/span><\/td>\n<td><span style=\"color: #ffffff;\">Fahrer und Mitfahrer<\/span><\/td>\n<td><span style=\"color: #ffffff;\">au\u00dferorts<\/span><\/td>\n<\/tr>\n<tr>\n<td><span style=\"color: #ffffff;\">Kroatien<\/span><\/td>\n<td><span style=\"color: #ffffff;\">Fahrer und Mitfahrer<\/span><\/td>\n<td><span style=\"color: #ffffff;\">au\u00dfer- und innerorts<\/span><\/td>\n<\/tr>\n<tr>\n<td><span style=\"color: #ffffff;\">Luxemburg<\/span><\/td>\n<td><span style=\"color: #ffffff;\">Fahrer und Mitfahrer<\/span><\/td>\n<td><span style=\"color: #ffffff;\">Autobahnen und Schnellstra\u00dfen<\/span><\/td>\n<\/tr>\n<tr>\n<td><span style=\"color: #ffffff;\">\u00d6sterreich<\/span><\/td>\n<td><span style=\"color: #ffffff;\">Fahrer<\/span><\/td>\n<td><span style=\"color: #ffffff;\">au\u00dferorts<\/span><\/td>\n<\/tr>\n<tr>\n<td><span style=\"color: #ffffff;\">Rum\u00e4nien<\/span><\/td>\n<td><span style=\"color: #ffffff;\">Fahrer und Mitfahrer<\/span><\/td>\n<td><span style=\"color: #ffffff;\">au\u00dfer- und innerorts<\/span><\/td>\n<\/tr>\n<tr>\n<td><span style=\"color: #ffffff;\">Serbien<\/span><\/td>\n<td><span style=\"color: #ffffff;\">Fahrer<\/span><\/td>\n<td><span style=\"color: #ffffff;\">au\u00dferorts<\/span><\/td>\n<\/tr>\n<tr>\n<td><span style=\"color: #ffffff;\">Slowakei<\/span><\/td>\n<td><span style=\"color: #ffffff;\">Fahrer<\/span><\/td>\n<td><span style=\"color: #ffffff;\">au\u00dferorts<\/span><\/td>\n<\/tr>\n<tr>\n<td><span style=\"color: #ffffff;\">Slowenien<\/span><\/td>\n<td><span style=\"color: #ffffff;\">Fahrer<\/span><\/td>\n<td><span style=\"color: #ffffff;\">Autobahnen und Schnellstra\u00dfen<\/span><\/td>\n<\/tr>\n<tr>\n<td><span style=\"color: #ffffff;\">Spanien<\/span><\/td>\n<td><span style=\"color: #ffffff;\">Fahrer<\/span><\/td>\n<td><span style=\"color: #ffffff;\">au\u00dferorts<\/span><\/td>\n<\/tr>\n<\/tbody>\n<\/table>\n<p>[\/vc_column_text][\/vc_column][\/vc_row][vc_row][vc_column][vc_separator][vc_column_text]<\/p>\n<div class=\"richtext abstractContentComponent parbase section\">\n<div class=\"grid-section grid-group\">\n<div class=\"grid-col span_12_of_12\">\n<div class=\"textmedia h-clearfix\">\n<div class=\"textmedia__inner textmedia__richtext\">\n<div class=\"textimage abstractContentDialogComponent abstractContentComponent parbase section\">\n<div class=\"textmedia textmedia--right h-clearfix\">\n<div class=\"textmedia__inner\">\n<p class=\"singlecolumntext\"><span style=\"font-size: 10pt;\">Stand: 01. September 2021<\/span><\/p>\n<p class=\"singlecolumntext\"><span style=\"font-size: 10pt;\">\u00a9 Volkswagen AG<\/span><\/p>\n<\/div>\n<\/div>\n<\/div>\n<\/div>\n<\/div>\n<\/div>\n<\/div>\n<\/div>\n<p>[\/vc_column_text][\/vc_column][\/vc_row]<\/p>\n<\/div>","protected":false},"excerpt":{"rendered":"<p>Rotterdam, Katowice, Aarhus, Mailand: Was sich wie eine Gruppe in der Europa League liest, ist nicht selten der w\u00f6chentliche Reiseplan eines umtriebigen Vertriebsleiters.<\/p>\n","protected":false},"author":39,"featured_media":27361,"comment_status":"closed","ping_status":"closed","sticky":false,"template":"","format":"standard","meta":{"_acf_changed":false,"footnotes":""},"categories":[175,48],"tags":[],"class_list":["post-25690","post","type-post","status-publish","format-standard","has-post-thumbnail","hentry","category-fuhrparkmanagement","category-hintergrundwissen"],"acf":[],"yoast_head":"<!-- This site is optimized with the Yoast SEO plugin v27.4 - https:\/\/yoast.com\/product\/yoast-seo-wordpress\/ -->\n<title>Was, wenn\u2019s woanders knallt? - Volkswagen Group | FleetHub<\/title>\n<meta name=\"robots\" content=\"index, follow, max-snippet:-1, max-image-preview:large, max-video-preview:-1\" \/>\n<link rel=\"canonical\" href=\"https:\/\/www.volkswagen-newsroom.com\/de\/pressemitteilungen\/der-neue-id4-weltpremiere-des-rein-elektrisch-angetriebenen-suv-6446\" \/>\n<meta property=\"og:locale\" content=\"de_DE\" \/>\n<meta property=\"og:type\" content=\"article\" \/>\n<meta property=\"og:title\" content=\"Was, wenn\u2019s woanders knallt? - Volkswagen Group | FleetHub\" \/>\n<meta property=\"og:description\" content=\"Rotterdam, Katowice, Aarhus, Mailand: Was sich wie eine Gruppe in der Europa League liest, ist nicht selten der w\u00f6chentliche Reiseplan eines umtriebigen Vertriebsleiters.\" \/>\n<meta property=\"og:url\" content=\"https:\/\/www.volkswagen-newsroom.com\/de\/pressemitteilungen\/der-neue-id4-weltpremiere-des-rein-elektrisch-angetriebenen-suv-6446\" \/>\n<meta property=\"og:site_name\" content=\"Volkswagen Group | FleetHub\" \/>\n<meta property=\"article:published_time\" content=\"2021-08-31T22:58:21+00:00\" \/>\n<meta property=\"article:modified_time\" content=\"2024-09-11T12:13:16+00:00\" \/>\n<meta property=\"og:image\" content=\"https:\/\/www.groupfleet.com\/wp-content\/uploads\/2021\/09\/AdobeStock_44486889-scaled.jpeg\" \/>\n\t<meta property=\"og:image:width\" content=\"2560\" \/>\n\t<meta property=\"og:image:height\" content=\"1707\" \/>\n\t<meta property=\"og:image:type\" content=\"image\/jpeg\" \/>\n<meta name=\"author\" content=\"Stefan Gro\u00dfer\" \/>\n<meta name=\"twitter:card\" content=\"summary_large_image\" \/>\n<meta name=\"twitter:label1\" content=\"Verfasst von\" \/>\n\t<meta name=\"twitter:data1\" content=\"Stefan Gro\u00dfer\" \/>\n\t<meta name=\"twitter:label2\" content=\"Gesch\u00e4tzte Lesezeit\" \/>\n\t<meta name=\"twitter:data2\" content=\"4\u00a0Minuten\" \/>\n<script type=\"application\/ld+json\" class=\"yoast-schema-graph\">{\"@context\":\"https:\\\/\\\/schema.org\",\"@graph\":[{\"@type\":\"Article\",\"@id\":\"https:\\\/\\\/www.volkswagen-newsroom.com\\\/de\\\/pressemitteilungen\\\/der-neue-id4-weltpremiere-des-rein-elektrisch-angetriebenen-suv-6446#article\",\"isPartOf\":{\"@id\":\"https:\\\/\\\/www.groupfleet.com\\\/de\\\/unfall-im-ausland\\\/\"},\"author\":{\"name\":\"Stefan Gro\u00dfer\",\"@id\":\"https:\\\/\\\/www.groupfleet.com\\\/de\\\/#\\\/schema\\\/person\\\/8b1d7be286fefef37804765123983b32\"},\"headline\":\"Was, wenn\u2019s woanders knallt?\",\"datePublished\":\"2021-08-31T22:58:21+00:00\",\"dateModified\":\"2024-09-11T12:13:16+00:00\",\"mainEntityOfPage\":{\"@id\":\"https:\\\/\\\/www.groupfleet.com\\\/de\\\/unfall-im-ausland\\\/\"},\"wordCount\":710,\"image\":{\"@id\":\"https:\\\/\\\/www.volkswagen-newsroom.com\\\/de\\\/pressemitteilungen\\\/der-neue-id4-weltpremiere-des-rein-elektrisch-angetriebenen-suv-6446#primaryimage\"},\"thumbnailUrl\":\"https:\\\/\\\/www.groupfleet.com\\\/wp-content\\\/uploads\\\/2021\\\/09\\\/AdobeStock_44486889-scaled.jpeg\",\"articleSection\":[\"Fuhrparkmanagement\",\"Fuhrparkwissen\"],\"inLanguage\":\"de\"},{\"@type\":\"WebPage\",\"@id\":\"https:\\\/\\\/www.groupfleet.com\\\/de\\\/unfall-im-ausland\\\/\",\"url\":\"https:\\\/\\\/www.volkswagen-newsroom.com\\\/de\\\/pressemitteilungen\\\/der-neue-id4-weltpremiere-des-rein-elektrisch-angetriebenen-suv-6446\",\"name\":\"Was, wenn\u2019s woanders knallt? - Volkswagen Group | FleetHub\",\"isPartOf\":{\"@id\":\"https:\\\/\\\/www.groupfleet.com\\\/de\\\/#website\"},\"primaryImageOfPage\":{\"@id\":\"https:\\\/\\\/www.volkswagen-newsroom.com\\\/de\\\/pressemitteilungen\\\/der-neue-id4-weltpremiere-des-rein-elektrisch-angetriebenen-suv-6446#primaryimage\"},\"image\":{\"@id\":\"https:\\\/\\\/www.volkswagen-newsroom.com\\\/de\\\/pressemitteilungen\\\/der-neue-id4-weltpremiere-des-rein-elektrisch-angetriebenen-suv-6446#primaryimage\"},\"thumbnailUrl\":\"https:\\\/\\\/www.groupfleet.com\\\/wp-content\\\/uploads\\\/2021\\\/09\\\/AdobeStock_44486889-scaled.jpeg\",\"datePublished\":\"2021-08-31T22:58:21+00:00\",\"dateModified\":\"2024-09-11T12:13:16+00:00\",\"author\":{\"@id\":\"https:\\\/\\\/www.groupfleet.com\\\/de\\\/#\\\/schema\\\/person\\\/8b1d7be286fefef37804765123983b32\"},\"breadcrumb\":{\"@id\":\"https:\\\/\\\/www.volkswagen-newsroom.com\\\/de\\\/pressemitteilungen\\\/der-neue-id4-weltpremiere-des-rein-elektrisch-angetriebenen-suv-6446#breadcrumb\"},\"inLanguage\":\"de\",\"potentialAction\":[{\"@type\":\"ReadAction\",\"target\":[\"https:\\\/\\\/www.volkswagen-newsroom.com\\\/de\\\/pressemitteilungen\\\/der-neue-id4-weltpremiere-des-rein-elektrisch-angetriebenen-suv-6446\"]}]},{\"@type\":\"ImageObject\",\"inLanguage\":\"de\",\"@id\":\"https:\\\/\\\/www.volkswagen-newsroom.com\\\/de\\\/pressemitteilungen\\\/der-neue-id4-weltpremiere-des-rein-elektrisch-angetriebenen-suv-6446#primaryimage\",\"url\":\"https:\\\/\\\/www.groupfleet.com\\\/wp-content\\\/uploads\\\/2021\\\/09\\\/AdobeStock_44486889-scaled.jpeg\",\"contentUrl\":\"https:\\\/\\\/www.groupfleet.com\\\/wp-content\\\/uploads\\\/2021\\\/09\\\/AdobeStock_44486889-scaled.jpeg\",\"width\":2560,\"height\":1707,\"caption\":\"UFO crash on a field with smoke\"},{\"@type\":\"BreadcrumbList\",\"@id\":\"https:\\\/\\\/www.volkswagen-newsroom.com\\\/de\\\/pressemitteilungen\\\/der-neue-id4-weltpremiere-des-rein-elektrisch-angetriebenen-suv-6446#breadcrumb\",\"itemListElement\":[{\"@type\":\"ListItem\",\"position\":1,\"name\":\"Home\",\"item\":\"https:\\\/\\\/www.groupfleet.com\\\/de\\\/\"},{\"@type\":\"ListItem\",\"position\":2,\"name\":\"Was, wenn\u2019s woanders knallt?\"}]},{\"@type\":\"WebSite\",\"@id\":\"https:\\\/\\\/www.groupfleet.com\\\/de\\\/#website\",\"url\":\"https:\\\/\\\/www.groupfleet.com\\\/de\\\/\",\"name\":\"Volkswagen Group | FleetHub\",\"description\":\"Online magazine for Fleet managers\",\"potentialAction\":[{\"@type\":\"SearchAction\",\"target\":{\"@type\":\"EntryPoint\",\"urlTemplate\":\"https:\\\/\\\/www.groupfleet.com\\\/de\\\/?s={search_term_string}\"},\"query-input\":{\"@type\":\"PropertyValueSpecification\",\"valueRequired\":true,\"valueName\":\"search_term_string\"}}],\"inLanguage\":\"de\"},{\"@type\":\"Person\",\"@id\":\"https:\\\/\\\/www.groupfleet.com\\\/de\\\/#\\\/schema\\\/person\\\/8b1d7be286fefef37804765123983b32\",\"name\":\"Stefan Gro\u00dfer\",\"url\":\"https:\\\/\\\/www.groupfleet.com\\\/de\\\/author\\\/sgrosser\\\/\"}]}<\/script>\n<!-- \/ Yoast SEO plugin. -->","yoast_head_json":{"title":"Was, wenn\u2019s woanders knallt? - Volkswagen Group | FleetHub","robots":{"index":"index","follow":"follow","max-snippet":"max-snippet:-1","max-image-preview":"max-image-preview:large","max-video-preview":"max-video-preview:-1"},"canonical":"https:\/\/www.volkswagen-newsroom.com\/de\/pressemitteilungen\/der-neue-id4-weltpremiere-des-rein-elektrisch-angetriebenen-suv-6446","og_locale":"de_DE","og_type":"article","og_title":"Was, wenn\u2019s woanders knallt? - Volkswagen Group | FleetHub","og_description":"Rotterdam, Katowice, Aarhus, Mailand: Was sich wie eine Gruppe in der Europa League liest, ist nicht selten der w\u00f6chentliche Reiseplan eines umtriebigen Vertriebsleiters.","og_url":"https:\/\/www.volkswagen-newsroom.com\/de\/pressemitteilungen\/der-neue-id4-weltpremiere-des-rein-elektrisch-angetriebenen-suv-6446","og_site_name":"Volkswagen Group | FleetHub","article_published_time":"2021-08-31T22:58:21+00:00","article_modified_time":"2024-09-11T12:13:16+00:00","og_image":[{"width":2560,"height":1707,"url":"https:\/\/www.groupfleet.com\/wp-content\/uploads\/2021\/09\/AdobeStock_44486889-scaled.jpeg","type":"image\/jpeg"}],"author":"Stefan Gro\u00dfer","twitter_card":"summary_large_image","twitter_misc":{"Verfasst von":"Stefan Gro\u00dfer","Gesch\u00e4tzte Lesezeit":"4\u00a0Minuten"},"schema":{"@context":"https:\/\/schema.org","@graph":[{"@type":"Article","@id":"https:\/\/www.volkswagen-newsroom.com\/de\/pressemitteilungen\/der-neue-id4-weltpremiere-des-rein-elektrisch-angetriebenen-suv-6446#article","isPartOf":{"@id":"https:\/\/www.groupfleet.com\/de\/unfall-im-ausland\/"},"author":{"name":"Stefan Gro\u00dfer","@id":"https:\/\/www.groupfleet.com\/de\/#\/schema\/person\/8b1d7be286fefef37804765123983b32"},"headline":"Was, wenn\u2019s woanders knallt?","datePublished":"2021-08-31T22:58:21+00:00","dateModified":"2024-09-11T12:13:16+00:00","mainEntityOfPage":{"@id":"https:\/\/www.groupfleet.com\/de\/unfall-im-ausland\/"},"wordCount":710,"image":{"@id":"https:\/\/www.volkswagen-newsroom.com\/de\/pressemitteilungen\/der-neue-id4-weltpremiere-des-rein-elektrisch-angetriebenen-suv-6446#primaryimage"},"thumbnailUrl":"https:\/\/www.groupfleet.com\/wp-content\/uploads\/2021\/09\/AdobeStock_44486889-scaled.jpeg","articleSection":["Fuhrparkmanagement","Fuhrparkwissen"],"inLanguage":"de"},{"@type":"WebPage","@id":"https:\/\/www.groupfleet.com\/de\/unfall-im-ausland\/","url":"https:\/\/www.volkswagen-newsroom.com\/de\/pressemitteilungen\/der-neue-id4-weltpremiere-des-rein-elektrisch-angetriebenen-suv-6446","name":"Was, wenn\u2019s woanders knallt? - Volkswagen Group | FleetHub","isPartOf":{"@id":"https:\/\/www.groupfleet.com\/de\/#website"},"primaryImageOfPage":{"@id":"https:\/\/www.volkswagen-newsroom.com\/de\/pressemitteilungen\/der-neue-id4-weltpremiere-des-rein-elektrisch-angetriebenen-suv-6446#primaryimage"},"image":{"@id":"https:\/\/www.volkswagen-newsroom.com\/de\/pressemitteilungen\/der-neue-id4-weltpremiere-des-rein-elektrisch-angetriebenen-suv-6446#primaryimage"},"thumbnailUrl":"https:\/\/www.groupfleet.com\/wp-content\/uploads\/2021\/09\/AdobeStock_44486889-scaled.jpeg","datePublished":"2021-08-31T22:58:21+00:00","dateModified":"2024-09-11T12:13:16+00:00","author":{"@id":"https:\/\/www.groupfleet.com\/de\/#\/schema\/person\/8b1d7be286fefef37804765123983b32"},"breadcrumb":{"@id":"https:\/\/www.volkswagen-newsroom.com\/de\/pressemitteilungen\/der-neue-id4-weltpremiere-des-rein-elektrisch-angetriebenen-suv-6446#breadcrumb"},"inLanguage":"de","potentialAction":[{"@type":"ReadAction","target":["https:\/\/www.volkswagen-newsroom.com\/de\/pressemitteilungen\/der-neue-id4-weltpremiere-des-rein-elektrisch-angetriebenen-suv-6446"]}]},{"@type":"ImageObject","inLanguage":"de","@id":"https:\/\/www.volkswagen-newsroom.com\/de\/pressemitteilungen\/der-neue-id4-weltpremiere-des-rein-elektrisch-angetriebenen-suv-6446#primaryimage","url":"https:\/\/www.groupfleet.com\/wp-content\/uploads\/2021\/09\/AdobeStock_44486889-scaled.jpeg","contentUrl":"https:\/\/www.groupfleet.com\/wp-content\/uploads\/2021\/09\/AdobeStock_44486889-scaled.jpeg","width":2560,"height":1707,"caption":"UFO crash on a field with smoke"},{"@type":"BreadcrumbList","@id":"https:\/\/www.volkswagen-newsroom.com\/de\/pressemitteilungen\/der-neue-id4-weltpremiere-des-rein-elektrisch-angetriebenen-suv-6446#breadcrumb","itemListElement":[{"@type":"ListItem","position":1,"name":"Home","item":"https:\/\/www.groupfleet.com\/de\/"},{"@type":"ListItem","position":2,"name":"Was, wenn\u2019s woanders knallt?"}]},{"@type":"WebSite","@id":"https:\/\/www.groupfleet.com\/de\/#website","url":"https:\/\/www.groupfleet.com\/de\/","name":"Volkswagen Group | FleetHub","description":"Online magazine for Fleet managers","potentialAction":[{"@type":"SearchAction","target":{"@type":"EntryPoint","urlTemplate":"https:\/\/www.groupfleet.com\/de\/?s={search_term_string}"},"query-input":{"@type":"PropertyValueSpecification","valueRequired":true,"valueName":"search_term_string"}}],"inLanguage":"de"},{"@type":"Person","@id":"https:\/\/www.groupfleet.com\/de\/#\/schema\/person\/8b1d7be286fefef37804765123983b32","name":"Stefan Gro\u00dfer","url":"https:\/\/www.groupfleet.com\/de\/author\/sgrosser\/"}]}},"_links":{"self":[{"href":"https:\/\/www.groupfleet.com\/de\/wp-json\/wp\/v2\/posts\/25690","targetHints":{"allow":["GET"]}}],"collection":[{"href":"https:\/\/www.groupfleet.com\/de\/wp-json\/wp\/v2\/posts"}],"about":[{"href":"https:\/\/www.groupfleet.com\/de\/wp-json\/wp\/v2\/types\/post"}],"author":[{"embeddable":true,"href":"https:\/\/www.groupfleet.com\/de\/wp-json\/wp\/v2\/users\/39"}],"replies":[{"embeddable":true,"href":"https:\/\/www.groupfleet.com\/de\/wp-json\/wp\/v2\/comments?post=25690"}],"version-history":[{"count":0,"href":"https:\/\/www.groupfleet.com\/de\/wp-json\/wp\/v2\/posts\/25690\/revisions"}],"wp:featuredmedia":[{"embeddable":true,"href":"https:\/\/www.groupfleet.com\/de\/wp-json\/wp\/v2\/media\/27361"}],"wp:attachment":[{"href":"https:\/\/www.groupfleet.com\/de\/wp-json\/wp\/v2\/media?parent=25690"}],"wp:term":[{"taxonomy":"category","embeddable":true,"href":"https:\/\/www.groupfleet.com\/de\/wp-json\/wp\/v2\/categories?post=25690"},{"taxonomy":"post_tag","embeddable":true,"href":"https:\/\/www.groupfleet.com\/de\/wp-json\/wp\/v2\/tags?post=25690"}],"curies":[{"name":"wp","href":"https:\/\/api.w.org\/{rel}","templated":true}]}}