{"id":25641,"date":"2021-11-30T22:00:08","date_gmt":"2021-11-30T21:00:08","guid":{"rendered":"https:\/\/www.groupfleet.com\/?p=25641"},"modified":"2024-09-10T14:01:02","modified_gmt":"2024-09-10T12:01:02","slug":"elektrofahrzeuge-leere-batterie","status":"publish","type":"post","link":"https:\/\/www.groupfleet.com\/de\/elektrofahrzeuge-leere-batterie\/","title":{"rendered":"Keine Power mehr?"},"content":{"rendered":"<div class=\"wpb-content-wrapper\"><p>[vc_row full_width=&#8220;stretch_row_content&#8220;][vc_column][vc_column_text]<\/p>\n<h2><span style=\"color: #fd5950;\">Haben Sie \u2013 oder Ihre Dienstwagenfahrer \u2013 das auch schon mal erlebt? Pl\u00f6tzlich vermeldet der Bordcomputer, dass der n\u00e4chste Tankstopp ansteht. Kurze Schrecksekunde, doch dann die Erinnerung: Mit der Reserve komme ich entspannt noch bis zur n\u00e4chsten Tankstelle. Also alles kein Problem. Doch wie verh\u00e4lt sich das bei Elektrofahrzeugen?<\/span><\/h2>\n<p>[\/vc_column_text][\/vc_column][\/vc_row][vc_row css_animation=&#8220;fadeInUp&#8220;][vc_column]\n\n<div class=\"article_paragraphimage article_paragraphimage_right \" style=\"width: 40%;\">\n\t<div class=\"ap_img_wrapper mylightbox_hover\">\n\t\t<img loading=\"lazy\" decoding=\"async\" width=\"640\" height=\"407\" src=\"https:\/\/www.groupfleet.com\/wp-content\/uploads\/2021\/11\/AdobeStock_279790202-640x407.jpeg\" class=\"attachment-vw_small size-vw_small open_mylightbox\" alt=\"\" data-full=\"https:\/\/www.groupfleet.com\/wp-content\/uploads\/2021\/11\/AdobeStock_279790202-1800x1144.jpeg\" data-desc=\"\" \/>\t<\/div>\n\t<div class=\"article_paragraphimage_text\">\n\t\t\t<\/div>\n\t<div class=\"clear\"><\/div>\n<\/div>[vc_column_text]Erst einmal Entwarnung, denn wenn der elektrische Firmenwagen wegen eines leeren Akkus liegen bleibt, k\u00f6nnen die Mobilit\u00e4tsdienste der Volkswagen Marken helfen \u2013 genauso wie die Automobilclubs: Der ADAC zeigt in seiner aktuellen Pannenstatistik zudem auf, dass sich die spezifischen Bauteile wie Batterie, Elektromotor oder Ladetechnik bisher als sehr zuverl\u00e4ssig erweisen: Bei elektrischen Fahrzeugen nahmen diese Komponenten im Jahr 2020 gerade einmal 4,4 Prozent der Pannenursachen ein. Dennoch kann es schon vorkommen, dass die Restreichweite nicht mehr bis zur Ladestation ausreicht \u2013 oder wie ist das in der Praxis eigentlich?[\/vc_column_text][\/vc_column][\/vc_row][vc_row][vc_column width=&#8220;1\/2&#8243;][vc_column_text]<\/p>\n<ol>\n<li>\n<h3>Ihr Fahrzeug kennt seine Reserven<\/h3>\n<p>Auch wenn es bei der eng getakteten Dienstreise Zeit kosten kann \u2013 h\u00f6ren Sie auf die Signale Ihres Elektrofahrzeugs: Der Bordcomputer weist in der Regel deutlich auf die Reichweite oder eine drohende leere Batterie hin. Hier bietet das Elektroauto zudem einen entscheidenden Vorteil, denn seine Restreichweitenberechnung ist deutlich genauer als beim Verbrenner: Wenn sich beispielsweise das Fahrprofil \u00e4ndert, erfolgt sofort eine Neuberechnung und gegebenenfalls eine Aktualisierung der Reichweite.<\/li>\n<li>\n<h3>Leerfahren in der Praxis kaum m\u00f6glich<\/h3>\n<p>Bevor ein Elektrofahrzeug wirklich liegen bleibt, sendet es mehrere Warnungen an den Fahrenden. Zus\u00e4tzlich kann es die Geschwindigkeit einschr\u00e4nken und sogar die Leistung bestimmter Komponenten reduzieren, wie etwa von Klimaanlage oder Heizung. Zudem gilt: Auch bei einem Ladezustand (State of Charge, SoC) von null Prozent verf\u00fcgt die Batterie noch \u00fcber eine Energiereserve um eine Tiefenentladung zu vermeiden.<\/li>\n<\/ol>\n<p>[\/vc_column_text][\/vc_column][vc_column width=&#8220;1\/2&#8243;][vc_column_text]<\/p>\n<ol start=\"3\">\n<li>\n<h3>Liegen geblieben: Ist es wirklich die Batterie?<\/h3>\n<p>Meldet Ihr Elektrofahrzeug einen anderweitigen Defekt, sollten Sie die Pannenprofis verst\u00e4ndigen \u2013 und von eigenen Reparaturversuchen absehen. Die Hochvoltanlage unter der Motorhaube kann f\u00fcr Laien gef\u00e4hrlich sein. Die Regel lautet: Orangefarbene Kabel sind tabu!<\/li>\n<li>\n<h3>Abschleppen nur vom Pannenprofi<\/h3>\n<p>Was bei konventionell angetriebenen Fahrzeugen auch mit einem Seil funktioniert, sollte bei Elektroautos unterlassen werden. Und zwar aus folgendem Grund: E-Fahrzeuge rekuperieren \u00fcber eine der Achsen, das bedeutet, sie erzeugen Energie und f\u00fchren diese dem E-Motor zu. Da beim Abschleppen das Bordsystem inaktiv ist, kann es zu hohen Induktionsspannungen kommen, die die Steuerungselektronik sch\u00e4digen. Daher sollte ein E-Auto grunds\u00e4tzlich verladen werden.<\/li>\n<\/ol>\n<p>[\/vc_column_text][\/vc_column][\/vc_row][vc_row][vc_column][vc_separator][vc_column_text]<\/p>\n<div class=\"richtext abstractContentComponent parbase section\">\n<div class=\"grid-section grid-group\">\n<div class=\"grid-col span_12_of_12\">\n<div class=\"textmedia h-clearfix\">\n<div class=\"textmedia__inner textmedia__richtext\">\n<p class=\"singlecolumntext\"><span style=\"font-size: 10pt;\">Stand: 30. November 2021<\/span><\/p>\n<p class=\"singlecolumntext\"><span style=\"font-size: 10pt;\">\u00a9 Volkswagen AG<\/span><\/p>\n<\/div>\n<\/div>\n<\/div>\n<\/div>\n<\/div>\n<p>[\/vc_column_text][\/vc_column][\/vc_row]<\/p>\n<\/div>","protected":false},"excerpt":{"rendered":"<p>Haben Sie \u2013 oder Ihre Dienstwagenfahrer \u2013 das auch schon mal erlebt? Pl\u00f6tzlich vermeldet der Bordcomputer, dass der n\u00e4chste Tankstopp ansteht. Kurze Schrecksekunde, doch dann die Erinnerung: Mit der Reserve komme ich entspannt noch bis zur n\u00e4chsten Tankstelle. Also alles kein Problem. Doch wie verh\u00e4lt sich das bei Elektrofahrzeugen?<\/p>\n","protected":false},"author":39,"featured_media":27370,"comment_status":"closed","ping_status":"closed","sticky":false,"template":"","format":"standard","meta":{"_acf_changed":false,"footnotes":""},"categories":[48,59],"tags":[],"class_list":["post-25641","post","type-post","status-publish","format-standard","has-post-thumbnail","hentry","category-hintergrundwissen","category-mobilitaet-innovation","newsletter-fleetnews-04-21"],"acf":[],"yoast_head":"<!-- This site is optimized with the Yoast SEO plugin v27.4 - https:\/\/yoast.com\/product\/yoast-seo-wordpress\/ -->\n<title>Keine Power mehr? - Volkswagen Group | FleetHub<\/title>\n<meta name=\"robots\" content=\"index, follow, max-snippet:-1, max-image-preview:large, max-video-preview:-1\" \/>\n<link rel=\"canonical\" href=\"https:\/\/www.volkswagen-newsroom.com\/de\/pressemitteilungen\/der-neue-id4-weltpremiere-des-rein-elektrisch-angetriebenen-suv-6446\" \/>\n<meta property=\"og:locale\" content=\"de_DE\" \/>\n<meta property=\"og:type\" content=\"article\" \/>\n<meta property=\"og:title\" content=\"Keine Power mehr? - Volkswagen Group | FleetHub\" \/>\n<meta property=\"og:description\" content=\"Haben Sie \u2013 oder Ihre Dienstwagenfahrer \u2013 das auch schon mal erlebt? Pl\u00f6tzlich vermeldet der Bordcomputer, dass der n\u00e4chste Tankstopp ansteht. Kurze Schrecksekunde, doch dann die Erinnerung: Mit der Reserve komme ich entspannt noch bis zur n\u00e4chsten Tankstelle. Also alles kein Problem. Doch wie verh\u00e4lt sich das bei Elektrofahrzeugen?\" \/>\n<meta property=\"og:url\" content=\"https:\/\/www.volkswagen-newsroom.com\/de\/pressemitteilungen\/der-neue-id4-weltpremiere-des-rein-elektrisch-angetriebenen-suv-6446\" \/>\n<meta property=\"og:site_name\" content=\"Volkswagen Group | FleetHub\" \/>\n<meta property=\"article:published_time\" content=\"2021-11-30T21:00:08+00:00\" \/>\n<meta property=\"article:modified_time\" content=\"2024-09-10T12:01:02+00:00\" \/>\n<meta property=\"og:image\" content=\"https:\/\/www.groupfleet.com\/wp-content\/uploads\/2021\/11\/AdobeStock_279790202-scaled.jpeg\" \/>\n\t<meta property=\"og:image:width\" content=\"2560\" \/>\n\t<meta property=\"og:image:height\" content=\"1626\" \/>\n\t<meta property=\"og:image:type\" content=\"image\/jpeg\" \/>\n<meta name=\"author\" content=\"Stefan Gro\u00dfer\" \/>\n<meta name=\"twitter:card\" content=\"summary_large_image\" \/>\n<meta name=\"twitter:label1\" content=\"Verfasst von\" \/>\n\t<meta name=\"twitter:data1\" content=\"Stefan Gro\u00dfer\" \/>\n\t<meta name=\"twitter:label2\" content=\"Gesch\u00e4tzte Lesezeit\" \/>\n\t<meta name=\"twitter:data2\" content=\"3\u00a0Minuten\" \/>\n<script type=\"application\/ld+json\" class=\"yoast-schema-graph\">{\"@context\":\"https:\\\/\\\/schema.org\",\"@graph\":[{\"@type\":\"Article\",\"@id\":\"https:\\\/\\\/www.volkswagen-newsroom.com\\\/de\\\/pressemitteilungen\\\/der-neue-id4-weltpremiere-des-rein-elektrisch-angetriebenen-suv-6446#article\",\"isPartOf\":{\"@id\":\"https:\\\/\\\/www.groupfleet.com\\\/de\\\/elektrofahrzeuge-leere-batterie\\\/\"},\"author\":{\"name\":\"Stefan Gro\u00dfer\",\"@id\":\"https:\\\/\\\/www.groupfleet.com\\\/de\\\/#\\\/schema\\\/person\\\/8b1d7be286fefef37804765123983b32\"},\"headline\":\"Keine Power mehr?\",\"datePublished\":\"2021-11-30T21:00:08+00:00\",\"dateModified\":\"2024-09-10T12:01:02+00:00\",\"mainEntityOfPage\":{\"@id\":\"https:\\\/\\\/www.groupfleet.com\\\/de\\\/elektrofahrzeuge-leere-batterie\\\/\"},\"wordCount\":483,\"image\":{\"@id\":\"https:\\\/\\\/www.volkswagen-newsroom.com\\\/de\\\/pressemitteilungen\\\/der-neue-id4-weltpremiere-des-rein-elektrisch-angetriebenen-suv-6446#primaryimage\"},\"thumbnailUrl\":\"https:\\\/\\\/www.groupfleet.com\\\/wp-content\\\/uploads\\\/2021\\\/11\\\/AdobeStock_279790202-scaled.jpeg\",\"articleSection\":[\"Fuhrparkwissen\",\"Mobilit\u00e4t und Innovation\"],\"inLanguage\":\"de\"},{\"@type\":\"WebPage\",\"@id\":\"https:\\\/\\\/www.groupfleet.com\\\/de\\\/elektrofahrzeuge-leere-batterie\\\/\",\"url\":\"https:\\\/\\\/www.volkswagen-newsroom.com\\\/de\\\/pressemitteilungen\\\/der-neue-id4-weltpremiere-des-rein-elektrisch-angetriebenen-suv-6446\",\"name\":\"Keine Power mehr? - Volkswagen Group | FleetHub\",\"isPartOf\":{\"@id\":\"https:\\\/\\\/www.groupfleet.com\\\/de\\\/#website\"},\"primaryImageOfPage\":{\"@id\":\"https:\\\/\\\/www.volkswagen-newsroom.com\\\/de\\\/pressemitteilungen\\\/der-neue-id4-weltpremiere-des-rein-elektrisch-angetriebenen-suv-6446#primaryimage\"},\"image\":{\"@id\":\"https:\\\/\\\/www.volkswagen-newsroom.com\\\/de\\\/pressemitteilungen\\\/der-neue-id4-weltpremiere-des-rein-elektrisch-angetriebenen-suv-6446#primaryimage\"},\"thumbnailUrl\":\"https:\\\/\\\/www.groupfleet.com\\\/wp-content\\\/uploads\\\/2021\\\/11\\\/AdobeStock_279790202-scaled.jpeg\",\"datePublished\":\"2021-11-30T21:00:08+00:00\",\"dateModified\":\"2024-09-10T12:01:02+00:00\",\"author\":{\"@id\":\"https:\\\/\\\/www.groupfleet.com\\\/de\\\/#\\\/schema\\\/person\\\/8b1d7be286fefef37804765123983b32\"},\"breadcrumb\":{\"@id\":\"https:\\\/\\\/www.volkswagen-newsroom.com\\\/de\\\/pressemitteilungen\\\/der-neue-id4-weltpremiere-des-rein-elektrisch-angetriebenen-suv-6446#breadcrumb\"},\"inLanguage\":\"de\",\"potentialAction\":[{\"@type\":\"ReadAction\",\"target\":[\"https:\\\/\\\/www.volkswagen-newsroom.com\\\/de\\\/pressemitteilungen\\\/der-neue-id4-weltpremiere-des-rein-elektrisch-angetriebenen-suv-6446\"]}]},{\"@type\":\"ImageObject\",\"inLanguage\":\"de\",\"@id\":\"https:\\\/\\\/www.volkswagen-newsroom.com\\\/de\\\/pressemitteilungen\\\/der-neue-id4-weltpremiere-des-rein-elektrisch-angetriebenen-suv-6446#primaryimage\",\"url\":\"https:\\\/\\\/www.groupfleet.com\\\/wp-content\\\/uploads\\\/2021\\\/11\\\/AdobeStock_279790202-scaled.jpeg\",\"contentUrl\":\"https:\\\/\\\/www.groupfleet.com\\\/wp-content\\\/uploads\\\/2021\\\/11\\\/AdobeStock_279790202-scaled.jpeg\",\"width\":2560,\"height\":1626},{\"@type\":\"BreadcrumbList\",\"@id\":\"https:\\\/\\\/www.volkswagen-newsroom.com\\\/de\\\/pressemitteilungen\\\/der-neue-id4-weltpremiere-des-rein-elektrisch-angetriebenen-suv-6446#breadcrumb\",\"itemListElement\":[{\"@type\":\"ListItem\",\"position\":1,\"name\":\"Home\",\"item\":\"https:\\\/\\\/www.groupfleet.com\\\/de\\\/\"},{\"@type\":\"ListItem\",\"position\":2,\"name\":\"Keine Power mehr?\"}]},{\"@type\":\"WebSite\",\"@id\":\"https:\\\/\\\/www.groupfleet.com\\\/de\\\/#website\",\"url\":\"https:\\\/\\\/www.groupfleet.com\\\/de\\\/\",\"name\":\"Volkswagen Group | FleetHub\",\"description\":\"Online magazine for Fleet managers\",\"potentialAction\":[{\"@type\":\"SearchAction\",\"target\":{\"@type\":\"EntryPoint\",\"urlTemplate\":\"https:\\\/\\\/www.groupfleet.com\\\/de\\\/?s={search_term_string}\"},\"query-input\":{\"@type\":\"PropertyValueSpecification\",\"valueRequired\":true,\"valueName\":\"search_term_string\"}}],\"inLanguage\":\"de\"},{\"@type\":\"Person\",\"@id\":\"https:\\\/\\\/www.groupfleet.com\\\/de\\\/#\\\/schema\\\/person\\\/8b1d7be286fefef37804765123983b32\",\"name\":\"Stefan Gro\u00dfer\",\"url\":\"https:\\\/\\\/www.groupfleet.com\\\/de\\\/author\\\/sgrosser\\\/\"}]}<\/script>\n<!-- \/ Yoast SEO plugin. -->","yoast_head_json":{"title":"Keine Power mehr? - Volkswagen Group | FleetHub","robots":{"index":"index","follow":"follow","max-snippet":"max-snippet:-1","max-image-preview":"max-image-preview:large","max-video-preview":"max-video-preview:-1"},"canonical":"https:\/\/www.volkswagen-newsroom.com\/de\/pressemitteilungen\/der-neue-id4-weltpremiere-des-rein-elektrisch-angetriebenen-suv-6446","og_locale":"de_DE","og_type":"article","og_title":"Keine Power mehr? - Volkswagen Group | FleetHub","og_description":"Haben Sie \u2013 oder Ihre Dienstwagenfahrer \u2013 das auch schon mal erlebt? Pl\u00f6tzlich vermeldet der Bordcomputer, dass der n\u00e4chste Tankstopp ansteht. Kurze Schrecksekunde, doch dann die Erinnerung: Mit der Reserve komme ich entspannt noch bis zur n\u00e4chsten Tankstelle. Also alles kein Problem. Doch wie verh\u00e4lt sich das bei Elektrofahrzeugen?","og_url":"https:\/\/www.volkswagen-newsroom.com\/de\/pressemitteilungen\/der-neue-id4-weltpremiere-des-rein-elektrisch-angetriebenen-suv-6446","og_site_name":"Volkswagen Group | FleetHub","article_published_time":"2021-11-30T21:00:08+00:00","article_modified_time":"2024-09-10T12:01:02+00:00","og_image":[{"width":2560,"height":1626,"url":"https:\/\/www.groupfleet.com\/wp-content\/uploads\/2021\/11\/AdobeStock_279790202-scaled.jpeg","type":"image\/jpeg"}],"author":"Stefan Gro\u00dfer","twitter_card":"summary_large_image","twitter_misc":{"Verfasst von":"Stefan Gro\u00dfer","Gesch\u00e4tzte Lesezeit":"3\u00a0Minuten"},"schema":{"@context":"https:\/\/schema.org","@graph":[{"@type":"Article","@id":"https:\/\/www.volkswagen-newsroom.com\/de\/pressemitteilungen\/der-neue-id4-weltpremiere-des-rein-elektrisch-angetriebenen-suv-6446#article","isPartOf":{"@id":"https:\/\/www.groupfleet.com\/de\/elektrofahrzeuge-leere-batterie\/"},"author":{"name":"Stefan Gro\u00dfer","@id":"https:\/\/www.groupfleet.com\/de\/#\/schema\/person\/8b1d7be286fefef37804765123983b32"},"headline":"Keine Power mehr?","datePublished":"2021-11-30T21:00:08+00:00","dateModified":"2024-09-10T12:01:02+00:00","mainEntityOfPage":{"@id":"https:\/\/www.groupfleet.com\/de\/elektrofahrzeuge-leere-batterie\/"},"wordCount":483,"image":{"@id":"https:\/\/www.volkswagen-newsroom.com\/de\/pressemitteilungen\/der-neue-id4-weltpremiere-des-rein-elektrisch-angetriebenen-suv-6446#primaryimage"},"thumbnailUrl":"https:\/\/www.groupfleet.com\/wp-content\/uploads\/2021\/11\/AdobeStock_279790202-scaled.jpeg","articleSection":["Fuhrparkwissen","Mobilit\u00e4t und Innovation"],"inLanguage":"de"},{"@type":"WebPage","@id":"https:\/\/www.groupfleet.com\/de\/elektrofahrzeuge-leere-batterie\/","url":"https:\/\/www.volkswagen-newsroom.com\/de\/pressemitteilungen\/der-neue-id4-weltpremiere-des-rein-elektrisch-angetriebenen-suv-6446","name":"Keine Power mehr? - Volkswagen Group | FleetHub","isPartOf":{"@id":"https:\/\/www.groupfleet.com\/de\/#website"},"primaryImageOfPage":{"@id":"https:\/\/www.volkswagen-newsroom.com\/de\/pressemitteilungen\/der-neue-id4-weltpremiere-des-rein-elektrisch-angetriebenen-suv-6446#primaryimage"},"image":{"@id":"https:\/\/www.volkswagen-newsroom.com\/de\/pressemitteilungen\/der-neue-id4-weltpremiere-des-rein-elektrisch-angetriebenen-suv-6446#primaryimage"},"thumbnailUrl":"https:\/\/www.groupfleet.com\/wp-content\/uploads\/2021\/11\/AdobeStock_279790202-scaled.jpeg","datePublished":"2021-11-30T21:00:08+00:00","dateModified":"2024-09-10T12:01:02+00:00","author":{"@id":"https:\/\/www.groupfleet.com\/de\/#\/schema\/person\/8b1d7be286fefef37804765123983b32"},"breadcrumb":{"@id":"https:\/\/www.volkswagen-newsroom.com\/de\/pressemitteilungen\/der-neue-id4-weltpremiere-des-rein-elektrisch-angetriebenen-suv-6446#breadcrumb"},"inLanguage":"de","potentialAction":[{"@type":"ReadAction","target":["https:\/\/www.volkswagen-newsroom.com\/de\/pressemitteilungen\/der-neue-id4-weltpremiere-des-rein-elektrisch-angetriebenen-suv-6446"]}]},{"@type":"ImageObject","inLanguage":"de","@id":"https:\/\/www.volkswagen-newsroom.com\/de\/pressemitteilungen\/der-neue-id4-weltpremiere-des-rein-elektrisch-angetriebenen-suv-6446#primaryimage","url":"https:\/\/www.groupfleet.com\/wp-content\/uploads\/2021\/11\/AdobeStock_279790202-scaled.jpeg","contentUrl":"https:\/\/www.groupfleet.com\/wp-content\/uploads\/2021\/11\/AdobeStock_279790202-scaled.jpeg","width":2560,"height":1626},{"@type":"BreadcrumbList","@id":"https:\/\/www.volkswagen-newsroom.com\/de\/pressemitteilungen\/der-neue-id4-weltpremiere-des-rein-elektrisch-angetriebenen-suv-6446#breadcrumb","itemListElement":[{"@type":"ListItem","position":1,"name":"Home","item":"https:\/\/www.groupfleet.com\/de\/"},{"@type":"ListItem","position":2,"name":"Keine Power mehr?"}]},{"@type":"WebSite","@id":"https:\/\/www.groupfleet.com\/de\/#website","url":"https:\/\/www.groupfleet.com\/de\/","name":"Volkswagen Group | FleetHub","description":"Online magazine for Fleet managers","potentialAction":[{"@type":"SearchAction","target":{"@type":"EntryPoint","urlTemplate":"https:\/\/www.groupfleet.com\/de\/?s={search_term_string}"},"query-input":{"@type":"PropertyValueSpecification","valueRequired":true,"valueName":"search_term_string"}}],"inLanguage":"de"},{"@type":"Person","@id":"https:\/\/www.groupfleet.com\/de\/#\/schema\/person\/8b1d7be286fefef37804765123983b32","name":"Stefan Gro\u00dfer","url":"https:\/\/www.groupfleet.com\/de\/author\/sgrosser\/"}]}},"_links":{"self":[{"href":"https:\/\/www.groupfleet.com\/de\/wp-json\/wp\/v2\/posts\/25641","targetHints":{"allow":["GET"]}}],"collection":[{"href":"https:\/\/www.groupfleet.com\/de\/wp-json\/wp\/v2\/posts"}],"about":[{"href":"https:\/\/www.groupfleet.com\/de\/wp-json\/wp\/v2\/types\/post"}],"author":[{"embeddable":true,"href":"https:\/\/www.groupfleet.com\/de\/wp-json\/wp\/v2\/users\/39"}],"replies":[{"embeddable":true,"href":"https:\/\/www.groupfleet.com\/de\/wp-json\/wp\/v2\/comments?post=25641"}],"version-history":[{"count":0,"href":"https:\/\/www.groupfleet.com\/de\/wp-json\/wp\/v2\/posts\/25641\/revisions"}],"wp:featuredmedia":[{"embeddable":true,"href":"https:\/\/www.groupfleet.com\/de\/wp-json\/wp\/v2\/media\/27370"}],"wp:attachment":[{"href":"https:\/\/www.groupfleet.com\/de\/wp-json\/wp\/v2\/media?parent=25641"}],"wp:term":[{"taxonomy":"category","embeddable":true,"href":"https:\/\/www.groupfleet.com\/de\/wp-json\/wp\/v2\/categories?post=25641"},{"taxonomy":"post_tag","embeddable":true,"href":"https:\/\/www.groupfleet.com\/de\/wp-json\/wp\/v2\/tags?post=25641"}],"curies":[{"name":"wp","href":"https:\/\/api.w.org\/{rel}","templated":true}]}}