{"id":25615,"date":"2022-02-03T21:02:18","date_gmt":"2022-02-03T20:02:18","guid":{"rendered":"https:\/\/www.groupfleet.com\/?p=25615"},"modified":"2024-09-10T13:42:21","modified_gmt":"2024-09-10T11:42:21","slug":"ladeinfrastruktur-foerderungen","status":"publish","type":"post","link":"https:\/\/www.groupfleet.com\/de\/ladeinfrastruktur-foerderungen\/","title":{"rendered":"Ladeinfrastruktur: Diese F\u00f6rderungen gibt es"},"content":{"rendered":"<div class=\"wpb-content-wrapper\"><p>[vc_row full_width=&#8220;stretch_row_content&#8220;][vc_column][vc_column_text]<\/p>\n<h2>An die F\u00f6rderungen, fertig, los: Wer seine Verbrennerflotte zum E-Fuhrpark umr\u00fcsten m\u00f6chte, kann auch f\u00fcr den Aufbau der eigenen Ladeinfrastruktur vielf\u00e4ltige finanzielle Unterst\u00fctzung in Anspruch nehmen. Ein \u00dcberblick.<\/h2>\n<p>[\/vc_column_text][\/vc_column][\/vc_row][vc_row css_animation=&#8220;fadeInUp&#8220;][vc_column]\n\n<div class=\"article_paragraphimage article_paragraphimage_right \" style=\"width: 40%;\">\n\t<div class=\"ap_img_wrapper mylightbox_hover\">\n\t\t<img loading=\"lazy\" decoding=\"async\" width=\"640\" height=\"427\" src=\"https:\/\/www.groupfleet.com\/wp-content\/uploads\/2022\/09\/AdobeStock_141426532-640x427.jpeg\" class=\"attachment-vw_small size-vw_small open_mylightbox\" alt=\"\" data-full=\"https:\/\/www.groupfleet.com\/wp-content\/uploads\/2022\/09\/AdobeStock_141426532-1798x1200.jpeg\" data-desc=\"\" \/>\t<\/div>\n\t<div class=\"article_paragraphimage_text\">\n\t\t\t<\/div>\n\t<div class=\"clear\"><\/div>\n<\/div>[vc_column_text]Ganz beil\u00e4ufig ist sie nicht zu stemmen, die E-Revolution im Flottenbetrieb. Fuhrparkmanager sind vielmehr als Anpacker gefragt. Dabei wurde der Management-Part in der Jobbeschreibung vielleicht nie so betont wie bei diesem Gro\u00dfprojekt. Denn die Umstellung entpuppt sich in vielen Punkten nicht nur als komplex, sondern auch als budgetintensiv. Umso besser also, dass die \u00f6ffentliche Hand Flottenverantwortliche kr\u00e4ftig unterst\u00fctzt. Im ersten Teil unseres Specials zum Aufbau einer eigenen Fuhrpark-Ladeinfrastruktur nehmen wir deshalb die diversen F\u00f6rderm\u00f6glichkeiten f\u00fcr Lades\u00e4ulen und Co. in den Blick.<\/p>\n<p>Gleich vorweg: Ein so unb\u00fcrokratisches und transparentes Verfahren wie bei der Beschaffung von Elektrofahrzeugen gibt es in puncto F\u00f6rderung nicht-\u00f6ffentlicher Ladeinfrastruktur leider nicht. W\u00e4hrend Flottenverantwortliche \u00fcber die Innovationspr\u00e4mie<sup>1)<\/sup>, ehemals Umweltpr\u00e4mie, im Jahr 2022 Pauschalboni von bis zu 9.000 Euro pro rein elektrisch betriebenes Elektrofahrzeug einkalkulieren k\u00f6nnen, erwartet sie beim Aufbau eines Ladesystems ein etwas umfangreicherer Kalkulationsaufwand.[\/vc_column_text][\/vc_column][\/vc_row][vc_row][vc_column]\n\n<div class=\"article_paragraphimage article_paragraphimage_left ap_with_subline\" style=\"width: 40%;\">\n\t<div class=\"ap_img_wrapper mylightbox_hover\">\n\t\t<img loading=\"lazy\" decoding=\"async\" width=\"640\" height=\"430\" src=\"https:\/\/www.groupfleet.com\/wp-content\/uploads\/2022\/09\/ID.4-IC0088_4K-1-scaled-e1663538537205-640x430.jpeg\" class=\"attachment-vw_small size-vw_small open_mylightbox\" alt=\"\" data-full=\"https:\/\/www.groupfleet.com\/wp-content\/uploads\/2022\/09\/ID.4-IC0088_4K-1-1600x1200.jpeg\" data-desc=\"\" \/>\t<\/div>\n\t<div class=\"article_paragraphimage_text\">\n\t\t<span style=\"font-size: 10pt;\"><strong>Es gibt zahlreiche F\u00f6rderungen f\u00fcr den Aufbau einer eigenen Ladeinfrastruktur im Unternehmen \u2013 hier empfiehlt sich eine genaue Kalkulation.<\/strong><\/span><br \/>\n<span style=\"font-size: 10pt;\">Im Bild der ID. Charger, ein Angebot der Volkswagen Group Charging GmbH (Elli)<\/span>\t<\/div>\n\t<div class=\"clear\"><\/div>\n<\/div>[vc_column_text]<\/p>\n<h3>Finanzierungshilfe \u00fcber die KfW<\/h3>\n<p>Der Bund hat \u00fcber die Kreditanstalt f\u00fcr Wiederaufbau (KfW) sein \u00fcppigstes Subventionspaket geschn\u00fcrt. Dank zinsg\u00fcnstiger Kredite (0,04 Prozent effektiver Jahreszins, Klimazuschuss von bis zu 3 Prozent, maximal 25 Millionen Euro) f\u00fcr kommunale und mittelst\u00e4ndische Unternehmen ist das Geld f\u00fcr Ladepunkte und Backend-Systeme in vielen F\u00e4llen schnell aufgetrieben. Bis vor Kurzem konnten auch Dienstwagenfahrer f\u00fcr eine Wallbox auf heimischem Grund 900 Euro Direktbonus \u00fcber die F\u00f6rderbank erhalten, aktuell (November 2021) sind die veranschlagten Mittel jedoch vorerst ersch\u00f6pft.<\/p>\n<p>Auch das Bundesverkehrsministerium (BMVI) gibt \u00fcber seine \u201eF\u00f6rderrichtlinie Elektromobilit\u00e4t\u201c Gelder f\u00fcr die Elektrifizierung von Unternehmen, Forschungseinrichtung, Hochschulen, Kommunen, \u00f6ffentliche Einrichtungen sowie Verb\u00e4nde und Vereinigungen frei. Von den diversen zeitlich begrenzten F\u00f6rderaufrufen, gemanagt durch die NOW GmbH (Nationale Organisation Wasserstoff- und Brennstoffzellentechnologie), profitieren potenziell auch Flottenmanager, die in ihre Ladeinfrastruktur investieren wollen. Aktuell (November 2021) werden allerdings andere Punkte forciert. Beim Flottenaustauschprogramm \u201eSozial und Mobil\u201c des Bundesumweltministeriums (BMU) wiederum profitieren speziell Betriebe aus dem Sozial- und Gesundheitswesen wie Seniorenheime, Kindertagesst\u00e4tten und Pflegedienste, die berechtigt sind, sogenannte De-minimis-Beihilfen zu erhalten. Pro Wallbox lassen sich hier 1.500 Euro und pro Lades\u00e4ule 2.500 Euro abrufen.<\/p>\n<p>&nbsp;<\/p>\n<h3>Einige L\u00e4nder gehen voran<\/h3>\n<p>Das Land Baden-W\u00fcrttemberg gibt pro Ladepunkt 2.500 Euro \u00fcber sein F\u00f6rderprogramm \u201eCharge@BW\u201c dazu. In Berlin nennt sich das Pendant \u201eWirtschaftsnahe Elektromobilit\u00e4t \u201c, kurz \u201eWELMO\u201c. Hier stellt die Senatsverwaltung f\u00fcr Kauf oder Leasing etwa einer Schnellladeinfrastruktur bis zu 50 Prozent der Gesamtkosten, maximal 30.000 Euro, bereit. Der Anschluss l\u00e4sst sich ebenfalls mitfinanzieren. Hamburg subventioniert Hardware, bauliche Ma\u00dfnahmen, Installation und den Betrieb von Ladepunkten mit bis zu 60 Prozent. Auch Mecklenburg-Vorpommern unterst\u00fctzt heimische Unternehmen beim Ausbau mit einer Kosten\u00fcbernahme von bis zu 30 Prozent. Und Nordrhein-Westfalen hat sich ebenfalls gut aufgestellt und gibt bis zu 50 Prozent bei Infrastrukturma\u00dfnahmen hinzu, plus einem Bonus bei eigener gr\u00fcner Stromerzeugung und Stromspeicherung.<\/p>\n<p>Mit Spannung zu erwarten sein wird zudem, was eine neue Bundesregierung in Sachen E-Mobility-F\u00f6rderungen plant. Die m\u00f6gliche Koalition aus SPD, Gr\u00fcne und FDP jedenfalls verspricht nach seinen Sondierungsrunden einen \u201emassiv\u201c beschleunigten Ausbau der Lades\u00e4uleninfrastruktur. Wie Unternehmen dabei unterst\u00fctzt werden sollen, ist dem im Oktober 2021 ver\u00f6ffentlichten Papier derweil nicht zu entnehmen. Es bleibt also \u2013 im Wortsinn \u2013 \u00e4u\u00dferst spannend \u2026[\/vc_column_text][\/vc_column][\/vc_row][vc_row][vc_column][vc_separator border_width=&#8220;2&#8243;][vc_column_text]<\/p>\n<div class=\"richtext abstractContentComponent parbase section\">\n<div class=\"grid-section grid-group\">\n<div class=\"grid-col span_12_of_12\">\n<div class=\"textmedia h-clearfix\">\n<div class=\"textmedia__inner textmedia__richtext\">\n<p class=\"singlecolumntext\"><span style=\"font-size: 10pt;\">Stand: 28. Januar 2022<\/span><\/p>\n<p>&nbsp;<\/p>\n<\/div>\n<\/div>\n<\/div>\n<\/div>\n<\/div>\n<div class=\"textimage abstractContentDialogComponent abstractContentComponent parbase section\">\n<div class=\"textmedia textmedia--right h-clearfix textmedia--collapsed\">\n<div class=\"textmedia__inner\">\n<div class=\"textmedia__text \">\n<p><span style=\"font-size: 10pt;\"><i><sup>1)\u00a0<\/sup>Mit Stand vom 03.01.2022 setzt sich der Umweltbonus f\u00fcr Elektrofahrzeuge, die sich zum Zeitpunkt des Antrags auf der Liste der f\u00f6rderungsf\u00e4higen Fahrzeuge des Bundesamt f\u00fcr Wirtschaft und Ausfuhrkontrolle (BAFA) befinden, derzeit zu zwei Dritteln aus einem staatlichen Anteil (Bundesanteil), der vom BAFA, Referat 422, Frankfurter Stra\u00dfe 29-35, 65760 Eschborn, www.bafa.de ausgezahlt wird, sowie zu einem Drittel aus einem Herstelleranteil zusammen, sofern das Fahrzeug nach dem 03.06.2020 und bis zum 31.12.2022 zugelassen wird. Der Erwerb (Kauf oder Leasing) darf nicht zugleich mit anderen \u00f6ffentlichen Mitteln gef\u00f6rdert werden, es sei denn, der jeweilige F\u00f6rdermittelgeber hat eine Verwaltungsvereinbarung mit dem Bundesministerium f\u00fcr Wirtschaft und Energie geschlossen. Antragsberechtigt sind Privatpersonen, Unternehmen, Stiftungen, K\u00f6rperschaften und Vereine. Das Fahrzeug muss mindestens 6 Monate in Deutschland auf den\/die Antragsteller(in) zugelassen werden. Wird das Fahrzeug geleast kann die jeweils volle F\u00f6rdersumme nur ab einem Leasingzeitraum von mindestens 24 Monaten gew\u00e4hrt werden. Der Umweltbonus endet mit Ersch\u00f6pfung der bereitgestellten F\u00f6rdermittel.<\/i><\/span><\/p>\n<p><span style=\"font-size: 10pt;\"><i>Beim Erwerb eines neuen reinen Elektrofahrzeugs betr\u00e4gt der Umweltbonus f\u00fcr Basismodelle bis zu einem BAFA-Nettolistenpreis von 40.000 Euro derzeit 9.000 Euro (verdoppelter Bundesanteil i. H. v. 6.000 Euro, Herstelleranteil i. H. v. 3.000 Euro), von \u00fcber 40.000 Euro bis zu maximal 65.000 derzeit Euro 7.500 Euro (verdoppelter Bundesanteil i. H. v. 5.000 Euro, Herstelleranteil i. H. v. 2.500 Euro), sofern das Fahrzeug erstmalig zum Stra\u00dfenverkehr zugelassen wird.<br \/>\nBeim Erwerb eines neuen Hybridelektrofahrzeugs betr\u00e4gt der Umweltbonus f\u00fcr Basismodelle bis zu einem BAFA-Nettolistenpreis von 40.000 Euro derzeit 6.750 Euro (verdoppelter Bundesanteil i. H. v. 4.500 Euro, Herstelleranteil i. H. v. 2.250 Euro), von \u00fcber 40.000 Euro bis zu maximal 65.000 Euro derzeit 5.625 Euro (verdoppelter Bundesanteil i. H. v. 3.750 Euro, Herstelleranteil i. H. v. 1.875 Euro), sofern das Fahrzeug erstmalig zum Stra\u00dfenverkehr zugelassen wird.<br \/>\nBeim Erwerb eines gebrauchten reinen Elektrofahrzeugs betr\u00e4gt der Umweltbonus derzeit insgesamt EUR 7.500 Euro (verdoppelter Bundesanteil i. H. v. 5.000 Euro, Herstelleranteil i. H. v. 2.500 Euro), bei einem gebrauchten Hybridelektrofahrzeug derzeit insgesamt 5.625 Euro (verdoppelter Bundesanteil i. H. v. 3.750 Euro, Herstelleranteil i. H. v. 1.875 Euro). Das Fahrzeug muss nach dem 04.11.2019 in der EU erstzugelassen sowie nach dem 03.06.2020 und bis zum 31.12.2022 zweitzugelassen worden sein. Das Fahrzeug darf maximal f\u00fcr einen Zeitraum von maximal 12 Monaten erstzugelassen gewesen sein und eine Laufleistung von maximal 15.000 Kilometern aufweisen. Das Fahrzeug darf noch nicht durch den Umweltbonus oder eine vergleichbare staatliche F\u00f6rderung eines anderen Mitgliedsstaates der EU gef\u00f6rdert worden sein. Der Umweltbonus kann gew\u00e4hrt werden, sofern der Kaufpreis des Gebrauchtfahrzeugs maximal einen Schwellenwert erreicht, der aus 80 Prozent des Listenpreises des Neufahrzeugs (brutto, inklusive Sonderausstattung und ohne Ber\u00fccksichtigung von Preisnachl\u00e4ssen) abz\u00fcglich des Bruttoherstelleranteils gebildet wird. Entsprechendes gilt f\u00fcr Leasingfahrzeuge.<\/i><\/span><\/p>\n<p><span style=\"font-size: 10pt;\"><i>Der Herstelleranteil, \u00fcbernommen von der Volkswagen AG, wird automatisch vom Nettolistenpreis abgezogen und mindert somit die gesetzliche Umsatzsteuer. Die Gew\u00e4hrung des Herstelleranteils am Umweltbonus berechtigt nicht automatisch zum Erhalt des Bundesanteils.<\/i><\/span><\/p>\n<p><span style=\"font-size: 10pt;\"><i>\u00dcber die Auszahlung des Bundesanteils entscheidet ausschlie\u00dflich das BAFA anhand der F\u00f6rderbedingungen und nach Ihrem Antrag. Der Antrag auf Gew\u00e4hrung des Bundesanteils am Umweltbonus muss sp\u00e4testens ein Jahr nach Zulassung \u00fcber das elektronische Antragsformular unter www.bafa.de eingereicht werden. Antr\u00e4ge auf F\u00f6rderung mit einem verdoppelten Bundesanteil (Innovationspr\u00e4mie) m\u00fcssen beim BAFA sp\u00e4testens bis zum 31.12.2022 gestellt werden.<\/i><\/span><\/p>\n<p><span style=\"font-size: 10pt;\"><i>Die Gew\u00e4hrung des Umweltbonus beim Erwerb eines neuen reinen Elektrofahrzeugs oder Hybridelektrofahrzeugs mit gleichen Bundes- und Herstelleranteilen endet sp\u00e4testens am 31.12.2025. Ein Rechtsanspruch besteht nicht. Das hier Dargestellte dient ausschlie\u00dflich Ihrer Information und hat keinen Anspruch auf Vollst\u00e4ndigkeit. \u00c4nderungen und Irrt\u00fcmer vorbehalten. N\u00e4here Informationen erhalten Sie bei Ihrem Volkswagen Partner oder unter www.bafa.de.<\/i><\/span><\/p>\n<\/div>\n<\/div>\n<\/div>\n<\/div>\n<p>[\/vc_column_text][\/vc_column][\/vc_row]<\/p>\n<\/div>","protected":false},"excerpt":{"rendered":"<p>An die F\u00f6rderungen, fertig, los: Wer seine Verbrennerflotte zum E-Fuhrpark umr\u00fcsten m\u00f6chte, kann auch f\u00fcr den Aufbau der eigenen Ladeinfrastruktur vielf\u00e4ltige finanzielle Unterst\u00fctzung in Anspruch nehmen. Ein \u00dcberblick.<\/p>\n","protected":false},"author":39,"featured_media":25619,"comment_status":"closed","ping_status":"closed","sticky":false,"template":"","format":"standard","meta":{"_acf_changed":false,"footnotes":""},"categories":[175,48],"tags":[],"class_list":["post-25615","post","type-post","status-publish","format-standard","has-post-thumbnail","hentry","category-fuhrparkmanagement","category-hintergrundwissen","newsletter-fleetnews-01-22"],"acf":[],"yoast_head":"<!-- This site is optimized with the Yoast SEO plugin v28.1 - https:\/\/yoast.com\/product\/yoast-seo-wordpress\/ -->\n<title>Ladeinfrastruktur: Diese F\u00f6rderungen gibt es - Volkswagen Group | FleetHub<\/title>\n<meta name=\"robots\" content=\"index, follow, max-snippet:-1, max-image-preview:large, max-video-preview:-1\" \/>\n<link rel=\"canonical\" href=\"https:\/\/www.volkswagen-newsroom.com\/de\/pressemitteilungen\/der-neue-id4-weltpremiere-des-rein-elektrisch-angetriebenen-suv-6446\" \/>\n<meta property=\"og:locale\" content=\"de_DE\" \/>\n<meta property=\"og:type\" content=\"article\" \/>\n<meta property=\"og:title\" content=\"Ladeinfrastruktur: Diese F\u00f6rderungen gibt es - Volkswagen Group | FleetHub\" \/>\n<meta property=\"og:description\" content=\"An die F\u00f6rderungen, fertig, los: Wer seine Verbrennerflotte zum E-Fuhrpark umr\u00fcsten m\u00f6chte, kann auch f\u00fcr den Aufbau der eigenen Ladeinfrastruktur vielf\u00e4ltige finanzielle Unterst\u00fctzung in Anspruch nehmen. Ein \u00dcberblick.\" \/>\n<meta property=\"og:url\" content=\"https:\/\/www.volkswagen-newsroom.com\/de\/pressemitteilungen\/der-neue-id4-weltpremiere-des-rein-elektrisch-angetriebenen-suv-6446\" \/>\n<meta property=\"og:site_name\" content=\"Volkswagen Group | FleetHub\" \/>\n<meta property=\"article:published_time\" content=\"2022-02-03T20:02:18+00:00\" \/>\n<meta property=\"article:modified_time\" content=\"2024-09-10T11:42:21+00:00\" \/>\n<meta property=\"og:image\" content=\"https:\/\/www.groupfleet.com\/wp-content\/uploads\/2022\/09\/ID.4-IC0088_4K-scaled.jpeg\" \/>\n\t<meta property=\"og:image:width\" content=\"2560\" \/>\n\t<meta property=\"og:image:height\" content=\"1920\" \/>\n\t<meta property=\"og:image:type\" content=\"image\/jpeg\" \/>\n<meta name=\"author\" content=\"Stefan Gro\u00dfer\" \/>\n<meta name=\"twitter:card\" content=\"summary_large_image\" \/>\n<meta name=\"twitter:label1\" content=\"Verfasst von\" \/>\n\t<meta name=\"twitter:data1\" content=\"Stefan Gro\u00dfer\" \/>\n\t<meta name=\"twitter:label2\" content=\"Gesch\u00e4tzte Lesezeit\" \/>\n\t<meta name=\"twitter:data2\" content=\"7\u00a0Minuten\" \/>\n<script type=\"application\/ld+json\" class=\"yoast-schema-graph\">{\"@context\":\"https:\\\/\\\/schema.org\",\"@graph\":[{\"@type\":\"Article\",\"@id\":\"https:\\\/\\\/www.volkswagen-newsroom.com\\\/de\\\/pressemitteilungen\\\/der-neue-id4-weltpremiere-des-rein-elektrisch-angetriebenen-suv-6446#article\",\"isPartOf\":{\"@id\":\"https:\\\/\\\/www.groupfleet.com\\\/de\\\/ladeinfrastruktur-foerderungen\\\/\"},\"author\":{\"name\":\"Stefan Gro\u00dfer\",\"@id\":\"https:\\\/\\\/www.groupfleet.com\\\/de\\\/#\\\/schema\\\/person\\\/8b1d7be286fefef37804765123983b32\"},\"headline\":\"Ladeinfrastruktur: Diese F\u00f6rderungen gibt es\",\"datePublished\":\"2022-02-03T20:02:18+00:00\",\"dateModified\":\"2024-09-10T11:42:21+00:00\",\"mainEntityOfPage\":{\"@id\":\"https:\\\/\\\/www.groupfleet.com\\\/de\\\/ladeinfrastruktur-foerderungen\\\/\"},\"wordCount\":1266,\"image\":{\"@id\":\"https:\\\/\\\/www.volkswagen-newsroom.com\\\/de\\\/pressemitteilungen\\\/der-neue-id4-weltpremiere-des-rein-elektrisch-angetriebenen-suv-6446#primaryimage\"},\"thumbnailUrl\":\"https:\\\/\\\/www.groupfleet.com\\\/wp-content\\\/uploads\\\/2022\\\/09\\\/ID.4-IC0088_4K-scaled.jpeg\",\"articleSection\":[\"Fuhrparkmanagement\",\"Fuhrparkwissen\"],\"inLanguage\":\"de\"},{\"@type\":\"WebPage\",\"@id\":\"https:\\\/\\\/www.groupfleet.com\\\/de\\\/ladeinfrastruktur-foerderungen\\\/\",\"url\":\"https:\\\/\\\/www.volkswagen-newsroom.com\\\/de\\\/pressemitteilungen\\\/der-neue-id4-weltpremiere-des-rein-elektrisch-angetriebenen-suv-6446\",\"name\":\"Ladeinfrastruktur: Diese F\u00f6rderungen gibt es - Volkswagen Group | FleetHub\",\"isPartOf\":{\"@id\":\"https:\\\/\\\/www.groupfleet.com\\\/de\\\/#website\"},\"primaryImageOfPage\":{\"@id\":\"https:\\\/\\\/www.volkswagen-newsroom.com\\\/de\\\/pressemitteilungen\\\/der-neue-id4-weltpremiere-des-rein-elektrisch-angetriebenen-suv-6446#primaryimage\"},\"image\":{\"@id\":\"https:\\\/\\\/www.volkswagen-newsroom.com\\\/de\\\/pressemitteilungen\\\/der-neue-id4-weltpremiere-des-rein-elektrisch-angetriebenen-suv-6446#primaryimage\"},\"thumbnailUrl\":\"https:\\\/\\\/www.groupfleet.com\\\/wp-content\\\/uploads\\\/2022\\\/09\\\/ID.4-IC0088_4K-scaled.jpeg\",\"datePublished\":\"2022-02-03T20:02:18+00:00\",\"dateModified\":\"2024-09-10T11:42:21+00:00\",\"author\":{\"@id\":\"https:\\\/\\\/www.groupfleet.com\\\/de\\\/#\\\/schema\\\/person\\\/8b1d7be286fefef37804765123983b32\"},\"breadcrumb\":{\"@id\":\"https:\\\/\\\/www.volkswagen-newsroom.com\\\/de\\\/pressemitteilungen\\\/der-neue-id4-weltpremiere-des-rein-elektrisch-angetriebenen-suv-6446#breadcrumb\"},\"inLanguage\":\"de\",\"potentialAction\":[{\"@type\":\"ReadAction\",\"target\":[\"https:\\\/\\\/www.volkswagen-newsroom.com\\\/de\\\/pressemitteilungen\\\/der-neue-id4-weltpremiere-des-rein-elektrisch-angetriebenen-suv-6446\"]}]},{\"@type\":\"ImageObject\",\"inLanguage\":\"de\",\"@id\":\"https:\\\/\\\/www.volkswagen-newsroom.com\\\/de\\\/pressemitteilungen\\\/der-neue-id4-weltpremiere-des-rein-elektrisch-angetriebenen-suv-6446#primaryimage\",\"url\":\"https:\\\/\\\/www.groupfleet.com\\\/wp-content\\\/uploads\\\/2022\\\/09\\\/ID.4-IC0088_4K-scaled.jpeg\",\"contentUrl\":\"https:\\\/\\\/www.groupfleet.com\\\/wp-content\\\/uploads\\\/2022\\\/09\\\/ID.4-IC0088_4K-scaled.jpeg\",\"width\":2560,\"height\":1920},{\"@type\":\"BreadcrumbList\",\"@id\":\"https:\\\/\\\/www.volkswagen-newsroom.com\\\/de\\\/pressemitteilungen\\\/der-neue-id4-weltpremiere-des-rein-elektrisch-angetriebenen-suv-6446#breadcrumb\",\"itemListElement\":[{\"@type\":\"ListItem\",\"position\":1,\"name\":\"Home\",\"item\":\"https:\\\/\\\/www.groupfleet.com\\\/de\\\/\"},{\"@type\":\"ListItem\",\"position\":2,\"name\":\"Ladeinfrastruktur: Diese F\u00f6rderungen gibt es\"}]},{\"@type\":\"WebSite\",\"@id\":\"https:\\\/\\\/www.groupfleet.com\\\/de\\\/#website\",\"url\":\"https:\\\/\\\/www.groupfleet.com\\\/de\\\/\",\"name\":\"Volkswagen Group | FleetHub\",\"description\":\"Online magazine for Fleet managers\",\"potentialAction\":[{\"@type\":\"SearchAction\",\"target\":{\"@type\":\"EntryPoint\",\"urlTemplate\":\"https:\\\/\\\/www.groupfleet.com\\\/de\\\/?s={search_term_string}\"},\"query-input\":{\"@type\":\"PropertyValueSpecification\",\"valueRequired\":true,\"valueName\":\"search_term_string\"}}],\"inLanguage\":\"de\"},{\"@type\":\"Person\",\"@id\":\"https:\\\/\\\/www.groupfleet.com\\\/de\\\/#\\\/schema\\\/person\\\/8b1d7be286fefef37804765123983b32\",\"name\":\"Stefan Gro\u00dfer\",\"url\":\"https:\\\/\\\/www.groupfleet.com\\\/de\\\/author\\\/sgrosser\\\/\"}]}<\/script>\n<!-- \/ Yoast SEO plugin. -->","yoast_head_json":{"title":"Ladeinfrastruktur: Diese F\u00f6rderungen gibt es - Volkswagen Group | FleetHub","robots":{"index":"index","follow":"follow","max-snippet":"max-snippet:-1","max-image-preview":"max-image-preview:large","max-video-preview":"max-video-preview:-1"},"canonical":"https:\/\/www.volkswagen-newsroom.com\/de\/pressemitteilungen\/der-neue-id4-weltpremiere-des-rein-elektrisch-angetriebenen-suv-6446","og_locale":"de_DE","og_type":"article","og_title":"Ladeinfrastruktur: Diese F\u00f6rderungen gibt es - Volkswagen Group | FleetHub","og_description":"An die F\u00f6rderungen, fertig, los: Wer seine Verbrennerflotte zum E-Fuhrpark umr\u00fcsten m\u00f6chte, kann auch f\u00fcr den Aufbau der eigenen Ladeinfrastruktur vielf\u00e4ltige finanzielle Unterst\u00fctzung in Anspruch nehmen. Ein \u00dcberblick.","og_url":"https:\/\/www.volkswagen-newsroom.com\/de\/pressemitteilungen\/der-neue-id4-weltpremiere-des-rein-elektrisch-angetriebenen-suv-6446","og_site_name":"Volkswagen Group | FleetHub","article_published_time":"2022-02-03T20:02:18+00:00","article_modified_time":"2024-09-10T11:42:21+00:00","og_image":[{"width":2560,"height":1920,"url":"https:\/\/www.groupfleet.com\/wp-content\/uploads\/2022\/09\/ID.4-IC0088_4K-scaled.jpeg","type":"image\/jpeg"}],"author":"Stefan Gro\u00dfer","twitter_card":"summary_large_image","twitter_misc":{"Verfasst von":"Stefan Gro\u00dfer","Gesch\u00e4tzte Lesezeit":"7\u00a0Minuten"},"schema":{"@context":"https:\/\/schema.org","@graph":[{"@type":"Article","@id":"https:\/\/www.volkswagen-newsroom.com\/de\/pressemitteilungen\/der-neue-id4-weltpremiere-des-rein-elektrisch-angetriebenen-suv-6446#article","isPartOf":{"@id":"https:\/\/www.groupfleet.com\/de\/ladeinfrastruktur-foerderungen\/"},"author":{"name":"Stefan Gro\u00dfer","@id":"https:\/\/www.groupfleet.com\/de\/#\/schema\/person\/8b1d7be286fefef37804765123983b32"},"headline":"Ladeinfrastruktur: Diese F\u00f6rderungen gibt es","datePublished":"2022-02-03T20:02:18+00:00","dateModified":"2024-09-10T11:42:21+00:00","mainEntityOfPage":{"@id":"https:\/\/www.groupfleet.com\/de\/ladeinfrastruktur-foerderungen\/"},"wordCount":1266,"image":{"@id":"https:\/\/www.volkswagen-newsroom.com\/de\/pressemitteilungen\/der-neue-id4-weltpremiere-des-rein-elektrisch-angetriebenen-suv-6446#primaryimage"},"thumbnailUrl":"https:\/\/www.groupfleet.com\/wp-content\/uploads\/2022\/09\/ID.4-IC0088_4K-scaled.jpeg","articleSection":["Fuhrparkmanagement","Fuhrparkwissen"],"inLanguage":"de"},{"@type":"WebPage","@id":"https:\/\/www.groupfleet.com\/de\/ladeinfrastruktur-foerderungen\/","url":"https:\/\/www.volkswagen-newsroom.com\/de\/pressemitteilungen\/der-neue-id4-weltpremiere-des-rein-elektrisch-angetriebenen-suv-6446","name":"Ladeinfrastruktur: Diese F\u00f6rderungen gibt es - Volkswagen Group | FleetHub","isPartOf":{"@id":"https:\/\/www.groupfleet.com\/de\/#website"},"primaryImageOfPage":{"@id":"https:\/\/www.volkswagen-newsroom.com\/de\/pressemitteilungen\/der-neue-id4-weltpremiere-des-rein-elektrisch-angetriebenen-suv-6446#primaryimage"},"image":{"@id":"https:\/\/www.volkswagen-newsroom.com\/de\/pressemitteilungen\/der-neue-id4-weltpremiere-des-rein-elektrisch-angetriebenen-suv-6446#primaryimage"},"thumbnailUrl":"https:\/\/www.groupfleet.com\/wp-content\/uploads\/2022\/09\/ID.4-IC0088_4K-scaled.jpeg","datePublished":"2022-02-03T20:02:18+00:00","dateModified":"2024-09-10T11:42:21+00:00","author":{"@id":"https:\/\/www.groupfleet.com\/de\/#\/schema\/person\/8b1d7be286fefef37804765123983b32"},"breadcrumb":{"@id":"https:\/\/www.volkswagen-newsroom.com\/de\/pressemitteilungen\/der-neue-id4-weltpremiere-des-rein-elektrisch-angetriebenen-suv-6446#breadcrumb"},"inLanguage":"de","potentialAction":[{"@type":"ReadAction","target":["https:\/\/www.volkswagen-newsroom.com\/de\/pressemitteilungen\/der-neue-id4-weltpremiere-des-rein-elektrisch-angetriebenen-suv-6446"]}]},{"@type":"ImageObject","inLanguage":"de","@id":"https:\/\/www.volkswagen-newsroom.com\/de\/pressemitteilungen\/der-neue-id4-weltpremiere-des-rein-elektrisch-angetriebenen-suv-6446#primaryimage","url":"https:\/\/www.groupfleet.com\/wp-content\/uploads\/2022\/09\/ID.4-IC0088_4K-scaled.jpeg","contentUrl":"https:\/\/www.groupfleet.com\/wp-content\/uploads\/2022\/09\/ID.4-IC0088_4K-scaled.jpeg","width":2560,"height":1920},{"@type":"BreadcrumbList","@id":"https:\/\/www.volkswagen-newsroom.com\/de\/pressemitteilungen\/der-neue-id4-weltpremiere-des-rein-elektrisch-angetriebenen-suv-6446#breadcrumb","itemListElement":[{"@type":"ListItem","position":1,"name":"Home","item":"https:\/\/www.groupfleet.com\/de\/"},{"@type":"ListItem","position":2,"name":"Ladeinfrastruktur: Diese F\u00f6rderungen gibt es"}]},{"@type":"WebSite","@id":"https:\/\/www.groupfleet.com\/de\/#website","url":"https:\/\/www.groupfleet.com\/de\/","name":"Volkswagen Group | FleetHub","description":"Online magazine for Fleet managers","potentialAction":[{"@type":"SearchAction","target":{"@type":"EntryPoint","urlTemplate":"https:\/\/www.groupfleet.com\/de\/?s={search_term_string}"},"query-input":{"@type":"PropertyValueSpecification","valueRequired":true,"valueName":"search_term_string"}}],"inLanguage":"de"},{"@type":"Person","@id":"https:\/\/www.groupfleet.com\/de\/#\/schema\/person\/8b1d7be286fefef37804765123983b32","name":"Stefan Gro\u00dfer","url":"https:\/\/www.groupfleet.com\/de\/author\/sgrosser\/"}]}},"_links":{"self":[{"href":"https:\/\/www.groupfleet.com\/de\/wp-json\/wp\/v2\/posts\/25615","targetHints":{"allow":["GET"]}}],"collection":[{"href":"https:\/\/www.groupfleet.com\/de\/wp-json\/wp\/v2\/posts"}],"about":[{"href":"https:\/\/www.groupfleet.com\/de\/wp-json\/wp\/v2\/types\/post"}],"author":[{"embeddable":true,"href":"https:\/\/www.groupfleet.com\/de\/wp-json\/wp\/v2\/users\/39"}],"replies":[{"embeddable":true,"href":"https:\/\/www.groupfleet.com\/de\/wp-json\/wp\/v2\/comments?post=25615"}],"version-history":[{"count":0,"href":"https:\/\/www.groupfleet.com\/de\/wp-json\/wp\/v2\/posts\/25615\/revisions"}],"wp:featuredmedia":[{"embeddable":true,"href":"https:\/\/www.groupfleet.com\/de\/wp-json\/wp\/v2\/media\/25619"}],"wp:attachment":[{"href":"https:\/\/www.groupfleet.com\/de\/wp-json\/wp\/v2\/media?parent=25615"}],"wp:term":[{"taxonomy":"category","embeddable":true,"href":"https:\/\/www.groupfleet.com\/de\/wp-json\/wp\/v2\/categories?post=25615"},{"taxonomy":"post_tag","embeddable":true,"href":"https:\/\/www.groupfleet.com\/de\/wp-json\/wp\/v2\/tags?post=25615"}],"curies":[{"name":"wp","href":"https:\/\/api.w.org\/{rel}","templated":true}]}}