{"id":25467,"date":"2022-02-03T16:00:15","date_gmt":"2022-02-03T15:00:15","guid":{"rendered":"https:\/\/www.groupfleet.com\/?p=25467"},"modified":"2024-09-11T14:47:56","modified_gmt":"2024-09-11T12:47:56","slug":"interview-klaus-zyciora-1","status":"publish","type":"post","link":"https:\/\/www.groupfleet.com\/de\/interview-klaus-zyciora-1\/","title":{"rendered":"\u201eDas E-Auto erlaubt es uns, so frei zu denken wie nie zuvor\u201c"},"content":{"rendered":"<div class=\"wpb-content-wrapper\"><p>[vc_row full_width=&#8220;stretch_row_content&#8220;][vc_column width=&#8220;1\/6&#8243;][\/vc_column][vc_column width=&#8220;2\/3&#8243;][vc_column_text]<\/p>\n<h2 class=\"group-title__headline \" style=\"text-align: center;\"><span style=\"color: #2d566f;\">Im Interview mit Klaus Zyciora, Leiter Konzern Design<\/span><\/h2>\n<p>[\/vc_column_text][vc_empty_space][\/vc_column][vc_column width=&#8220;1\/6&#8243;][\/vc_column][\/vc_row][vc_row full_width=&#8220;stretch_row_content&#8220;][vc_column width=&#8220;1\/6&#8243;][\/vc_column][vc_column width=&#8220;2\/6&#8243;][vc_single_image image=&#8220;25461&#8243; img_size=&#8220;770 x 430&#8243;][\/vc_column][vc_column width=&#8220;2\/6&#8243;][vc_column_text]<\/p>\n<div class=\"iv-modul__head\">\n<div class=\"iv-modul__head-text-right span_4_of_12 h-float-right\">\n<p class=\"h3\"><strong style=\"color: #2d566f; letter-spacing: 0px;\">Stillstand ist f\u00fcr Automobil-Designerinnen und -Designer ohnehin ein Fremdwort. Aber wie geht man damit um, wenn sich nicht nur ein Modell-, sondern ein ganzer Paradigmenwechsel vollzieht? \u00dcber die Auswirkungen der Elektromobilit\u00e4t auf das Fahrzeugdesign sprechen wir im ersten Teil unseres Interviews mit Klaus Zyciora, der seit April 2020 das weltweite Design aller zehn Marken des Volkswagen Konzerns verantwortet.<\/strong><\/p>\n<\/div>\n<\/div>\n<p>[\/vc_column_text][\/vc_column][vc_column width=&#8220;1\/6&#8243;][\/vc_column][\/vc_row][vc_row][vc_column css=&#8220;.vc_custom_1663595043350{background-color: #eef5f8 !important;}&#8220;][vc_column_text]<\/p>\n<div class=\"question-answer-modul abstractContentComponent parbase section\">\n<div class=\"iv-modul__question\">\n<div class=\"iv-modul__question\">\n<div class=\"question-answer-modul abstractContentComponent parbase section\">\n<div class=\"iv-modul__question\">\n<div class=\"iv-modul__question\">\n<p><strong>Herr Zyciora, in der Mobilit\u00e4t bewegt sich gerade nicht nur einiges, sondern im Grunde alles \u2013 das hat die IAA MOBILITY 2021 eindrucksvoll widergespiegelt. In M\u00fcnchen wurde die gesamte Vielfalt moderner Mobilit\u00e4t abgebildet. Wie wohl f\u00fchlt man sich als Automobildesigner in einem solchen Szenario?<\/strong><\/p>\n<\/div>\n<div class=\"iv-modul__answer\">\n<p>Pudelwohl, um ehrlich zu sein. Ich fand das neue Format mit den unterschiedlichen Verkehrstr\u00e4gern und dem Open-Space-Konzept extrem spannend. Einerseits wurde das Thema Mobilit\u00e4t dadurch nahbarer, andererseits befeuert dieses bunt gef\u00e4cherte Nebeneinander an Mobilit\u00e4tsl\u00f6sungen \u2013 vom Auto bis hin zur Urban-Air-Mobility \u2013 freies, unvoreingenommenes Denken. Genau dieses Denken brauchen wir als Automobildesigner heute mehr denn je. Und das Gute ist: Wir k\u00f6nnen es auch auf breiter Basis einsetzen, zum Beispiel dank der Elektromobilit\u00e4t.<\/p>\n<\/div>\n<\/div>\n<\/div>\n<\/div>\n<\/div>\n<\/div>\n<p>[\/vc_column_text][vc_column_text]<\/p>\n<div class=\"iv-modul__question\">\n<div class=\"iv-modul__question\">\n<div class=\"iv-modul__question\">\n<div class=\"iv-modul__question\">\n<p><strong style=\"color: #83b7c7; font-size: 18pt; letter-spacing: 0px;\">&#8222;Der ID. Buzz ist ein starker und emotionaler Botschafter f\u00fcr die E-Mobilit\u00e4t. Man wird das Auto einfach lieben m\u00fcssen.&#8220;<\/strong><\/p>\n<\/div>\n<\/div>\n<\/div>\n<\/div>\n<p>[\/vc_column_text][vc_separator color=&#8220;custom&#8220; align=&#8220;align_left&#8220; el_width=&#8220;30&#8243; accent_color=&#8220;#83b7c7&#8243;][vc_column_text]<\/p>\n<div class=\"iv-modul__question\">\n<div class=\"iv-modul__question\">\n<div class=\"iv-modul__question\">\n<div class=\"iv-modul__question\">\n<p><strong style=\"color: #83b7c7; letter-spacing: 0px;\"><cite>Klaus <span style=\"color: #83b7c7;\">Zyciora<\/span><\/cite><\/strong><\/p>\n<p><span style=\"color: #83b7c7;\"><cite>Leiter Konzern Design<\/cite><\/span><\/p>\n<\/div>\n<\/div>\n<\/div>\n<\/div>\n<p>[\/vc_column_text][vc_column_text]<\/p>\n<div class=\"iv-modul__question\">\n<div class=\"iv-modul__question\">\n<div class=\"question-answer-modul abstractContentComponent parbase section\">\n<div class=\"iv-modul__question\">\n<p><strong>Inwiefern beeinflusst der Switch vom Verbrenner zur E-Mobilit\u00e4t Ihre designerische Arbeit?<\/strong><\/p>\n<\/div>\n<div class=\"iv-modul__answer\">\n<p>Der Umstieg auf die Elektromobilit\u00e4t ist mit Sicherheit einer der gr\u00f6\u00dften Paradigmenwechsel, den ich in meiner Arbeit als Designer je erleben durfte. Sie m\u00fcssen sich das mal vorstellen: Die automobilen Formen sind \u00fcber anderthalb Jahrhunderte in gewisser Weise durch den Verbrennungsmotor diktiert worden. Er galt immerhin als \u201eHerz\u201c des Fahrzeugs, nahm bis zu einem Drittel des gesamten Automobils ein und bedingte diverse weitere Gestaltungselemente wie K\u00fchler\u00f6ffnungen, Ausl\u00e4sse und Co. Darum herum entwickelten sich auch die unterschiedlichen Markengesichter, die im Grunde jeder von uns internalisiert hat. Durch die E-Mobilit\u00e4t wird der Verbrennungsmotor in seiner gestaltbestimmenden Funktion nun komplett aus der Gleichung genommen. In der Folge ergeben sich ganz neue Variablen, die wir als Designer nun mit neuen Inhalten f\u00fcllen d\u00fcrfen.<\/p>\n<\/div>\n<\/div>\n<div class=\"question-answer-modul abstractContentComponent parbase section\">\n<div class=\"iv-modul__question\"><\/div>\n<\/div>\n<\/div>\n<\/div>\n<p>[\/vc_column_text][vc_column_text]<\/p>\n<div class=\"iv-modul__question\">\n<div class=\"question-answer-modul abstractContentComponent parbase section\">\n<div class=\"iv-modul__question\">\n<div class=\"question-answer-modul abstractContentComponent parbase section\">\n<div class=\"iv-modul__question\">\n<div class=\"iv-modul__question\">\n<div class=\"iv-modul__question\">\n<p><strong>Damit wir uns davon ein konkreteres Bild machen k\u00f6nnen, stellen wir einfach mal gedanklich einen Golf 8 neben einen ID.3 \u2026<\/strong><\/p>\n<\/div>\n<div class=\"iv-modul__answer\">\n<p>\u2026 und suchen zugegebenerma\u00dfen erstmal die Revolution (lacht). Oberfl\u00e4chlich betrachtet haben wir da zwei Autos mit je vier R\u00e4dern, vier T\u00fcren, einer Heckklappe, einem Lenkrad, einer \u00e4hnlichen Sitzkonfiguration und so weiter. Sch\u00e4rft man den Blick nur ein bisschen, f\u00e4llt allerdings schon auf: Der ID.3 hat eine viel kleinere Motorhaube, deutlich k\u00fcrzere \u00dcberh\u00e4nge und ist gut zehn Zentimeter h\u00f6her. Die Proportionen haben sich also ordentlich verschoben \u2013 was Kundinnen und Kunden vor allem im Innenraum bemerken: Dort konnten wir dank des l\u00e4ngeren Radstands viel mehr Platz generieren. Die Sitze sind weiter auseinanderger\u00fcckt, es gibt keinen Mitteltunnel mehr, die Schalttafel sitzt etwas weiter weg von den Insassen \u2013 man f\u00fchlt sich in dem Wagen einfach insgesamt freier. Im Ergebnis ist der Innenraum eines ID.3 so gro\u00df wie der eines Passat.<\/p>\n<\/div>\n<\/div>\n<\/div>\n<\/div>\n<\/div>\n<\/div>\n<\/div>\n<p>[\/vc_column_text][vc_single_image image=&#8220;25468&#8243; img_size=&#8220;640&#215;360&#8243; add_caption=&#8220;yes&#8220; alignment=&#8220;center&#8220;][vc_column_text]<\/p>\n<div class=\"iv-modul__question\">\n<div class=\"iv-modul__question\">\n<div class=\"iv-modul__question\">\n<div class=\"iv-modul__question\">\n<div class=\"iv-modul__question\">\n<div class=\"iv-modul__question\">\n<p><strong>Also gewisserma\u00dfen ein Klassensprung \u2026?<\/strong><\/p>\n<\/div>\n<div class=\"iv-modul__answer\">\n<p>Absolut! Und das nicht nur in puncto Raum, sondern auch in Sachen Fahrgef\u00fchl. Fr\u00fcher hat man unglaublich viel Zeit und Ressourcen darauf verwendet, m\u00f6glichst laufruhige Motoren zu konstruieren und diese dann optimal zu isolieren. All das gibt es bei den E-Fahrzeugen bedingt durch die Technologie quasi frei Haus. Das Fahren an sich l\u00e4uft viel ruhiger und entspannter ab, man kann gesch\u00e4ftliche Telefonate f\u00fchren, sich problemlos unterhalten \u2013 und ist insgesamt weniger gestresst unterwegs. All das sind Benefits, die mit der neuen Antriebsform Einzug in die Mobilit\u00e4t halten. Diese im Sinne unserer Kundinnen und Kunden f\u00fcr unsere Marken auszuarbeiten, ist unser Job \u2013 der mir unglaublich viel Freude macht.<\/p>\n<\/div>\n<\/div>\n<\/div>\n<\/div>\n<\/div>\n<\/div>\n<p>[\/vc_column_text][vc_single_image image=&#8220;25471&#8243; img_size=&#8220;640&#215;425&#8243; add_caption=&#8220;yes&#8220; alignment=&#8220;center&#8220;][vc_column_text]<\/p>\n<div class=\"iv-modul__question\">\n<div class=\"iv-modul__question\">\n<div class=\"iv-modul__question\">\n<div class=\"iv-modul__question\">\n<div class=\"iv-modul__question\">\n<div class=\"iv-modul__question\">\n<div class=\"iv-modul__question\">\n<p><strong>Wenn wir schon bei der Freude am Job sind: Sie haben im Laufe Ihrer langen Karriere beim Volkswagen Konzern zahlreichen Modellen Ihre designerische Handschrift verpasst. Gibt es da ein pers\u00f6nliches Highlight f\u00fcr Sie?<\/strong><\/p>\n<\/div>\n<div class=\"iv-modul__answer\">\n<p>Das ist nat\u00fcrlich schwierig, weil ich dann doch an ziemlich vielen Fahrzeugen beteiligt war; angefangen beim Interieur des Golf IV \u00fcber die weiteren Vertreter der Golf Familie bis hin zu den aktuellen ID. Modellen. Wenn ich aber jetzt ein Projekt nennen muss, w\u00fcrde ich tats\u00e4chlich die Mitglieder der ID. Familie herausgreifen: also ID.3, ID.4 \u2013 und vor allem den ID.Buzz, der 2022 kommen wird. Damit beleben wir immerhin eine echte Automobil-Ikone wieder. Es gibt mit ziemlicher Sicherheit kein Spielzeuggesch\u00e4ft auf dieser Welt, wo man den T1 nicht als Modell, Bausatz oder \u00e4hnliches bekommt. Gestalterisch wird das Fahrzeug \u2013 wie \u00fcbrigens alle ID. Spr\u00f6sslinge die Wurzeln der Volkswagen Designidentit\u00e4t zitieren, die einst auch mit dem T1 begr\u00fcndet wurde. Zugleich ist der ID. Buzz ein starker und emotionaler Botschafter f\u00fcr die E-Mobilit\u00e4t. Man wird das Auto einfach lieben m\u00fcssen und \u2013 wie beim Urahn \u2013 im Idealfall eine emotionale Bindung aufbauen.<\/p>\n<\/div>\n<\/div>\n<\/div>\n<\/div>\n<\/div>\n<\/div>\n<\/div>\n<p>[\/vc_column_text][vc_single_image image=&#8220;25474&#8243; img_size=&#8220;640&#215;360&#8243; add_caption=&#8220;yes&#8220; alignment=&#8220;center&#8220;][vc_column_text]<\/p>\n<div class=\"iv-modul__question\">\n<div class=\"iv-modul__question\">\n<div class=\"iv-modul__question\">\n<div class=\"iv-modul__question\">\n<div class=\"iv-modul__question\">\n<div class=\"iv-modul__question\">\n<div class=\"iv-modul__question\">\n<div class=\"iv-modul__question\">\n<p><strong>Die T1\/ID.Buzz Thematik ist ja nun ein Paradebeispiel f\u00fcr gelebte Markenidentit\u00e4t. Aus Ihrer Perspektive als Designer \u2013 und nicht zuletzt als Leiter des weltweiten Designs aller zw\u00f6lf Volkswagen Konzernmarken: Werden Automobilmarken auch k\u00fcnftig den Stellenwert behalten, den sie jetzt innehaben?<\/strong><\/p>\n<\/div>\n<div class=\"iv-modul__answer\">\n<p>Davon bin ich fest \u00fcberzeugt. Marken waren und sind wichtige Anker in unseren Lebenswelten; das belegen unz\u00e4hlige Untersuchungen. Nat\u00fcrlich \u00e4ndern sich unsere Bed\u00fcrfnisse \u2013 ob als Privatperson oder gewerblicher Kunde \u2013 gerade im Bereich der Mobilit\u00e4t massiv; gleichzeitig schwindet damit jedoch nicht der Wunsch, diese Bed\u00fcrfnisse von bestimmten Marken erf\u00fcllt zu bekommen. Die Marken m\u00fcssen hier, Stichwort freies Denken, aber m\u00f6glicherweise andere Wege einschlagen. Was den Konzern betrifft, sehe ich uns da ziemlich gut aufgestellt. Schauen Sie sich zum Beispiel die Marke Audi an, konkret die Studie Audi grandsphere concept: Hier sehen Sie den Wandel ganz deutlich. Au\u00dfen: neues Gesicht, neue Physiognomie, neue Proportionen, extrem aerodynamische Linienf\u00fchrung. Die eigentliche Revolution steckt aber innen: Hier steht n\u00e4mlich die Lebens- und Erlebnissph\u00e4re der Insassen im Zentrum. Um diese herum wurde das Auto auch gestalterisch konzipiert \u2013 und eben nicht umgekehrt. Trotzdem bleibt der Markenkern von Audi \u201eVorsprung durch Technik\u201c klar erkenn- und erlebbar; zum Beispiel in den Funktionen zum automatisierten Fahren.<\/p>\n<\/div>\n<\/div>\n<\/div>\n<\/div>\n<\/div>\n<\/div>\n<\/div>\n<\/div>\n<p>[\/vc_column_text][\/vc_column][\/vc_row][vc_row][vc_column][vc_column_text]<i>Lesen Sie im zweiten Teil unseres Interviews mit Klaus Zyciora, wie sich die schrittweise Etablierung des automatisierten Fahrens auf das Design von Automobilen auswirkt.<\/i>[\/vc_column_text]\n<div class=\"mybutton\" style=\"text-align: center;\">\n\t<a class=\"button \"  href=\"https:\/\/www.groupfleet.com\/de\/mit-dem-autonomen-fahren-naehern-wir-uns-der-idealen-form-von-mobilitaet\/\" target=\"_blank\">Hier weiterlesen<\/a>\n<\/div>[vc_separator][vc_column_text]<\/p>\n<div class=\"richtext abstractContentComponent parbase section\">\n<div class=\"grid-section grid-group\">\n<div class=\"grid-col span_12_of_12\">\n<div class=\"textmedia h-clearfix\">\n<div class=\"textmedia__inner textmedia__richtext\">\n<p><span style=\"font-size: 10pt; letter-spacing: 0px;\">Stand: 30.November 2021<\/span><\/p>\n<\/div>\n<\/div>\n<\/div>\n<\/div>\n<\/div>\n<div class=\"richtext abstractContentComponent parbase section\">\n<div class=\"grid-section grid-group\">\n<div class=\"grid-col span_12_of_12\">\n<div class=\"textmedia h-clearfix\">\n<div class=\"textmedia__inner textmedia__richtext\">\n<p>&nbsp;<\/p>\n<p class=\"singlecolumntext\"><span style=\"font-size: 10pt;\">\u00a9 Volkswagen AG<\/span><\/p>\n<\/div>\n<\/div>\n<\/div>\n<\/div>\n<\/div>\n<p>[\/vc_column_text][\/vc_column][\/vc_row]<\/p>\n<\/div>","protected":false},"excerpt":{"rendered":"<p>Die Elektromobilit\u00e4t ist da &#8211; und ver\u00e4ndert auch die Art und Weise, wie Automobile designt werden fundamental. Klaus Zyciora, Leiter Volkswagen Konzern Design, gibt im Interview spannende Einblicke in das Zusammenspiel zwischen Mobilit\u00e4tswandel und Automobilgestaltung.<\/p>\n","protected":false},"author":30,"featured_media":25461,"comment_status":"closed","ping_status":"closed","sticky":false,"template":"","format":"standard","meta":{"_acf_changed":false,"footnotes":""},"categories":[96,48,59],"tags":[],"class_list":["post-25467","post","type-post","status-publish","format-standard","has-post-thumbnail","hentry","category-interview","category-hintergrundwissen","category-mobilitaet-innovation","newsletter-fleetnews-01-22"],"acf":[],"yoast_head":"<!-- This site is optimized with the Yoast SEO plugin v27.4 - https:\/\/yoast.com\/product\/yoast-seo-wordpress\/ -->\n<title>\u201eDas E-Auto erlaubt es uns, so frei zu denken wie nie zuvor\u201c - Volkswagen Group | FleetHub<\/title>\n<meta name=\"robots\" content=\"index, follow, max-snippet:-1, max-image-preview:large, max-video-preview:-1\" \/>\n<link rel=\"canonical\" href=\"https:\/\/www.groupfleet.com\/de\/interview-klaus-zyciora-1\/\" \/>\n<meta property=\"og:locale\" content=\"de_DE\" \/>\n<meta property=\"og:type\" content=\"article\" \/>\n<meta property=\"og:title\" content=\"\u201eDas E-Auto erlaubt es uns, so frei zu denken wie nie zuvor\u201c - Volkswagen Group | FleetHub\" \/>\n<meta property=\"og:description\" content=\"Die Elektromobilit\u00e4t ist da - und ver\u00e4ndert auch die Art und Weise, wie Automobile designt werden fundamental. Klaus Zyciora, Leiter Volkswagen Konzern Design, gibt im Interview spannende Einblicke in das Zusammenspiel zwischen Mobilit\u00e4tswandel und Automobilgestaltung.\" \/>\n<meta property=\"og:url\" content=\"https:\/\/www.groupfleet.com\/de\/interview-klaus-zyciora-1\/\" \/>\n<meta property=\"og:site_name\" content=\"Volkswagen Group | FleetHub\" \/>\n<meta property=\"article:published_time\" content=\"2022-02-03T15:00:15+00:00\" \/>\n<meta property=\"article:modified_time\" content=\"2024-09-11T12:47:56+00:00\" \/>\n<meta property=\"og:image\" content=\"https:\/\/www.groupfleet.com\/wp-content\/uploads\/2022\/09\/DB2018PA00039_large_RET-scaled.jpg\" \/>\n\t<meta property=\"og:image:width\" content=\"2560\" \/>\n\t<meta property=\"og:image:height\" content=\"1707\" \/>\n\t<meta property=\"og:image:type\" content=\"image\/jpeg\" \/>\n<meta name=\"author\" content=\"Jens Lattke\" \/>\n<meta name=\"twitter:card\" content=\"summary_large_image\" \/>\n<meta name=\"twitter:label1\" content=\"Verfasst von\" \/>\n\t<meta name=\"twitter:data1\" content=\"Jens Lattke\" \/>\n\t<meta name=\"twitter:label2\" content=\"Gesch\u00e4tzte Lesezeit\" \/>\n\t<meta name=\"twitter:data2\" content=\"7\u00a0Minuten\" \/>\n<script type=\"application\/ld+json\" class=\"yoast-schema-graph\">{\"@context\":\"https:\\\/\\\/schema.org\",\"@graph\":[{\"@type\":\"Article\",\"@id\":\"https:\\\/\\\/www.groupfleet.com\\\/de\\\/interview-klaus-zyciora-1\\\/#article\",\"isPartOf\":{\"@id\":\"https:\\\/\\\/www.groupfleet.com\\\/de\\\/interview-klaus-zyciora-1\\\/\"},\"author\":{\"name\":\"Jens Lattke\",\"@id\":\"https:\\\/\\\/www.groupfleet.com\\\/de\\\/#\\\/schema\\\/person\\\/c9c4c37414c094d25b571ee3ce5d1e4c\"},\"headline\":\"\u201eDas E-Auto erlaubt es uns, so frei zu denken wie nie zuvor\u201c\",\"datePublished\":\"2022-02-03T15:00:15+00:00\",\"dateModified\":\"2024-09-11T12:47:56+00:00\",\"mainEntityOfPage\":{\"@id\":\"https:\\\/\\\/www.groupfleet.com\\\/de\\\/interview-klaus-zyciora-1\\\/\"},\"wordCount\":1304,\"image\":{\"@id\":\"https:\\\/\\\/www.groupfleet.com\\\/de\\\/interview-klaus-zyciora-1\\\/#primaryimage\"},\"thumbnailUrl\":\"https:\\\/\\\/www.groupfleet.com\\\/wp-content\\\/uploads\\\/2022\\\/09\\\/DB2018PA00039_large_RET-scaled.jpg\",\"articleSection\":[\"Interview\",\"Fuhrparkwissen\",\"Mobilit\u00e4t und Innovation\"],\"inLanguage\":\"de\"},{\"@type\":\"WebPage\",\"@id\":\"https:\\\/\\\/www.groupfleet.com\\\/de\\\/interview-klaus-zyciora-1\\\/\",\"url\":\"https:\\\/\\\/www.groupfleet.com\\\/de\\\/interview-klaus-zyciora-1\\\/\",\"name\":\"\u201eDas E-Auto erlaubt es uns, so frei zu denken wie nie zuvor\u201c - Volkswagen Group | FleetHub\",\"isPartOf\":{\"@id\":\"https:\\\/\\\/www.groupfleet.com\\\/de\\\/#website\"},\"primaryImageOfPage\":{\"@id\":\"https:\\\/\\\/www.groupfleet.com\\\/de\\\/interview-klaus-zyciora-1\\\/#primaryimage\"},\"image\":{\"@id\":\"https:\\\/\\\/www.groupfleet.com\\\/de\\\/interview-klaus-zyciora-1\\\/#primaryimage\"},\"thumbnailUrl\":\"https:\\\/\\\/www.groupfleet.com\\\/wp-content\\\/uploads\\\/2022\\\/09\\\/DB2018PA00039_large_RET-scaled.jpg\",\"datePublished\":\"2022-02-03T15:00:15+00:00\",\"dateModified\":\"2024-09-11T12:47:56+00:00\",\"author\":{\"@id\":\"https:\\\/\\\/www.groupfleet.com\\\/de\\\/#\\\/schema\\\/person\\\/c9c4c37414c094d25b571ee3ce5d1e4c\"},\"breadcrumb\":{\"@id\":\"https:\\\/\\\/www.groupfleet.com\\\/de\\\/interview-klaus-zyciora-1\\\/#breadcrumb\"},\"inLanguage\":\"de\",\"potentialAction\":[{\"@type\":\"ReadAction\",\"target\":[\"https:\\\/\\\/www.groupfleet.com\\\/de\\\/interview-klaus-zyciora-1\\\/\"]}]},{\"@type\":\"ImageObject\",\"inLanguage\":\"de\",\"@id\":\"https:\\\/\\\/www.groupfleet.com\\\/de\\\/interview-klaus-zyciora-1\\\/#primaryimage\",\"url\":\"https:\\\/\\\/www.groupfleet.com\\\/wp-content\\\/uploads\\\/2022\\\/09\\\/DB2018PA00039_large_RET-scaled.jpg\",\"contentUrl\":\"https:\\\/\\\/www.groupfleet.com\\\/wp-content\\\/uploads\\\/2022\\\/09\\\/DB2018PA00039_large_RET-scaled.jpg\",\"width\":2560,\"height\":1707,\"caption\":\"Head of Volkswagen Design\"},{\"@type\":\"BreadcrumbList\",\"@id\":\"https:\\\/\\\/www.groupfleet.com\\\/de\\\/interview-klaus-zyciora-1\\\/#breadcrumb\",\"itemListElement\":[{\"@type\":\"ListItem\",\"position\":1,\"name\":\"Home\",\"item\":\"https:\\\/\\\/www.groupfleet.com\\\/de\\\/\"},{\"@type\":\"ListItem\",\"position\":2,\"name\":\"\u201eDas E-Auto erlaubt es uns, so frei zu denken wie nie zuvor\u201c\"}]},{\"@type\":\"WebSite\",\"@id\":\"https:\\\/\\\/www.groupfleet.com\\\/de\\\/#website\",\"url\":\"https:\\\/\\\/www.groupfleet.com\\\/de\\\/\",\"name\":\"Volkswagen Group | FleetHub\",\"description\":\"Online magazine for Fleet managers\",\"potentialAction\":[{\"@type\":\"SearchAction\",\"target\":{\"@type\":\"EntryPoint\",\"urlTemplate\":\"https:\\\/\\\/www.groupfleet.com\\\/de\\\/?s={search_term_string}\"},\"query-input\":{\"@type\":\"PropertyValueSpecification\",\"valueRequired\":true,\"valueName\":\"search_term_string\"}}],\"inLanguage\":\"de\"},{\"@type\":\"Person\",\"@id\":\"https:\\\/\\\/www.groupfleet.com\\\/de\\\/#\\\/schema\\\/person\\\/c9c4c37414c094d25b571ee3ce5d1e4c\",\"name\":\"Jens Lattke\",\"url\":\"https:\\\/\\\/www.groupfleet.com\\\/de\\\/author\\\/jlatttke\\\/\"}]}<\/script>\n<!-- \/ Yoast SEO plugin. -->","yoast_head_json":{"title":"\u201eDas E-Auto erlaubt es uns, so frei zu denken wie nie zuvor\u201c - Volkswagen Group | FleetHub","robots":{"index":"index","follow":"follow","max-snippet":"max-snippet:-1","max-image-preview":"max-image-preview:large","max-video-preview":"max-video-preview:-1"},"canonical":"https:\/\/www.groupfleet.com\/de\/interview-klaus-zyciora-1\/","og_locale":"de_DE","og_type":"article","og_title":"\u201eDas E-Auto erlaubt es uns, so frei zu denken wie nie zuvor\u201c - Volkswagen Group | FleetHub","og_description":"Die Elektromobilit\u00e4t ist da - und ver\u00e4ndert auch die Art und Weise, wie Automobile designt werden fundamental. Klaus Zyciora, Leiter Volkswagen Konzern Design, gibt im Interview spannende Einblicke in das Zusammenspiel zwischen Mobilit\u00e4tswandel und Automobilgestaltung.","og_url":"https:\/\/www.groupfleet.com\/de\/interview-klaus-zyciora-1\/","og_site_name":"Volkswagen Group | FleetHub","article_published_time":"2022-02-03T15:00:15+00:00","article_modified_time":"2024-09-11T12:47:56+00:00","og_image":[{"width":2560,"height":1707,"url":"https:\/\/www.groupfleet.com\/wp-content\/uploads\/2022\/09\/DB2018PA00039_large_RET-scaled.jpg","type":"image\/jpeg"}],"author":"Jens Lattke","twitter_card":"summary_large_image","twitter_misc":{"Verfasst von":"Jens Lattke","Gesch\u00e4tzte Lesezeit":"7\u00a0Minuten"},"schema":{"@context":"https:\/\/schema.org","@graph":[{"@type":"Article","@id":"https:\/\/www.groupfleet.com\/de\/interview-klaus-zyciora-1\/#article","isPartOf":{"@id":"https:\/\/www.groupfleet.com\/de\/interview-klaus-zyciora-1\/"},"author":{"name":"Jens Lattke","@id":"https:\/\/www.groupfleet.com\/de\/#\/schema\/person\/c9c4c37414c094d25b571ee3ce5d1e4c"},"headline":"\u201eDas E-Auto erlaubt es uns, so frei zu denken wie nie zuvor\u201c","datePublished":"2022-02-03T15:00:15+00:00","dateModified":"2024-09-11T12:47:56+00:00","mainEntityOfPage":{"@id":"https:\/\/www.groupfleet.com\/de\/interview-klaus-zyciora-1\/"},"wordCount":1304,"image":{"@id":"https:\/\/www.groupfleet.com\/de\/interview-klaus-zyciora-1\/#primaryimage"},"thumbnailUrl":"https:\/\/www.groupfleet.com\/wp-content\/uploads\/2022\/09\/DB2018PA00039_large_RET-scaled.jpg","articleSection":["Interview","Fuhrparkwissen","Mobilit\u00e4t und Innovation"],"inLanguage":"de"},{"@type":"WebPage","@id":"https:\/\/www.groupfleet.com\/de\/interview-klaus-zyciora-1\/","url":"https:\/\/www.groupfleet.com\/de\/interview-klaus-zyciora-1\/","name":"\u201eDas E-Auto erlaubt es uns, so frei zu denken wie nie zuvor\u201c - Volkswagen Group | FleetHub","isPartOf":{"@id":"https:\/\/www.groupfleet.com\/de\/#website"},"primaryImageOfPage":{"@id":"https:\/\/www.groupfleet.com\/de\/interview-klaus-zyciora-1\/#primaryimage"},"image":{"@id":"https:\/\/www.groupfleet.com\/de\/interview-klaus-zyciora-1\/#primaryimage"},"thumbnailUrl":"https:\/\/www.groupfleet.com\/wp-content\/uploads\/2022\/09\/DB2018PA00039_large_RET-scaled.jpg","datePublished":"2022-02-03T15:00:15+00:00","dateModified":"2024-09-11T12:47:56+00:00","author":{"@id":"https:\/\/www.groupfleet.com\/de\/#\/schema\/person\/c9c4c37414c094d25b571ee3ce5d1e4c"},"breadcrumb":{"@id":"https:\/\/www.groupfleet.com\/de\/interview-klaus-zyciora-1\/#breadcrumb"},"inLanguage":"de","potentialAction":[{"@type":"ReadAction","target":["https:\/\/www.groupfleet.com\/de\/interview-klaus-zyciora-1\/"]}]},{"@type":"ImageObject","inLanguage":"de","@id":"https:\/\/www.groupfleet.com\/de\/interview-klaus-zyciora-1\/#primaryimage","url":"https:\/\/www.groupfleet.com\/wp-content\/uploads\/2022\/09\/DB2018PA00039_large_RET-scaled.jpg","contentUrl":"https:\/\/www.groupfleet.com\/wp-content\/uploads\/2022\/09\/DB2018PA00039_large_RET-scaled.jpg","width":2560,"height":1707,"caption":"Head of Volkswagen Design"},{"@type":"BreadcrumbList","@id":"https:\/\/www.groupfleet.com\/de\/interview-klaus-zyciora-1\/#breadcrumb","itemListElement":[{"@type":"ListItem","position":1,"name":"Home","item":"https:\/\/www.groupfleet.com\/de\/"},{"@type":"ListItem","position":2,"name":"\u201eDas E-Auto erlaubt es uns, so frei zu denken wie nie zuvor\u201c"}]},{"@type":"WebSite","@id":"https:\/\/www.groupfleet.com\/de\/#website","url":"https:\/\/www.groupfleet.com\/de\/","name":"Volkswagen Group | FleetHub","description":"Online magazine for Fleet managers","potentialAction":[{"@type":"SearchAction","target":{"@type":"EntryPoint","urlTemplate":"https:\/\/www.groupfleet.com\/de\/?s={search_term_string}"},"query-input":{"@type":"PropertyValueSpecification","valueRequired":true,"valueName":"search_term_string"}}],"inLanguage":"de"},{"@type":"Person","@id":"https:\/\/www.groupfleet.com\/de\/#\/schema\/person\/c9c4c37414c094d25b571ee3ce5d1e4c","name":"Jens Lattke","url":"https:\/\/www.groupfleet.com\/de\/author\/jlatttke\/"}]}},"_links":{"self":[{"href":"https:\/\/www.groupfleet.com\/de\/wp-json\/wp\/v2\/posts\/25467","targetHints":{"allow":["GET"]}}],"collection":[{"href":"https:\/\/www.groupfleet.com\/de\/wp-json\/wp\/v2\/posts"}],"about":[{"href":"https:\/\/www.groupfleet.com\/de\/wp-json\/wp\/v2\/types\/post"}],"author":[{"embeddable":true,"href":"https:\/\/www.groupfleet.com\/de\/wp-json\/wp\/v2\/users\/30"}],"replies":[{"embeddable":true,"href":"https:\/\/www.groupfleet.com\/de\/wp-json\/wp\/v2\/comments?post=25467"}],"version-history":[{"count":0,"href":"https:\/\/www.groupfleet.com\/de\/wp-json\/wp\/v2\/posts\/25467\/revisions"}],"wp:featuredmedia":[{"embeddable":true,"href":"https:\/\/www.groupfleet.com\/de\/wp-json\/wp\/v2\/media\/25461"}],"wp:attachment":[{"href":"https:\/\/www.groupfleet.com\/de\/wp-json\/wp\/v2\/media?parent=25467"}],"wp:term":[{"taxonomy":"category","embeddable":true,"href":"https:\/\/www.groupfleet.com\/de\/wp-json\/wp\/v2\/categories?post=25467"},{"taxonomy":"post_tag","embeddable":true,"href":"https:\/\/www.groupfleet.com\/de\/wp-json\/wp\/v2\/tags?post=25467"}],"curies":[{"name":"wp","href":"https:\/\/api.w.org\/{rel}","templated":true}]}}